{"id":31374,"date":"2026-02-25T09:08:02","date_gmt":"2026-02-25T12:08:02","guid":{"rendered":"https:\/\/www.agrobase.com.br\/estagios\/?p=31374"},"modified":"2026-02-24T23:31:51","modified_gmt":"2026-02-25T02:31:51","slug":"estagio-gestao-da-sustentabilidade-medianeira-pr-2","status":"publish","type":"post","link":"https:\/\/www.agrobase.com.br\/estagios\/estagio-gestao-da-sustentabilidade-medianeira-pr-2\/","title":{"rendered":"Est\u00e1gio gest\u00e3o da sustentabilidade \u2013 Medianeira\/PR"},"content":{"rendered":"<h2>Requisitos e Qualifica\u00e7\u00f5es<\/h2>\n<ul>\n<li>Estar cursando ensino superior em Engenharia Ambiental, Engenharia de Produ\u00e7\u00e3o, Administra\u00e7\u00e3o, Tecnologia em Agroneg\u00f3cio ou \u00e1reas afins.<\/li>\n<li>Disponibilidade para atuar no per\u00edodo da manh\u00e3 (08h \u00e0s 12h).<\/li>\n<li>Interesse na \u00e1rea de sustentabilidade e an\u00e1lise de dados.<\/li>\n<\/ul>\n","protected":false},"excerpt":{"rendered":"<p>Candidate-se ao est\u00e1gio em gest\u00e3o da sustentabilidade em Medianeira\/PR com a Lar. Trabalhe na \u00e1rea de impacto ambiental. Fa\u00e7a a diferen\u00e7a!<\/p>\n","protected":false},"author":1,"featured_media":31373,"comment_status":"open","ping_status":"open","sticky":false,"template":"","format":"standard","meta":{"_acf_changed":false,"footnotes":""},"categories":[98,10,31,52],"tags":[27],"condicao":[6],"empresa":[366],"tipo":[5],"upgrade":[],"class_list":["post-31374","post","type-post","status-publish","format-standard","has-post-thumbnail","hentry","category-administracao","category-engenharia-ambiental","category-engenharia-producao","category-tecnologia-agronegocio","tag-parana","condicao-remunerado","empresa-lar-cooperativa-agroindustrial","tipo-nao-obrigatorio"],"acf":{"_url_estagio":"https:\/\/platform.senior.com.br\/hcmrs\/hcm\/curriculo\/?tenant=lar&tenantdomain=lar.ind.br#!\/vacancies\/list","_email_estagio":"","_whats_estagio":"","_form_estagio":"","_prazo_estagio":null,"logo_empresa":"","imagem_fundo":""},"_links":{"self":[{"href":"https:\/\/www.agrobase.com.br\/estagios\/wp-json\/wp\/v2\/posts\/31374","targetHints":{"allow":["GET"]}}],"collection":[{"href":"https:\/\/www.agrobase.com.br\/estagios\/wp-json\/wp\/v2\/posts"}],"about":[{"href":"https:\/\/www.agrobase.com.br\/estagios\/wp-json\/wp\/v2\/types\/post"}],"author":[{"embeddable":true,"href":"https:\/\/www.agrobase.com.br\/estagios\/wp-json\/wp\/v2\/users\/1"}],"replies":[{"embeddable":true,"href":"https:\/\/www.agrobase.com.br\/estagios\/wp-json\/wp\/v2\/comments?post=31374"}],"version-history":[{"count":2,"href":"https:\/\/www.agrobase.com.br\/estagios\/wp-json\/wp\/v2\/posts\/31374\/revisions"}],"predecessor-version":[{"id":31421,"href":"https:\/\/www.agrobase.com.br\/estagios\/wp-json\/wp\/v2\/posts\/31374\/revisions\/31421"}],"wp:featuredmedia":[{"embeddable":true,"href":"https:\/\/www.agrobase.com.br\/estagios\/wp-json\/wp\/v2\/media\/31373"}],"wp:attachment":[{"href":"https:\/\/www.agrobase.com.br\/estagios\/wp-json\/wp\/v2\/media?parent=31374"}],"wp:term":[{"taxonomy":"category","embeddable":true,"href":"https:\/\/www.agrobase.com.br\/estagios\/wp-json\/wp\/v2\/categories?post=31374"},{"taxonomy":"post_tag","embeddable":true,"href":"https:\/\/www.agrobase.com.br\/estagios\/wp-json\/wp\/v2\/tags?post=31374"},{"taxonomy":"condicao","embeddable":true,"href":"https:\/\/www.agrobase.com.br\/estagios\/wp-json\/wp\/v2\/condicao?post=31374"},{"taxonomy":"empresa","embeddable":true,"href":"https:\/\/www.agrobase.com.br\/estagios\/wp-json\/wp\/v2\/empresa?post=31374"},{"taxonomy":"tipo","embeddable":true,"href":"https:\/\/www.agrobase.com.br\/estagios\/wp-json\/wp\/v2\/tipo?post=31374"},{"taxonomy":"upgrade","embeddable":true,"href":"https:\/\/www.agrobase.com.br\/estagios\/wp-json\/wp\/v2\/upgrade?post=31374"}],"curies":[{"name":"wp","href":"https:\/\/api.w.org\/{rel}","templated":true}]}}