{"id":27891,"date":"2025-11-04T09:06:24","date_gmt":"2025-11-04T12:06:24","guid":{"rendered":"https:\/\/www.agrobase.com.br\/estagios\/?p=27891"},"modified":"2025-11-03T22:13:06","modified_gmt":"2025-11-04T01:13:06","slug":"3-vagas-de-estagio-programa-semeando-agua-nazare-paulista-sp","status":"publish","type":"post","link":"https:\/\/www.agrobase.com.br\/estagios\/3-vagas-de-estagio-programa-semeando-agua-nazare-paulista-sp\/","title":{"rendered":"3 vagas de est\u00e1gio Programa Semeando \u00c1gua &#8211; Nazar\u00e9 Paulista\/SP"},"content":{"rendered":"<p>Aten\u00e7\u00e3o estudantes! Voc\u00ea acredita no poder da educa\u00e7\u00e3o e da comunica\u00e7\u00e3o para transformar o mundo? E que \u00e9 poss\u00edvel produzir de forma regenerativa? Estamos com 3 vagas de est\u00e1gio abertas para integrar a equipe do Programa Semeando \u00c1gua.<\/p>\n<h2>Responsabilidades e Atribui\u00e7\u00f5es<\/h2>\n<ul>\n<li>Desenvolver experi\u00eancias pr\u00e1ticas em educa\u00e7\u00e3o ambiental, comunica\u00e7\u00e3o socioambiental e mobiliza\u00e7\u00e3o social<\/li>\n<li>Participar de processos formativos, produ\u00e7\u00e3o de conte\u00fados e atividades de campo<\/li>\n<li>Fortalecer o engajamento de comunidades rurais e urbanas na constru\u00e7\u00e3o de paisagens mais sustent\u00e1veis<\/li>\n<li>Aprofundar conhecimentos e pr\u00e1ticas nas \u00e1reas de produ\u00e7\u00e3o rural sustent\u00e1vel, restaura\u00e7\u00e3o ecol\u00f3gica e manejo ecol\u00f3gico de pastagens<\/li>\n<li>Participar de iniciativas que integram pesquisa aplicada, forma\u00e7\u00e3o t\u00e9cnica e a\u00e7\u00f5es em campo<\/li>\n<li>Atuar na promo\u00e7\u00e3o de pr\u00e1ticas conservacionistas, forma\u00e7\u00e3o t\u00e9cnica e mobiliza\u00e7\u00e3o de agricultores, educadores e demais atores locais<\/li>\n<li>Engajar comunidades e promover paisagens rurais resilientes e multifuncionais<\/li>\n<li>Contribuir para a redu\u00e7\u00e3o dos impactos das Mudan\u00e7as Clim\u00e1ticas<\/li>\n<\/ul>\n<h2>Requisitos e Qualifica\u00e7\u00f5es<\/h2>\n<ul>\n<li>Estudantes comprometidos com sensibilidade socioambiental<\/li>\n<li>Criatividade e interesse em comunicar causas ambientais<\/li>\n<li>Interesse em promover di\u00e1logos e facilitar processos educativos voltados \u00e0 transforma\u00e7\u00e3o de territ\u00f3rios e de pessoas<\/li>\n<li>Interessados em sustentabilidade e conserva\u00e7\u00e3o da natureza<\/li>\n<li>Dispostos a aprender e atuar em um ambiente colaborativo e interdisciplinar<\/li>\n<li>Vontade de aprender, contribuir e crescer em um projeto que semeia o futuro<\/li>\n<\/ul>\n","protected":false},"excerpt":{"rendered":"<p>Junte-se ao IP\u00ca como estagi\u00e1rio(a) no Programa Semeando \u00c1gua em Nazar\u00e9 Paulista\/SP. Transforme comunidades e promova sustentabilidade. Participe!<\/p>\n","protected":false},"author":1,"featured_media":27890,"comment_status":"open","ping_status":"open","sticky":false,"template":"","format":"standard","meta":{"_acf_changed":false,"footnotes":""},"categories":[9,183,418,10,11,40,61,266],"tags":[16],"condicao":[6],"empresa":[142],"tipo":[5],"upgrade":[],"class_list":["post-27891","post","type-post","status-publish","format-standard","has-post-thumbnail","hentry","category-biologia","category-comunicacao-social","category-ecologia","category-engenharia-ambiental","category-engenharia-florestal","category-geografia","category-gestao-ambiental","category-marketing","tag-sao-paulo","condicao-remunerado","empresa-ipe-instituto-de-pesquisas-ecologicas","tipo-nao-obrigatorio"],"acf":{"_url_estagio":"https:\/\/semeandoagua.ipe.org.br\/novas-vagas-de-estagio-no-programa-semeando-agua\/","_email_estagio":"","_whats_estagio":"","_form_estagio":"","_prazo_estagio":null,"logo_empresa":"","imagem_fundo":""},"_links":{"self":[{"href":"https:\/\/www.agrobase.com.br\/estagios\/wp-json\/wp\/v2\/posts\/27891","targetHints":{"allow":["GET"]}}],"collection":[{"href":"https:\/\/www.agrobase.com.br\/estagios\/wp-json\/wp\/v2\/posts"}],"about":[{"href":"https:\/\/www.agrobase.com.br\/estagios\/wp-json\/wp\/v2\/types\/post"}],"author":[{"embeddable":true,"href":"https:\/\/www.agrobase.com.br\/estagios\/wp-json\/wp\/v2\/users\/1"}],"replies":[{"embeddable":true,"href":"https:\/\/www.agrobase.com.br\/estagios\/wp-json\/wp\/v2\/comments?post=27891"}],"version-history":[{"count":2,"href":"https:\/\/www.agrobase.com.br\/estagios\/wp-json\/wp\/v2\/posts\/27891\/revisions"}],"predecessor-version":[{"id":27910,"href":"https:\/\/www.agrobase.com.br\/estagios\/wp-json\/wp\/v2\/posts\/27891\/revisions\/27910"}],"wp:featuredmedia":[{"embeddable":true,"href":"https:\/\/www.agrobase.com.br\/estagios\/wp-json\/wp\/v2\/media\/27890"}],"wp:attachment":[{"href":"https:\/\/www.agrobase.com.br\/estagios\/wp-json\/wp\/v2\/media?parent=27891"}],"wp:term":[{"taxonomy":"category","embeddable":true,"href":"https:\/\/www.agrobase.com.br\/estagios\/wp-json\/wp\/v2\/categories?post=27891"},{"taxonomy":"post_tag","embeddable":true,"href":"https:\/\/www.agrobase.com.br\/estagios\/wp-json\/wp\/v2\/tags?post=27891"},{"taxonomy":"condicao","embeddable":true,"href":"https:\/\/www.agrobase.com.br\/estagios\/wp-json\/wp\/v2\/condicao?post=27891"},{"taxonomy":"empresa","embeddable":true,"href":"https:\/\/www.agrobase.com.br\/estagios\/wp-json\/wp\/v2\/empresa?post=27891"},{"taxonomy":"tipo","embeddable":true,"href":"https:\/\/www.agrobase.com.br\/estagios\/wp-json\/wp\/v2\/tipo?post=27891"},{"taxonomy":"upgrade","embeddable":true,"href":"https:\/\/www.agrobase.com.br\/estagios\/wp-json\/wp\/v2\/upgrade?post=27891"}],"curies":[{"name":"wp","href":"https:\/\/api.w.org\/{rel}","templated":true}]}}