{"id":26268,"date":"2025-09-23T09:04:47","date_gmt":"2025-09-23T12:04:47","guid":{"rendered":"https:\/\/www.agrobase.com.br\/estagios\/?p=26268"},"modified":"2025-09-23T00:29:26","modified_gmt":"2025-09-23T03:29:26","slug":"2-vagas-de-estagio-em-sustentabilidade-rio-de-janeiro-rj","status":"publish","type":"post","link":"https:\/\/www.agrobase.com.br\/estagios\/2-vagas-de-estagio-em-sustentabilidade-rio-de-janeiro-rj\/","title":{"rendered":"2 vagas de est\u00e1gio em sustentabilidade \u2013 Rio de Janeiro\/RJ"},"content":{"rendered":"<p>Programa de Est\u00e1gio Sesc Departamento Nacional 2025. Confira o quadro de vagas com todos os cursos de gradua\u00e7\u00e3o e \u00e1reas de atua\u00e7\u00e3o no Anexo I \u2013 Descritivo do processo seletivo.<\/p>\n<h2>Requisitos e Qualifica\u00e7\u00f5es<\/h2>\n<ul>\n<li>Estar regularmente matriculados em Institui\u00e7\u00e3o de Ensino Superior \u2013 IES credenciada pelos respectivos sistemas (Federal \/ Minist\u00e9rio da Educa\u00e7\u00e3o \u2013 MEC; Estadual \/ Conselho Estadual de Educa\u00e7\u00e3o &#8211; CEE-RJ), cujos cursos sejam reconhecidos legalmente.<\/li>\n<li>Cursando a partir do 4\u00ba per\u00edodo da gradua\u00e7\u00e3o em Administra\u00e7\u00e3o, Rela\u00e7\u00f5es Internacionais, Biologia, Ci\u00eancias Ambientais, Engenharia Ambiental ou Gest\u00e3o Ambiental no 2\u00ba semestre de 2025, com previs\u00e3o de formatura m\u00ednima a partir de dezembro de 2026.<\/li>\n<li>N\u00e3o possuir reprova\u00e7\u00e3o pendente em mat\u00e9rias b\u00e1sicas do curr\u00edculo espec\u00edfico de sua forma\u00e7\u00e3o.<\/li>\n<li>Ter disponibilidade para estagiar por, no m\u00ednimo 12 meses, com possibilidade de renova\u00e7\u00e3o por igual per\u00edodo, 6 (seis) horas di\u00e1rias \u2013 30 (trinta) semanais.<\/li>\n<li>Possuir conhecimento b\u00e1sico em Inform\u00e1tica (Windows, Word, Power Point, Excel e Internet).<\/li>\n<li>Dever\u00e3o constar, obrigatoriamente, no curr\u00edculo as seguintes informa\u00e7\u00f5es: Curso de gradua\u00e7\u00e3o, per\u00edodo atual, coeficiente de rendimento (CR), previs\u00e3o de m\u00eas\/ano de formatura e nome da Institui\u00e7\u00e3o de Ensino.<\/li>\n<\/ul>\n<h2>Benef\u00edcios<\/h2>\n<ul>\n<li>Biciclet\u00e1rio.<\/li>\n<li>Gin\u00e1stica laboral.<\/li>\n<li>Programa de treinamentos.<\/li>\n<li>Restaurante interno.<\/li>\n<li>Sala de jogos.<\/li>\n<li>Seguro de vida.<\/li>\n<li>Vale-transporte.<\/li>\n<li>Seguro contra acidentes pessoais.<\/li>\n<li>Refei\u00e7\u00e3o no local.<\/li>\n<\/ul>\n","protected":false},"excerpt":{"rendered":"<p>Junte-se ao Sesc como estagi\u00e1rio em sustentabilidade no Rio de Janeiro\/RJ. Refei\u00e7\u00e3o no local e vale-transporte inclusos. Fa\u00e7a a diferen\u00e7a!<\/p>\n","protected":false},"author":1,"featured_media":26267,"comment_status":"open","ping_status":"open","sticky":false,"template":"","format":"standard","meta":{"_acf_changed":false,"footnotes":""},"categories":[98,183,418,10,61],"tags":[65],"condicao":[6],"empresa":[583],"tipo":[5],"upgrade":[],"class_list":["post-26268","post","type-post","status-publish","format-standard","has-post-thumbnail","hentry","category-administracao","category-comunicacao-social","category-ecologia","category-engenharia-ambiental","category-gestao-ambiental","tag-rio-de-janeiro","condicao-remunerado","empresa-sesc-rj","tipo-nao-obrigatorio"],"acf":{"_url_estagio":"https:\/\/www.vagas.com.br\/vagas\/v2763346\/estagio-em-sustentabilidade-sede","_email_estagio":"","_whats_estagio":"","_form_estagio":"","_prazo_estagio":null,"logo_empresa":"","imagem_fundo":""},"_links":{"self":[{"href":"https:\/\/www.agrobase.com.br\/estagios\/wp-json\/wp\/v2\/posts\/26268","targetHints":{"allow":["GET"]}}],"collection":[{"href":"https:\/\/www.agrobase.com.br\/estagios\/wp-json\/wp\/v2\/posts"}],"about":[{"href":"https:\/\/www.agrobase.com.br\/estagios\/wp-json\/wp\/v2\/types\/post"}],"author":[{"embeddable":true,"href":"https:\/\/www.agrobase.com.br\/estagios\/wp-json\/wp\/v2\/users\/1"}],"replies":[{"embeddable":true,"href":"https:\/\/www.agrobase.com.br\/estagios\/wp-json\/wp\/v2\/comments?post=26268"}],"version-history":[{"count":2,"href":"https:\/\/www.agrobase.com.br\/estagios\/wp-json\/wp\/v2\/posts\/26268\/revisions"}],"predecessor-version":[{"id":26299,"href":"https:\/\/www.agrobase.com.br\/estagios\/wp-json\/wp\/v2\/posts\/26268\/revisions\/26299"}],"wp:featuredmedia":[{"embeddable":true,"href":"https:\/\/www.agrobase.com.br\/estagios\/wp-json\/wp\/v2\/media\/26267"}],"wp:attachment":[{"href":"https:\/\/www.agrobase.com.br\/estagios\/wp-json\/wp\/v2\/media?parent=26268"}],"wp:term":[{"taxonomy":"category","embeddable":true,"href":"https:\/\/www.agrobase.com.br\/estagios\/wp-json\/wp\/v2\/categories?post=26268"},{"taxonomy":"post_tag","embeddable":true,"href":"https:\/\/www.agrobase.com.br\/estagios\/wp-json\/wp\/v2\/tags?post=26268"},{"taxonomy":"condicao","embeddable":true,"href":"https:\/\/www.agrobase.com.br\/estagios\/wp-json\/wp\/v2\/condicao?post=26268"},{"taxonomy":"empresa","embeddable":true,"href":"https:\/\/www.agrobase.com.br\/estagios\/wp-json\/wp\/v2\/empresa?post=26268"},{"taxonomy":"tipo","embeddable":true,"href":"https:\/\/www.agrobase.com.br\/estagios\/wp-json\/wp\/v2\/tipo?post=26268"},{"taxonomy":"upgrade","embeddable":true,"href":"https:\/\/www.agrobase.com.br\/estagios\/wp-json\/wp\/v2\/upgrade?post=26268"}],"curies":[{"name":"wp","href":"https:\/\/api.w.org\/{rel}","templated":true}]}}