{"id":25093,"date":"2025-08-21T09:02:28","date_gmt":"2025-08-21T12:02:28","guid":{"rendered":"https:\/\/www.agrobase.com.br\/estagios\/?p=25093"},"modified":"2025-08-21T00:28:20","modified_gmt":"2025-08-21T03:28:20","slug":"estagio-em-gestao-da-sustentabilidade-medianeira-pr","status":"publish","type":"post","link":"https:\/\/www.agrobase.com.br\/estagios\/estagio-em-gestao-da-sustentabilidade-medianeira-pr\/","title":{"rendered":"Est\u00e1gio em gest\u00e3o da sustentabilidade \u2013 Medianeira\/PR"},"content":{"rendered":"<p>Est\u00e1gio em gest\u00e3o da sustentabilidade com atividades em centro administrativo em Medianeira\/PR, regime presencial e hor\u00e1rio de 6 horas di\u00e1rias.<\/p>\n<h2>Responsabilidades e Atribui\u00e7\u00f5es<\/h2>\n<ul>\n<li>Opera\u00e7\u00e3o de plataformas e sistemas de an\u00e1lise socioambiental de fornecedores<\/li>\n<li>Georreferenciamento e indicadores da sustentabilidade<\/li>\n<li>Elabora\u00e7\u00e3o de documentos e relat\u00f3rios<\/li>\n<li>Levantamento e an\u00e1lise de dados<\/li>\n<li>Interpreta\u00e7\u00e3o de normas e legisla\u00e7\u00f5es<\/li>\n<li>Apoio na organiza\u00e7\u00e3o de eventos<\/li>\n<\/ul>\n<h2>Requisitos e Qualifica\u00e7\u00f5es<\/h2>\n<ul>\n<li>Cursando ensino superior nas \u00e1reas de engenharia ou gest\u00e3o ambiental, tecnologia da informa\u00e7\u00e3o, engenharia de produ\u00e7\u00e3o ou afins<\/li>\n<li>Habilidade de comunica\u00e7\u00e3o escrita<\/li>\n<li>Organiza\u00e7\u00e3o e planejamento<\/li>\n<\/ul>\n<h2>Benef\u00edcios<\/h2>\n<ul>\n<li>Vale cesta<\/li>\n<li>Conv\u00eanios de descontos<\/li>\n<li>Universidade corporativa<\/li>\n<li>Participa\u00e7\u00e3o nos lucros e resultados (14\u00ba)<\/li>\n<\/ul>\n","protected":false},"excerpt":{"rendered":"<p>Trabalhe como estagi\u00e1rio em Gest\u00e3o da Sustentabilidade em Medianeira\/PR na Lar Cooperativa. Benef\u00edcios como vale cesta e participa\u00e7\u00e3o nos lucros. Participe!<\/p>\n","protected":false},"author":1,"featured_media":25092,"comment_status":"open","ping_status":"open","sticky":false,"template":"","format":"standard","meta":{"_acf_changed":false,"footnotes":""},"categories":[10,61,234,50],"tags":[27],"condicao":[],"empresa":[366],"tipo":[5],"upgrade":[],"class_list":["post-25093","post","type-post","status-publish","format-standard","has-post-thumbnail","hentry","category-engenharia-ambiental","category-gestao-ambiental","category-tecnologia-da-informacao","category-tecnologia-gestao-ambiental","tag-parana","empresa-lar-cooperativa-agroindustrial","tipo-nao-obrigatorio"],"acf":{"_url_estagio":"https:\/\/platform.senior.com.br\/hcmrs\/hcm\/curriculo\/?tenant=lar&amp;tenantdomain=lar.ind.br&amp;vacancyId=1a0178c8-a1a0-4899-ac01-e406de2ba532&amp;fromRecruitment=false#!\/vacancies\/details\/1a0178c8-a1a0-4899-ac01-e406de2ba532\/?order=HIGHLIGHT&amp;page=2&amp;fromRecruitment=false","_email_estagio":"","_whats_estagio":"","_form_estagio":"","_prazo_estagio":null,"logo_empresa":"","imagem_fundo":""},"_links":{"self":[{"href":"https:\/\/www.agrobase.com.br\/estagios\/wp-json\/wp\/v2\/posts\/25093","targetHints":{"allow":["GET"]}}],"collection":[{"href":"https:\/\/www.agrobase.com.br\/estagios\/wp-json\/wp\/v2\/posts"}],"about":[{"href":"https:\/\/www.agrobase.com.br\/estagios\/wp-json\/wp\/v2\/types\/post"}],"author":[{"embeddable":true,"href":"https:\/\/www.agrobase.com.br\/estagios\/wp-json\/wp\/v2\/users\/1"}],"replies":[{"embeddable":true,"href":"https:\/\/www.agrobase.com.br\/estagios\/wp-json\/wp\/v2\/comments?post=25093"}],"version-history":[{"count":3,"href":"https:\/\/www.agrobase.com.br\/estagios\/wp-json\/wp\/v2\/posts\/25093\/revisions"}],"predecessor-version":[{"id":25152,"href":"https:\/\/www.agrobase.com.br\/estagios\/wp-json\/wp\/v2\/posts\/25093\/revisions\/25152"}],"wp:featuredmedia":[{"embeddable":true,"href":"https:\/\/www.agrobase.com.br\/estagios\/wp-json\/wp\/v2\/media\/25092"}],"wp:attachment":[{"href":"https:\/\/www.agrobase.com.br\/estagios\/wp-json\/wp\/v2\/media?parent=25093"}],"wp:term":[{"taxonomy":"category","embeddable":true,"href":"https:\/\/www.agrobase.com.br\/estagios\/wp-json\/wp\/v2\/categories?post=25093"},{"taxonomy":"post_tag","embeddable":true,"href":"https:\/\/www.agrobase.com.br\/estagios\/wp-json\/wp\/v2\/tags?post=25093"},{"taxonomy":"condicao","embeddable":true,"href":"https:\/\/www.agrobase.com.br\/estagios\/wp-json\/wp\/v2\/condicao?post=25093"},{"taxonomy":"empresa","embeddable":true,"href":"https:\/\/www.agrobase.com.br\/estagios\/wp-json\/wp\/v2\/empresa?post=25093"},{"taxonomy":"tipo","embeddable":true,"href":"https:\/\/www.agrobase.com.br\/estagios\/wp-json\/wp\/v2\/tipo?post=25093"},{"taxonomy":"upgrade","embeddable":true,"href":"https:\/\/www.agrobase.com.br\/estagios\/wp-json\/wp\/v2\/upgrade?post=25093"}],"curies":[{"name":"wp","href":"https:\/\/api.w.org\/{rel}","templated":true}]}}