{"id":286643,"date":"2026-09-04T07:22:06","date_gmt":"2026-09-04T10:22:06","guid":{"rendered":"https:\/\/www.agrobase.com.br\/concursos\/?p=286643"},"modified":"2026-09-04T07:22:06","modified_gmt":"2026-09-04T10:22:06","slug":"prefeitura-guajara-mirim-ro-selecao-simplificada-01-2026","status":"publish","type":"post","link":"https:\/\/www.agrobase.com.br\/concursos\/2026\/prefeitura-guajara-mirim-ro-selecao-simplificada-01-2026\/","title":{"rendered":"Prefeitura Guajar\u00e1-Mirim (RO) &#8211; Sele\u00e7\u00e3o Simplificada 01\/2026"},"content":{"rendered":"<h2>Informa\u00e7\u00f5es Gerais<\/h2>\n<p>Est\u00e1 publicado o <strong>Processo Seletivo Simplificado n\u00ba 001\/COMAD\/2026<\/strong>, promovido pela <strong>Coordenadoria Municipal de Administra\u00e7\u00e3o (COMAD) de Guajar\u00e1-Mirim, em Rond\u00f4nia<\/strong>, institu\u00eddo pelos Decretos n\u00ba 18.137\/GAB-PREF\/2026 e n\u00ba 18.151\/GAB-PREF\/2026. O certame tem como objetivo a <strong>contrata\u00e7\u00e3o tempor\u00e1ria de pessoal<\/strong> e a <strong>forma\u00e7\u00e3o de cadastro de reserva<\/strong> para atender \u00e0s necessidades da Secretaria Municipal de Educa\u00e7\u00e3o (SEMED), da Secretaria Municipal de Trabalho e Assist\u00eancia Social (SEMTAS) e da Secretaria Municipal de Sa\u00fade (SEMSAU), com fundamento no art. 37, IX, da Constitui\u00e7\u00e3o Federal e na Lei Municipal n\u00ba 1.419.GAB.PREF\/2010.<\/p>\n<p>S\u00e3o oferecidas <strong>78 vagas imediatas, al\u00e9m de cadastro de reserva<\/strong>, distribu\u00eddas entre os n\u00edveis <strong>Fundamental Completo, M\u00e9dio\/T\u00e9cnico e Superior<\/strong>. A remunera\u00e7\u00e3o varia de <strong>R$ 1.200,00 a R$ 6.292,00<\/strong>, conforme o cargo, a carga hor\u00e1ria e os requisitos exigidos.<\/p>\n<p>As oportunidades concentram-se nas \u00e1reas de sa\u00fade, assist\u00eancia social e educa\u00e7\u00e3o. Entre os cargos de n\u00edvel superior, destaque para <strong>Medicina Veterin\u00e1ria<\/strong> (M\u00e9dico Veterin\u00e1rio, com remunera\u00e7\u00e3o de R$ 6.292,00) e para <strong>Nutri\u00e7\u00e3o<\/strong> (Nutricionista e Nutricionista \u2013 SEMED, com sal\u00e1rios de R$ 1.200,00 e R$ 2.927,04). H\u00e1 ainda vagas para Assistente Social, Enfermeiro com especializa\u00e7\u00f5es em Obstetr\u00edcia, Sa\u00fade da Fam\u00edlia\/Sa\u00fade Coletiva e Urg\u00eancia e Emerg\u00eancia, Farmac\u00eautico, Fisioterapeuta, Fonoaudi\u00f3logo, M\u00e9dico Ginecologista Obstetra, Psic\u00f3logo e Supervisor Escolar.<\/p>\n<p>No n\u00edvel M\u00e9dio\/T\u00e9cnico, o quadro contempla T\u00e9cnico em Enfermagem (PSF, Sala de Vacina e Urg\u00eancia e Emerg\u00eancia), T\u00e9cnico em Radiologia, T\u00e9cnico em Laborat\u00f3rio, Auxiliar em Higiene Bucal, Cuidador Social, Piloto Fluvial e Piloto de Transporte Escolar Fluvial. J\u00e1 para o n\u00edvel Fundamental Completo, h\u00e1 8 vagas para Auxiliar de Cuidador Social.<\/p>\n<p>A sele\u00e7\u00e3o ser\u00e1 feita por <em>an\u00e1lise curricular e prova de t\u00edtulos<\/em>, sem aplica\u00e7\u00e3o de prova objetiva \u2014 um formato que valoriza forma\u00e7\u00e3o e experi\u00eancia profissional.<\/p>\n<h2>Inscri\u00e7\u00f5es<\/h2>\n<p>As inscri\u00e7\u00f5es ser\u00e3o realizadas <strong>exclusivamente por meio eletr\u00f4nico<\/strong>, a partir <strong>das 8h do dia 01 de setembro de 2026 at\u00e9 as 18h do dia 07 de setembro de 2026<\/strong>, observado o hor\u00e1rio oficial do Estado de Rond\u00f4nia.<\/p>\n<p>O formul\u00e1rio eletr\u00f4nico de inscri\u00e7\u00e3o estar\u00e1 dispon\u00edvel no <strong>Portal da Transpar\u00eancia do Munic\u00edpio de Guajar\u00e1-Mirim<\/strong>, na \u00e1rea destinada aos editais e ao Processo Seletivo Simplificado n\u00ba 001\/COMAD\/2026.<\/p>\n<p><strong>N\u00e3o ser\u00e1 cobrada taxa de inscri\u00e7\u00e3o<\/strong>, o que dispensa qualquer procedimento de isen\u00e7\u00e3o ou pagamento de boleto.<\/p>\n<p>Para se inscrever, o candidato dever\u00e1 observar os seguintes procedimentos:<\/p>\n<ul>\n<li>Acessar o formul\u00e1rio eletr\u00f4nico no Portal da Transpar\u00eancia do Munic\u00edpio e preench\u00ea-lo <strong>integralmente<\/strong>;<\/li>\n<li>Anexar todos os documentos exigidos em <strong>arquivos leg\u00edveis, preferencialmente em formato PDF<\/strong>;<\/li>\n<li>Respeitar o limite de tamanho indicado pela plataforma, que <strong>n\u00e3o dever\u00e1 exceder 10 MB por arquivo<\/strong>;<\/li>\n<li>Concluir e enviar o formul\u00e1rio, pois a inscri\u00e7\u00e3o s\u00f3 \u00e9 considerada efetivada ap\u00f3s o envio;<\/li>\n<li>Guardar o <strong>comprovante ou protocolo gerado pelo sistema<\/strong>, documento essencial em caso de necessidade de comprova\u00e7\u00e3o.<\/li>\n<\/ul>\n<p>Aten\u00e7\u00e3o: caso o candidato realize <em>mais de uma inscri\u00e7\u00e3o<\/em>, ser\u00e1 considerada v\u00e1lida apenas a <strong>\u00faltima inscri\u00e7\u00e3o conclu\u00edda dentro do prazo<\/strong>, ficando as anteriores automaticamente substitu\u00eddas.<\/p>\n<p>Como a sele\u00e7\u00e3o \u00e9 baseada em an\u00e1lise curricular e t\u00edtulos, a qualidade e a legibilidade dos documentos anexados s\u00e3o determinantes para a pontua\u00e7\u00e3o.<\/p>\n<h2>Etapas e Provas<\/h2>\n<p>O Processo Seletivo Simplificado n\u00ba 001\/COMAD\/2026 ser\u00e1 realizado <strong>sem prova objetiva<\/strong>, com avalia\u00e7\u00e3o baseada em documenta\u00e7\u00e3o, curr\u00edculo e t\u00edtulos. As fases previstas s\u00e3o:<\/p>\n<ul>\n<li><strong>Inscri\u00e7\u00e3o online e habilita\u00e7\u00e3o documental<\/strong> \u2014 de car\u00e1ter <strong>eliminat\u00f3rio<\/strong>. Nesta fase \u00e9 verificada a comprova\u00e7\u00e3o dos <strong>requisitos m\u00ednimos do cargo\/fun\u00e7\u00e3o<\/strong>, como escolaridade, forma\u00e7\u00e3o t\u00e9cnica, especializa\u00e7\u00e3o e registro no conselho profissional competente, quando exigido. O candidato que n\u00e3o comprovar os requisitos \u00e9 eliminado.<\/li>\n<li><strong>An\u00e1lise curricular e prova de t\u00edtulos<\/strong> \u2014 de car\u00e1ter <strong>classificat\u00f3rio<\/strong>, observados os requisitos m\u00ednimos de habilita\u00e7\u00e3o. A pontua\u00e7\u00e3o considera crit\u00e9rios como <em>forma\u00e7\u00e3o<\/em>, <em>cursos<\/em> e <em>experi\u00eancia profissional<\/em>.<\/li>\n<li><strong>Fase recursal<\/strong> \u2014 oportunidade para o candidato questionar a pontua\u00e7\u00e3o atribu\u00edda ou a sua eventual elimina\u00e7\u00e3o, nos termos e prazos definidos no edital.<\/li>\n<li><strong>Homologa\u00e7\u00e3o e publica\u00e7\u00e3o do resultado final<\/strong> \u2014 encerramento do certame pela autoridade competente.<\/li>\n<\/ul>\n<p>Por se tratar de avalia\u00e7\u00e3o documental, \u00e9 fundamental que os certificados, diplomas, declara\u00e7\u00f5es e comprovantes de experi\u00eancia estejam anexados de forma completa e leg\u00edvel no momento da inscri\u00e7\u00e3o, j\u00e1 que a pontua\u00e7\u00e3o decorre exclusivamente do que foi apresentado.<\/p>\n<p>O edital detalha a tabela de pontua\u00e7\u00e3o por crit\u00e9rio de avalia\u00e7\u00e3o, os limites m\u00e1ximos de pontos, os documentos aceitos para cada item e o cronograma completo das fases. Recomendamos a <strong>consulta ao edital e aos anexos<\/strong> para conferir todas as regras de valora\u00e7\u00e3o dos t\u00edtulos e da experi\u00eancia profissional.<\/p>\n<h2>Resultados e Gabarito<\/h2>\n<p>Ap\u00f3s a an\u00e1lise curricular e a prova de t\u00edtulos, ser\u00e1 divulgado o <strong>resultado preliminar<\/strong>, seguido da <strong>fase recursal<\/strong> e, por fim, do <strong>resultado final<\/strong>.<\/p>\n<p>Tanto o resultado preliminar quanto o resultado final indicar\u00e3o, para cada candidato, a <strong>pontua\u00e7\u00e3o discriminada por crit\u00e9rio de avalia\u00e7\u00e3o<\/strong>, incluindo:<\/p>\n<ul>\n<li>Forma\u00e7\u00e3o;<\/li>\n<li>Cursos;<\/li>\n<li>Experi\u00eancia profissional;<\/li>\n<li>Pontua\u00e7\u00e3o total.<\/li>\n<\/ul>\n<p>Essa divulga\u00e7\u00e3o detalhada permite o <em>controle objetivo da avalia\u00e7\u00e3o<\/em> e viabiliza o exerc\u00edcio do <strong>direito de recurso<\/strong> pelo candidato que discordar da pontua\u00e7\u00e3o atribu\u00edda.<\/p>\n<p>O <strong>resultado final ser\u00e1 homologado pela autoridade competente<\/strong> e publicado nos seguintes ve\u00edculos oficiais:<\/p>\n<ul>\n<li><strong>Di\u00e1rio Oficial dos Munic\u00edpios do Estado de Rond\u00f4nia \u2013 AROM<\/strong>;<\/li>\n<li><strong>Portal da Transpar\u00eancia do Munic\u00edpio de Guajar\u00e1-Mirim<\/strong>;<\/li>\n<li>Jornal de circula\u00e7\u00e3o local ou regional, sem preju\u00edzo das publica\u00e7\u00f5es anteriores.<\/li>\n<\/ul>\n<p>A homologa\u00e7\u00e3o \u00e9 o ato que confere validade oficial ao resultado do processo seletivo, habilitando os aprovados a serem convocados para a <em>contrata\u00e7\u00e3o tempor\u00e1ria<\/em>, conforme a ordem de classifica\u00e7\u00e3o, a necessidade das secretarias (SEMED, SEMTAS e SEMSAU) e a disponibilidade das vagas, inclusive daquelas destinadas ao cadastro de reserva.<\/p>\n<p>Refor\u00e7amos que o <strong>acompanhamento das publica\u00e7\u00f5es oficiais \u00e9 responsabilidade exclusiva do candidato<\/strong>. Convoca\u00e7\u00f5es, prazos de recurso e chamadas para contrata\u00e7\u00e3o podem ter prazos curtos, e a perda de qualquer prazo pode resultar em desclassifica\u00e7\u00e3o. Consulte diariamente o Portal da Transpar\u00eancia do Munic\u00edpio e o Di\u00e1rio Oficial AROM, al\u00e9m de manter seus dados de contato atualizados.<\/p>\n","protected":false},"excerpt":{"rendered":"<p>\u00daltimos dias! Inscri\u00e7\u00f5es at\u00e9 07\/09 no PSS da Pref. de Guajar\u00e1-Mirim (RO) para Enfermeiro e Farmac\u00eautico (Sup.). Sal\u00e1rios at\u00e9 R$ 6,3 mil. Inscreva-se AGORA!<\/p>\n","protected":false},"author":7,"featured_media":286642,"comment_status":"open","ping_status":"open","sticky":false,"template":"","format":"standard","meta":{"_acf_changed":false,"_breakdance_hide_in_design_set":false,"_breakdance_tags":"","footnotes":""},"categories":[12,17,18,19,21,22,23,25,26,101,108,161,143],"tags":[59],"_amplo":[],"destaque":[],"instituicoes":[],"class_list":["post-286643","post","type-post","status-publish","format-standard","has-post-thumbnail","hentry","category-enfermagem","category-farmacia","category-fisioterapia","category-fonoaudiologia","category-medicina","category-veterinaria","category-nutricao","category-pedagogia","category-psicologia","category-servico-social","category-tecnico-enfermagem","category-tecnico-laboratorio","category-tecnico-odontologia","tag-rondonia"],"acf":{"_tipo_vagas":"vagas","_numero_vagas":"","_quadro_vagas":"","_cargos":"diversos","_cargos_especificos":"","_salario_max":"R$ 6292","_abertura":"20260901","_encerramento":"20260907","_inscricoes":"","_executora_concurso":"","_instituicao_concurso":[],"_link_adicional":null,"_anexos":null,"_produtos":null,"_vagas":"78 vagas + CR","_salario_min":"R$ 1200","_instituicao":"Prefeitura de Guajar\u00e1-Mirim","_edital":"https:\/\/www.agrobase.com.br\/concursos\/wp-content\/uploads\/sites\/4\/2026\/09\/edital-01-2026-da-prefeitura-de-guajara-mirim-ro.pdf","_anexos_edital":"","_fund_incompleto":"","_fund_completo":"<div>\r\n<table class=\"quadro\">\r\n<thead>\r\n<tr>\r\n<th class=\"hcargo\">Cargo<\/th>\r\n<th class=\"hvagas\">Vagas<\/th>\r\n<th class=\"hremuneracao\">Remunera\u00e7\u00e3o<\/th>\r\n<\/tr>\r\n<\/thead>\r\n    <tbody>\r\n      <td class=\"ccargos\">\r\n<span data-balloon-length=\"medium\" aria-label=\"Ensino Fundamental completo\" data-balloon-pos=\"up\">Auxiliar de Cuidador Social<\/span><\/td>\r\n<td class=\"cvagas\">8<\/td>\r\n<td class=\"cremuneracao\">R$ 1.621,00 \/40h<\/td>\r\n<\/tr>\r\n    <\/tbody>\r\n  <\/table>\r\n<\/div>","_medio":"<div>\r\n<table class=\"quadro\">\r\n<thead>\r\n<tr>\r\n<th class=\"hcargo\">Cargo<\/th>\r\n<th class=\"hvagas\">Vagas<\/th>\r\n<th class=\"hremuneracao\">Remunera\u00e7\u00e3o<\/th>\r\n<\/tr>\r\n<\/thead>\r\n    <tbody>\r\n      <td class=\"ccargos\">\r\n<span data-balloon-length=\"medium\" aria-label=\"Ensino M\u00e9dio completo\" data-balloon-pos=\"up\">Cuidador Social<\/span><\/td>\r\n<td class=\"cvagas\">8<\/td>\r\n<td class=\"cremuneracao\">R$ 1.621,00 \/40h<\/td>\r\n<\/tr><td class=\"ccargos\">\r\n<span data-balloon-length=\"medium\" aria-label=\"Curso T\u00e9cnico em Enfermagem e registro no COREN\" data-balloon-pos=\"up\">T\u00e9cnico em Enfermagem \u2013 PSF<\/span><\/td>\r\n<td class=\"cvagas\">3 + CR<\/td>\r\n<td class=\"cremuneracao\">R$ 1.621,00 \/40h<\/td>\r\n<\/tr><td class=\"ccargos\">\r\n<span data-balloon-length=\"medium\" aria-label=\"Curso T\u00e9cnico em Enfermagem, qualifica\u00e7\u00e3o em sala de vacina e registro no COREN\" data-balloon-pos=\"up\">T\u00e9cnico em Enfermagem \u2013 Sala de Vacina<\/span><\/td>\r\n<td class=\"cvagas\">1 + CR<\/td>\r\n<td class=\"cremuneracao\">R$ 1.621,00 \/40h<\/td>\r\n<\/tr><td class=\"ccargos\">\r\n<span data-balloon-length=\"medium\" aria-label=\"Curso T\u00e9cnico em Enfermagem, qualifica\u00e7\u00e3o em urg\u00eancia e emerg\u00eancia e registro no COREN\" data-balloon-pos=\"up\">T\u00e9cnico em Enfermagem \u2013 Urg\u00eancia e Emerg\u00eancia<\/span><\/td>\r\n<td class=\"cvagas\">2 + CR<\/td>\r\n<td class=\"cremuneracao\">R$ 1.621,00 \/40h<\/td>\r\n<\/tr><td class=\"ccargos\">\r\n<span data-balloon-length=\"medium\" aria-label=\"Ensino M\u00e9dio completo, forma\u00e7\u00e3o t\u00e9cnica em Radiologia e registro no Conselho Regional de T\u00e9cnicos em Radiologia \u2013 CRTR\" data-balloon-pos=\"up\">T\u00e9cnico em Radiologia<\/span><\/td>\r\n<td class=\"cvagas\">1 + CR<\/td>\r\n<td class=\"cremuneracao\">R$ 3.242,00 \/24h<\/td>\r\n<\/tr><td class=\"ccargos\">\r\n<span data-balloon-length=\"medium\" aria-label=\"Ensino M\u00e9dio completo e curso T\u00e9cnico em Laborat\u00f3rio; registro profissional, quando exigido\" data-balloon-pos=\"up\">T\u00e9cnico em Laborat\u00f3rio<\/span><\/td>\r\n<td class=\"cvagas\">3 + CR<\/td>\r\n<td class=\"cremuneracao\">R$ 1.621,00 \/40h<\/td>\r\n<\/tr><td class=\"ccargos\">\r\n<span data-balloon-length=\"medium\" aria-label=\"Ensino M\u00e9dio completo e curso\/qualifica\u00e7\u00e3o na \u00e1rea de Higiene Bucal; registro profissional, quando exigido\" data-balloon-pos=\"up\">Auxiliar em Higiene Bucal<\/span><\/td>\r\n<td class=\"cvagas\">3 + CR<\/td>\r\n<td class=\"cremuneracao\">R$ 1.621,00 \/40h<\/td>\r\n<\/tr><td class=\"ccargos\">\r\n<span data-balloon-length=\"medium\" aria-label=\"Ensino M\u00e9dio completo e qualifica\u00e7\u00e3o na \u00e1rea de Marinheiro Auxiliar de Conv\u00e9s e M\u00e1quinas, conforme exig\u00eancia da Autoridade Mar\u00edtima\" data-balloon-pos=\"up\">Piloto Fluvial<\/span><\/td>\r\n<td class=\"cvagas\">1 + CR<\/td>\r\n<td class=\"cremuneracao\">R$ 1.621,00 \/40h<\/td>\r\n<\/tr><td class=\"ccargos\">\r\n<span data-balloon-length=\"medium\" aria-label=\"Ensino M\u00e9dio completo, Arrais Profissional e resid\u00eancia na localidade\" data-balloon-pos=\"up\">Piloto de Transporte Escolar Fluvial<\/span><\/td>\r\n<td class=\"cvagas\">3<\/td>\r\n<td class=\"cremuneracao\">R$ 1.621,00 \/40h<\/td>\r\n<\/tr>\r\n    <\/tbody>\r\n  <\/table>\r\n<\/div>","_superior":"<div>\r\n<table class=\"quadro\">\r\n<thead>\r\n<tr>\r\n<th class=\"hcargo\">Cargo<\/th>\r\n<th class=\"hvagas\">Vagas<\/th>\r\n<th class=\"hremuneracao\">Remunera\u00e7\u00e3o<\/th>\r\n<\/tr>\r\n<\/thead>\r\n    <tbody>\r\n      <tr>\r\n<td class=\"ccargos\">\r\n<span data-balloon-length=\"medium\" aria-label=\"Gradua\u00e7\u00e3o em Servi\u00e7o Social e registro no conselho profissional competente\" data-balloon-pos=\"up\">Assistente Social<\/span><\/td>\r\n<td class=\"cvagas\">2 + CR<\/td>\r\n<td class=\"cremuneracao\">R$ 1.300,00 \/30h<\/td>\r\n<\/tr><tr>\r\n<td class=\"ccargos\">\r\n<span data-balloon-length=\"medium\" aria-label=\"Gradua\u00e7\u00e3o em Enfermagem, registro no COREN e especializa\u00e7\u00e3o em Obstetr\u00edcia\" data-balloon-pos=\"up\">Enfermeiro \u2013 Especialista em Obstetr\u00edcia<\/span><\/td>\r\n<td class=\"cvagas\">1 + CR<\/td>\r\n<td class=\"cremuneracao\">R$ 1.621,00 \/40h<\/td>\r\n<\/tr><tr>\r\n<td class=\"ccargos\">\r\n<span data-balloon-length=\"medium\" aria-label=\"Gradua\u00e7\u00e3o em Enfermagem, registro no COREN e especializa\u00e7\u00e3o em Sa\u00fade da Fam\u00edlia ou Sa\u00fade Coletiva\" data-balloon-pos=\"up\">Enfermeiro \u2013 Especialista em Sa\u00fade da Fam\u00edlia ou Sa\u00fade Coletiva<\/span><\/td>\r\n<td class=\"cvagas\">8 + CR<\/td>\r\n<td class=\"cremuneracao\">R$ 1.621,00 \/40h<\/td>\r\n<\/tr><tr>\r\n<td class=\"ccargos\">\r\n<span data-balloon-length=\"medium\" aria-label=\"Gradua\u00e7\u00e3o em Enfermagem, registro no COREN e especializa\u00e7\u00e3o em Urg\u00eancia e Emerg\u00eancia\" data-balloon-pos=\"up\">Enfermeiro \u2013 Especialista em Urg\u00eancia e Emerg\u00eancia<\/span><\/td>\r\n<td class=\"cvagas\">1 + CR<\/td>\r\n<td class=\"cremuneracao\">R$ 1.621,00 \/40h<\/td>\r\n<\/tr><tr>\r\n<td class=\"ccargos\">\r\n<span data-balloon-length=\"medium\" aria-label=\"Gradua\u00e7\u00e3o em Farm\u00e1cia e registro no conselho profissional competente\" data-balloon-pos=\"up\">Farmac\u00eautico<\/span><\/td>\r\n<td class=\"cvagas\">8 + CR<\/td>\r\n<td class=\"cremuneracao\">R$ 3.500,00 \/40h<\/td>\r\n<\/tr><tr>\r\n<td class=\"ccargos\">\r\n<span data-balloon-length=\"medium\" aria-label=\"Gradua\u00e7\u00e3o em Fisioterapia e registro no conselho profissional competente\" data-balloon-pos=\"up\">Fisioterapeuta<\/span><\/td>\r\n<td class=\"cvagas\">1 + CR<\/td>\r\n<td class=\"cremuneracao\">R$ 6.292,00 \/30h<\/td>\r\n<\/tr><tr>\r\n<td class=\"ccargos\">\r\n<span data-balloon-length=\"medium\" aria-label=\"Gradua\u00e7\u00e3o em Fonoaudiologia e registro no conselho profissional competente\" data-balloon-pos=\"up\">Fonoaudi\u00f3logo<\/span><\/td>\r\n<td class=\"cvagas\">2 + CR<\/td>\r\n<td class=\"cremuneracao\">R$ 6.292,00 \/40h<\/td>\r\n<\/tr><tr>\r\n<td class=\"ccargos\">\r\n<span data-balloon-length=\"medium\" aria-label=\"Gradua\u00e7\u00e3o em Medicina, registro no CRM e t\u00edtulo\/especializa\u00e7\u00e3o em Ginecologia e Obstetr\u00edcia\" data-balloon-pos=\"up\">M\u00e9dico Ginecologista Obstetra<\/span><\/td>\r\n<td class=\"cvagas\">2 + CR<\/td>\r\n<td class=\"cremuneracao\">R$ 6.292,00 \/40h<\/td>\r\n<\/tr><tr>\r\n<td class=\"ccargos\">\r\n<span data-balloon-length=\"medium\" aria-label=\"Gradua\u00e7\u00e3o em Medicina Veterin\u00e1ria e registro no conselho profissional competente\" data-balloon-pos=\"up\">M\u00e9dico Veterin\u00e1rio<\/span><\/td>\r\n<td class=\"cvagas\">1 + CR<\/td>\r\n<td class=\"cremuneracao\">R$ 6.292,00 \/40h<\/td>\r\n<\/tr><tr>\r\n<td class=\"ccargos\">\r\n<span data-balloon-length=\"medium\" aria-label=\"Gradua\u00e7\u00e3o em Nutri\u00e7\u00e3o e registro no conselho profissional competente\" data-balloon-pos=\"up\">Nutricionista<\/span><\/td>\r\n<td class=\"cvagas\">2 + CR<\/td>\r\n<td class=\"cremuneracao\">R$ 1.200,00 \/40h<\/td>\r\n<\/tr><tr>\r\n<td class=\"ccargos\">\r\n<span data-balloon-length=\"medium\" aria-label=\"Gradua\u00e7\u00e3o em Nutri\u00e7\u00e3o e registro no conselho profissional competente\" data-balloon-pos=\"up\">Nutricionista - SEMED<\/span><\/td>\r\n<td class=\"cvagas\">3<\/td>\r\n<td class=\"cremuneracao\">R$ 2.927,04 \/40h<\/td>\r\n<\/tr><tr>\r\n<td class=\"ccargos\">\r\n<span data-balloon-length=\"medium\" aria-label=\"Gradua\u00e7\u00e3o em Psicologia e registro no conselho profissional competente\" data-balloon-pos=\"up\">Psic\u00f3logo(a)<\/span><\/td>\r\n<td class=\"cvagas\">6 + CR<\/td>\r\n<td class=\"cremuneracao\">R$ 1.200,00 \/40h<\/td>\r\n<\/tr><tr>\r\n<td class=\"ccargos\">\r\n<span data-balloon-length=\"medium\" aria-label=\"Ensino Superior completo em Pedagogia com habilita\u00e7\u00e3o em Supervis\u00e3o Escolar\" data-balloon-pos=\"up\">Supervisor Escolar<\/span><\/td>\r\n<td class=\"cvagas\">8<\/td>\r\n<td class=\"cremuneracao\">R$ 5.900,22 \/40h<\/td>\r\n<\/tr>\r\n    <\/tbody>\r\n  <\/table>\r\n<\/div>"},"_links":{"self":[{"href":"https:\/\/www.agrobase.com.br\/concursos\/wp-json\/wp\/v2\/posts\/286643","targetHints":{"allow":["GET"]}}],"collection":[{"href":"https:\/\/www.agrobase.com.br\/concursos\/wp-json\/wp\/v2\/posts"}],"about":[{"href":"https:\/\/www.agrobase.com.br\/concursos\/wp-json\/wp\/v2\/types\/post"}],"author":[{"embeddable":true,"href":"https:\/\/www.agrobase.com.br\/concursos\/wp-json\/wp\/v2\/users\/7"}],"replies":[{"embeddable":true,"href":"https:\/\/www.agrobase.com.br\/concursos\/wp-json\/wp\/v2\/comments?post=286643"}],"version-history":[{"count":2,"href":"https:\/\/www.agrobase.com.br\/concursos\/wp-json\/wp\/v2\/posts\/286643\/revisions"}],"predecessor-version":[{"id":286646,"href":"https:\/\/www.agrobase.com.br\/concursos\/wp-json\/wp\/v2\/posts\/286643\/revisions\/286646"}],"wp:featuredmedia":[{"embeddable":true,"href":"https:\/\/www.agrobase.com.br\/concursos\/wp-json\/wp\/v2\/media\/286642"}],"wp:attachment":[{"href":"https:\/\/www.agrobase.com.br\/concursos\/wp-json\/wp\/v2\/media?parent=286643"}],"wp:term":[{"taxonomy":"category","embeddable":true,"href":"https:\/\/www.agrobase.com.br\/concursos\/wp-json\/wp\/v2\/categories?post=286643"},{"taxonomy":"post_tag","embeddable":true,"href":"https:\/\/www.agrobase.com.br\/concursos\/wp-json\/wp\/v2\/tags?post=286643"},{"taxonomy":"_amplo","embeddable":true,"href":"https:\/\/www.agrobase.com.br\/concursos\/wp-json\/wp\/v2\/_amplo?post=286643"},{"taxonomy":"destaque","embeddable":true,"href":"https:\/\/www.agrobase.com.br\/concursos\/wp-json\/wp\/v2\/destaque?post=286643"},{"taxonomy":"instituicoes","embeddable":true,"href":"https:\/\/www.agrobase.com.br\/concursos\/wp-json\/wp\/v2\/instituicoes?post=286643"}],"curies":[{"name":"wp","href":"https:\/\/api.w.org\/{rel}","templated":true}]}}