{"id":286563,"date":"2026-09-03T08:20:59","date_gmt":"2026-09-03T11:20:59","guid":{"rendered":"https:\/\/www.agrobase.com.br\/concursos\/?p=286563"},"modified":"2026-09-02T14:32:06","modified_gmt":"2026-09-02T17:32:06","slug":"prefeitura-moreilandia-pe-concurso-02-2026","status":"publish","type":"post","link":"https:\/\/www.agrobase.com.br\/concursos\/2026\/prefeitura-moreilandia-pe-concurso-02-2026\/","title":{"rendered":"Prefeitura Moreil\u00e2ndia (PE) &#8211; Concurso 02\/2026"},"content":{"rendered":"<h2>Informa\u00e7\u00f5es Gerais<\/h2>\n<p>A Prefeitura Municipal de <strong>Moreil\u00e2ndia (PE)<\/strong> publicou o edital de <strong>Concurso P\u00fablico<\/strong> destinado ao provimento de vagas e \u00e0 forma\u00e7\u00e3o de <strong>cadastro de reserva<\/strong> em cargos de n\u00edvel superior na \u00e1rea da educa\u00e7\u00e3o. O certame \u00e9 regido pela Lei Org\u00e2nica do Munic\u00edpio e pela Lei Municipal n\u00ba 691\/2026, de 14 de abril de 2026, e ser\u00e1 executado pelo <strong>Instituto CONSULPAM \u2013 Consultoria P\u00fablico-Privada<\/strong>, banca organizadora contratada.<\/p>\n<p>Ao todo, s\u00e3o <strong>53 vagas imediatas mais cadastro de reserva<\/strong>, todas para candidatos com <strong>n\u00edvel superior completo<\/strong>. Os aprovados ser\u00e3o nomeados sob o <strong>regime jur\u00eddico estatut\u00e1rio<\/strong>, conforme a legisla\u00e7\u00e3o municipal aplic\u00e1vel, o que garante estabilidade ap\u00f3s o cumprimento do est\u00e1gio probat\u00f3rio.<\/p>\n<p>A remunera\u00e7\u00e3o \u00e9 \u00fanica para todos os cargos: <strong>R$ 3.847,97<\/strong>, para uma carga hor\u00e1ria de 150 horas. As oportunidades est\u00e3o concentradas na carreira do magist\u00e9rio municipal, contemplando <strong>Professor de Educa\u00e7\u00e3o Infantil<\/strong> (20 vagas), <strong>Professor do Ensino Fundamental I<\/strong> (20 vagas) e <strong>Professor do Ensino Fundamental II<\/strong> nas disciplinas de <strong>Ci\u00eancias<\/strong> (2 vagas), <strong>Educa\u00e7\u00e3o F\u00edsica<\/strong> (2 vagas), <strong>Geografia<\/strong> (2 vagas), <strong>Hist\u00f3ria<\/strong> (2 vagas), <strong>L\u00edngua Portuguesa<\/strong> (3 vagas) e <strong>Matem\u00e1tica<\/strong> (2 vagas).<\/p>\n<p>Para concorrer, \u00e9 exigida <em>licenciatura plena completa<\/em> na \u00e1rea correspondente, obtida em institui\u00e7\u00e3o de ensino reconhecida pelo MEC. Vale destacar que profissionais formados em <strong>Ci\u00eancias Biol\u00f3gicas e \u00e1reas afins com licenciatura em Ci\u00eancias<\/strong> encontram nesta sele\u00e7\u00e3o uma boa porta de entrada para o servi\u00e7o p\u00fablico municipal.<\/p>\n<h2>Inscri\u00e7\u00f5es<\/h2>\n<p>As inscri\u00e7\u00f5es para o Concurso P\u00fablico da Prefeitura de Moreil\u00e2ndia\/PE ser\u00e3o realizadas <strong>exclusivamente pela internet<\/strong>, por meio da p\u00e1gina do certame dispon\u00edvel no endere\u00e7o eletr\u00f4nico do Instituto CONSULPAM (<strong>www.consulpam.com.br<\/strong>), no per\u00edodo previsto no Cronograma de Atividades do edital: <strong>de 29 de agosto de 2026 a 21 de setembro de 2026<\/strong>.<\/p>\n<p>O valor da taxa de inscri\u00e7\u00e3o \u00e9 de <strong>R$ 140,00 (cento e quarenta reais)<\/strong> para todos os cargos de <strong>n\u00edvel superior<\/strong>.<\/p>\n<p>Para se inscrever, o candidato dever\u00e1, dentro do per\u00edodo estabelecido:<\/p>\n<ul>\n<li>certificar-se de que preenche todos os requisitos previstos no edital para o cargo pretendido;<\/li>\n<li>preencher o cadastro e o formul\u00e1rio eletr\u00f4nico de inscri\u00e7\u00e3o no site www.consulpam.com.br;<\/li>\n<li>informar obrigatoriamente, entre outros dados, o <strong>cargo p\u00fablico<\/strong> para o qual deseja concorrer;<\/li>\n<li>gerar o <strong>boleto banc\u00e1rio<\/strong> da taxa de inscri\u00e7\u00e3o;<\/li>\n<li>efetuar o pagamento at\u00e9 a data prevista no Cronograma de Atividades do edital.<\/li>\n<\/ul>\n<p>O candidato \u00e9 o \u00fanico respons\u00e1vel pelas informa\u00e7\u00f5es prestadas, ficando o Instituto CONSULPAM autorizado a <em>indeferir a inscri\u00e7\u00e3o<\/em> em caso de comprova\u00e7\u00e3o de dados inver\u00eddicos. A inscri\u00e7\u00e3o, a eventual isen\u00e7\u00e3o e o valor pago s\u00e3o <strong>pessoais e intransfer\u00edveis<\/strong>.<\/p>\n<h2>Etapas e Provas<\/h2>\n<p>O Concurso P\u00fablico de Moreil\u00e2ndia\/PE ser\u00e1 conduzido pelo <strong>Instituto CONSULPAM<\/strong> e, para os cargos de n\u00edvel superior, compreender\u00e1 duas etapas:<\/p>\n<ul>\n<li><strong>Prova Objetiva<\/strong> \u2014 de car\u00e1ter <strong>eliminat\u00f3rio e classificat\u00f3rio<\/strong>. Ser\u00e1 composta por quest\u00f5es de <em>m\u00faltipla escolha<\/em>, elaboradas conforme o conte\u00fado program\u00e1tico constante do Anexo III do edital. A aplica\u00e7\u00e3o ocorrer\u00e1 na data prevista no Cronograma de Atividades, no <strong>Munic\u00edpio de Moreil\u00e2ndia, Estado de Pernambuco<\/strong>, com dura\u00e7\u00e3o de <strong>3 (tr\u00eas) horas<\/strong>, j\u00e1 inclu\u00eddo o tempo destinado \u00e0 distribui\u00e7\u00e3o dos cadernos de quest\u00f5es, \u00e0 leitura das instru\u00e7\u00f5es e ao preenchimento do cart\u00e3o-resposta.<\/li>\n<li><strong>Prova de T\u00edtulos<\/strong> \u2014 de car\u00e1ter exclusivamente <strong>classificat\u00f3rio<\/strong>. Ser\u00e1 aplicada aos candidatos aos cargos de <strong>n\u00edvel superior<\/strong> que forem <strong>aprovados na prova objetiva<\/strong>. A prova de t\u00edtulos valer\u00e1 <strong>10,00 (dez) pontos<\/strong>, ainda que a soma dos valores dos t\u00edtulos apresentados ultrapasse esse limite.<\/li>\n<\/ul>\n<p>A aplica\u00e7\u00e3o das provas objetivas ser\u00e1 dividida em dois turnos:<\/p>\n<ul>\n<li><strong>Manh\u00e3:<\/strong> cargo de Professor &#8211; Fundamental I;<\/li>\n<li><strong>Tarde:<\/strong> demais cargos.<\/li>\n<\/ul>\n<h2>Resultados e Gabarito<\/h2>\n<p>Os <strong>gabaritos oficiais<\/strong> das provas objetivas ser\u00e3o divulgados na p\u00e1gina do concurso, acess\u00edvel pelo endere\u00e7o eletr\u00f4nico <strong>www.consulpam.com.br<\/strong>, na data prevista no Cronograma de Atividades do edital. \u00c9 nesse mesmo canal que o candidato deve acompanhar a publica\u00e7\u00e3o dos resultados preliminares, a abertura dos prazos recursais e a divulga\u00e7\u00e3o dos resultados definitivos de cada etapa.<\/p>\n<p>A <strong>nota final no concurso<\/strong>, para os candidatos aos cargos de n\u00edvel superior, corresponder\u00e1 ao <strong>somat\u00f3rio da nota final na prova objetiva com a nota final na prova de t\u00edtulos<\/strong>. Os candidatos ser\u00e3o classificados em <strong>ordem decrescente da nota final<\/strong>, observados os crit\u00e9rios de desempate estabelecidos no item 17.3 do edital, que devem ser consultados na \u00edntegra pelo candidato.<\/p>\n<p>A <strong>homologa\u00e7\u00e3o do resultado final<\/strong> ser\u00e1 realizada pela <strong>Prefeitura Municipal de Moreil\u00e2ndia<\/strong> e divulgada nos endere\u00e7os eletr\u00f4nicos <strong>www.moreilandia.pe.gov.br<\/strong> e <strong>www.consulpam.com.br<\/strong>. A homologa\u00e7\u00e3o \u00e9 o ato oficial que valida todo o certame e a lista de classificados, servindo como marco para o in\u00edcio da contagem do prazo de validade do concurso e para as futuras nomea\u00e7\u00f5es.<\/p>\n<p>Recomendamos que o candidato acompanhe tamb\u00e9m as publica\u00e7\u00f5es no <em>Di\u00e1rio Oficial do Munic\u00edpio<\/em>, onde s\u00e3o veiculados os atos oficiais, retifica\u00e7\u00f5es, convoca\u00e7\u00f5es e nomea\u00e7\u00f5es. O prazo de validade do concurso e a possibilidade de prorroga\u00e7\u00e3o constam no edital.<\/p>\n<p>Por fim, \u00e9 importante refor\u00e7ar: o acompanhamento de todas as publica\u00e7\u00f5es, comunicados, convoca\u00e7\u00f5es e prazos \u00e9 <strong>responsabilidade exclusiva do candidato<\/strong>. Mantenha seus dados cadastrais atualizados na \u00e1rea restrita e verifique os sites oficiais com frequ\u00eancia para n\u00e3o perder nenhuma etapa do processo.<\/p>\n","protected":false},"excerpt":{"rendered":"<p>Inscri\u00e7\u00f5es abertas! Concurso da Pref. de Moreil\u00e2ndia (PE) para Professor (Infantil\/Fund. I) (Superior). 53+CR vagas, sal\u00e1rio de R$ 3,8 mil at\u00e9 21\/09. Inscreva-se!<\/p>\n","protected":false},"author":7,"featured_media":286562,"comment_status":"open","ping_status":"open","sticky":false,"template":"","format":"standard","meta":{"_acf_changed":false,"_breakdance_hide_in_design_set":false,"_breakdance_tags":"","footnotes":""},"categories":[6433,6434,111,100,20,116,25],"tags":[54],"_amplo":[],"destaque":[],"instituicoes":[],"class_list":["post-286563","post","type-post","status-publish","format-standard","has-post-thumbnail","hentry","category-biologia-licenciatura","category-educacao-fisica-licenciatura","category-geografia","category-historia","category-letras","category-matematica","category-pedagogia","tag-pernambuco"],"acf":{"_tipo_vagas":"vagas","_numero_vagas":"","_quadro_vagas":"","_cargos":"diversos","_cargos_especificos":"","_salario_max":"R$ 3847.97","_abertura":"20260829","_encerramento":"20260921","_inscricoes":"http:\/\/www.consulpam.com.br","_executora_concurso":"","_instituicao_concurso":[],"_link_adicional":null,"_anexos":null,"_produtos":null,"_vagas":"53 vagas + CR","_salario_min":"R$ 3847.97","_instituicao":"Prefeitura de Moreil\u00e2ndia","_edital":"https:\/\/www.agrobase.com.br\/concursos\/wp-content\/uploads\/sites\/4\/2026\/09\/edital-02-2026-da-prefeitura-de-moreilandia-pe.pdf","_anexos_edital":"https:\/\/www.agrobase.com.br\/concursos\/wp-content\/uploads\/sites\/4\/2026\/09\/anexos-edital-02-2026-da-prefeitura-de-moreilandia-pe.pdf","_fund_incompleto":"","_fund_completo":"","_medio":"","_superior":"<div>\r\n<table class=\"quadro\">\r\n<thead>\r\n<tr>\r\n<th class=\"hcargo\">Cargo<\/th>\r\n<th class=\"hvagas\">Vagas<\/th>\r\n<th class=\"hremuneracao\">Remunera\u00e7\u00e3o<\/th>\r\n<\/tr>\r\n<\/thead>\r\n    <tbody>\r\n      <tr>\r\n<td class=\"ccargos\">\r\n<span data-balloon-length=\"medium\" aria-label=\"Licenciatura plena completa em Pedagogia, em institui\u00e7\u00e3o de ensino devidamente reconhecida pelo MEC\" data-balloon-pos=\"up\">Professor - Ensino Infantil<\/span><\/td>\r\n<td class=\"cvagas\">20 + CR<\/td>\r\n<td class=\"cremuneracao\">R$ 3.847,97 \/150h<\/td>\r\n<\/tr><tr>\r\n<td class=\"ccargos\">\r\n<span data-balloon-length=\"medium\" aria-label=\"Licenciatura plena completa em Pedagogia, em institui\u00e7\u00e3o de ensino devidamente reconhecida pelo MEC\" data-balloon-pos=\"up\">Professor - Fundamental I<\/span><\/td>\r\n<td class=\"cvagas\">20 + CR<\/td>\r\n<td class=\"cremuneracao\">R$ 3.847,97 \/150h<\/td>\r\n<\/tr><tr>\r\n<td class=\"ccargos\">\r\n<span data-balloon-length=\"medium\" aria-label=\"Licenciatura plena completa em Ci\u00eancias, em institui\u00e7\u00e3o de ensino devidamente reconhecida pelo MEC\" data-balloon-pos=\"up\">Professor - Fundamental II - Ci\u00eancias<\/span><\/td>\r\n<td class=\"cvagas\">02 + CR<\/td>\r\n<td class=\"cremuneracao\">R$ 3.847,97 \/150h<\/td>\r\n<\/tr><tr>\r\n<td class=\"ccargos\">\r\n<span data-balloon-length=\"medium\" aria-label=\"Licenciatura plena completa em Educa\u00e7\u00e3o F\u00edsica, em institui\u00e7\u00e3o de ensino devidamente reconhecida pelo MEC\" data-balloon-pos=\"up\">Professor - Fundamental II - Educa\u00e7\u00e3o F\u00edsica<\/span><\/td>\r\n<td class=\"cvagas\">02 + CR<\/td>\r\n<td class=\"cremuneracao\">R$ 3.847,97 \/150h<\/td>\r\n<\/tr><tr>\r\n<td class=\"ccargos\">\r\n<span data-balloon-length=\"medium\" aria-label=\"Licenciatura plena completa em Geografia, em institui\u00e7\u00e3o de ensino devidamente reconhecida pelo MEC\" data-balloon-pos=\"up\">Professor - Fundamental II - Geografia<\/span><\/td>\r\n<td class=\"cvagas\">02 + CR<\/td>\r\n<td class=\"cremuneracao\">R$ 3.847,97 \/150h<\/td>\r\n<\/tr><tr>\r\n<td class=\"ccargos\">\r\n<span data-balloon-length=\"medium\" aria-label=\"Licenciatura plena completa em Hist\u00f3ria, em institui\u00e7\u00e3o de ensino devidamente reconhecida pelo MEC\" data-balloon-pos=\"up\">Professor - Fundamental II - Hist\u00f3ria<\/span><\/td>\r\n<td class=\"cvagas\">02 + CR<\/td>\r\n<td class=\"cremuneracao\">R$ 3.847,97 \/150h<\/td>\r\n<\/tr><tr>\r\n<td class=\"ccargos\">\r\n<span data-balloon-length=\"medium\" aria-label=\"Licenciatura plena completa em Letras, em institui\u00e7\u00e3o de ensino devidamente reconhecida pelo MEC\" data-balloon-pos=\"up\">Professor - Fundamental II - L\u00edngua Portuguesa<\/span><\/td>\r\n<td class=\"cvagas\">03 + CR<\/td>\r\n<td class=\"cremuneracao\">R$ 3.847,97 \/150h<\/td>\r\n<\/tr><tr>\r\n<td class=\"ccargos\">\r\n<span data-balloon-length=\"medium\" aria-label=\"Licenciatura plena completa em Matem\u00e1tica, em institui\u00e7\u00e3o de ensino devidamente reconhecida pelo MEC\" data-balloon-pos=\"up\">Professor - Fundamental II - Matem\u00e1tica<\/span><\/td>\r\n<td class=\"cvagas\">02 + CR<\/td>\r\n<td class=\"cremuneracao\">R$ 3.847,97 \/150h<\/td>\r\n<\/tr>\r\n    <\/tbody>\r\n  <\/table>\r\n<\/div>"},"_links":{"self":[{"href":"https:\/\/www.agrobase.com.br\/concursos\/wp-json\/wp\/v2\/posts\/286563","targetHints":{"allow":["GET"]}}],"collection":[{"href":"https:\/\/www.agrobase.com.br\/concursos\/wp-json\/wp\/v2\/posts"}],"about":[{"href":"https:\/\/www.agrobase.com.br\/concursos\/wp-json\/wp\/v2\/types\/post"}],"author":[{"embeddable":true,"href":"https:\/\/www.agrobase.com.br\/concursos\/wp-json\/wp\/v2\/users\/7"}],"replies":[{"embeddable":true,"href":"https:\/\/www.agrobase.com.br\/concursos\/wp-json\/wp\/v2\/comments?post=286563"}],"version-history":[{"count":2,"href":"https:\/\/www.agrobase.com.br\/concursos\/wp-json\/wp\/v2\/posts\/286563\/revisions"}],"predecessor-version":[{"id":286567,"href":"https:\/\/www.agrobase.com.br\/concursos\/wp-json\/wp\/v2\/posts\/286563\/revisions\/286567"}],"wp:featuredmedia":[{"embeddable":true,"href":"https:\/\/www.agrobase.com.br\/concursos\/wp-json\/wp\/v2\/media\/286562"}],"wp:attachment":[{"href":"https:\/\/www.agrobase.com.br\/concursos\/wp-json\/wp\/v2\/media?parent=286563"}],"wp:term":[{"taxonomy":"category","embeddable":true,"href":"https:\/\/www.agrobase.com.br\/concursos\/wp-json\/wp\/v2\/categories?post=286563"},{"taxonomy":"post_tag","embeddable":true,"href":"https:\/\/www.agrobase.com.br\/concursos\/wp-json\/wp\/v2\/tags?post=286563"},{"taxonomy":"_amplo","embeddable":true,"href":"https:\/\/www.agrobase.com.br\/concursos\/wp-json\/wp\/v2\/_amplo?post=286563"},{"taxonomy":"destaque","embeddable":true,"href":"https:\/\/www.agrobase.com.br\/concursos\/wp-json\/wp\/v2\/destaque?post=286563"},{"taxonomy":"instituicoes","embeddable":true,"href":"https:\/\/www.agrobase.com.br\/concursos\/wp-json\/wp\/v2\/instituicoes?post=286563"}],"curies":[{"name":"wp","href":"https:\/\/api.w.org\/{rel}","templated":true}]}}