{"id":286538,"date":"2026-09-03T07:40:04","date_gmt":"2026-09-03T10:40:04","guid":{"rendered":"https:\/\/www.agrobase.com.br\/concursos\/?p=286538"},"modified":"2026-09-02T12:16:41","modified_gmt":"2026-09-02T15:16:41","slug":"prefeitura-pien-pr-selecao-01-2026","status":"publish","type":"post","link":"https:\/\/www.agrobase.com.br\/concursos\/2026\/prefeitura-pien-pr-selecao-01-2026\/","title":{"rendered":"Prefeitura Pi\u00ean (PR) &#8211; Sele\u00e7\u00e3o 01\/2026"},"content":{"rendered":"<h2>Informa\u00e7\u00f5es Gerais<\/h2>\n<p>A <strong>Prefeitura Municipal de Pi\u00ean, no Paran\u00e1<\/strong>, tornou p\u00fablico o edital de abertura de <strong>Processo Seletivo<\/strong> destinado \u00e0 contrata\u00e7\u00e3o por tempo determinado, para atender necessidade tempor\u00e1ria de excepcional interesse p\u00fablico. A organiza\u00e7\u00e3o e execu\u00e7\u00e3o t\u00e9cnico-administrativa ficam sob responsabilidade da empresa <strong>Acesse Concursos Ltda<\/strong>.<\/p>\n<p>O certame tem por objetivo a forma\u00e7\u00e3o de <strong>Cadastro de Reserva (CR)<\/strong> para todos os cargos ofertados, ou seja, n\u00e3o h\u00e1 vagas imediatas previstas \u2014 os aprovados ser\u00e3o convocados conforme a necessidade da Administra\u00e7\u00e3o Municipal, dentro do prazo de validade do processo seletivo. O regime \u00e9 de <strong>contrata\u00e7\u00e3o tempor\u00e1ria<\/strong>, nos termos da legisla\u00e7\u00e3o municipal vigente.<\/p>\n<p>S\u00e3o contemplados os n\u00edveis de escolaridade <strong>Fundamental Completo, M\u00e9dio\/T\u00e9cnico e Superior<\/strong>, com remunera\u00e7\u00f5es que variam de <strong>R$ 2.193,54 a R$ 17.253,23<\/strong>, para jornadas de 20h, 30h ou 40h semanais.<\/p>\n<p>Entre as oportunidades de <em>n\u00edvel fundamental<\/em> est\u00e3o os cargos de Motorista e Operador de M\u00e1quina. No <em>n\u00edvel m\u00e9dio\/t\u00e9cnico<\/em>, h\u00e1 vagas para Agente de Defesa Civil, Auxiliar Administrativo, Monitor de Educa\u00e7\u00e3o, T\u00e9cnico em Enfermagem e T\u00e9cnico em Higiene Dental. J\u00e1 no <em>n\u00edvel superior<\/em>, o destaque fica para as \u00e1reas da sa\u00fade \u2014 <strong>M\u00e9dico, Fisioterapeuta e Fonoaudi\u00f3logo<\/strong> \u2014 e para a educa\u00e7\u00e3o, com ampla oferta de cargos de <strong>Professor<\/strong> em diversas habilita\u00e7\u00f5es, como Educa\u00e7\u00e3o Infantil, Educa\u00e7\u00e3o F\u00edsica, Artes, M\u00fasica, Rob\u00f3tica, Letras-Ingl\u00eas e Inform\u00e1tica.<\/p>\n<h2>Inscri\u00e7\u00f5es<\/h2>\n<p>As inscri\u00e7\u00f5es para o Processo Seletivo da Prefeitura de Pi\u00ean (PR) ser\u00e3o realizadas <strong>exclusivamente pela internet<\/strong>, no site da banca organizadora Acesse Concursos: <strong>www.acesseconcursossc.com.br<\/strong>.<\/p>\n<p>O per\u00edodo de inscri\u00e7\u00e3o vai de <strong>31 de agosto de 2026 at\u00e9 as 17 horas do dia 14 de setembro de 2026<\/strong>. No mesmo endere\u00e7o eletr\u00f4nico o candidato ter\u00e1 acesso ao edital completo, aos anexos e a todos os procedimentos necess\u00e1rios para efetivar a participa\u00e7\u00e3o.<\/p>\n<p>Os valores da <strong>taxa de inscri\u00e7\u00e3o<\/strong> variam conforme o n\u00edvel de escolaridade do cargo escolhido:<\/p>\n<ul>\n<li><strong>N\u00edvel Fundamental:<\/strong> R$ 45,00<\/li>\n<li><strong>N\u00edvel M\u00e9dio\/T\u00e9cnico:<\/strong> R$ 55,00<\/li>\n<li><strong>N\u00edvel Superior:<\/strong> R$ 90,00<\/li>\n<\/ul>\n<p>Veja como se inscrever passo a passo:<\/p>\n<ul>\n<li>Acesse o site <strong>www.acesseconcursossc.com.br<\/strong> e clique na aba <em>Concursos<\/em>;<\/li>\n<li>Selecione o certame desejado e clique em <em>Inscrever-se<\/em>;<\/li>\n<li>Candidatos sem cadastro devem clicar em <em>Novo Cadastro<\/em>, preencher os dados pessoais e criar uma senha;<\/li>\n<li>Fa\u00e7a o login, selecione o cargo pretendido e preencha integralmente as demais informa\u00e7\u00f5es;<\/li>\n<li>Marque a declara\u00e7\u00e3o de ci\u00eancia e aceite das normas do edital e clique em <em>Salvar<\/em>;<\/li>\n<li>Gere o boleto banc\u00e1rio e o comprovante de inscri\u00e7\u00e3o.<\/li>\n<\/ul>\n<p>Ap\u00f3s salvar a inscri\u00e7\u00e3o, o candidato poder\u00e1 emitir o boleto imediatamente. Caso n\u00e3o o fa\u00e7a no ato, \u00e9 poss\u00edvel acessar novamente o site, a qualquer tempo dentro do prazo previsto no cronograma, e clicar em <strong>2\u00aa via do boleto<\/strong>. O <strong>pagamento deve ser efetuado at\u00e9 a data-limite indicada no pr\u00f3prio boleto<\/strong> \u2014 inscri\u00e7\u00f5es sem confirma\u00e7\u00e3o de pagamento n\u00e3o s\u00e3o homologadas.<\/p>\n<h2>Etapas e Provas<\/h2>\n<p>O Processo Seletivo da Prefeitura de Pi\u00ean (PR) ser\u00e1 composto por at\u00e9 tr\u00eas etapas de avalia\u00e7\u00e3o, conforme o cargo escolhido pelo candidato. Confira:<\/p>\n<ul>\n<li><strong>Prova Objetiva (PO)<\/strong> \u2014 de car\u00e1ter <strong>eliminat\u00f3rio e classificat\u00f3rio<\/strong>, aplicada a <strong>todos os candidatos<\/strong>. Ser\u00e1 composta por quest\u00f5es de m\u00faltipla escolha com <strong>cinco alternativas<\/strong>, sendo apenas uma correta. A pontua\u00e7\u00e3o varia de <strong>0 a 10 pontos<\/strong>, com duas casas decimais ap\u00f3s a v\u00edrgula, obtida pelo c\u00f4mputo de acertos. Ser\u00e3o considerados <strong>aprovados os candidatos que obtiverem nota igual ou superior a 5,0 pontos<\/strong>.<\/li>\n<li><strong>Prova de T\u00edtulos (PT)<\/strong> \u2014 de car\u00e1ter <strong>exclusivamente classificat\u00f3rio<\/strong>, destinada \u00e0s fun\u00e7\u00f5es de <strong>Professor<\/strong>. Somente ter\u00e3o os t\u00edtulos avaliados os candidatos classificados dentro da linha de corte estabelecida na prova objetiva.<\/li>\n<li><strong>Teste de Aptid\u00e3o F\u00edsica (TAF)<\/strong> \u2014 de car\u00e1ter <strong>eliminat\u00f3rio<\/strong>, aplicado exclusivamente aos candidatos ao cargo de <strong>Agente de Defesa Civil<\/strong> que forem aprovados na prova objetiva.<\/li>\n<\/ul>\n<p>A <strong>Prova Objetiva ser\u00e1 realizada no dia 27 de setembro de 2026<\/strong>, respeitando os seguintes hor\u00e1rios:<\/p>\n<ul>\n<li><strong>Abertura dos port\u00f5es:<\/strong> 8h<\/li>\n<li><strong>Fechamento dos port\u00f5es:<\/strong> 8h50<\/li>\n<li><strong>In\u00edcio da prova:<\/strong> 9h<\/li>\n<li><strong>Prazo m\u00ednimo para retirar-se do local de prova:<\/strong> 10h<\/li>\n<li><strong>T\u00e9rmino da prova:<\/strong> 12h<\/li>\n<\/ul>\n<p>Aten\u00e7\u00e3o: o candidato que chegar ap\u00f3s o fechamento dos port\u00f5es n\u00e3o poder\u00e1 realizar a prova. Recomenda-se comparecer com anteced\u00eancia, portando documento oficial de identifica\u00e7\u00e3o com foto e caneta esferogr\u00e1fica.<\/p>\n<h2>Resultados e Gabarito<\/h2>\n<p>Todas as publica\u00e7\u00f5es oficiais deste Processo Seletivo \u2014 incluindo a <strong>lista de inscritos<\/strong>, o <strong>gabarito da prova objetiva<\/strong>, a <strong>lista de classificados<\/strong>, as <strong>decis\u00f5es resultantes de recursos<\/strong> e os demais atos decorrentes do edital \u2014 ser\u00e3o divulgadas nos endere\u00e7os eletr\u00f4nicos <strong>www.acesseconcursossc.com.br<\/strong> (banca organizadora) e <strong>www.pien.pr.gov.br<\/strong> (Prefeitura Municipal de Pi\u00ean).<\/p>\n<p>Ap\u00f3s a aplica\u00e7\u00e3o da prova objetiva, o candidato deve acompanhar a publica\u00e7\u00e3o do gabarito e do resultado preliminar, momentos em que ficam abertos os prazos para interposi\u00e7\u00e3o de recursos. Analisados os recursos, s\u00e3o divulgados o gabarito definitivo e a classifica\u00e7\u00e3o final.<\/p>\n<p>A <strong>homologa\u00e7\u00e3o do Processo Seletivo<\/strong> ser\u00e1 realizada em <strong>lista \u00fanica<\/strong>, indicando a classifica\u00e7\u00e3o dos candidatos concorrentes \u00e0s vagas reservadas a <strong>Pessoas com Defici\u00eancia<\/strong> e a candidatos <strong>afrodescendentes<\/strong>, com sua respectiva coloca\u00e7\u00e3o em ordem ordinal, juntamente com a classifica\u00e7\u00e3o dos candidatos concorrentes \u00e0s vagas de ampla concorr\u00eancia, conforme as regras previstas no edital.<\/p>\n<p>A homologa\u00e7\u00e3o \u00e9 o ato que valida oficialmente o resultado final do certame e marca o in\u00edcio da contagem do prazo de validade, per\u00edodo durante o qual a Prefeitura poder\u00e1 convocar os aprovados do cadastro de reserva conforme a necessidade do servi\u00e7o p\u00fablico.<\/p>\n<p>Como todos os cargos s\u00e3o para <strong>Cadastro de Reserva<\/strong>, \u00e9 fundamental manter os dados cadastrais atualizados junto ao Munic\u00edpio e verificar periodicamente as publica\u00e7\u00f5es, j\u00e1 que as convoca\u00e7\u00f5es ocorrem ao longo da vig\u00eancia do processo seletivo.<\/p>\n<p>Por fim, refor\u00e7amos: o <strong>acompanhamento de todas as publica\u00e7\u00f5es oficiais \u00e9 de responsabilidade exclusiva do candidato<\/strong>. A banca e o \u00f3rg\u00e3o promotor n\u00e3o se responsabilizam por informa\u00e7\u00f5es obtidas em fontes n\u00e3o oficiais. Consulte diariamente os sites indicados e o Di\u00e1rio Oficial do Munic\u00edpio para n\u00e3o perder prazos de recurso, convoca\u00e7\u00f5es ou etapas do certame.<\/p>\n","protected":false},"excerpt":{"rendered":"<p>Inscri\u00e7\u00f5es abertas! Processo Seletivo Pref. de Pi\u00ean (PR) p\/ Agente de Defesa Civil e Professor. Todos os n\u00edveis, at\u00e9 R$ 17,2 mil. At\u00e9 14\/09. Confira!<\/p>\n","protected":false},"author":7,"featured_media":286537,"comment_status":"open","ping_status":"open","sticky":false,"template":"","format":"standard","meta":{"_acf_changed":false,"_breakdance_hide_in_design_set":false,"_breakdance_tags":"","footnotes":""},"categories":[6434,12,18,19,21,25,108,143],"tags":[52],"_amplo":[],"destaque":[],"instituicoes":[],"class_list":["post-286538","post","type-post","status-publish","format-standard","has-post-thumbnail","hentry","category-educacao-fisica-licenciatura","category-enfermagem","category-fisioterapia","category-fonoaudiologia","category-medicina","category-pedagogia","category-tecnico-enfermagem","category-tecnico-odontologia","tag-parana"],"acf":{"_tipo_vagas":"vagas","_numero_vagas":"","_quadro_vagas":"","_cargos":"diversos","_cargos_especificos":"","_salario_max":"R$ 17253.23","_abertura":"20260831","_encerramento":"20260914","_inscricoes":"https:\/\/www.acesseconcursossc.com.br","_executora_concurso":"","_instituicao_concurso":[],"_link_adicional":null,"_anexos":null,"_produtos":null,"_vagas":"Cadastro Reserva","_salario_min":"R$ 2193.54","_instituicao":"Prefeitura de Pi\u00ean","_edital":"https:\/\/www.agrobase.com.br\/concursos\/wp-content\/uploads\/sites\/4\/2026\/09\/edital-01-2026-da-prefeitura-de-pien-pr.pdf","_anexos_edital":"https:\/\/www.agrobase.com.br\/concursos\/wp-content\/uploads\/sites\/4\/2026\/09\/anexos-edital-01-2026-da-prefeitura-de-pien-pr.pdf","_fund_incompleto":"","_fund_completo":"<div>\r\n<table class=\"quadro\">\r\n<thead>\r\n<tr>\r\n<th class=\"hcargo\">Cargo<\/th>\r\n<th class=\"hvagas\">Vagas<\/th>\r\n<th class=\"hremuneracao\">Remunera\u00e7\u00e3o<\/th>\r\n<\/tr>\r\n<\/thead>\r\n    <tbody>\r\n      <td class=\"ccargos\">\r\n<span data-balloon-length=\"medium\" aria-label=\"Ensino fundamental completo e carteira nacional de habilita\u00e7\u00e3o categoria D\" data-balloon-pos=\"up\">Motorista<\/span><\/td>\r\n<td class=\"cvagas\">CR<\/td>\r\n<td class=\"cremuneracao\">R$ 2.878,96 \/40h<\/td>\r\n<\/tr><td class=\"ccargos\">\r\n<span data-balloon-length=\"medium\" aria-label=\"Ensino fundamental completo e carteira nacional de habilita\u00e7\u00e3o categoria D\" data-balloon-pos=\"up\">Operador de M\u00e1quina<\/span><\/td>\r\n<td class=\"cvagas\">CR<\/td>\r\n<td class=\"cremuneracao\">R$ 3.169,10 \/40h<\/td>\r\n<\/tr>\r\n    <\/tbody>\r\n  <\/table>\r\n<\/div>","_medio":"<div>\r\n<table class=\"quadro\">\r\n<thead>\r\n<tr>\r\n<th class=\"hcargo\">Cargo<\/th>\r\n<th class=\"hvagas\">Vagas<\/th>\r\n<th class=\"hremuneracao\">Remunera\u00e7\u00e3o<\/th>\r\n<\/tr>\r\n<\/thead>\r\n    <tbody>\r\n      <td class=\"ccargos\">\r\n<span data-balloon-length=\"medium\" aria-label=\"Ensino m\u00e9dio completo e carteira nacional de habilita\u00e7\u00e3o categoria D\" data-balloon-pos=\"up\">Agente de Defesa Civil<\/span><\/td>\r\n<td class=\"cvagas\">CR<\/td>\r\n<td class=\"cremuneracao\">R$ 2.834,38 \/40h<\/td>\r\n<\/tr><td class=\"ccargos\">\r\n<span data-balloon-length=\"medium\" aria-label=\"Ensino m\u00e9dio completo\" data-balloon-pos=\"up\">Auxiliar Administrativo<\/span><\/td>\r\n<td class=\"cvagas\">CR<\/td>\r\n<td class=\"cremuneracao\">R$ 2.292,14 \/40h<\/td>\r\n<\/tr><td class=\"ccargos\">\r\n<span data-balloon-length=\"medium\" aria-label=\"Ensino m\u00e9dio completo\" data-balloon-pos=\"up\">Monitor de Educa\u00e7\u00e3o<\/span><\/td>\r\n<td class=\"cvagas\">CR<\/td>\r\n<td class=\"cremuneracao\">R$ 2.193,54 \/40h<\/td>\r\n<\/tr><td class=\"ccargos\">\r\n<span data-balloon-length=\"medium\" aria-label=\"Forma\u00e7\u00e3o em curso t\u00e9cnico em enfermagem com registro ativo no respectivo conselho de classe do estado do Paran\u00e1\" data-balloon-pos=\"up\">T\u00e9cnico em Enfermagem<\/span><\/td>\r\n<td class=\"cvagas\">CR<\/td>\r\n<td class=\"cremuneracao\">R$ 2.834,38 \/40h<\/td>\r\n<\/tr><td class=\"ccargos\">\r\n<span data-balloon-length=\"medium\" aria-label=\"Curso t\u00e9cnico em Higiene Dental e registro no conselho de classe\" data-balloon-pos=\"up\">T\u00e9cnico em Higiene Dental<\/span><\/td>\r\n<td class=\"cvagas\">CR<\/td>\r\n<td class=\"cremuneracao\">R$ 2.834,38 \/40h<\/td>\r\n<\/tr>\r\n    <\/tbody>\r\n  <\/table>\r\n<\/div>","_superior":"<div>\r\n<table class=\"quadro\">\r\n<thead>\r\n<tr>\r\n<th class=\"hcargo\">Cargo<\/th>\r\n<th class=\"hvagas\">Vagas<\/th>\r\n<th class=\"hremuneracao\">Remunera\u00e7\u00e3o<\/th>\r\n<\/tr>\r\n<\/thead>\r\n    <tbody>\r\n      <tr>\r\n<td class=\"ccargos\">\r\n<span data-balloon-length=\"medium\" aria-label=\"Curso superior em Fonoaudiologia, registro no conselho de classe e CNH B\" data-balloon-pos=\"up\">Fonoaudi\u00f3logo<\/span><\/td>\r\n<td class=\"cvagas\">CR<\/td>\r\n<td class=\"cremuneracao\">R$ 7.502,64 \/40h<\/td>\r\n<\/tr><tr>\r\n<td class=\"ccargos\">\r\n<span data-balloon-length=\"medium\" aria-label=\"Curso superior em Fisioterapia, registro no conselho de classe e CNH B\" data-balloon-pos=\"up\">Fisioterapeuta<\/span><\/td>\r\n<td class=\"cvagas\">CR<\/td>\r\n<td class=\"cremuneracao\">R$ 7.502,64 \/40h<\/td>\r\n<\/tr><tr>\r\n<td class=\"ccargos\">\r\n<span data-balloon-length=\"medium\" aria-label=\"Curso superior em Medicina e registro no conselho de classe\" data-balloon-pos=\"up\">M\u00e9dico<\/span><\/td>\r\n<td class=\"cvagas\">CR<\/td>\r\n<td class=\"cremuneracao\">R$ 17.253,23 \/40h<\/td>\r\n<\/tr><tr>\r\n<td class=\"ccargos\">\r\n<span data-balloon-length=\"medium\" aria-label=\"Ensino superior em curso de licenciatura plena com habilita\u00e7\u00e3o para S\u00e9ries Iniciais e Educa\u00e7\u00e3o Infantil (Licenciatura em pedagogia) ou outra licenciatura correspondente \u00e0s \u00e1reas do conhecimento espec\u00edficas do curr\u00edculo, precedida de magist\u00e9rio normal\" data-balloon-pos=\"up\">Professor<\/span><\/td>\r\n<td class=\"cvagas\">CR<\/td>\r\n<td class=\"cremuneracao\">R$ 2.301,76 \/20h<\/td>\r\n<\/tr><tr>\r\n<td class=\"ccargos\">\r\n<span data-balloon-length=\"medium\" aria-label=\"Ensino superior em curso de licenciatura plena com habilita\u00e7\u00e3o para S\u00e9ries Iniciais e Educa\u00e7\u00e3o Infantil (Licenciatura em pedagogia) ou outra licenciatura correspondente \u00e0s \u00e1reas do conhecimento espec\u00edficas do curr\u00edculo, precedida de magist\u00e9rio normal\" data-balloon-pos=\"up\">Professor de Educa\u00e7\u00e3o Infantil<\/span><\/td>\r\n<td class=\"cvagas\">CR<\/td>\r\n<td class=\"cremuneracao\">R$ 3.452,64 \/30h<\/td>\r\n<\/tr><tr>\r\n<td class=\"ccargos\">\r\n<span data-balloon-length=\"medium\" aria-label=\"Ensino superior em curso de licenciatura plena de educa\u00e7\u00e3o f\u00edsica precedida de forma\u00e7\u00e3o de magist\u00e9rio em n\u00edvel m\u00e9dio, na modalidade normal ou licenciatura em pedagogia\" data-balloon-pos=\"up\">Professor - Habilita\u00e7\u00e3o em Educa\u00e7\u00e3o F\u00edsica<\/span><\/td>\r\n<td class=\"cvagas\">CR<\/td>\r\n<td class=\"cremuneracao\">R$ 2.301,76 \/20h<\/td>\r\n<\/tr><tr>\r\n<td class=\"ccargos\">\r\n<span data-balloon-length=\"medium\" aria-label=\"Ensino superior em curso de licenciatura plena em artes precedida de forma\u00e7\u00e3o de magist\u00e9rio em n\u00edvel m\u00e9dio, na modalidade normal ou licenciatura em pedagogia\" data-balloon-pos=\"up\">Professor - Habilita\u00e7\u00e3o em Artes<\/span><\/td>\r\n<td class=\"cvagas\">CR<\/td>\r\n<td class=\"cremuneracao\">R$ 2.301,76 \/20h<\/td>\r\n<\/tr><tr>\r\n<td class=\"ccargos\">\r\n<span data-balloon-length=\"medium\" aria-label=\"Ensino superior em curso de licenciatura plena em m\u00fasica, precedida de forma\u00e7\u00e3o de magist\u00e9rio em n\u00edvel m\u00e9dio, na modalidade normal ou licenciatura em pedagogia\" data-balloon-pos=\"up\">Professor - Habilita\u00e7\u00e3o em M\u00fasica<\/span><\/td>\r\n<td class=\"cvagas\">CR<\/td>\r\n<td class=\"cremuneracao\">R$ 2.301,76 \/20h<\/td>\r\n<\/tr><tr>\r\n<td class=\"ccargos\">\r\n<span data-balloon-length=\"medium\" aria-label=\"Ensino superior em curso de gradua\u00e7\u00e3o plena na \u00e1rea de tecnologia precedida de forma\u00e7\u00e3o de magist\u00e9rio em n\u00edvel m\u00e9dio, na modalidade normal ou licenciatura em pedagogia\" data-balloon-pos=\"up\">Professor - Habilita\u00e7\u00e3o na \u00c1rea de Rob\u00f3tica<\/span><\/td>\r\n<td class=\"cvagas\">CR<\/td>\r\n<td class=\"cremuneracao\">R$ 2.301,76 \/20h<\/td>\r\n<\/tr><tr>\r\n<td class=\"ccargos\">\r\n<span data-balloon-length=\"medium\" aria-label=\"Ensino superior em curso de licenciatura plena em letras-ingl\u00eas precedida de forma\u00e7\u00e3o de magist\u00e9rio em n\u00edvel m\u00e9dio, na modalidade normal ou licenciatura em pedagogia\" data-balloon-pos=\"up\">Professor - Habilita\u00e7\u00e3o em Letras-Ingl\u00eas<\/span><\/td>\r\n<td class=\"cvagas\">CR<\/td>\r\n<td class=\"cremuneracao\">R$ 2.301,76 \/20h<\/td>\r\n<\/tr><tr>\r\n<td class=\"ccargos\">\r\n<span data-balloon-length=\"medium\" aria-label=\"Ensino superior em curso de gradua\u00e7\u00e3o na \u00e1rea de computa\u00e7\u00e3o precedida de forma\u00e7\u00e3o de magist\u00e9rio em n\u00edvel m\u00e9dio, na modalidade normal ou licenciatura em pedagogia\" data-balloon-pos=\"up\">Professor - Habilita\u00e7\u00e3o em Inform\u00e1tica<\/span><\/td>\r\n<td class=\"cvagas\">CR<\/td>\r\n<td class=\"cremuneracao\">R$ 2.301,76 \/20h<\/td>\r\n<\/tr>\r\n    <\/tbody>\r\n  <\/table>\r\n<\/div>"},"_links":{"self":[{"href":"https:\/\/www.agrobase.com.br\/concursos\/wp-json\/wp\/v2\/posts\/286538","targetHints":{"allow":["GET"]}}],"collection":[{"href":"https:\/\/www.agrobase.com.br\/concursos\/wp-json\/wp\/v2\/posts"}],"about":[{"href":"https:\/\/www.agrobase.com.br\/concursos\/wp-json\/wp\/v2\/types\/post"}],"author":[{"embeddable":true,"href":"https:\/\/www.agrobase.com.br\/concursos\/wp-json\/wp\/v2\/users\/7"}],"replies":[{"embeddable":true,"href":"https:\/\/www.agrobase.com.br\/concursos\/wp-json\/wp\/v2\/comments?post=286538"}],"version-history":[{"count":2,"href":"https:\/\/www.agrobase.com.br\/concursos\/wp-json\/wp\/v2\/posts\/286538\/revisions"}],"predecessor-version":[{"id":286543,"href":"https:\/\/www.agrobase.com.br\/concursos\/wp-json\/wp\/v2\/posts\/286538\/revisions\/286543"}],"wp:featuredmedia":[{"embeddable":true,"href":"https:\/\/www.agrobase.com.br\/concursos\/wp-json\/wp\/v2\/media\/286537"}],"wp:attachment":[{"href":"https:\/\/www.agrobase.com.br\/concursos\/wp-json\/wp\/v2\/media?parent=286538"}],"wp:term":[{"taxonomy":"category","embeddable":true,"href":"https:\/\/www.agrobase.com.br\/concursos\/wp-json\/wp\/v2\/categories?post=286538"},{"taxonomy":"post_tag","embeddable":true,"href":"https:\/\/www.agrobase.com.br\/concursos\/wp-json\/wp\/v2\/tags?post=286538"},{"taxonomy":"_amplo","embeddable":true,"href":"https:\/\/www.agrobase.com.br\/concursos\/wp-json\/wp\/v2\/_amplo?post=286538"},{"taxonomy":"destaque","embeddable":true,"href":"https:\/\/www.agrobase.com.br\/concursos\/wp-json\/wp\/v2\/destaque?post=286538"},{"taxonomy":"instituicoes","embeddable":true,"href":"https:\/\/www.agrobase.com.br\/concursos\/wp-json\/wp\/v2\/instituicoes?post=286538"}],"curies":[{"name":"wp","href":"https:\/\/api.w.org\/{rel}","templated":true}]}}