{"id":286496,"date":"2026-09-02T08:20:42","date_gmt":"2026-09-02T11:20:42","guid":{"rendered":"https:\/\/www.agrobase.com.br\/concursos\/?p=286496"},"modified":"2026-09-01T14:25:22","modified_gmt":"2026-09-01T17:25:22","slug":"unesc-sc-selecao-446-2026","status":"publish","type":"post","link":"https:\/\/www.agrobase.com.br\/concursos\/2026\/unesc-sc-selecao-446-2026\/","title":{"rendered":"UNESC (SC) &#8211; Sele\u00e7\u00e3o 446\/2026"},"content":{"rendered":"<h2>Informa\u00e7\u00f5es Gerais<\/h2>\n<p>A <strong>Universidade do Extremo Sul Catarinense (UNESC)<\/strong>, em parceria com a <strong>Prefeitura Municipal de Crici\u00fama<\/strong> e a Secretaria Municipal de Sa\u00fade de Crici\u00fama (SC), publicou o <strong>Edital n. 446\/2026<\/strong>, que abre inscri\u00e7\u00f5es para o processo seletivo do <strong>Programa de Resid\u00eancia Multiprofissional em Aten\u00e7\u00e3o \u00e0 Sa\u00fade da Crian\u00e7a e do Adolescente<\/strong>.<\/p>\n<p>O certame oferta <strong>12 vagas imediatas, al\u00e9m de cadastro de reserva<\/strong>, destinadas a profissionais de <em>n\u00edvel superior<\/em> que atuar\u00e3o como Profissionais de Sa\u00fade Residentes. As oportunidades est\u00e3o distribu\u00eddas em seis \u00e1reas, com 2 vagas + CR para cada uma: <strong>Enfermagem<\/strong>, <strong>Farm\u00e1cia<\/strong>, <strong>Fisioterapia<\/strong>, <strong>Nutri\u00e7\u00e3o<\/strong>, <strong>Odontologia<\/strong> e <strong>Psicologia<\/strong>. Para todos os cargos \u00e9 exigida gradua\u00e7\u00e3o na \u00e1rea e registro no respectivo Conselho Profissional.<\/p>\n<p>A bolsa mensal \u00e9 de <strong>R$ 4.106,09<\/strong>, com dedica\u00e7\u00e3o de <strong>60 horas semanais<\/strong>. A concess\u00e3o das bolsas aos residentes est\u00e1 prevista na Lei Municipal de Crici\u00fama n\u00ba 9.006, de 16 de julho de 2026, e o programa possui credenciamento junto ao MEC sob o n\u00famero 202400043AT.<\/p>\n<p>Destaque especial para os profissionais da \u00e1rea de <strong>Nutri\u00e7\u00e3o<\/strong>, que contam com vagas espec\u00edficas neste programa \u2014 uma excelente oportunidade de especializa\u00e7\u00e3o em servi\u00e7o no atendimento \u00e0 sa\u00fade infantil e adolescente pelo SUS.<\/p>\n<h2>Inscri\u00e7\u00f5es<\/h2>\n<p>As inscri\u00e7\u00f5es ser\u00e3o realizadas <strong>exclusivamente pela internet<\/strong>, no endere\u00e7o eletr\u00f4nico <strong>https:\/\/unesc.selecao.net.br\/<\/strong>, <strong>entre o dia 28 de agosto de 2026 e at\u00e9 as 23h59min do dia 07 de setembro de 2026<\/strong>.<\/p>\n<p>A <strong>taxa de inscri\u00e7\u00e3o \u00e9 de R$ 175,35<\/strong> (cento e setenta e cinco reais e trinta e cinco centavos), paga por meio de boleto emitido no momento da inscri\u00e7\u00e3o no site. <em>N\u00e3o ser\u00e3o aceitos pagamentos realizados ap\u00f3s a data de vencimento do boleto<\/em>, e o valor n\u00e3o ser\u00e1 devolvido em nenhuma hip\u00f3tese.<\/p>\n<p>No ato da inscri\u00e7\u00e3o, o candidato dever\u00e1 enviar, pelo sistema, a seguinte documenta\u00e7\u00e3o obrigat\u00f3ria:<\/p>\n<ul>\n<li>Ficha de inscri\u00e7\u00e3o devidamente preenchida e assinada (Ap\u00eandice A do edital);<\/li>\n<li>C\u00f3pia do Curr\u00edculo modelo Lattes do CNPq, dispon\u00edvel em http:\/\/lattes.cnpq.br;<\/li>\n<li>Documenta\u00e7\u00e3o comprobat\u00f3ria dos itens do Curr\u00edculo Lattes que pontuam no processo seletivo;<\/li>\n<li>Memorial descritivo (Ap\u00eandice B);<\/li>\n<li>C\u00f3pia da carteira de identidade ou CNH;<\/li>\n<li>Diploma ou declara\u00e7\u00e3o de prov\u00e1vel formando (Ap\u00eandice G);<\/li>\n<li>Comprovante de pagamento da taxa de inscri\u00e7\u00e3o.<\/li>\n<\/ul>\n<p><strong>Aten\u00e7\u00e3o:<\/strong> o n\u00e3o envio da documenta\u00e7\u00e3o exigida, no prazo e na forma estabelecidos, implica a <strong>elimina\u00e7\u00e3o autom\u00e1tica<\/strong> do candidato. Cada candidato pode realizar apenas uma inscri\u00e7\u00e3o por Programa de Resid\u00eancia, sendo permitido concorrer a mais de um programa desde que cumpra os pr\u00e9-requisitos.<\/p>\n<p>A FUCRI\/UNESC n\u00e3o se responsabiliza por inscri\u00e7\u00f5es n\u00e3o recebidas em raz\u00e3o de falhas t\u00e9cnicas, problemas de comunica\u00e7\u00e3o, congestionamento de rede ou atrasos no processamento banc\u00e1rio. Por isso, recomenda-se n\u00e3o deixar o envio para os \u00faltimos dias e <strong>acompanhar o status da inscri\u00e7\u00e3o pela \u00c1rea do Candidato<\/strong> no site https:\/\/unesc.selecao.net.br\/.<\/p>\n<h2>Etapas e Provas<\/h2>\n<p>A sele\u00e7\u00e3o para o Programa de Resid\u00eancia Multiprofissional em Aten\u00e7\u00e3o \u00e0 Sa\u00fade da Crian\u00e7a e do Adolescente da UNESC ser\u00e1 composta por <strong>tr\u00eas etapas<\/strong>, que somam <strong>100 pontos<\/strong>:<\/p>\n<ul>\n<li><strong>Etapa I \u2014 Prova Escrita (40 pontos):<\/strong> de car\u00e1ter <em>eliminat\u00f3rio e classificat\u00f3rio<\/em>, ser\u00e1 aplicada no <strong>dia 14 de setembro de 2026, das 14h \u00e0s 16h30<\/strong>, nas depend\u00eancias da UNESC. O local espec\u00edfico ser\u00e1 divulgado em <strong>11 de setembro de 2026<\/strong>, no endere\u00e7o www.unesc.net\/sele\u00e7\u00e3o. A prova ter\u00e1 <strong>20 quest\u00f5es objetivas<\/strong>: 15 de <strong>conhecimentos gerais em Aten\u00e7\u00e3o \u00e0 Sa\u00fade da Crian\u00e7a e do Adolescente<\/strong> (1,5 ponto cada, totalizando 22,5 pontos) e 5 de <strong>conhecimentos espec\u00edficos da \u00e1rea profissional<\/strong> do candidato (3,5 pontos cada, totalizando 17,5 pontos). A bibliografia de apoio consta no Ap\u00eandice D do edital.<\/li>\n<li><strong>Etapa II \u2014 An\u00e1lise de T\u00edtulos (25 pontos):<\/strong> de car\u00e1ter <em>classificat\u00f3rio<\/em>, considera os t\u00edtulos e comprovantes enviados no momento da inscri\u00e7\u00e3o, pela \u00c1rea do Candidato, no site https:\/\/unesc.selecao.net.br\/.<\/li>\n<li><strong>Etapa III \u2014 Entrevista (35 pontos):<\/strong> a convoca\u00e7\u00e3o dos candidatos classificados, com hor\u00e1rios e locais, ser\u00e1 divulgada em <strong>17 de setembro de 2026<\/strong>. As entrevistas presenciais ocorrer\u00e3o no <strong>dia 18 de setembro de 2026<\/strong>, nos hor\u00e1rios das 9h30 \u00e0s 12h e das 13h \u00e0s 17h15.<\/li>\n<\/ul>\n<p>No dia da prova escrita, o candidato deve chegar com <strong>20 minutos de anteced\u00eancia<\/strong>, pois n\u00e3o ser\u00e1 permitida a entrada ap\u00f3s o hor\u00e1rio de in\u00edcio. Os tr\u00eas \u00faltimos candidatos da sala dever\u00e3o entregar a prova e sair juntos.<\/p>\n<h2>Resultados e Gabarito<\/h2>\n<p>A divulga\u00e7\u00e3o dos resultados seguir\u00e1 o cronograma previsto no Edital n. 446\/2026:<\/p>\n<ul>\n<li><strong>Gabarito da prova escrita:<\/strong> 14 de setembro de 2026;<\/li>\n<li><strong>Resultado da an\u00e1lise de t\u00edtulos:<\/strong> 15 de setembro de 2026;<\/li>\n<li><strong>Resultado preliminar da prova escrita e da an\u00e1lise de t\u00edtulos:<\/strong> 15 de setembro de 2026;<\/li>\n<li><strong>Resultado final das Etapas I e II:<\/strong> at\u00e9 as 23h59min do dia 17 de setembro de 2026;<\/li>\n<li><strong>Nota da entrevista:<\/strong> at\u00e9 as 23h59min do dia 21 de setembro de 2026 (<em>n\u00e3o cabe recurso desta etapa<\/em>);<\/li>\n<li><strong>Resultado preliminar final:<\/strong> at\u00e9 as 23h59min do dia 21 de setembro de 2026, com nome e n\u00famero de inscri\u00e7\u00e3o de todos os candidatos, em ordem decrescente de pontua\u00e7\u00e3o e situa\u00e7\u00e3o final quanto \u00e0s vagas;<\/li>\n<li><strong>Resultado final do processo seletivo:<\/strong> at\u00e9 as 23h59min do dia 23 de setembro de 2026.<\/li>\n<\/ul>\n<p>Ser\u00e3o considerados <strong>aprovados<\/strong> os candidatos que participarem das tr\u00eas etapas (prova escrita, an\u00e1lise de t\u00edtulos e entrevista) e somarem, no conjunto delas, o <strong>m\u00ednimo de 40 pontos<\/strong>. A classifica\u00e7\u00e3o ser\u00e1 feita em <strong>ordem decrescente da nota final<\/strong>, respeitando as vagas dispon\u00edveis por \u00e1rea profissional conforme o Quadro 2 do edital.<\/p>\n<p>Todas as publica\u00e7\u00f5es estar\u00e3o dispon\u00edveis na p\u00e1gina oficial do processo seletivo: <strong>unesc.net\/processo_seletivo_residencia_multiprofissional<\/strong>, al\u00e9m do site www.unesc.net\/sele\u00e7\u00e3o e da \u00c1rea do Candidato em https:\/\/unesc.selecao.net.br\/.<\/p>\n<p>O acompanhamento de prazos, convoca\u00e7\u00f5es, resultados e eventuais retifica\u00e7\u00f5es \u00e9 de <strong>responsabilidade exclusiva do candidato<\/strong>. Consulte os canais oficiais com frequ\u00eancia para n\u00e3o perder nenhuma etapa ou prazo de recurso.<\/p>\n","protected":false},"excerpt":{"rendered":"<p>Inscri\u00e7\u00f5es abertas! Processo Seletivo UNESC (SC) para Enfermagem, Farm\u00e1cia e Fisioterapia (Superior). 12+CR vagas, R$ 4.106 at\u00e9 07\/09. Inscreva-se!<\/p>\n","protected":false},"author":7,"featured_media":286495,"comment_status":"open","ping_status":"open","sticky":false,"template":"","format":"standard","meta":{"_acf_changed":false,"_breakdance_hide_in_design_set":false,"_breakdance_tags":"","footnotes":""},"categories":[12,17,18,23,24,26],"tags":[61],"_amplo":[],"destaque":[],"instituicoes":[],"class_list":["post-286496","post","type-post","status-publish","format-standard","has-post-thumbnail","hentry","category-enfermagem","category-farmacia","category-fisioterapia","category-nutricao","category-odontologia","category-psicologia","tag-santa-catarina"],"acf":{"_tipo_vagas":"vagas","_numero_vagas":"","_quadro_vagas":"","_cargos":"diversos","_cargos_especificos":"","_salario_max":"R$ 4106.09","_abertura":"20260828","_encerramento":"20260907","_inscricoes":"https:\/\/unesc.selecao.net.br\/","_executora_concurso":"","_instituicao_concurso":[],"_link_adicional":null,"_anexos":null,"_produtos":null,"_vagas":"12 vagas + CR","_salario_min":"R$ 4106.09","_instituicao":"UNESC","_edital":"https:\/\/www.agrobase.com.br\/concursos\/wp-content\/uploads\/sites\/4\/2026\/09\/edital-446-2026-da-unesc-sc.pdf","_anexos_edital":"","_fund_incompleto":"","_fund_completo":"","_medio":"","_superior":"<div>\r\n<table class=\"quadro\">\r\n<thead>\r\n<tr>\r\n<th class=\"hcargo\">Cargo<\/th>\r\n<th class=\"hvagas\">Vagas<\/th>\r\n<th class=\"hremuneracao\">Remunera\u00e7\u00e3o<\/th>\r\n<\/tr>\r\n<\/thead>\r\n    <tbody>\r\n      <tr>\r\n<td class=\"ccargos\">\r\n<span data-balloon-length=\"medium\" aria-label=\"Gradua\u00e7\u00e3o em Enfermagem e registro no respectivo Conselho Profissional\" data-balloon-pos=\"up\">Profissional de Sa\u00fade Residente - Enfermagem<\/span><\/td>\r\n<td class=\"cvagas\">2 + CR<\/td>\r\n<td class=\"cremuneracao\">R$ 4.106,09 \/60h semanais<\/td>\r\n<\/tr><tr>\r\n<td class=\"ccargos\">\r\n<span data-balloon-length=\"medium\" aria-label=\"Gradua\u00e7\u00e3o em Farm\u00e1cia e registro no respectivo Conselho Profissional\" data-balloon-pos=\"up\">Profissional de Sa\u00fade Residente - Farm\u00e1cia<\/span><\/td>\r\n<td class=\"cvagas\">2 + CR<\/td>\r\n<td class=\"cremuneracao\">R$ 4.106,09 \/60h semanais<\/td>\r\n<\/tr><tr>\r\n<td class=\"ccargos\">\r\n<span data-balloon-length=\"medium\" aria-label=\"Gradua\u00e7\u00e3o em Fisioterapia e registro no respectivo Conselho Profissional\" data-balloon-pos=\"up\">Profissional de Sa\u00fade Residente - Fisioterapia<\/span><\/td>\r\n<td class=\"cvagas\">2 + CR<\/td>\r\n<td class=\"cremuneracao\">R$ 4.106,09 \/60h semanais<\/td>\r\n<\/tr><tr>\r\n<td class=\"ccargos\">\r\n<span data-balloon-length=\"medium\" aria-label=\"Gradua\u00e7\u00e3o em Nutri\u00e7\u00e3o e registro no respectivo Conselho Profissional\" data-balloon-pos=\"up\">Profissional de Sa\u00fade Residente - Nutri\u00e7\u00e3o<\/span><\/td>\r\n<td class=\"cvagas\">2 + CR<\/td>\r\n<td class=\"cremuneracao\">R$ 4.106,09 \/60h semanais<\/td>\r\n<\/tr><tr>\r\n<td class=\"ccargos\">\r\n<span data-balloon-length=\"medium\" aria-label=\"Gradua\u00e7\u00e3o em Odontologia e registro no respectivo Conselho Profissional\" data-balloon-pos=\"up\">Profissional de Sa\u00fade Residente - Odontologia<\/span><\/td>\r\n<td class=\"cvagas\">2 + CR<\/td>\r\n<td class=\"cremuneracao\">R$ 4.106,09 \/60h semanais<\/td>\r\n<\/tr><tr>\r\n<td class=\"ccargos\">\r\n<span data-balloon-length=\"medium\" aria-label=\"Gradua\u00e7\u00e3o em Psicologia e registro no respectivo Conselho Profissional\" data-balloon-pos=\"up\">Profissional de Sa\u00fade Residente - Psicologia<\/span><\/td>\r\n<td class=\"cvagas\">2 + CR<\/td>\r\n<td class=\"cremuneracao\">R$ 4.106,09 \/60h semanais<\/td>\r\n<\/tr>\r\n    <\/tbody>\r\n  <\/table>\r\n<\/div>"},"_links":{"self":[{"href":"https:\/\/www.agrobase.com.br\/concursos\/wp-json\/wp\/v2\/posts\/286496","targetHints":{"allow":["GET"]}}],"collection":[{"href":"https:\/\/www.agrobase.com.br\/concursos\/wp-json\/wp\/v2\/posts"}],"about":[{"href":"https:\/\/www.agrobase.com.br\/concursos\/wp-json\/wp\/v2\/types\/post"}],"author":[{"embeddable":true,"href":"https:\/\/www.agrobase.com.br\/concursos\/wp-json\/wp\/v2\/users\/7"}],"replies":[{"embeddable":true,"href":"https:\/\/www.agrobase.com.br\/concursos\/wp-json\/wp\/v2\/comments?post=286496"}],"version-history":[{"count":2,"href":"https:\/\/www.agrobase.com.br\/concursos\/wp-json\/wp\/v2\/posts\/286496\/revisions"}],"predecessor-version":[{"id":286499,"href":"https:\/\/www.agrobase.com.br\/concursos\/wp-json\/wp\/v2\/posts\/286496\/revisions\/286499"}],"wp:featuredmedia":[{"embeddable":true,"href":"https:\/\/www.agrobase.com.br\/concursos\/wp-json\/wp\/v2\/media\/286495"}],"wp:attachment":[{"href":"https:\/\/www.agrobase.com.br\/concursos\/wp-json\/wp\/v2\/media?parent=286496"}],"wp:term":[{"taxonomy":"category","embeddable":true,"href":"https:\/\/www.agrobase.com.br\/concursos\/wp-json\/wp\/v2\/categories?post=286496"},{"taxonomy":"post_tag","embeddable":true,"href":"https:\/\/www.agrobase.com.br\/concursos\/wp-json\/wp\/v2\/tags?post=286496"},{"taxonomy":"_amplo","embeddable":true,"href":"https:\/\/www.agrobase.com.br\/concursos\/wp-json\/wp\/v2\/_amplo?post=286496"},{"taxonomy":"destaque","embeddable":true,"href":"https:\/\/www.agrobase.com.br\/concursos\/wp-json\/wp\/v2\/destaque?post=286496"},{"taxonomy":"instituicoes","embeddable":true,"href":"https:\/\/www.agrobase.com.br\/concursos\/wp-json\/wp\/v2\/instituicoes?post=286496"}],"curies":[{"name":"wp","href":"https:\/\/api.w.org\/{rel}","templated":true}]}}