{"id":286491,"date":"2026-09-02T08:10:43","date_gmt":"2026-09-02T11:10:43","guid":{"rendered":"https:\/\/www.agrobase.com.br\/concursos\/?p=286491"},"modified":"2026-09-01T13:53:39","modified_gmt":"2026-09-01T16:53:39","slug":"unesc-sc-selecao-publica-445-2026","status":"publish","type":"post","link":"https:\/\/www.agrobase.com.br\/concursos\/2026\/unesc-sc-selecao-publica-445-2026\/","title":{"rendered":"UNESC (SC) &#8211; Sele\u00e7\u00e3o P\u00fablica 445\/2026"},"content":{"rendered":"<h2>Informa\u00e7\u00f5es Gerais<\/h2>\n<p>A <strong>Universidade do Extremo Sul Catarinense (UNESC)<\/strong>, em parceria com a Prefeitura Municipal de Crici\u00fama e a Secretaria Municipal de Sa\u00fade de Crici\u00fama, publicou o <strong>Edital n. 445\/2026<\/strong>, que abre inscri\u00e7\u00f5es para o processo seletivo do <strong>Programa de Resid\u00eancia Multiprofissional em Sa\u00fade da Mulher<\/strong>.<\/p>\n<p>O certame destina-se \u00e0 sele\u00e7\u00e3o de <strong>Profissionais de Sa\u00fade Residentes<\/strong>, com oferta de <strong>12 vagas imediatas, al\u00e9m de cadastro reserva<\/strong>, distribu\u00eddas igualmente entre seis \u00e1reas de forma\u00e7\u00e3o de <strong>n\u00edvel superior<\/strong>: Enfermagem, Farm\u00e1cia, Fisioterapia, <strong>Nutri\u00e7\u00e3o<\/strong>, Odontologia e Psicologia \u2014 sendo <strong>2 vagas + CR para cada \u00e1rea<\/strong>.<\/p>\n<p>Todos os residentes cumprir\u00e3o carga hor\u00e1ria de <strong>60 horas semanais<\/strong> e receber\u00e3o bolsa mensal no valor de <strong>R$ 4.106,09<\/strong>, concedida com base na Lei Municipal de Crici\u00fama n\u00ba 9.006, de 16 de julho de 2026. O programa \u00e9 credenciado junto ao MEC sob o n\u00famero 2024000403AT.<\/p>\n<p>Para concorrer, o candidato deve possuir gradua\u00e7\u00e3o na \u00e1rea pretendida e registro no respectivo Conselho Profissional, sendo tamb\u00e9m admitida a inscri\u00e7\u00e3o de prov\u00e1veis formandos, mediante declara\u00e7\u00e3o espec\u00edfica prevista no edital.<\/p>\n<p>Trata-se de uma excelente oportunidade para profissionais que desejam se especializar em <em>Sa\u00fade da Mulher<\/em> dentro do Sistema \u00danico de Sa\u00fade, com forma\u00e7\u00e3o em servi\u00e7o e atua\u00e7\u00e3o multiprofissional.<\/p>\n<h2>Inscri\u00e7\u00f5es<\/h2>\n<p>As inscri\u00e7\u00f5es para o Programa de Resid\u00eancia Multiprofissional em Sa\u00fade da Mulher da UNESC ser\u00e3o realizadas <strong>exclusivamente pela internet<\/strong>, no per\u00edodo <strong>de 28 de agosto de 2026 a 07 de setembro de 2026<\/strong>, por meio do endere\u00e7o eletr\u00f4nico <strong>https:\/\/unesc.selecao.net.br\/<\/strong>.<\/p>\n<p>A <strong>taxa de inscri\u00e7\u00e3o \u00e9 \u00fanica, no valor de R$ 175,35<\/strong> (cento e setenta e cinco reais e trinta e cinco centavos), paga por meio de boleto banc\u00e1rio emitido no momento da inscri\u00e7\u00e3o no site. <em>N\u00e3o ser\u00e3o aceitos pagamentos realizados ap\u00f3s a data de vencimento do boleto<\/em>, e o valor n\u00e3o ser\u00e1 devolvido em nenhuma hip\u00f3tese.<\/p>\n<p>No ato da inscri\u00e7\u00e3o, o candidato dever\u00e1 enviar, pelo sistema, a seguinte documenta\u00e7\u00e3o obrigat\u00f3ria:<\/p>\n<ul>\n<li>Ficha de inscri\u00e7\u00e3o devidamente preenchida e assinada (Ap\u00eandice A do edital);<\/li>\n<li>C\u00f3pia do Curr\u00edculo modelo Lattes do CNPq, dispon\u00edvel em http:\/\/lattes.cnpq.br;<\/li>\n<li>Documenta\u00e7\u00e3o comprobat\u00f3ria dos itens do Curr\u00edculo Lattes que pontuam no processo seletivo;<\/li>\n<li>Memorial descritivo (Ap\u00eandice B do edital);<\/li>\n<li>C\u00f3pia da carteira de identidade ou CNH;<\/li>\n<li>Diploma ou declara\u00e7\u00e3o de prov\u00e1vel formando (Ap\u00eandice G do edital);<\/li>\n<li>Comprovante de pagamento da taxa de inscri\u00e7\u00e3o.<\/li>\n<\/ul>\n<p>Cada candidato poder\u00e1 realizar <strong>uma \u00fanica inscri\u00e7\u00e3o por Programa de Resid\u00eancia<\/strong>, sendo permitida a inscri\u00e7\u00e3o em mais de um programa, desde que atendidos os pr\u00e9-requisitos de cada um.<\/p>\n<p>A FUCRI\/UNESC n\u00e3o se responsabiliza por inscri\u00e7\u00f5es n\u00e3o recebidas em raz\u00e3o de falhas t\u00e9cnicas, congestionamento de linhas de comunica\u00e7\u00e3o ou atraso no processamento do pagamento pelas institui\u00e7\u00f5es banc\u00e1rias. Por isso, recomenda-se realizar a inscri\u00e7\u00e3o com anteced\u00eancia e acompanhar a situa\u00e7\u00e3o pela <em>\u00c1rea do Candidato<\/em>, no site da sele\u00e7\u00e3o.<\/p>\n<h2>Etapas e Provas<\/h2>\n<p>A sele\u00e7\u00e3o dos candidatos ao Programa de Resid\u00eancia Multiprofissional em Sa\u00fade da Mulher da UNESC ser\u00e1 composta por <strong>tr\u00eas etapas<\/strong>, que somam <strong>100 pontos<\/strong> no total:<\/p>\n<ul>\n<li><strong>Etapa I \u2013 Prova Escrita (40 pontos):<\/strong> ser\u00e1 aplicada no dia <strong>14 de setembro de 2026, das 9h \u00e0s 11h30<\/strong>, nas depend\u00eancias da UNESC. O local espec\u00edfico ser\u00e1 divulgado em <strong>11 de setembro de 2026<\/strong>, no endere\u00e7o www.unesc.net\/sele\u00e7\u00e3o. A prova ter\u00e1 <strong>20 quest\u00f5es objetivas<\/strong>, sendo 15 de conhecimentos gerais em <em>Sa\u00fade da Mulher<\/em> (1,5 ponto cada, totalizando 22,5 pontos) e 5 de conhecimentos espec\u00edficos da \u00e1rea profissional do candidato (3,5 pontos cada, totalizando 17,5 pontos). Os candidatos devem chegar com <strong>20 minutos de anteced\u00eancia<\/strong>, pois n\u00e3o ser\u00e1 permitida a entrada ap\u00f3s o hor\u00e1rio de in\u00edcio. Os tr\u00eas \u00faltimos candidatos dever\u00e3o deixar a sala juntos.<\/li>\n<li><strong>Etapa II \u2013 An\u00e1lise de T\u00edtulos (25 pontos):<\/strong> de car\u00e1ter classificat\u00f3rio, considera a documenta\u00e7\u00e3o comprobat\u00f3ria enviada junto \u00e0 inscri\u00e7\u00e3o, pela <em>\u00c1rea do Candidato<\/em>, no site https:\/\/unesc.selecao.net.br\/, conforme os crit\u00e9rios de pontua\u00e7\u00e3o previstos no edital.<\/li>\n<li><strong>Etapa III \u2013 Entrevista (35 pontos):<\/strong> a convoca\u00e7\u00e3o dos candidatos classificados, com hor\u00e1rios e locais, ser\u00e1 divulgada em <strong>17 de setembro de 2026<\/strong>. As entrevistas ocorrer\u00e3o no dia <strong>18 de setembro de 2026<\/strong>, das 9h30 \u00e0s 12h e das 13h \u00e0s 17h15. Os convocados devem chegar com <strong>40 minutos de anteced\u00eancia<\/strong> e apresentar documento de identifica\u00e7\u00e3o com foto, sob pena de desclassifica\u00e7\u00e3o. A entrevista seguir\u00e1 instrumento padronizado, com as mesmas perguntas para todos os participantes, abordando: conhecimento do funcionamento da resid\u00eancia multiprofissional; conhecimentos espec\u00edficos da \u00e1rea de forma\u00e7\u00e3o; conhecimentos sobre o <strong>Sistema \u00danico de Sa\u00fade (SUS)<\/strong>; e objetivos de desenvolvimento profissional e acad\u00eamico. Cada resposta receber\u00e1 nota de 0,00 a 5,00.<\/li>\n<\/ul>\n<h2>Resultados e Gabarito<\/h2>\n<p>A divulga\u00e7\u00e3o dos resultados seguir\u00e1 o cronograma previsto no Edital n. 445\/2026, com as seguintes datas:<\/p>\n<ul>\n<li><strong>Gabarito da prova escrita:<\/strong> publicado em <strong>14 de setembro de 2026<\/strong>;<\/li>\n<li><strong>Resultado da an\u00e1lise de t\u00edtulos e resultado preliminar da prova escrita:<\/strong> <strong>15 de setembro de 2026<\/strong>;<\/li>\n<li><strong>Resultado final das Etapas I e II:<\/strong> at\u00e9 as <strong>23h59 do dia 17 de setembro de 2026<\/strong>, mesma data da convoca\u00e7\u00e3o para as entrevistas;<\/li>\n<li><strong>Nota da entrevista:<\/strong> at\u00e9 as <strong>23h59 do dia 21 de setembro de 2026<\/strong> \u2014 etapa que <em>n\u00e3o admite interposi\u00e7\u00e3o de recurso<\/em>;<\/li>\n<li><strong>Resultado preliminar final:<\/strong> at\u00e9 as <strong>23h59 do dia 21 de setembro de 2026<\/strong>, com nome e n\u00famero de inscri\u00e7\u00e3o de todos os candidatos, em ordem decrescente de pontua\u00e7\u00e3o e com a situa\u00e7\u00e3o final em rela\u00e7\u00e3o \u00e0s vagas;<\/li>\n<li><strong>Resultado final do processo seletivo:<\/strong> at\u00e9 as <strong>23h59 do dia 23 de setembro de 2026<\/strong>, no endere\u00e7o unesc.net\/processo_seletivo_residencia_multiprofissional.<\/li>\n<\/ul>\n<p>Ser\u00e3o considerados <strong>aprovados<\/strong> os candidatos que participarem das tr\u00eas etapas (prova escrita, an\u00e1lise de t\u00edtulos e entrevista) e obtiverem, na soma delas, <strong>no m\u00ednimo 40 pontos<\/strong>. Os aprovados ser\u00e3o classificados em <em>ordem decrescente da nota final<\/em>, respeitando o n\u00famero de vagas dispon\u00edveis por \u00e1rea de forma\u00e7\u00e3o, conforme o quadro de vagas do edital.<\/p>\n<p>Os candidatos devem acompanhar todas as publica\u00e7\u00f5es na p\u00e1gina oficial do processo seletivo da UNESC e na \u00c1rea do Candidato, onde tamb\u00e9m s\u00e3o divulgados locais de prova, convoca\u00e7\u00f5es e eventuais retifica\u00e7\u00f5es do cronograma.<\/p>\n<p>O acompanhamento das publica\u00e7\u00f5es oficiais \u00e9 de <strong>responsabilidade exclusiva do candidato<\/strong>. Perder um prazo de recurso, uma convoca\u00e7\u00e3o ou a divulga\u00e7\u00e3o de local de prova pode significar a elimina\u00e7\u00e3o do certame, ainda que o desempenho tenha sido satisfat\u00f3rio. Consulte o edital completo e verifique diariamente os canais oficiais durante todo o per\u00edodo do processo seletivo.<\/p>\n","protected":false},"excerpt":{"rendered":"<p>Inscri\u00e7\u00f5es abertas! Processo Seletivo UNESC (SC) para residentes em Enfermagem e Farm\u00e1cia (Superior). 12+CR vagas, sal\u00e1rio de R$ 4,1 mil at\u00e9 07\/09. Inscreva-se!<\/p>\n","protected":false},"author":7,"featured_media":286490,"comment_status":"open","ping_status":"open","sticky":false,"template":"","format":"standard","meta":{"_acf_changed":false,"_breakdance_hide_in_design_set":false,"_breakdance_tags":"","footnotes":""},"categories":[12,17,18,23,24,26],"tags":[61],"_amplo":[],"destaque":[],"instituicoes":[],"class_list":["post-286491","post","type-post","status-publish","format-standard","has-post-thumbnail","hentry","category-enfermagem","category-farmacia","category-fisioterapia","category-nutricao","category-odontologia","category-psicologia","tag-santa-catarina"],"acf":{"_tipo_vagas":"vagas","_numero_vagas":"","_quadro_vagas":"","_cargos":"diversos","_cargos_especificos":"","_salario_max":"R$ 4106.09","_abertura":"20260828","_encerramento":"20260907","_inscricoes":"https:\/\/unesc.selecao.net.br\/","_executora_concurso":"","_instituicao_concurso":[],"_link_adicional":null,"_anexos":null,"_produtos":null,"_vagas":"12 vagas + CR","_salario_min":"R$ 4106.09","_instituicao":"Universidade do Extremo Sul Catarinense \u2013 UNESC","_edital":"https:\/\/www.agrobase.com.br\/concursos\/wp-content\/uploads\/sites\/4\/2026\/09\/edital-445-2026-da-unesc-sc.pdf","_anexos_edital":"","_fund_incompleto":"","_fund_completo":"","_medio":"","_superior":"<div>\r\n<table class=\"quadro\">\r\n<thead>\r\n<tr>\r\n<th class=\"hcargo\">Cargo<\/th>\r\n<th class=\"hvagas\">Vagas<\/th>\r\n<th class=\"hremuneracao\">Remunera\u00e7\u00e3o<\/th>\r\n<\/tr>\r\n<\/thead>\r\n    <tbody>\r\n      <tr>\r\n<td class=\"ccargos\">\r\n<span data-balloon-length=\"medium\" aria-label=\"Gradua\u00e7\u00e3o em Enfermagem e registro no respectivo Conselho Profissional\" data-balloon-pos=\"up\">Profissional de Sa\u00fade Residente - Enfermagem<\/span><\/td>\r\n<td class=\"cvagas\">2 + CR<\/td>\r\n<td class=\"cremuneracao\">R$ 4.106,09 \/60 horas semanais<\/td>\r\n<\/tr><tr>\r\n<td class=\"ccargos\">\r\n<span data-balloon-length=\"medium\" aria-label=\"Gradua\u00e7\u00e3o em Farm\u00e1cia e registro no respectivo Conselho Profissional\" data-balloon-pos=\"up\">Profissional de Sa\u00fade Residente - Farm\u00e1cia<\/span><\/td>\r\n<td class=\"cvagas\">2 + CR<\/td>\r\n<td class=\"cremuneracao\">R$ 4.106,09 \/60 horas semanais<\/td>\r\n<\/tr><tr>\r\n<td class=\"ccargos\">\r\n<span data-balloon-length=\"medium\" aria-label=\"Gradua\u00e7\u00e3o em Fisioterapia e registro no respectivo Conselho Profissional\" data-balloon-pos=\"up\">Profissional de Sa\u00fade Residente - Fisioterapia<\/span><\/td>\r\n<td class=\"cvagas\">2 + CR<\/td>\r\n<td class=\"cremuneracao\">R$ 4.106,09 \/60 horas semanais<\/td>\r\n<\/tr><tr>\r\n<td class=\"ccargos\">\r\n<span data-balloon-length=\"medium\" aria-label=\"Gradua\u00e7\u00e3o em Nutri\u00e7\u00e3o e registro no respectivo Conselho Profissional\" data-balloon-pos=\"up\">Profissional de Sa\u00fade Residente - Nutri\u00e7\u00e3o<\/span><\/td>\r\n<td class=\"cvagas\">2 + CR<\/td>\r\n<td class=\"cremuneracao\">R$ 4.106,09 \/60 horas semanais<\/td>\r\n<\/tr><tr>\r\n<td class=\"ccargos\">\r\n<span data-balloon-length=\"medium\" aria-label=\"Gradua\u00e7\u00e3o em Odontologia e registro no respectivo Conselho Profissional\" data-balloon-pos=\"up\">Profissional de Sa\u00fade Residente - Odontologia<\/span><\/td>\r\n<td class=\"cvagas\">2 + CR<\/td>\r\n<td class=\"cremuneracao\">R$ 4.106,09 \/60 horas semanais<\/td>\r\n<\/tr><tr>\r\n<td class=\"ccargos\">\r\n<span data-balloon-length=\"medium\" aria-label=\"Gradua\u00e7\u00e3o em Psicologia e registro no respectivo Conselho Profissional\" data-balloon-pos=\"up\">Profissional de Sa\u00fade Residente - Psicologia<\/span><\/td>\r\n<td class=\"cvagas\">2 + CR<\/td>\r\n<td class=\"cremuneracao\">R$ 4.106,09 \/60 horas semanais<\/td>\r\n<\/tr>\r\n    <\/tbody>\r\n  <\/table>\r\n<\/div>"},"_links":{"self":[{"href":"https:\/\/www.agrobase.com.br\/concursos\/wp-json\/wp\/v2\/posts\/286491","targetHints":{"allow":["GET"]}}],"collection":[{"href":"https:\/\/www.agrobase.com.br\/concursos\/wp-json\/wp\/v2\/posts"}],"about":[{"href":"https:\/\/www.agrobase.com.br\/concursos\/wp-json\/wp\/v2\/types\/post"}],"author":[{"embeddable":true,"href":"https:\/\/www.agrobase.com.br\/concursos\/wp-json\/wp\/v2\/users\/7"}],"replies":[{"embeddable":true,"href":"https:\/\/www.agrobase.com.br\/concursos\/wp-json\/wp\/v2\/comments?post=286491"}],"version-history":[{"count":2,"href":"https:\/\/www.agrobase.com.br\/concursos\/wp-json\/wp\/v2\/posts\/286491\/revisions"}],"predecessor-version":[{"id":286494,"href":"https:\/\/www.agrobase.com.br\/concursos\/wp-json\/wp\/v2\/posts\/286491\/revisions\/286494"}],"wp:featuredmedia":[{"embeddable":true,"href":"https:\/\/www.agrobase.com.br\/concursos\/wp-json\/wp\/v2\/media\/286490"}],"wp:attachment":[{"href":"https:\/\/www.agrobase.com.br\/concursos\/wp-json\/wp\/v2\/media?parent=286491"}],"wp:term":[{"taxonomy":"category","embeddable":true,"href":"https:\/\/www.agrobase.com.br\/concursos\/wp-json\/wp\/v2\/categories?post=286491"},{"taxonomy":"post_tag","embeddable":true,"href":"https:\/\/www.agrobase.com.br\/concursos\/wp-json\/wp\/v2\/tags?post=286491"},{"taxonomy":"_amplo","embeddable":true,"href":"https:\/\/www.agrobase.com.br\/concursos\/wp-json\/wp\/v2\/_amplo?post=286491"},{"taxonomy":"destaque","embeddable":true,"href":"https:\/\/www.agrobase.com.br\/concursos\/wp-json\/wp\/v2\/destaque?post=286491"},{"taxonomy":"instituicoes","embeddable":true,"href":"https:\/\/www.agrobase.com.br\/concursos\/wp-json\/wp\/v2\/instituicoes?post=286491"}],"curies":[{"name":"wp","href":"https:\/\/api.w.org\/{rel}","templated":true}]}}