{"id":286479,"date":"2026-09-02T07:50:40","date_gmt":"2026-09-02T10:50:40","guid":{"rendered":"https:\/\/www.agrobase.com.br\/concursos\/?p=286479"},"modified":"2026-09-01T13:28:40","modified_gmt":"2026-09-01T16:28:40","slug":"prefeitura-alvorada-rs-concurso-01-2026","status":"publish","type":"post","link":"https:\/\/www.agrobase.com.br\/concursos\/2026\/prefeitura-alvorada-rs-concurso-01-2026\/","title":{"rendered":"Prefeitura Alvorada (RS) &#8211; Concurso 01\/2026"},"content":{"rendered":"<h2>Informa\u00e7\u00f5es Gerais<\/h2>\n<p>A <strong>Prefeitura de Alvorada (RS)<\/strong> publicou o edital de <strong>Concurso P\u00fablico<\/strong> destinado \u00e0 forma\u00e7\u00e3o de <strong>Cadastro Reserva do Quadro Geral dos Servidores do Munic\u00edpio<\/strong>, com organiza\u00e7\u00e3o t\u00e9cnico-administrativa do <strong>Instituto Legalle<\/strong>. O certame \u00e9 realizado sob <strong>Regime Estatut\u00e1rio<\/strong>, o que garante estabilidade e os direitos previstos no estatuto dos servidores municipais.<\/p>\n<p>N\u00e3o h\u00e1 vagas de provimento imediato: todas as oportunidades s\u00e3o para <strong>cadastro reserva (CR)<\/strong>, com convoca\u00e7\u00f5es conforme a necessidade e conveni\u00eancia da Administra\u00e7\u00e3o Municipal durante a validade do concurso.<\/p>\n<p>S\u00e3o contemplados os n\u00edveis <strong>Fundamental Incompleto, M\u00e9dio\/T\u00e9cnico e Superior\/Magist\u00e9rio<\/strong>, com remunera\u00e7\u00f5es que variam de <strong>R$ 1.738,24 a R$ 18.974,55<\/strong>, conforme cargo e carga hor\u00e1ria (de 20h a 40h semanais).<\/p>\n<p>Entre as oportunidades, destacam-se cargos das \u00e1reas t\u00e9cnicas, administrativa, educacional, jur\u00eddica e da sa\u00fade \u2014 com forte presen\u00e7a de especialidades m\u00e9dicas. Para os profissionais do nosso p\u00fablico, o edital traz vagas importantes: <strong>Bi\u00f3logo<\/strong>, <strong>M\u00e9dico Veterin\u00e1rio<\/strong>, <strong>Fiscal Ambiental<\/strong> (com requisito de T\u00e9cnico Florestal, Agr\u00edcola, Agropecu\u00e1ria ou Gest\u00e3o Ambiental) e <strong>T\u00e9cnico Ambiental<\/strong>, al\u00e9m de <strong>Professor de Ci\u00eancias<\/strong>. Tamb\u00e9m h\u00e1 vagas para Arquiteto, Contador, Enfermeiro, Engenheiro Civil, Engenheiro de Seguran\u00e7a do Trabalho, Farmac\u00eautico-Bioqu\u00edmico, Odont\u00f3logo, Procurador, Programador de Inform\u00e1tica, Guarda Civil Municipal, Motorista, Auxiliar Administrativo, Educador Social, Secret\u00e1rio de Escola, diversos t\u00e9cnicos de n\u00edvel m\u00e9dio e um amplo conjunto de cargos do magist\u00e9rio.<\/p>\n<h2>Inscri\u00e7\u00f5es<\/h2>\n<p>As inscri\u00e7\u00f5es devem ser realizadas <strong>exclusivamente pela internet<\/strong>, no site do <strong>Instituto Legalle<\/strong>, no per\u00edodo previsto no Cronograma do Anexo I do edital: de <strong>28 de agosto de 2026<\/strong> at\u00e9 as <strong>18h do dia 26 de setembro de 2026<\/strong>, considerando o <em>hor\u00e1rio oficial de Bras\u00edlia (DF)<\/em>.<\/p>\n<p><strong>Valores da taxa de inscri\u00e7\u00e3o:<\/strong><\/p>\n<ul>\n<li><strong>R$ 50,00<\/strong> \u2014 n\u00edvel fundamental: Motorista;<\/li>\n<li><strong>R$ 90,00<\/strong> \u2014 n\u00edvel m\u00e9dio\/t\u00e9cnico: Atendente de Educa\u00e7\u00e3o Infantil, Auxiliar Administrativo, Educador Social, <strong>Fiscal Ambiental<\/strong>, Guarda Civil Municipal, Secret\u00e1rio de Escola, <strong>T\u00e9cnico Ambiental<\/strong>, T\u00e9cnico de Seguran\u00e7a do Trabalho, T\u00e9cnico em Enfermagem, T\u00e9cnico em Inform\u00e1tica, T\u00e9cnico em Sa\u00fade Bucal, Top\u00f3grafo e Tradutor e Int\u00e9rprete de Libras;<\/li>\n<li><strong>R$ 130,00<\/strong> \u2014 n\u00edvel superior\/magist\u00e9rio: Arquiteto, <strong>Bi\u00f3logo<\/strong>, Contador, Enfermeiro, Engenheiro Civil, Engenheiro de Seguran\u00e7a do Trabalho, Farmac\u00eautico-Bioqu\u00edmico, especialidades m\u00e9dicas, <strong>M\u00e9dico Veterin\u00e1rio<\/strong>, Odont\u00f3logo, Procurador, Programador de Inform\u00e1tica, Orientador Educacional, Supervisor Educacional e os cargos de Professor.<\/li>\n<\/ul>\n<h2>Etapas e Provas<\/h2>\n<p>O Concurso P\u00fablico de Alvorada ser\u00e1 realizado em etapas que variam conforme o cargo escolhido. A <strong>Prova Te\u00f3rico-Objetiva<\/strong> \u00e9 comum a todos os cargos e ter\u00e1 dura\u00e7\u00e3o de <strong>at\u00e9 3 horas<\/strong>.<\/p>\n<ul>\n<li><strong>Prova Te\u00f3rica Objetiva<\/strong> \u2014 de car\u00e1ter <strong>eliminat\u00f3rio e classificat\u00f3rio<\/strong>, aplicada a todos os cargos, com quest\u00f5es de m\u00faltipla escolha. \u00c9 a \u00fanica etapa para cargos como Arquiteto, Atendente de Educa\u00e7\u00e3o Infantil, Auxiliar Administrativo, <strong>Bi\u00f3logo<\/strong>, Contador, Educador Social, Enfermeiro, Engenheiro Civil, Engenheiro de Seguran\u00e7a do Trabalho, Farmac\u00eautico-Bioqu\u00edmico, <strong>Fiscal Ambiental<\/strong>, as especialidades m\u00e9dicas, <strong>M\u00e9dico Veterin\u00e1rio<\/strong>, Odont\u00f3logo, Programador de Inform\u00e1tica, Secret\u00e1rio de Escola, <strong>T\u00e9cnico Ambiental<\/strong>, T\u00e9cnico de Seguran\u00e7a do Trabalho, T\u00e9cnico em Enfermagem, T\u00e9cnico em Inform\u00e1tica, T\u00e9cnico em Sa\u00fade Bucal, Top\u00f3grafo e Tradutor e Int\u00e9rprete de Libras.<\/li>\n<li><strong>Prova Pr\u00e1tica<\/strong> \u2014 de car\u00e1ter <strong>eliminat\u00f3rio e classificat\u00f3rio<\/strong>, exclusiva para o cargo de <strong>Motorista<\/strong>, aplicada ap\u00f3s a prova objetiva.<\/li>\n<li><strong>Prova de T\u00edtulos<\/strong> \u2014 de car\u00e1ter <strong>classificat\u00f3rio<\/strong>, destinada aos cargos do magist\u00e9rio e da \u00e1rea educacional: Orientador Educacional, Supervisor Educacional, Procurador e os cargos de Professor (Anos Iniciais, Educa\u00e7\u00e3o Infantil, Arte e Educa\u00e7\u00e3o, Ci\u00eancias, Educa\u00e7\u00e3o Especial nas modalidades Defici\u00eancia Auditiva, Intelectual e Visual, Educa\u00e7\u00e3o F\u00edsica, Geografia, Hist\u00f3ria, L\u00edngua Estrangeira &#8211; Ingl\u00eas, L\u00edngua Portuguesa e Matem\u00e1tica).<\/li>\n<li><strong>Etapas espec\u00edficas para Guarda Civil Municipal<\/strong> \u2014 al\u00e9m da prova objetiva, o cargo prev\u00ea <strong>Teste de Aptid\u00e3o F\u00edsica (TAF)<\/strong>, <strong>Avalia\u00e7\u00e3o Psicol\u00f3gica<\/strong>, <strong>Exame Toxicol\u00f3gico<\/strong> e <strong>Curso de Forma\u00e7\u00e3o<\/strong>, todas de car\u00e1ter <strong>eliminat\u00f3rio<\/strong>.<\/li>\n<\/ul>\n<p>As disciplinas cobradas na prova objetiva contemplam conhecimentos gerais e conhecimentos espec\u00edficos da \u00e1rea de atua\u00e7\u00e3o de cada cargo, conforme o programa definido pela banca.<\/p>\n<h2>Resultados e Gabarito<\/h2>\n<p>Todas as publica\u00e7\u00f5es do certame \u2014 editais complementares, gabaritos, notas e resultados \u2014 ser\u00e3o divulgadas no site do <strong>Instituto Legalle<\/strong> (www.institutolegalle.org.br), com os atos oficiais tamb\u00e9m publicados pela <strong>Prefeitura de Alvorada<\/strong>, conforme as datas do <em>Cronograma do Anexo I<\/em> do edital.<\/p>\n<p>Ap\u00f3s a aplica\u00e7\u00e3o da prova objetiva, a banca publica o <strong>gabarito preliminar<\/strong>, abrindo prazo para recursos. Analisadas as impugna\u00e7\u00f5es, \u00e9 divulgado o <strong>gabarito definitivo<\/strong> e, em seguida, os resultados preliminares e definitivos de cada etapa \u2014 incluindo prova pr\u00e1tica, prova de t\u00edtulos e as etapas espec\u00edficas do cargo de Guarda Civil Municipal.<\/p>\n<p>O <strong>resultado final<\/strong> do concurso ser\u00e1 publicado por meio de <strong>tr\u00eas listagens<\/strong>:<\/p>\n<ul>\n<li><strong>Lista Geral<\/strong>, com a classifica\u00e7\u00e3o de todos os candidatos habilitados, inclusive os inscritos como pessoa com defici\u00eancia, em ordem de classifica\u00e7\u00e3o;<\/li>\n<li><strong>Lista de Pessoas com Defici\u00eancia<\/strong>, com a classifica\u00e7\u00e3o exclusiva dos candidatos habilitados inscritos nessa condi\u00e7\u00e3o;<\/li>\n<li><strong>Lista de Pessoas Negras ou Ind\u00edgenas<\/strong>, com a classifica\u00e7\u00e3o exclusiva dos candidatos habilitados inscritos como pessoa negra e\/ou parda ou pertencentes a povos ind\u00edgenas.<\/li>\n<\/ul>\n<p>A classifica\u00e7\u00e3o final considera o desempenho nas etapas previstas para cada cargo, observados os crit\u00e9rios de desempate definidos no edital, que privilegiam o candidato de maior idade, nos termos do Estatuto do Idoso, al\u00e9m do desempenho em disciplinas espec\u00edficas.<\/p>\n<p>Conclu\u00edda a an\u00e1lise dos recursos finais, o resultado \u00e9 <strong>homologado<\/strong> \u2014 ato que valida oficialmente o concurso e autoriza as convoca\u00e7\u00f5es. O <strong>prazo de validade \u00e9 de 2 (dois) anos<\/strong>, contados da publica\u00e7\u00e3o da homologa\u00e7\u00e3o do resultado final, podendo ser <strong>prorrogado uma \u00fanica vez<\/strong>, a crit\u00e9rio e conveni\u00eancia da Administra\u00e7\u00e3o Municipal.<\/p>\n<p>\u00c9 <strong>responsabilidade exclusiva do candidato<\/strong> acompanhar todas as publica\u00e7\u00f5es oficiais, prazos de recurso e convoca\u00e7\u00f5es, mantendo seus dados cadastrais atualizados na \u00e1rea restrita do candidato. A perda de prazos por desinforma\u00e7\u00e3o n\u00e3o gera direito a qualquer tipo de reclama\u00e7\u00e3o.<\/p>\n","protected":false},"excerpt":{"rendered":"<p>Inscri\u00e7\u00f5es abertas! Concurso Prefeitura de Alvorada (RS) p\/ Professor, M\u00e9dico e Guarda (Todos os n\u00edveis). Sal\u00e1rios at\u00e9 R$ 18,9 mil. At\u00e9 26\/09. Veja edital!<\/p>\n","protected":false},"author":7,"featured_media":286478,"comment_status":"open","ping_status":"open","sticky":false,"template":"","format":"standard","meta":{"_acf_changed":false,"_breakdance_hide_in_design_set":false,"_breakdance_tags":"","footnotes":""},"categories":[5,6,106,9,10,6434,12,14,152,17,111,100,20,6871,116,21,22,24,25,29,30,31,108,130,143,157,139],"tags":[58],"_amplo":[],"destaque":[],"instituicoes":[],"class_list":["post-286479","post","type-post","status-publish","format-standard","has-post-thumbnail","hentry","category-arquitetura","category-biologia","category-bioquimica","category-ciencias-contabeis","category-direito","category-educacao-fisica-licenciatura","category-enfermagem","category-engenharia","category-engenharia-seguranca-trabalho","category-farmacia","category-geografia","category-historia","category-letras","category-letras-ingles","category-matematica","category-medicina","category-veterinaria","category-odontologia","category-pedagogia","category-tecnico-agricola","category-tecnico-agropecuaria","category-tecnico-ambiental","category-tecnico-enfermagem","category-tecnico-informatica","category-tecnico-odontologia","category-tecnico-seguranca-trabalho","category-tecnico-florestal","tag-rio-grande-sul"],"acf":{"_tipo_vagas":"vagas","_numero_vagas":"","_quadro_vagas":"","_cargos":"diversos","_cargos_especificos":"","_salario_max":"R$ 18974.55","_abertura":"20260828","_encerramento":"20260926","_inscricoes":"https:\/\/www.institutolegalle.org.br","_executora_concurso":"","_instituicao_concurso":[],"_link_adicional":null,"_anexos":null,"_produtos":null,"_vagas":"Cadastro Reserva","_salario_min":"R$ 1738.24","_instituicao":"Prefeitura de Alvorada","_edital":"https:\/\/www.agrobase.com.br\/concursos\/wp-content\/uploads\/sites\/4\/2026\/09\/edital-01-2026-da-prefeitura-de-alvorada-rs.pdf","_anexos_edital":"https:\/\/www.agrobase.com.br\/concursos\/wp-content\/uploads\/sites\/4\/2026\/09\/anexos-edital-01-2026-da-prefeitura-de-alvorada-rs.pdf","_fund_incompleto":"<div>\r\n<table class=\"quadro\">\r\n<thead>\r\n<tr>\r\n<th class=\"hcargo\">Cargo<\/th>\r\n<th class=\"hvagas\">Vagas<\/th>\r\n<th class=\"hremuneracao\">Remunera\u00e7\u00e3o<\/th>\r\n<\/tr>\r\n<\/thead>\r\n    <tbody>\r\n      <td class=\"ccargos\">\r\n<span data-balloon-length=\"medium\" aria-label=\"Ensino Fundamental Incompleto e CNH categoria D\" data-balloon-pos=\"up\">Motorista<\/span><\/td>\r\n<td class=\"cvagas\">CR<\/td>\r\n<td class=\"cremuneracao\">R$ 2.278,32 \/40h<\/td>\r\n<\/tr>\r\n    <\/tbody>\r\n  <\/table>\r\n<\/div>","_fund_completo":"","_medio":"<div>\r\n<table class=\"quadro\">\r\n<thead>\r\n<tr>\r\n<th class=\"hcargo\">Cargo<\/th>\r\n<th class=\"hvagas\">Vagas<\/th>\r\n<th class=\"hremuneracao\">Remunera\u00e7\u00e3o<\/th>\r\n<\/tr>\r\n<\/thead>\r\n    <tbody>\r\n      <td class=\"ccargos\">\r\n<span data-balloon-length=\"medium\" aria-label=\"Ensino M\u00e9dio completo e Curso de Atendimento de Creche ou Atendimento em Educa\u00e7\u00e3o Infantil (m\u00ednimo 100 horas)\" data-balloon-pos=\"up\">Atendente de Educa\u00e7\u00e3o Infantil<\/span><\/td>\r\n<td class=\"cvagas\">CR<\/td>\r\n<td class=\"cremuneracao\">R$ 1.738,24 \/30h<\/td>\r\n<\/tr><td class=\"ccargos\">\r\n<span data-balloon-length=\"medium\" aria-label=\"Ensino M\u00e9dio completo\" data-balloon-pos=\"up\">Auxiliar Administrativo<\/span><\/td>\r\n<td class=\"cvagas\">CR<\/td>\r\n<td class=\"cremuneracao\">R$ 2.916,81 \/40h<\/td>\r\n<\/tr><td class=\"ccargos\">\r\n<span data-balloon-length=\"medium\" aria-label=\"Ensino M\u00e9dio completo\" data-balloon-pos=\"up\">Educador Social<\/span><\/td>\r\n<td class=\"cvagas\">CR<\/td>\r\n<td class=\"cremuneracao\">R$ 3.327,90 \/40h<\/td>\r\n<\/tr><td class=\"ccargos\">\r\n<span data-balloon-length=\"medium\" aria-label=\"Ensino M\u00e9dio T\u00e9cnico em T\u00e9cnico Florestal, Agr\u00edcola, Agropecu\u00e1ria ou Gest\u00e3o Ambiental e registro no \u00f3rg\u00e3o de classe\" data-balloon-pos=\"up\">Fiscal Ambiental<\/span><\/td>\r\n<td class=\"cvagas\">CR<\/td>\r\n<td class=\"cremuneracao\">R$ 3.941,97 \/40h<\/td>\r\n<\/tr><td class=\"ccargos\">\r\n<span data-balloon-length=\"medium\" aria-label=\"Ensino M\u00e9dio completo, idade m\u00ednima de 18 anos, CNH categoria AB, aptid\u00e3o f\u00edsica\/mental\/psicol\u00f3gica, idoneidade moral e aprova\u00e7\u00e3o em curso de forma\u00e7\u00e3o\" data-balloon-pos=\"up\">Guarda Civil Municipal<\/span><\/td>\r\n<td class=\"cvagas\">CR<\/td>\r\n<td class=\"cremuneracao\">R$ 4.195,91 \/40h<\/td>\r\n<\/tr><td class=\"ccargos\">\r\n<span data-balloon-length=\"medium\" aria-label=\"Ensino M\u00e9dio - Curso Normal \/ Magist\u00e9rio ou Curso Superior de Pedagogia\" data-balloon-pos=\"up\">Professor de Anos Iniciais<\/span><\/td>\r\n<td class=\"cvagas\">CR<\/td>\r\n<td class=\"cremuneracao\">R$ 2.565,32 \/20h<\/td>\r\n<\/tr><td class=\"ccargos\">\r\n<span data-balloon-length=\"medium\" aria-label=\"Ensino M\u00e9dio - Curso Normal \/ Magist\u00e9rio ou Curso Superior de Pedagogia\" data-balloon-pos=\"up\">Professor de Educa\u00e7\u00e3o Infantil<\/span><\/td>\r\n<td class=\"cvagas\">CR<\/td>\r\n<td class=\"cremuneracao\">R$ 2.565,32 \/20h<\/td>\r\n<\/tr><td class=\"ccargos\">\r\n<span data-balloon-length=\"medium\" aria-label=\"Ensino M\u00e9dio completo\" data-balloon-pos=\"up\">Secret\u00e1rio de Escola<\/span><\/td>\r\n<td class=\"cvagas\">CR<\/td>\r\n<td class=\"cremuneracao\">R$ 2.916,81 \/40h<\/td>\r\n<\/tr><td class=\"ccargos\">\r\n<span data-balloon-length=\"medium\" aria-label=\"Ensino M\u00e9dio e Curso de T\u00e9cnico Ambiental com registro no \u00f3rg\u00e3o de fiscaliza\u00e7\u00e3o profissional\" data-balloon-pos=\"up\">T\u00e9cnico Ambiental<\/span><\/td>\r\n<td class=\"cvagas\">CR<\/td>\r\n<td class=\"cremuneracao\">R$ 3.398,25 \/40h<\/td>\r\n<\/tr><td class=\"ccargos\">\r\n<span data-balloon-length=\"medium\" aria-label=\"Ensino M\u00e9dio e Curso de T\u00e9cnico em Seguran\u00e7a do Trabalho com registro profissional\" data-balloon-pos=\"up\">T\u00e9cnico de Seguran\u00e7a do Trabalho<\/span><\/td>\r\n<td class=\"cvagas\">CR<\/td>\r\n<td class=\"cremuneracao\">R$ 3.398,25 \/40h<\/td>\r\n<\/tr><td class=\"ccargos\">\r\n<span data-balloon-length=\"medium\" aria-label=\"Ensino M\u00e9dio e Curso de T\u00e9cnico em Enfermagem com registro no COREN\" data-balloon-pos=\"up\">T\u00e9cnico em Enfermagem<\/span><\/td>\r\n<td class=\"cvagas\">CR<\/td>\r\n<td class=\"cremuneracao\">R$ 3.398,25 \/40h<\/td>\r\n<\/tr><td class=\"ccargos\">\r\n<span data-balloon-length=\"medium\" aria-label=\"Ensino M\u00e9dio e Curso de T\u00e9cnico em Inform\u00e1tica\" data-balloon-pos=\"up\">T\u00e9cnico em Inform\u00e1tica<\/span><\/td>\r\n<td class=\"cvagas\">CR<\/td>\r\n<td class=\"cremuneracao\">R$ 3.941,97 \/40h<\/td>\r\n<\/tr><td class=\"ccargos\">\r\n<span data-balloon-length=\"medium\" aria-label=\"Ensino M\u00e9dio e Curso de T\u00e9cnico em Higiene Bucal com registro profissional\" data-balloon-pos=\"up\">T\u00e9cnico em Sa\u00fade Bucal<\/span><\/td>\r\n<td class=\"cvagas\">CR<\/td>\r\n<td class=\"cremuneracao\">R$ 3.398,25 \/40h<\/td>\r\n<\/tr><td class=\"ccargos\">\r\n<span data-balloon-length=\"medium\" aria-label=\"Ensino M\u00e9dio e Curso T\u00e9cnico em Topografia com registro profissional\" data-balloon-pos=\"up\">Top\u00f3grafo<\/span><\/td>\r\n<td class=\"cvagas\">CR<\/td>\r\n<td class=\"cremuneracao\">R$ 3.398,25 \/40h<\/td>\r\n<\/tr><td class=\"ccargos\">\r\n<span data-balloon-length=\"medium\" aria-label=\"Ensino M\u00e9dio completo com curso de educa\u00e7\u00e3o profissional de n\u00edvel m\u00e9dio em Tradu\u00e7\u00e3o e Interpreta\u00e7\u00e3o em Libras e certifica\u00e7\u00e3o de profici\u00eancia reconhecida pelo MEC\" data-balloon-pos=\"up\">Tradutor e Int\u00e9rprete de Libras<\/span><\/td>\r\n<td class=\"cvagas\">CR<\/td>\r\n<td class=\"cremuneracao\">R$ 2.187,59 \/30h<\/td>\r\n<\/tr>\r\n    <\/tbody>\r\n  <\/table>\r\n<\/div>","_superior":"<div>\r\n<table class=\"quadro\">\r\n<thead>\r\n<tr>\r\n<th class=\"hcargo\">Cargo<\/th>\r\n<th class=\"hvagas\">Vagas<\/th>\r\n<th class=\"hremuneracao\">Remunera\u00e7\u00e3o<\/th>\r\n<\/tr>\r\n<\/thead>\r\n    <tbody>\r\n      <tr>\r\n<td class=\"ccargos\">\r\n<span data-balloon-length=\"medium\" aria-label=\"Gradua\u00e7\u00e3o em Arquitetura e Urbanismo e registro profissional\" data-balloon-pos=\"up\">Arquiteto<\/span><\/td>\r\n<td class=\"cvagas\">CR<\/td>\r\n<td class=\"cremuneracao\">R$ 6.402,05 \/40h<\/td>\r\n<\/tr><tr>\r\n<td class=\"ccargos\">\r\n<span data-balloon-length=\"medium\" aria-label=\"Gradua\u00e7\u00e3o em Biologia e registro profissional\" data-balloon-pos=\"up\">Bi\u00f3logo<\/span><\/td>\r\n<td class=\"cvagas\">CR<\/td>\r\n<td class=\"cremuneracao\">R$ 6.402,05 \/40h<\/td>\r\n<\/tr><tr>\r\n<td class=\"ccargos\">\r\n<span data-balloon-length=\"medium\" aria-label=\"Gradua\u00e7\u00e3o em Ci\u00eancias Cont\u00e1beis e registro profissional\" data-balloon-pos=\"up\">Contador<\/span><\/td>\r\n<td class=\"cvagas\">CR<\/td>\r\n<td class=\"cremuneracao\">R$ 6.402,05 \/40h<\/td>\r\n<\/tr><tr>\r\n<td class=\"ccargos\">\r\n<span data-balloon-length=\"medium\" aria-label=\"Gradua\u00e7\u00e3o em Enfermagem e registro profissional no COREN\" data-balloon-pos=\"up\">Enfermeiro<\/span><\/td>\r\n<td class=\"cvagas\">CR<\/td>\r\n<td class=\"cremuneracao\">R$ 6.402,05 \/40h<\/td>\r\n<\/tr><tr>\r\n<td class=\"ccargos\">\r\n<span data-balloon-length=\"medium\" aria-label=\"Gradua\u00e7\u00e3o em Engenharia Civil e registro profissional no CREA\" data-balloon-pos=\"up\">Engenheiro Civil<\/span><\/td>\r\n<td class=\"cvagas\">CR<\/td>\r\n<td class=\"cremuneracao\">R$ 6.402,05 \/40h<\/td>\r\n<\/tr><tr>\r\n<td class=\"ccargos\">\r\n<span data-balloon-length=\"medium\" aria-label=\"Gradua\u00e7\u00e3o em Engenharia de Seguran\u00e7a do Trabalho ou Curso Superior de Engenharia com especializa\u00e7\u00e3o na \u00e1rea e registro ativo no CREA\" data-balloon-pos=\"up\">Engenheiro de Seguran\u00e7a do Trabalho<\/span><\/td>\r\n<td class=\"cvagas\">CR<\/td>\r\n<td class=\"cremuneracao\">R$ 6.402,05 \/40h<\/td>\r\n<\/tr><tr>\r\n<td class=\"ccargos\">\r\n<span data-balloon-length=\"medium\" aria-label=\"Gradua\u00e7\u00e3o em Farm\u00e1cia\/Bioqu\u00edmica e registro profissional\" data-balloon-pos=\"up\">Farmac\u00eautico-Bioqu\u00edmico<\/span><\/td>\r\n<td class=\"cvagas\">CR<\/td>\r\n<td class=\"cremuneracao\">R$ 6.402,05 \/30h<\/td>\r\n<\/tr><tr>\r\n<td class=\"ccargos\">\r\n<span data-balloon-length=\"medium\" aria-label=\"Gradua\u00e7\u00e3o em Medicina, CRM ativo e RQE na especialidade de Cardiologia\" data-balloon-pos=\"up\">M\u00e9dico Cardiologista<\/span><\/td>\r\n<td class=\"cvagas\">CR<\/td>\r\n<td class=\"cremuneracao\">R$ 9.487,19 \/20h<\/td>\r\n<\/tr><tr>\r\n<td class=\"ccargos\">\r\n<span data-balloon-length=\"medium\" aria-label=\"Gradua\u00e7\u00e3o em Medicina e CRM ativo\" data-balloon-pos=\"up\">M\u00e9dico Cl\u00ednico<\/span><\/td>\r\n<td class=\"cvagas\">CR<\/td>\r\n<td class=\"cremuneracao\">R$ 9.487,19 \/20h<\/td>\r\n<\/tr><tr>\r\n<td class=\"ccargos\">\r\n<span data-balloon-length=\"medium\" aria-label=\"Gradua\u00e7\u00e3o em Medicina, CRM ativo e RQE na especialidade de Dermatologia\" data-balloon-pos=\"up\">M\u00e9dico Dermatologista<\/span><\/td>\r\n<td class=\"cvagas\">CR<\/td>\r\n<td class=\"cremuneracao\">R$ 9.487,19 \/20h<\/td>\r\n<\/tr><tr>\r\n<td class=\"ccargos\">\r\n<span data-balloon-length=\"medium\" aria-label=\"Gradua\u00e7\u00e3o em Medicina, CRM ativo e RQE na especialidade de Medicina do Trabalho\" data-balloon-pos=\"up\">M\u00e9dico do Trabalho<\/span><\/td>\r\n<td class=\"cvagas\">CR<\/td>\r\n<td class=\"cremuneracao\">R$ 9.487,19 \/20h<\/td>\r\n<\/tr><tr>\r\n<td class=\"ccargos\">\r\n<span data-balloon-length=\"medium\" aria-label=\"Gradua\u00e7\u00e3o em Medicina, CRM ativo e RQE na especialidade de Endocrinologia\" data-balloon-pos=\"up\">M\u00e9dico Endocrinologista<\/span><\/td>\r\n<td class=\"cvagas\">CR<\/td>\r\n<td class=\"cremuneracao\">R$ 9.487,19 \/20h<\/td>\r\n<\/tr><tr>\r\n<td class=\"ccargos\">\r\n<span data-balloon-length=\"medium\" aria-label=\"Gradua\u00e7\u00e3o em Medicina, CRM ativo e RQE na especialidade de Gastroenterologia\" data-balloon-pos=\"up\">M\u00e9dico Gastroenterologista<\/span><\/td>\r\n<td class=\"cvagas\">CR<\/td>\r\n<td class=\"cremuneracao\">R$ 9.487,19 \/20h<\/td>\r\n<\/tr><tr>\r\n<td class=\"ccargos\">\r\n<span data-balloon-length=\"medium\" aria-label=\"Gradua\u00e7\u00e3o em Medicina, CRM ativo e RQE na \u00e1rea de atua\u00e7\u00e3o\" data-balloon-pos=\"up\">M\u00e9dico Geral Comunit\u00e1rio<\/span><\/td>\r\n<td class=\"cvagas\">CR<\/td>\r\n<td class=\"cremuneracao\">R$ 18.974,55 \/40h<\/td>\r\n<\/tr><tr>\r\n<td class=\"ccargos\">\r\n<span data-balloon-length=\"medium\" aria-label=\"Gradua\u00e7\u00e3o em Medicina, CRM ativo e RQE na especialidade de Ginecologia e Obstetr\u00edcia\" data-balloon-pos=\"up\">M\u00e9dico Ginecologista-Obstetra<\/span><\/td>\r\n<td class=\"cvagas\">CR<\/td>\r\n<td class=\"cremuneracao\">R$ 9.487,19 \/20h<\/td>\r\n<\/tr><tr>\r\n<td class=\"ccargos\">\r\n<span data-balloon-length=\"medium\" aria-label=\"Gradua\u00e7\u00e3o em Medicina, CRM ativo e RQE na especialidade de Infectologia\" data-balloon-pos=\"up\">M\u00e9dico Infectologista<\/span><\/td>\r\n<td class=\"cvagas\">CR<\/td>\r\n<td class=\"cremuneracao\">R$ 9.487,19 \/20h<\/td>\r\n<\/tr><tr>\r\n<td class=\"ccargos\">\r\n<span data-balloon-length=\"medium\" aria-label=\"Gradua\u00e7\u00e3o em Medicina, CRM ativo e RQE na especialidade de Ortopedia\/Traumatologia\" data-balloon-pos=\"up\">M\u00e9dico Ortopedista\/Traumatologista<\/span><\/td>\r\n<td class=\"cvagas\">CR<\/td>\r\n<td class=\"cremuneracao\">R$ 9.487,19 \/20h<\/td>\r\n<\/tr><tr>\r\n<td class=\"ccargos\">\r\n<span data-balloon-length=\"medium\" aria-label=\"Gradua\u00e7\u00e3o em Medicina, CRM ativo e RQE na especialidade de Pediatria\" data-balloon-pos=\"up\">M\u00e9dico Pediatra<\/span><\/td>\r\n<td class=\"cvagas\">CR<\/td>\r\n<td class=\"cremuneracao\">R$ 9.487,19 \/20h<\/td>\r\n<\/tr><tr>\r\n<td class=\"ccargos\">\r\n<span data-balloon-length=\"medium\" aria-label=\"Gradua\u00e7\u00e3o em Medicina, CRM ativo e RQE na especialidade de Psiquiatria\" data-balloon-pos=\"up\">M\u00e9dico Psiquiatra<\/span><\/td>\r\n<td class=\"cvagas\">CR<\/td>\r\n<td class=\"cremuneracao\">R$ 9.487,19 \/20h<\/td>\r\n<\/tr><tr>\r\n<td class=\"ccargos\">\r\n<span data-balloon-length=\"medium\" aria-label=\"Gradua\u00e7\u00e3o em Medicina, CRM ativo e RQE na especialidade de Psiquiatria\" data-balloon-pos=\"up\">M\u00e9dico Psiquiatra Avaliador de Interna\u00e7\u00e3o Compuls\u00f3ria<\/span><\/td>\r\n<td class=\"cvagas\">CR<\/td>\r\n<td class=\"cremuneracao\">R$ 9.487,19 \/20h<\/td>\r\n<\/tr><tr>\r\n<td class=\"ccargos\">\r\n<span data-balloon-length=\"medium\" aria-label=\"Gradua\u00e7\u00e3o em Medicina, CRM ativo e RQE na especialidade de Psiquiatria da Inf\u00e2ncia e Adolesc\u00eancia \/ Psiquiatria\" data-balloon-pos=\"up\">M\u00e9dico Psiquiatra Infanto-Juvenil<\/span><\/td>\r\n<td class=\"cvagas\">CR<\/td>\r\n<td class=\"cremuneracao\">R$ 9.487,19 \/20h<\/td>\r\n<\/tr><tr>\r\n<td class=\"ccargos\">\r\n<span data-balloon-length=\"medium\" aria-label=\"Gradua\u00e7\u00e3o em Medicina, CRM ativo e RQE na especialidade de Urologia\" data-balloon-pos=\"up\">M\u00e9dico Urologista<\/span><\/td>\r\n<td class=\"cvagas\">CR<\/td>\r\n<td class=\"cremuneracao\">R$ 9.487,19 \/20h<\/td>\r\n<\/tr><tr>\r\n<td class=\"ccargos\">\r\n<span data-balloon-length=\"medium\" aria-label=\"Gradua\u00e7\u00e3o em Medicina Veterin\u00e1ria e registro no CRMV\" data-balloon-pos=\"up\">M\u00e9dico Veterin\u00e1rio<\/span><\/td>\r\n<td class=\"cvagas\">CR<\/td>\r\n<td class=\"cremuneracao\">R$ 9.603,07 \/30h<\/td>\r\n<\/tr><tr>\r\n<td class=\"ccargos\">\r\n<span data-balloon-length=\"medium\" aria-label=\"Gradua\u00e7\u00e3o em Odontologia e registro no CRO\" data-balloon-pos=\"up\">Odont\u00f3logo<\/span><\/td>\r\n<td class=\"cvagas\">CR<\/td>\r\n<td class=\"cremuneracao\">R$ 12.804,10 \/40h<\/td>\r\n<\/tr><tr>\r\n<td class=\"ccargos\">\r\n<span data-balloon-length=\"medium\" aria-label=\"Gradua\u00e7\u00e3o em Pedagogia com habilita\u00e7\u00e3o em Orienta\u00e7\u00e3o Educacional ou P\u00f3s-Gradua\u00e7\u00e3o em Orienta\u00e7\u00e3o Educacional\" data-balloon-pos=\"up\">Orientador Educacional<\/span><\/td>\r\n<td class=\"cvagas\">CR<\/td>\r\n<td class=\"cremuneracao\">R$ 2.880,81 \/20h<\/td>\r\n<\/tr><tr>\r\n<td class=\"ccargos\">\r\n<span data-balloon-length=\"medium\" aria-label=\"Gradua\u00e7\u00e3o em Ci\u00eancias Jur\u00eddicas e Sociais \/ Direito, inscri\u00e7\u00e3o na OAB e no m\u00ednimo 2 anos de atividade jur\u00eddica\" data-balloon-pos=\"up\">Procurador<\/span><\/td>\r\n<td class=\"cvagas\">CR<\/td>\r\n<td class=\"cremuneracao\">R$ 12.464,65 \/30h<\/td>\r\n<\/tr><tr>\r\n<td class=\"ccargos\">\r\n<span data-balloon-length=\"medium\" aria-label=\"Licenciatura\/Gradua\u00e7\u00e3o na \u00e1rea com habilita\u00e7\u00e3o espec\u00edfica\" data-balloon-pos=\"up\">Professor de Arte e Educa\u00e7\u00e3o<\/span><\/td>\r\n<td class=\"cvagas\">CR<\/td>\r\n<td class=\"cremuneracao\">R$ 2.565,32 \/20h<\/td>\r\n<\/tr><tr>\r\n<td class=\"ccargos\">\r\n<span data-balloon-length=\"medium\" aria-label=\"Licenciatura\/Gradua\u00e7\u00e3o na \u00e1rea com habilita\u00e7\u00e3o espec\u00edfica\" data-balloon-pos=\"up\">Professor de Ci\u00eancias<\/span><\/td>\r\n<td class=\"cvagas\">CR<\/td>\r\n<td class=\"cremuneracao\">R$ 2.565,32 \/20h<\/td>\r\n<\/tr><tr>\r\n<td class=\"ccargos\">\r\n<span data-balloon-length=\"medium\" aria-label=\"Licenciatura\/Gradua\u00e7\u00e3o na \u00e1rea com habilita\u00e7\u00e3o espec\u00edfica\" data-balloon-pos=\"up\">Professor de Educa\u00e7\u00e3o Especial - Defici\u00eancia Auditiva<\/span><\/td>\r\n<td class=\"cvagas\">CR<\/td>\r\n<td class=\"cremuneracao\">R$ 2.565,32 \/20h<\/td>\r\n<\/tr><tr>\r\n<td class=\"ccargos\">\r\n<span data-balloon-length=\"medium\" aria-label=\"Licenciatura\/Gradua\u00e7\u00e3o na \u00e1rea com habilita\u00e7\u00e3o espec\u00edfica\" data-balloon-pos=\"up\">Professor de Educa\u00e7\u00e3o Especial - Defici\u00eancia Intelectual<\/span><\/td>\r\n<td class=\"cvagas\">CR<\/td>\r\n<td class=\"cremuneracao\">R$ 2.565,32 \/20h<\/td>\r\n<\/tr><tr>\r\n<td class=\"ccargos\">\r\n<span data-balloon-length=\"medium\" aria-label=\"Licenciatura\/Gradua\u00e7\u00e3o na \u00e1rea com habilita\u00e7\u00e3o espec\u00edfica\" data-balloon-pos=\"up\">Professor de Educa\u00e7\u00e3o Especial - Defici\u00eancia Visual<\/span><\/td>\r\n<td class=\"cvagas\">CR<\/td>\r\n<td class=\"cremuneracao\">R$ 2.565,32 \/20h<\/td>\r\n<\/tr><tr>\r\n<td class=\"ccargos\">\r\n<span data-balloon-length=\"medium\" aria-label=\"Licenciatura\/Gradua\u00e7\u00e3o na \u00e1rea com habilita\u00e7\u00e3o espec\u00edfica e registro no CREF\" data-balloon-pos=\"up\">Professor de Educa\u00e7\u00e3o F\u00edsica<\/span><\/td>\r\n<td class=\"cvagas\">CR<\/td>\r\n<td class=\"cremuneracao\">R$ 2.565,32 \/20h<\/td>\r\n<\/tr><tr>\r\n<td class=\"ccargos\">\r\n<span data-balloon-length=\"medium\" aria-label=\"Licenciatura\/Gradua\u00e7\u00e3o na \u00e1rea com habilita\u00e7\u00e3o espec\u00edfica\" data-balloon-pos=\"up\">Professor de Geografia<\/span><\/td>\r\n<td class=\"cvagas\">CR<\/td>\r\n<td class=\"cremuneracao\">R$ 2.565,32 \/20h<\/td>\r\n<\/tr><tr>\r\n<td class=\"ccargos\">\r\n<span data-balloon-length=\"medium\" aria-label=\"Licenciatura\/Gradua\u00e7\u00e3o na \u00e1rea com habilita\u00e7\u00e3o espec\u00edfica\" data-balloon-pos=\"up\">Professor de Hist\u00f3ria<\/span><\/td>\r\n<td class=\"cvagas\">CR<\/td>\r\n<td class=\"cremuneracao\">R$ 2.565,32 \/20h<\/td>\r\n<\/tr><tr>\r\n<td class=\"ccargos\">\r\n<span data-balloon-length=\"medium\" aria-label=\"Licenciatura\/Gradua\u00e7\u00e3o na \u00e1rea com habilita\u00e7\u00e3o espec\u00edfica\" data-balloon-pos=\"up\">Professor de L\u00edngua Estrangeira - Ingl\u00eas<\/span><\/td>\r\n<td class=\"cvagas\">CR<\/td>\r\n<td class=\"cremuneracao\">R$ 2.565,32 \/20h<\/td>\r\n<\/tr><tr>\r\n<td class=\"ccargos\">\r\n<span data-balloon-length=\"medium\" aria-label=\"Licenciatura\/Gradua\u00e7\u00e3o na \u00e1rea com habilita\u00e7\u00e3o espec\u00edfica\" data-balloon-pos=\"up\">Professor de L\u00edngua Portuguesa<\/span><\/td>\r\n<td class=\"cvagas\">CR<\/td>\r\n<td class=\"cremuneracao\">R$ 2.565,32 \/20h<\/td>\r\n<\/tr><tr>\r\n<td class=\"ccargos\">\r\n<span data-balloon-length=\"medium\" aria-label=\"Licenciatura\/Gradua\u00e7\u00e3o na \u00e1rea com habilita\u00e7\u00e3o espec\u00edfica\" data-balloon-pos=\"up\">Professor de Matem\u00e1tica<\/span><\/td>\r\n<td class=\"cvagas\">CR<\/td>\r\n<td class=\"cremuneracao\">R$ 2.565,32 \/20h<\/td>\r\n<\/tr><tr>\r\n<td class=\"ccargos\">\r\n<span data-balloon-length=\"medium\" aria-label=\"Gradua\u00e7\u00e3o em Ci\u00eancias da Computa\u00e7\u00e3o, Inform\u00e1tica, An\u00e1lise de Sistemas ou Tecnologia da Informa\u00e7\u00e3o\" data-balloon-pos=\"up\">Programador de Inform\u00e1tica<\/span><\/td>\r\n<td class=\"cvagas\">CR<\/td>\r\n<td class=\"cremuneracao\">R$ 6.402,05 \/40h<\/td>\r\n<\/tr><tr>\r\n<td class=\"ccargos\">\r\n<span data-balloon-length=\"medium\" aria-label=\"Gradua\u00e7\u00e3o em Pedagogia com habilita\u00e7\u00e3o em Supervis\u00e3o Educacional ou P\u00f3s-Gradua\u00e7\u00e3o em Supervis\u00e3o Educacional\" data-balloon-pos=\"up\">Supervisor Educacional<\/span><\/td>\r\n<td class=\"cvagas\">CR<\/td>\r\n<td class=\"cremuneracao\">R$ 2.880,81 \/20h<\/td>\r\n<\/tr>\r\n    <\/tbody>\r\n  <\/table>\r\n<\/div>"},"_links":{"self":[{"href":"https:\/\/www.agrobase.com.br\/concursos\/wp-json\/wp\/v2\/posts\/286479","targetHints":{"allow":["GET"]}}],"collection":[{"href":"https:\/\/www.agrobase.com.br\/concursos\/wp-json\/wp\/v2\/posts"}],"about":[{"href":"https:\/\/www.agrobase.com.br\/concursos\/wp-json\/wp\/v2\/types\/post"}],"author":[{"embeddable":true,"href":"https:\/\/www.agrobase.com.br\/concursos\/wp-json\/wp\/v2\/users\/7"}],"replies":[{"embeddable":true,"href":"https:\/\/www.agrobase.com.br\/concursos\/wp-json\/wp\/v2\/comments?post=286479"}],"version-history":[{"count":2,"href":"https:\/\/www.agrobase.com.br\/concursos\/wp-json\/wp\/v2\/posts\/286479\/revisions"}],"predecessor-version":[{"id":286483,"href":"https:\/\/www.agrobase.com.br\/concursos\/wp-json\/wp\/v2\/posts\/286479\/revisions\/286483"}],"wp:featuredmedia":[{"embeddable":true,"href":"https:\/\/www.agrobase.com.br\/concursos\/wp-json\/wp\/v2\/media\/286478"}],"wp:attachment":[{"href":"https:\/\/www.agrobase.com.br\/concursos\/wp-json\/wp\/v2\/media?parent=286479"}],"wp:term":[{"taxonomy":"category","embeddable":true,"href":"https:\/\/www.agrobase.com.br\/concursos\/wp-json\/wp\/v2\/categories?post=286479"},{"taxonomy":"post_tag","embeddable":true,"href":"https:\/\/www.agrobase.com.br\/concursos\/wp-json\/wp\/v2\/tags?post=286479"},{"taxonomy":"_amplo","embeddable":true,"href":"https:\/\/www.agrobase.com.br\/concursos\/wp-json\/wp\/v2\/_amplo?post=286479"},{"taxonomy":"destaque","embeddable":true,"href":"https:\/\/www.agrobase.com.br\/concursos\/wp-json\/wp\/v2\/destaque?post=286479"},{"taxonomy":"instituicoes","embeddable":true,"href":"https:\/\/www.agrobase.com.br\/concursos\/wp-json\/wp\/v2\/instituicoes?post=286479"}],"curies":[{"name":"wp","href":"https:\/\/api.w.org\/{rel}","templated":true}]}}