{"id":286457,"date":"2026-09-02T07:20:48","date_gmt":"2026-09-02T10:20:48","guid":{"rendered":"https:\/\/www.agrobase.com.br\/concursos\/?p=286457"},"modified":"2026-09-01T11:38:34","modified_gmt":"2026-09-01T14:38:34","slug":"ufrn-rn-selecao-simplificada-106-2026","status":"publish","type":"post","link":"https:\/\/www.agrobase.com.br\/concursos\/2026\/ufrn-rn-selecao-simplificada-106-2026\/","title":{"rendered":"UFRN (RN) &#8211; Sele\u00e7\u00e3o Simplificada 106\/2026"},"content":{"rendered":"<h2>Informa\u00e7\u00f5es Gerais<\/h2>\n<p>A <strong>Universidade Federal do Rio Grande do Norte (UFRN)<\/strong> publicou o <strong>Edital n\u00ba 106\/2026-PROGESP, de 27 de agosto de 2026<\/strong>, divulgado no Di\u00e1rio Oficial da Uni\u00e3o n\u00ba 163, de 28\/08\/2026, que institui <strong>Processo Seletivo Simplificado para contrata\u00e7\u00e3o de Professor Substituto\/Tempor\u00e1rio<\/strong> do Magist\u00e9rio Superior e do Ensino B\u00e1sico, T\u00e9cnico e Tecnol\u00f3gico (EBTT).<\/p>\n<p>A sele\u00e7\u00e3o est\u00e1 com <strong>edital publicado e inscri\u00e7\u00f5es previstas<\/strong> para setembro de 2026. A contrata\u00e7\u00e3o ocorrer\u00e1 em <strong>regime tempor\u00e1rio<\/strong>, nos termos da <em>Lei n\u00ba 8.745\/93<\/em>, com aplica\u00e7\u00e3o da Lei n\u00ba 12.772\/2012 e da Resolu\u00e7\u00e3o n\u00ba 009\/2022-CONSEPE.<\/p>\n<p>Ao todo, s\u00e3o <strong>02 vagas imediatas e forma\u00e7\u00e3o de cadastro de reserva (CR)<\/strong> distribu\u00eddas em cerca de 30 \u00e1reas de conhecimento, todas de <strong>n\u00edvel superior<\/strong>. A remunera\u00e7\u00e3o varia de <strong>R$ 3.954,52 a R$ 9.532,33<\/strong>, conforme a titula\u00e7\u00e3o apresentada e a carga hor\u00e1ria do posto (20h ou 40h semanais).<\/p>\n<p>As oportunidades contemplam \u00e1reas variadas, como Direito Processual, Ci\u00eancias Atuariais\/Demografia, Matem\u00e1tica e Matem\u00e1tica Aplicada, Artes Visuais, Dan\u00e7a, Pr\u00e1ticas Vocais, L\u00edngua Alem\u00e3, Contabilidade, Engenharias (Ci\u00eancias T\u00e9rmicas, Projeto de M\u00e1quinas, Processos de Fabrica\u00e7\u00e3o, Circuitos L\u00f3gicos Digitais, Processamento Digital de Sinais) e diversas especialidades m\u00e9dicas, como Ginecologia e Obstetr\u00edcia, Otorrinolaringologia, Pediatria, Oftalmologia e Medicina de Fam\u00edlia e Comunidade.<\/p>\n<p>Merecem destaque especial para o nosso p\u00fablico as vagas em <strong>Medicina Veterin\u00e1ria Preventiva<\/strong> (Professor EBTT, 40h), <strong>Engenharia de Alimentos<\/strong> (20h) e <strong>Ecologia Geral<\/strong>, esta \u00faltima aberta a doutores em Ecologia, <strong>Engenharia Ambiental<\/strong>, Ci\u00eancias Ambientais ou Conserva\u00e7\u00e3o da Biodiversidade \u2014 oportunidades relevantes para profissionais das <strong>Ci\u00eancias Agr\u00e1rias, Biol\u00f3gicas e Ambientais<\/strong>.<\/p>\n<h2>Inscri\u00e7\u00f5es<\/h2>\n<p>As inscri\u00e7\u00f5es para o Processo Seletivo Simplificado da UFRN ser\u00e3o realizadas <strong>exclusivamente pela internet<\/strong>, a partir do <strong>dia 07 de setembro de 2026 at\u00e9 as 23h59 do dia 21 de setembro de 2026<\/strong>, observado o hor\u00e1rio local.<\/p>\n<p>O endere\u00e7o oficial para inscri\u00e7\u00e3o \u00e9 o <strong>portal SIGRH da UFRN<\/strong>, dispon\u00edvel em <strong>https:\/\/sigrh.ufrn.br<\/strong>, no caminho <em>Menu Concursos &gt; Concursos Abertos<\/em>, onde ficam dispon\u00edveis o edital completo e o Formul\u00e1rio de Inscri\u00e7\u00e3o (Anexo II).<\/p>\n<p>Veja o passo a passo para se inscrever:<\/p>\n<ul>\n<li>Acessar o site https:\/\/sigrh.ufrn.br e localizar o certame em <em>Concursos Abertos<\/em>;<\/li>\n<li>Preencher integralmente o <strong>Formul\u00e1rio de Inscri\u00e7\u00e3o<\/strong>, seguindo as instru\u00e7\u00f5es nele contidas;<\/li>\n<li>Enviar eletronicamente o formul\u00e1rio;<\/li>\n<li>Imprimir a <strong>GRU \u2013 Guia de Recolhimento da Uni\u00e3o<\/strong>;<\/li>\n<li>Efetuar o pagamento da taxa no local indicado na GRU.<\/li>\n<\/ul>\n<p>A <strong>taxa de inscri\u00e7\u00e3o \u00e9 de R$ 100,00<\/strong>, em valor \u00fanico para todas as \u00e1reas de conhecimento. O pagamento deve ser realizado no per\u00edodo de <strong>09 de setembro de 2026 a 24 de setembro de 2026<\/strong><\/p>\n<h2>Etapas e Provas<\/h2>\n<p>O Processo Seletivo Simplificado da UFRN ser\u00e1 conduzido pelos Departamentos e Unidades Acad\u00eamicas respons\u00e1veis por cada \u00e1rea. As provas <strong>poder\u00e3o ocorrer no per\u00edodo de 19 de outubro a 06 de novembro de 2026<\/strong>, sendo aplicadas no <strong>munic\u00edpio de lota\u00e7\u00e3o<\/strong> do Departamento ou Unidade Acad\u00eamica Especializada da vaga ofertada, considerando o hor\u00e1rio local.<\/p>\n<p>A sele\u00e7\u00e3o \u00e9 composta pelas seguintes avalia\u00e7\u00f5es, realizadas nesta ordem:<\/p>\n<ul>\n<li><strong>Prova Escrita (quando aplic\u00e1vel)<\/strong> \u2014 de car\u00e1ter <strong>eliminat\u00f3rio e classificat\u00f3rio<\/strong>, com <strong>quest\u00f5es de m\u00faltipla escolha<\/strong>. Ser\u00e1 aplicada obrigatoriamente como primeira avalia\u00e7\u00e3o nas \u00e1reas de conhecimento\/disciplina em que o n\u00famero de inscritos <strong>ultrapassar 12 candidatos<\/strong>. A prova \u00e9 <em>presencial<\/em> e tem dura\u00e7\u00e3o m\u00e1xima de <strong>4 horas<\/strong>, ressalvadas as hip\u00f3teses de atendimento especial previstas no edital.<\/li>\n<li><strong>Prova Did\u00e1tica<\/strong> \u2014 de car\u00e1ter <strong>eliminat\u00f3rio e classificat\u00f3rio<\/strong>, aplicada a todas as \u00e1reas. A apresenta\u00e7\u00e3o deve ter dura\u00e7\u00e3o <strong>m\u00ednima de 45 minutos e m\u00e1xima de 60 minutos<\/strong>, seguida de argui\u00e7\u00e3o pela banca examinadora.<\/li>\n<li><strong>Prova de T\u00edtulos<\/strong> \u2014 de car\u00e1ter <strong>exclusivamente classificat\u00f3rio<\/strong>, na qual s\u00e3o pontuados titula\u00e7\u00e3o acad\u00eamica, produ\u00e7\u00e3o cient\u00edfica e experi\u00eancia profissional e docente do candidato.<\/li>\n<\/ul>\n<p>Os conte\u00fados exigidos correspondem aos <em>pontos definidos para cada \u00e1rea de conhecimento\/disciplina<\/em>, divulgados nos anexos do edital e nas publica\u00e7\u00f5es dos respectivos Departamentos e Unidades Acad\u00eamicas.<\/p>\n<h2>Resultados e Gabarito<\/h2>\n<p>Os resultados de cada etapa do Processo Seletivo Simplificado da UFRN \u2014 <strong>prova escrita, prova did\u00e1tica, prova de t\u00edtulos e resultado final<\/strong> \u2014 ser\u00e3o divulgados pelos respectivos Departamentos e Unidades Acad\u00eamicas e publicados no <strong>Di\u00e1rio Oficial da Uni\u00e3o (DOU)<\/strong>, al\u00e9m de ficarem dispon\u00edveis no portal <strong>https:\/\/sigrh.ufrn.br<\/strong>.<\/p>\n<p>Quanto aos recursos, o edital estabelece que, dos resultados da <strong>prova did\u00e1tica, da prova de t\u00edtulos ou do resultado final<\/strong> publicados no DOU, cabe recurso no prazo de <strong>10 (dez) dias corridos<\/strong>, contados da data da respectiva publica\u00e7\u00e3o. O recurso deve ser dirigido:<\/p>\n<ul>\n<li>ao <strong>Conselho de Centro (CONSEC)<\/strong>, quando a vaga for vinculada a Departamento Acad\u00eamico;<\/li>\n<li>ao <strong>CONSEPE<\/strong>, quando se tratar de Unidade Acad\u00eamica Especializada, Unidade de Ensino ou Col\u00e9gio de Aplica\u00e7\u00e3o.<\/li>\n<\/ul>\n<p>A classifica\u00e7\u00e3o final considera o desempenho do candidato no conjunto das avalia\u00e7\u00f5es previstas, sendo a prova did\u00e1tica de car\u00e1ter eliminat\u00f3rio e classificat\u00f3rio e a prova de t\u00edtulos de car\u00e1ter classificat\u00f3rio. Ap\u00f3s a divulga\u00e7\u00e3o do resultado final e o julgamento de eventuais recursos, o certame segue para <strong>homologa\u00e7\u00e3o<\/strong>, ato oficial que valida o processo seletivo e habilita a convoca\u00e7\u00e3o dos aprovados para contrata\u00e7\u00e3o tempor\u00e1ria, nos termos da <em>Lei n\u00ba 8.745\/93<\/em>.<\/p>\n<p>Refor\u00e7amos: \u00e9 de <strong>inteira responsabilidade do candidato<\/strong> acompanhar a publica\u00e7\u00e3o de todos os atos, editais, comunicados e resultados referentes a este processo seletivo no <strong>Di\u00e1rio Oficial da Uni\u00e3o<\/strong> e no s\u00edtio <strong>https:\/\/sigrh.ufrn.br<\/strong>. A perda de prazos por falta de acompanhamento n\u00e3o \u00e9 justificativa aceita pela institui\u00e7\u00e3o.<\/p>\n","protected":false},"excerpt":{"rendered":"<p>Inscri\u00e7\u00f5es abrem 07\/09! Sele\u00e7\u00e3o Simplificada UFRN (RN) para Professor Superior e EBTT. Sal\u00e1rios de R$ 3,9k a R$ 9,5k. 2+CR vagas. Confira o edital!<\/p>\n","protected":false},"author":7,"featured_media":286456,"comment_status":"open","ping_status":"open","sticky":false,"template":"","format":"standard","meta":{"_acf_changed":false,"_breakdance_hide_in_design_set":false,"_breakdance_tags":"","footnotes":""},"categories":[145,126,9,121,10,97,6434,12,13,151,79,103,142,104,133,102,136,111,116,21,22,119,25,26],"tags":[57],"_amplo":[],"destaque":[],"instituicoes":[],"class_list":["post-286457","post","type-post","status-publish","format-standard","has-post-thumbnail","hentry","category-artes-cenicas","category-ciencia-computacao","category-ciencias-contabeis","category-ciencias-sociais","category-direito","category-ecologia","category-educacao-fisica-licenciatura","category-enfermagem","category-engenharia-ambiental","category-engenharia-computacao","category-engenharia-alimentos","category-engenharia-eletrica","category-engenharia-eletronica","category-engenharia-mecanica","category-engenharia-mecatronica","category-engenharia-quimica","category-estatistica","category-geografia","category-matematica","category-medicina","category-veterinaria","category-musica","category-pedagogia","category-psicologia","tag-rio-grande-do-norte"],"acf":{"_tipo_vagas":"vagas","_numero_vagas":"","_quadro_vagas":"","_cargos":"diversos","_cargos_especificos":"","_salario_max":"R$ 9532.33","_abertura":"20260907","_encerramento":"20260921","_inscricoes":"https:\/\/sigrh.ufrn.br","_executora_concurso":"","_instituicao_concurso":[],"_link_adicional":null,"_anexos":null,"_produtos":null,"_vagas":"02 vagas + CR","_salario_min":"R$ 3954.52","_instituicao":"Universidade Federal do Rio Grande do Norte","_edital":"https:\/\/www.agrobase.com.br\/concursos\/wp-content\/uploads\/sites\/4\/2026\/09\/edital-106-2026-da-ufrn-rn.pdf","_anexos_edital":"https:\/\/www.agrobase.com.br\/concursos\/wp-content\/uploads\/sites\/4\/2026\/09\/anexos-edital-106-2026-da-ufrn-rn.pdf","_fund_incompleto":"","_fund_completo":"","_medio":"","_superior":"<div>\r\n<table class=\"quadro\">\r\n<thead>\r\n<tr>\r\n<th class=\"hcargo\">Cargo<\/th>\r\n<th class=\"hvagas\">Vagas<\/th>\r\n<th class=\"hremuneracao\">Remunera\u00e7\u00e3o<\/th>\r\n<\/tr>\r\n<\/thead>\r\n    <tbody>\r\n      <tr>\r\n<td class=\"ccargos\">\r\n<span data-balloon-length=\"medium\" aria-label=\"Gradua\u00e7\u00e3o em Direito e P\u00f3s-Gradua\u00e7\u00e3o Stricto Sensu em Direito Processual e Proped\u00eautica\" data-balloon-pos=\"up\">Professor do Magist\u00e9rio Superior - Direito Processual e Proped\u00eautica<\/span><\/td>\r\n<td class=\"cvagas\">CR<\/td>\r\n<td class=\"cremuneracao\">R$ 9.532,33 \/40h<\/td>\r\n<\/tr><tr>\r\n<td class=\"ccargos\">\r\n<span data-balloon-length=\"medium\" aria-label=\"Gradua\u00e7\u00e3o em Ci\u00eancias Atuariais ou em Economia ou em Estat\u00edstica ou em Geografia ou em Ci\u00eancias Sociais ou em Gest\u00e3o de Pol\u00edticas P\u00fablicas ou em Matem\u00e1tica ou em Ci\u00eancias Cont\u00e1beis + P\u00f3s-Gradua\u00e7\u00e3o Stricto Sensu Demografia\" data-balloon-pos=\"up\">Professor do Magist\u00e9rio Superior - Ci\u00eancias Atuariais \/ Demografia<\/span><\/td>\r\n<td class=\"cvagas\">CR<\/td>\r\n<td class=\"cremuneracao\">R$ 9.532,33 \/40h<\/td>\r\n<\/tr><tr>\r\n<td class=\"ccargos\">\r\n<span data-balloon-length=\"medium\" aria-label=\"Gradua\u00e7\u00e3o em Matem\u00e1tica e P\u00f3s-Gradua\u00e7\u00e3o Stricto Sensu em Matem\u00e1tica ou Matem\u00e1tica Aplicada\" data-balloon-pos=\"up\">Professor do Magist\u00e9rio Superior - Matem\u00e1tica \/ Matem\u00e1tica Aplicada<\/span><\/td>\r\n<td class=\"cvagas\">CR<\/td>\r\n<td class=\"cremuneracao\">R$ 9.532,33 \/40h<\/td>\r\n<\/tr><tr>\r\n<td class=\"ccargos\">\r\n<span data-balloon-length=\"medium\" aria-label=\"P\u00f3s-Gradua\u00e7\u00e3o Stricto Sensu em Arte, Artes Visuais, Estudos Da M\u00eddia, Comunica\u00e7\u00e3o ou \u00e1reas correlatas\" data-balloon-pos=\"up\">Professor do Magist\u00e9rio Superior - Artes Visuais\/Arte e Tecnologia<\/span><\/td>\r\n<td class=\"cvagas\">CR<\/td>\r\n<td class=\"cremuneracao\">R$ 5.633,78 \/20h<\/td>\r\n<\/tr><tr>\r\n<td class=\"ccargos\">\r\n<span data-balloon-length=\"medium\" aria-label=\"P\u00f3s-Gradua\u00e7\u00e3o Lato Sensu em Dan\u00e7a, Artes C\u00eanicas, Ensino da Dan\u00e7a ou P\u00f3s-Gradua\u00e7\u00e3o Stricto Sensu em Artes C\u00eanicas, Dan\u00e7a ou \u00e1reas correlatas\" data-balloon-pos=\"up\">Professor do Magist\u00e9rio Superior - Dan\u00e7a e Educa\u00e7\u00e3o<\/span><\/td>\r\n<td class=\"cvagas\">CR<\/td>\r\n<td class=\"cremuneracao\">R$ 5.633,78 \/20h<\/td>\r\n<\/tr><tr>\r\n<td class=\"ccargos\">\r\n<span data-balloon-length=\"medium\" aria-label=\"P\u00f3s-gradua\u00e7\u00e3o Lato (Especializa\u00e7\u00e3o) ou Stricto Sensu (Mestrado ou Doutorado) em Teatro ou em Artes C\u00eanicas ou em Artes da Cena\" data-balloon-pos=\"up\">Professor do Magist\u00e9rio Superior - Pr\u00e1ticas Vocais<\/span><\/td>\r\n<td class=\"cvagas\">CR<\/td>\r\n<td class=\"cremuneracao\">R$ 5.633,78 \/20h<\/td>\r\n<\/tr><tr>\r\n<td class=\"ccargos\">\r\n<span data-balloon-length=\"medium\" aria-label=\"Gradua\u00e7\u00e3o em Letras ou Educa\u00e7\u00e3o ou Tradu\u00e7\u00e3o, com P\u00f3s-gradua\u00e7\u00e3o Lato Senso em L\u00edngua Alem\u00e3 ou Stricto Senso em Letras ou Lingu\u00edstica Aplicada ou Tradu\u00e7\u00e3o, voltadas para o ensino da L\u00edngua Alem\u00e3\" data-balloon-pos=\"up\">Professor do Magist\u00e9rio Superior - L\u00edngua Alem\u00e3<\/span><\/td>\r\n<td class=\"cvagas\">CR<\/td>\r\n<td class=\"cremuneracao\">R$ 9.532,33 \/40h<\/td>\r\n<\/tr><tr>\r\n<td class=\"ccargos\">\r\n<span data-balloon-length=\"medium\" aria-label=\"Gradua\u00e7\u00e3o em Medicina e Resid\u00eancia M\u00e9dica em Ginecologia e Obstetr\u00edcia\" data-balloon-pos=\"up\">Professor do Magist\u00e9rio Superior - Ginecologia e Obstetr\u00edcia<\/span><\/td>\r\n<td class=\"cvagas\">CR<\/td>\r\n<td class=\"cremuneracao\">R$ 5.633,78 \/20h<\/td>\r\n<\/tr><tr>\r\n<td class=\"ccargos\">\r\n<span data-balloon-length=\"medium\" aria-label=\"Gradua\u00e7\u00e3o em Medicina e Resid\u00eancia M\u00e9dica em Otorrinolaringologia\" data-balloon-pos=\"up\">Professor do Magist\u00e9rio Superior - Otorrinolaringologia<\/span><\/td>\r\n<td class=\"cvagas\">CR<\/td>\r\n<td class=\"cremuneracao\">R$ 5.633,78 \/20h<\/td>\r\n<\/tr><tr>\r\n<td class=\"ccargos\">\r\n<span data-balloon-length=\"medium\" aria-label=\"Gradua\u00e7\u00e3o em Medicina e Resid\u00eancia m\u00e9dica em cl\u00ednica m\u00e9dica ou em cardiologia e\/ou t\u00edtulo de especialista em cl\u00ednica m\u00e9dica ou em cardiologia\" data-balloon-pos=\"up\">Professor do Magist\u00e9rio Superior - Inicia\u00e7\u00e3o ao Exame Cl\u00ednico<\/span><\/td>\r\n<td class=\"cvagas\">CR<\/td>\r\n<td class=\"cremuneracao\">R$ 5.633,78 \/20h<\/td>\r\n<\/tr><tr>\r\n<td class=\"ccargos\">\r\n<span data-balloon-length=\"medium\" aria-label=\"Gradua\u00e7\u00e3o em \u00e1rea da sa\u00fade e P\u00f3s-Gradua\u00e7\u00e3o Stricto Sensu na \u00e1rea de Sa\u00fade Coletiva da CAPES\" data-balloon-pos=\"up\">Professor do Magist\u00e9rio Superior - Sa\u00fade Coletiva<\/span><\/td>\r\n<td class=\"cvagas\">CR<\/td>\r\n<td class=\"cremuneracao\">R$ 9.532,33 \/40h<\/td>\r\n<\/tr><tr>\r\n<td class=\"ccargos\">\r\n<span data-balloon-length=\"medium\" aria-label=\"Gradua\u00e7\u00e3o em Educa\u00e7\u00e3o F\u00edsica e Doutorado em Educa\u00e7\u00e3o F\u00edsica, Educa\u00e7\u00e3o, Ci\u00eancias da Sa\u00fade ou \u00e1reas afins\" data-balloon-pos=\"up\">Professor do Magist\u00e9rio Superior - S\u00f3cio-filos\u00f3fica \/ Pedag\u00f3gica<\/span><\/td>\r\n<td class=\"cvagas\">CR<\/td>\r\n<td class=\"cremuneracao\">R$ 9.532,33 \/40h<\/td>\r\n<\/tr><tr>\r\n<td class=\"ccargos\">\r\n<span data-balloon-length=\"medium\" aria-label=\"Gradua\u00e7\u00e3o em Engenharia El\u00e9trica ou Engenharia de Computa\u00e7\u00e3o ou Engenharia Eletr\u00f4nica ou Engenharia Mecatr\u00f4nica + P\u00f3s-Gradua\u00e7\u00e3o Lato ou Stricto Sensu em Engenharia ou \u00e1reas afins\" data-balloon-pos=\"up\">Professor do Magist\u00e9rio Superior - Circuitos L\u00f3gicos Digitais<\/span><\/td>\r\n<td class=\"cvagas\">CR<\/td>\r\n<td class=\"cremuneracao\">R$ 5.633,78 \/20h<\/td>\r\n<\/tr><tr>\r\n<td class=\"ccargos\">\r\n<span data-balloon-length=\"medium\" aria-label=\"Gradua\u00e7\u00e3o em Engenharia de Alimentos ou Engenharia Qu\u00edmica e P\u00f3s-Gradua\u00e7\u00e3o Stricto Sensu em Engenharia de Alimentos ou Engenharia Qu\u00edmica ou em \u00e1reas correlatas\" data-balloon-pos=\"up\">Professor do Magist\u00e9rio Superior - Engenharia de Alimentos<\/span><\/td>\r\n<td class=\"cvagas\">CR<\/td>\r\n<td class=\"cremuneracao\">R$ 5.633,78 \/20h<\/td>\r\n<\/tr><tr>\r\n<td class=\"ccargos\">\r\n<span data-balloon-length=\"medium\" aria-label=\"P\u00f3s-Gradua\u00e7\u00e3o Stricto Sensu (Mestrado ou Doutorado) em Engenharia Biom\u00e9dica ou Engenharia El\u00e9trica ou Engenharia da Computa\u00e7\u00e3o ou Ci\u00eancia da Computa\u00e7\u00e3o ou Sistemas de Informa\u00e7\u00e3o ou Inform\u00e1tica em Sa\u00fade ou Sa\u00fade Digital ou Gest\u00e3o e Inova\u00e7\u00e3o em Sa\u00fade\" data-balloon-pos=\"up\">Professor do Magist\u00e9rio Superior - Inform\u00e1tica em Sa\u00fade e Sa\u00fade Digital<\/span><\/td>\r\n<td class=\"cvagas\">CR<\/td>\r\n<td class=\"cremuneracao\">R$ 5.633,78 \/20h<\/td>\r\n<\/tr><tr>\r\n<td class=\"ccargos\">\r\n<span data-balloon-length=\"medium\" aria-label=\"P\u00f3s-Gradua\u00e7\u00e3o Stricto Sensu (Mestrado ou Doutorado) em Engenharia Biom\u00e9dica ou Engenharia El\u00e9trica ou Engenharia da Computa\u00e7\u00e3o ou Ci\u00eancias da Computa\u00e7\u00e3o\" data-balloon-pos=\"up\">Professor do Magist\u00e9rio Superior - Processamento Digital de Sinais, Sinais e Sistemas e Sistemas Digitais<\/span><\/td>\r\n<td class=\"cvagas\">CR<\/td>\r\n<td class=\"cremuneracao\">R$ 5.633,78 \/20h<\/td>\r\n<\/tr><tr>\r\n<td class=\"ccargos\">\r\n<span data-balloon-length=\"medium\" aria-label=\"P\u00f3s-Gradua\u00e7\u00e3o Stricto Sensu em Engenharia\" data-balloon-pos=\"up\">Professor do Magist\u00e9rio Superior - Ci\u00eancias T\u00e9rmicas<\/span><\/td>\r\n<td class=\"cvagas\">CR<\/td>\r\n<td class=\"cremuneracao\">R$ 5.633,78 \/20h<\/td>\r\n<\/tr><tr>\r\n<td class=\"ccargos\">\r\n<span data-balloon-length=\"medium\" aria-label=\"P\u00f3s-Gradua\u00e7\u00e3o Stricto Sensu em Engenharia\" data-balloon-pos=\"up\">Professor do Magist\u00e9rio Superior - Projeto de M\u00e1quinas e Mecanismos<\/span><\/td>\r\n<td class=\"cvagas\">CR<\/td>\r\n<td class=\"cremuneracao\">R$ 5.633,78 \/20h<\/td>\r\n<\/tr><tr>\r\n<td class=\"ccargos\">\r\n<span data-balloon-length=\"medium\" aria-label=\"P\u00f3s-Gradua\u00e7\u00e3o Stricto Sensu em Engenharia\" data-balloon-pos=\"up\">Professor do Magist\u00e9rio Superior - Processos de Fabrica\u00e7\u00e3o, Metrologia e Indica\u00e7\u00e3o de Toler\u00e2ncias<\/span><\/td>\r\n<td class=\"cvagas\">CR<\/td>\r\n<td class=\"cremuneracao\">R$ 5.633,78 \/20h<\/td>\r\n<\/tr><tr>\r\n<td class=\"ccargos\">\r\n<span data-balloon-length=\"medium\" aria-label=\"Doutorado em Ecologia ou em Engenharia Ambiental ou em Ci\u00eancias Ambientais ou em Conserva\u00e7\u00e3o da Biodiversidade\" data-balloon-pos=\"up\">Professor do Magist\u00e9rio Superior - Ecologia Geral<\/span><\/td>\r\n<td class=\"cvagas\">CR<\/td>\r\n<td class=\"cremuneracao\">R$ 9.532,33 \/40h<\/td>\r\n<\/tr><tr>\r\n<td class=\"ccargos\">\r\n<span data-balloon-length=\"medium\" aria-label=\"Gradua\u00e7\u00e3o em Ci\u00eancias Cont\u00e1beis + P\u00f3s-Gradua\u00e7\u00e3o Lato ou Stricto Sensu em Ci\u00eancias Cont\u00e1beis\" data-balloon-pos=\"up\">Professor do Magist\u00e9rio Superior - Contabilidade Geral<\/span><\/td>\r\n<td class=\"cvagas\">CR<\/td>\r\n<td class=\"cremuneracao\">R$ 9.532,33 \/40h<\/td>\r\n<\/tr><tr>\r\n<td class=\"ccargos\">\r\n<span data-balloon-length=\"medium\" aria-label=\"Gradua\u00e7\u00e3o em Matem\u00e1tica + P\u00f3s-Gradua\u00e7\u00e3o Lato ou Stricto Sensu em Matem\u00e1tica\" data-balloon-pos=\"up\">Professor do Magist\u00e9rio Superior - C\u00e1lculo e \u00c1lgebra Linear<\/span><\/td>\r\n<td class=\"cvagas\">CR<\/td>\r\n<td class=\"cremuneracao\">R$ 9.532,33 \/40h<\/td>\r\n<\/tr><tr>\r\n<td class=\"ccargos\">\r\n<span data-balloon-length=\"medium\" aria-label=\"Gradua\u00e7\u00e3o em Medicina e Resid\u00eancia M\u00e9dica em Medicina de Fam\u00edlia e Comunidade ou T\u00edtulo de Especialista em Medicina de Fam\u00edlia e Comunidade com RQE\" data-balloon-pos=\"up\">Professor do Magist\u00e9rio Superior - Medicina de Fam\u00edlia e Comunidade \/ Viv\u00eancia Integrada na Comunidade \/ Internato e Resid\u00eancia<\/span><\/td>\r\n<td class=\"cvagas\">01<\/td>\r\n<td class=\"cremuneracao\">R$ 5.633,78 \/20h<\/td>\r\n<\/tr><tr>\r\n<td class=\"ccargos\">\r\n<span data-balloon-length=\"medium\" aria-label=\"Gradua\u00e7\u00e3o em Medicina e Resid\u00eancia M\u00e9dica em Oftalmologia\" data-balloon-pos=\"up\">Professor do Magist\u00e9rio Superior - Oftalmologia \/ Ensino Tutorial, Habilidades e Comunidade \/ Internato e Resid\u00eancia<\/span><\/td>\r\n<td class=\"cvagas\">01<\/td>\r\n<td class=\"cremuneracao\">R$ 5.633,78 \/20h<\/td>\r\n<\/tr><tr>\r\n<td class=\"ccargos\">\r\n<span data-balloon-length=\"medium\" aria-label=\"Gradua\u00e7\u00e3o em Psicologia e P\u00f3s-Gradua\u00e7\u00e3o Stricto Sensu em Psicologia ou em Ci\u00eancias da Sa\u00fade\" data-balloon-pos=\"up\">Professor do Magist\u00e9rio Superior - Psicologia e Desenvolvimento Humano \/ Ensino Tutorial \/ Ensino na Comunidade \/ Habilidades \/ VIC \/ Resid\u00eancia<\/span><\/td>\r\n<td class=\"cvagas\">CR<\/td>\r\n<td class=\"cremuneracao\">R$ 9.532,33 \/40h<\/td>\r\n<\/tr><tr>\r\n<td class=\"ccargos\">\r\n<span data-balloon-length=\"medium\" aria-label=\"Gradua\u00e7\u00e3o em Medicina e Resid\u00eancia M\u00e9dica em Pediatria\" data-balloon-pos=\"up\">Professor do Magist\u00e9rio Superior - Pediatria \/ Viv\u00eancia Integrada na Comunidade \/ Internato e Resid\u00eancia<\/span><\/td>\r\n<td class=\"cvagas\">CR<\/td>\r\n<td class=\"cremuneracao\">R$ 5.633,78 \/20h<\/td>\r\n<\/tr><tr>\r\n<td class=\"ccargos\">\r\n<span data-balloon-length=\"medium\" aria-label=\"Gradua\u00e7\u00e3o em M\u00fasica\" data-balloon-pos=\"up\">Professor EBTT - Reg\u00eancia e M\u00fasica de C\u00e2mara<\/span><\/td>\r\n<td class=\"cvagas\">CR<\/td>\r\n<td class=\"cremuneracao\">R$ 5.633,78 \/20h<\/td>\r\n<\/tr><tr>\r\n<td class=\"ccargos\">\r\n<span data-balloon-length=\"medium\" aria-label=\"Gradua\u00e7\u00e3o em Medicina Veterin\u00e1ria\" data-balloon-pos=\"up\">Professor EBTT - Medicina Veterin\u00e1ria Preventiva<\/span><\/td>\r\n<td class=\"cvagas\">CR<\/td>\r\n<td class=\"cremuneracao\">R$ 9.532,33 \/40h<\/td>\r\n<\/tr><tr>\r\n<td class=\"ccargos\">\r\n<span data-balloon-length=\"medium\" aria-label=\"Gradua\u00e7\u00e3o em Enfermagem\" data-balloon-pos=\"up\">Professor EBTT - Assist\u00eancia de Enfermagem nos Diferentes Ciclos de Vida na Aten\u00e7\u00e3o B\u00e1sica, M\u00e9dia e Alta Complexidade<\/span><\/td>\r\n<td class=\"cvagas\">CR<\/td>\r\n<td class=\"cremuneracao\">R$ 9.532,33 \/40h<\/td>\r\n<\/tr><tr>\r\n<td class=\"ccargos\">\r\n<span data-balloon-length=\"medium\" aria-label=\"Gradua\u00e7\u00e3o em qualquer \u00e1rea e P\u00f3s-Gradua\u00e7\u00e3o Lato ou Stricto Sensu\" data-balloon-pos=\"up\">Professor EBTT - Matem\u00e1tica<\/span><\/td>\r\n<td class=\"cvagas\">CR<\/td>\r\n<td class=\"cremuneracao\">R$ 9.532,33 \/40h<\/td>\r\n<\/tr>\r\n    <\/tbody>\r\n  <\/table>\r\n<\/div>"},"_links":{"self":[{"href":"https:\/\/www.agrobase.com.br\/concursos\/wp-json\/wp\/v2\/posts\/286457","targetHints":{"allow":["GET"]}}],"collection":[{"href":"https:\/\/www.agrobase.com.br\/concursos\/wp-json\/wp\/v2\/posts"}],"about":[{"href":"https:\/\/www.agrobase.com.br\/concursos\/wp-json\/wp\/v2\/types\/post"}],"author":[{"embeddable":true,"href":"https:\/\/www.agrobase.com.br\/concursos\/wp-json\/wp\/v2\/users\/7"}],"replies":[{"embeddable":true,"href":"https:\/\/www.agrobase.com.br\/concursos\/wp-json\/wp\/v2\/comments?post=286457"}],"version-history":[{"count":2,"href":"https:\/\/www.agrobase.com.br\/concursos\/wp-json\/wp\/v2\/posts\/286457\/revisions"}],"predecessor-version":[{"id":286461,"href":"https:\/\/www.agrobase.com.br\/concursos\/wp-json\/wp\/v2\/posts\/286457\/revisions\/286461"}],"wp:featuredmedia":[{"embeddable":true,"href":"https:\/\/www.agrobase.com.br\/concursos\/wp-json\/wp\/v2\/media\/286456"}],"wp:attachment":[{"href":"https:\/\/www.agrobase.com.br\/concursos\/wp-json\/wp\/v2\/media?parent=286457"}],"wp:term":[{"taxonomy":"category","embeddable":true,"href":"https:\/\/www.agrobase.com.br\/concursos\/wp-json\/wp\/v2\/categories?post=286457"},{"taxonomy":"post_tag","embeddable":true,"href":"https:\/\/www.agrobase.com.br\/concursos\/wp-json\/wp\/v2\/tags?post=286457"},{"taxonomy":"_amplo","embeddable":true,"href":"https:\/\/www.agrobase.com.br\/concursos\/wp-json\/wp\/v2\/_amplo?post=286457"},{"taxonomy":"destaque","embeddable":true,"href":"https:\/\/www.agrobase.com.br\/concursos\/wp-json\/wp\/v2\/destaque?post=286457"},{"taxonomy":"instituicoes","embeddable":true,"href":"https:\/\/www.agrobase.com.br\/concursos\/wp-json\/wp\/v2\/instituicoes?post=286457"}],"curies":[{"name":"wp","href":"https:\/\/api.w.org\/{rel}","templated":true}]}}