{"id":286439,"date":"2026-09-01T08:30:28","date_gmt":"2026-09-01T11:30:28","guid":{"rendered":"https:\/\/www.agrobase.com.br\/concursos\/?p=286439"},"modified":"2026-08-31T14:55:58","modified_gmt":"2026-08-31T17:55:58","slug":"prefeitura-conquista-doeste-mt-selecao-simplificada-01-2026","status":"publish","type":"post","link":"https:\/\/www.agrobase.com.br\/concursos\/2026\/prefeitura-conquista-doeste-mt-selecao-simplificada-01-2026\/","title":{"rendered":"Prefeitura Conquista D\u2019Oeste (MT) &#8211; Sele\u00e7\u00e3o Simplificada 01\/2026"},"content":{"rendered":"<h2>Informa\u00e7\u00f5es Gerais<\/h2>\n<p>A <strong>Prefeitura Municipal de Conquista D&#8217;Oeste (MT)<\/strong> tornou p\u00fablico o <strong>Edital n\u00ba 001\/2026 do Processo Seletivo Simplificado<\/strong>, organizado pela Comiss\u00e3o Organizadora institu\u00edda pela Portaria n\u00ba 130\/2026 e executado pelo <em>Instituto Select<\/em>. O certame j\u00e1 est\u00e1 com o edital publicado e prev\u00ea a realiza\u00e7\u00e3o de provas objetivas, prova de t\u00edtulos e prova pr\u00e1tica.<\/p>\n<p>A sele\u00e7\u00e3o destina-se \u00e0 <strong>contrata\u00e7\u00e3o tempor\u00e1ria<\/strong> para atender necessidade tempor\u00e1ria de excepcional interesse p\u00fablico, conforme o artigo 37, inciso IX, da Constitui\u00e7\u00e3o Federal e as Leis Municipais n\u00ba 673\/2025 e n\u00ba 709\/2026. Ao todo, s\u00e3o <strong>02 vagas imediatas<\/strong> mais a forma\u00e7\u00e3o de <strong>cadastro de reserva (CR)<\/strong>.<\/p>\n<p>As oportunidades contemplam os n\u00edveis <strong>Fundamental, M\u00e9dio\/T\u00e9cnico e Superior<\/strong>, com remunera\u00e7\u00f5es que variam de <strong>R$ 1.750,68 a R$ 5.915,21<\/strong>, conforme o cargo e a carga hor\u00e1ria.<\/p>\n<p>Confira um resumo das \u00e1reas contempladas:<\/p>\n<ul>\n<li><strong>N\u00edvel Fundamental:<\/strong> Merendeira (01 vaga), Motorista, Operador de M\u00e1quinas e Tratorista (cadastro de reserva);<\/li>\n<li><strong>N\u00edvel M\u00e9dio\/T\u00e9cnico:<\/strong> Assistente de Desenvolvimento Educacional, Assistente de Inclus\u00e3o Educacional, T\u00e9cnico em Enfermagem e T\u00e9cnico em Radiologia (cadastro de reserva);<\/li>\n<li><strong>N\u00edvel Superior:<\/strong> Orientador Social (01 vaga) e Professor da Educa\u00e7\u00e3o B\u00e1sica (cadastro de reserva), ambos exigindo Licenciatura Plena em Pedagogia.<\/li>\n<\/ul>\n<p>Os cargos de <em>Motorista<\/em>, <em>Operador de M\u00e1quinas<\/em> e <em>Tratorista<\/em> exigem CNH nas categorias indicadas em edital e passar\u00e3o por prova pr\u00e1tica. J\u00e1 os cargos t\u00e9cnicos da \u00e1rea de sa\u00fade exigem registro no respectivo Conselho de Classe.<\/p>\n<h2>Inscri\u00e7\u00f5es<\/h2>\n<p>As inscri\u00e7\u00f5es para o Processo Seletivo Simplificado n\u00ba 001\/2026 da Prefeitura de Conquista D&#8217;Oeste &#8211; MT ser\u00e3o realizadas <strong>exclusivamente pela internet<\/strong>, no endere\u00e7o eletr\u00f4nico <strong>www.institutoselect.org<\/strong>, banca respons\u00e1vel pela organiza\u00e7\u00e3o do certame.<\/p>\n<p>O per\u00edodo de inscri\u00e7\u00e3o vai <strong>das 08h00 do dia 26 de agosto de 2026 at\u00e9 as 23h59 do dia 13 de setembro de 2026<\/strong>, observado o hor\u00e1rio oficial de Bras\u00edlia.<\/p>\n<p>Os valores da taxa de inscri\u00e7\u00e3o variam conforme o n\u00edvel de escolaridade do cargo pretendido:<\/p>\n<ul>\n<li><strong>N\u00edvel Superior:<\/strong> R$ 80,00<\/li>\n<li><strong>N\u00edvel M\u00e9dio \/ M\u00e9dio-T\u00e9cnico:<\/strong> R$ 60,00<\/li>\n<li><strong>N\u00edvel Fundamental:<\/strong> R$ 40,00<\/li>\n<\/ul>\n<h2>Etapas e Provas<\/h2>\n<p>O Processo Seletivo Simplificado n\u00ba 001\/2026 de Conquista D&#8217;Oeste &#8211; MT ser\u00e1 composto por at\u00e9 tr\u00eas fases, conforme o cargo escolhido:<\/p>\n<ul>\n<li><strong>1\u00aa Etapa \u2013 Prova Objetiva:<\/strong> de car\u00e1ter <strong>eliminat\u00f3rio e classificat\u00f3rio<\/strong>, aplicada a todos os candidatos. A prova ter\u00e1 dura\u00e7\u00e3o de <strong>3 (tr\u00eas) horas<\/strong> e est\u00e1 prevista para o dia <strong>20 de setembro de 2026<\/strong>.<\/li>\n<li><strong>2\u00aa Etapa \u2013 Prova de T\u00edtulos:<\/strong> de car\u00e1ter <strong>classificat\u00f3rio<\/strong>, destinada apenas aos cargos de <em>Orientador Social, T\u00e9cnico em Radiologia, T\u00e9cnico em Enfermagem, Professor da Educa\u00e7\u00e3o B\u00e1sica, Assistente de Desenvolvimento Educacional (30 horas) e Assistente de Inclus\u00e3o Educacional<\/em>.<\/li>\n<li><strong>3\u00aa Etapa \u2013 Prova Pr\u00e1tica:<\/strong> de car\u00e1ter <strong>eliminat\u00f3rio e classificat\u00f3rio<\/strong>, exclusiva para os cargos de <em>Motorista, Tratorista e Operador de M\u00e1quinas<\/em>.<\/li>\n<\/ul>\n<p>A aplica\u00e7\u00e3o da prova objetiva ocorrer\u00e1 em dois turnos, observado o hor\u00e1rio oficial de Bras\u00edlia:<\/p>\n<ul>\n<li><strong>Turno matutino (08h00 \u00e0s 11h00):<\/strong> Merendeira, Motorista (e respectivas rotas escolares), Tratorista, Operador de M\u00e1quinas, Assistente de Desenvolvimento Educacional (30 horas), Assistente de Inclus\u00e3o Educacional, T\u00e9cnico em Radiologia e T\u00e9cnico em Enfermagem;<\/li>\n<li><strong>Turno vespertino (13h00 \u00e0s 16h00):<\/strong> Professor da Educa\u00e7\u00e3o B\u00e1sica e Orientador Social.<\/li>\n<\/ul>\n<p>A <strong>Prova Pr\u00e1tica<\/strong> ser\u00e1 realizada na <strong>mesma data da Prova Objetiva<\/strong>, em hor\u00e1rio de contraturno, na cidade de Conquista D&#8217;Oeste &#8211; MT. O local e o hor\u00e1rio exatos ser\u00e3o divulgados por meio de Edital de Convoca\u00e7\u00e3o espec\u00edfico, publicado no endere\u00e7o eletr\u00f4nico www.institutoselect.org com anteced\u00eancia m\u00ednima de <strong>48 (quarenta e oito) horas<\/strong>.<\/p>\n<h2>Resultados e Gabarito<\/h2>\n<p>Todos os <strong>resultados preliminares e definitivos<\/strong> do Processo Seletivo Simplificado n\u00ba 001\/2026 ser\u00e3o publicados na p\u00e1gina oficial do certame, acess\u00edvel pelo endere\u00e7o eletr\u00f4nico <strong>www.institutoselect.org<\/strong>, nas datas previstas em edital e nas que forem divulgadas oportunamente.<\/p>\n<p>O acompanhamento inclui as publica\u00e7\u00f5es referentes a cada fase do certame \u2014 prova objetiva, prova de t\u00edtulos e prova pr\u00e1tica \u2014, al\u00e9m dos prazos de recurso previstos no edital. Recomenda-se que o candidato acesse periodicamente a \u00e1rea do candidato no site da banca para verificar sua situa\u00e7\u00e3o.<\/p>\n<p>O <strong>resultado final<\/strong> ser\u00e1 <strong>homologado e publicado pela Prefeitura Municipal de Conquista D&#8217;Oeste &#8211; MT<\/strong> e tamb\u00e9m divulgado no endere\u00e7o eletr\u00f4nico www.institutoselect.org. A homologa\u00e7\u00e3o \u00e9 o ato oficial que valida todas as etapas do processo seletivo e consolida a classifica\u00e7\u00e3o definitiva dos candidatos, habilitando-os \u00e0 convoca\u00e7\u00e3o para contrata\u00e7\u00e3o tempor\u00e1ria conforme a necessidade da Administra\u00e7\u00e3o e a ordem de classifica\u00e7\u00e3o.<\/p>\n<p>Al\u00e9m do site da banca organizadora, \u00e9 recomend\u00e1vel acompanhar as publica\u00e7\u00f5es oficiais do munic\u00edpio, como o Di\u00e1rio Oficial e o portal da Prefeitura, onde s\u00e3o divulgados os atos de homologa\u00e7\u00e3o e as futuras convoca\u00e7\u00f5es.<\/p>\n<p>O acompanhamento de <strong>todas as publica\u00e7\u00f5es oficiais \u00e9 de responsabilidade exclusiva do candidato<\/strong>. Prazos de recurso, convoca\u00e7\u00f5es e apresenta\u00e7\u00e3o de documentos costumam ser curtos, e a perda de qualquer etapa por desinforma\u00e7\u00e3o pode resultar em elimina\u00e7\u00e3o. Mantenha seus dados cadastrais atualizados e consulte o edital sempre que houver d\u00favidas.<\/p>\n","protected":false},"excerpt":{"rendered":"<p>Inscri\u00e7\u00f5es abertas! Processo Seletivo da Pref. de Conquista D\u2019Oeste (MT) para Professor e Orientador Social (todos os n\u00edveis). 2+CR vagas at\u00e9 13\/09. Veja o edital!<\/p>\n","protected":false},"author":7,"featured_media":286438,"comment_status":"open","ping_status":"open","sticky":false,"template":"","format":"standard","meta":{"_acf_changed":false,"_breakdance_hide_in_design_set":false,"_breakdance_tags":"","footnotes":""},"categories":[25,108],"tags":[47],"_amplo":[],"destaque":[],"instituicoes":[],"class_list":["post-286439","post","type-post","status-publish","format-standard","has-post-thumbnail","hentry","category-pedagogia","category-tecnico-enfermagem","tag-mato-grosso"],"acf":{"_tipo_vagas":"vagas","_numero_vagas":"","_quadro_vagas":"","_cargos":"diversos","_cargos_especificos":"","_salario_max":"R$ 5915.21","_abertura":"20260826","_encerramento":"20260913","_inscricoes":"https:\/\/www.institutoselect.org","_executora_concurso":"","_instituicao_concurso":[],"_link_adicional":null,"_anexos":null,"_produtos":null,"_vagas":"02 vagas + CR","_salario_min":"R$ 1750.68","_instituicao":"Prefeitura de Conquista D\u2019Oeste","_edital":"https:\/\/www.agrobase.com.br\/concursos\/wp-content\/uploads\/sites\/4\/2026\/08\/edital-01-2026-da-prefeitura-de-conquista-doeste-mt.pdf","_anexos_edital":"","_fund_incompleto":"","_fund_completo":"<div>\r\n<table class=\"quadro\">\r\n<thead>\r\n<tr>\r\n<th class=\"hcargo\">Cargo<\/th>\r\n<th class=\"hvagas\">Vagas<\/th>\r\n<th class=\"hremuneracao\">Remunera\u00e7\u00e3o<\/th>\r\n<\/tr>\r\n<\/thead>\r\n    <tbody>\r\n      <td class=\"ccargos\">\r\n<span data-balloon-length=\"medium\" aria-label=\"Ensino Fundamental Completo\" data-balloon-pos=\"up\">Merendeira<\/span><\/td>\r\n<td class=\"cvagas\">01<\/td>\r\n<td class=\"cremuneracao\">R$ 1.750,68 \/30 horas<\/td>\r\n<\/tr><td class=\"ccargos\">\r\n<span data-balloon-length=\"medium\" data-balloon-pos=\"up\">Motorista<\/span><\/td>\r\n<td class=\"cvagas\">CR<\/td>\r\n<td class=\"cremuneracao\">R$ 2.726,46 \/40 horas<\/td>\r\n<\/tr><td class=\"ccargos\">\r\n<span data-balloon-length=\"medium\" data-balloon-pos=\"up\">Operador de M\u00e1quinas<\/span><\/td>\r\n<td class=\"cvagas\">CR<\/td>\r\n<td class=\"cremuneracao\">R$ 3.578,48 \/40 horas<\/td>\r\n<\/tr><td class=\"ccargos\">\r\n<span data-balloon-length=\"medium\" data-balloon-pos=\"up\">Tratorista<\/span><\/td>\r\n<td class=\"cvagas\">CR<\/td>\r\n<td class=\"cremuneracao\">R$ 2.930,95 \/40 horas<\/td>\r\n<\/tr>\r\n    <\/tbody>\r\n  <\/table>\r\n<\/div>","_medio":"<div>\r\n<table class=\"quadro\">\r\n<thead>\r\n<tr>\r\n<th class=\"hcargo\">Cargo<\/th>\r\n<th class=\"hvagas\">Vagas<\/th>\r\n<th class=\"hremuneracao\">Remunera\u00e7\u00e3o<\/th>\r\n<\/tr>\r\n<\/thead>\r\n    <tbody>\r\n      <td class=\"ccargos\">\r\n<span data-balloon-length=\"medium\" aria-label=\"Ensino M\u00e9dio Completo + Sexo Feminino, conforme Lei Municipal n\u00ba 134\/2024\" data-balloon-pos=\"up\">Assistente de Desenvolvimento Educacional<\/span><\/td>\r\n<td class=\"cvagas\">CR<\/td>\r\n<td class=\"cremuneracao\">R$ 2.385,66 \/30 horas<\/td>\r\n<\/tr><td class=\"ccargos\">\r\n<span data-balloon-length=\"medium\" aria-label=\"Ensino M\u00e9dio Completo\" data-balloon-pos=\"up\">Assistente de Inclus\u00e3o Educacional<\/span><\/td>\r\n<td class=\"cvagas\">CR<\/td>\r\n<td class=\"cremuneracao\">R$ 3.180,87 \/40 horas<\/td>\r\n<\/tr><td class=\"ccargos\">\r\n<span data-balloon-length=\"medium\" aria-label=\"Ensino M\u00e9dio-T\u00e9cnico em Enfermagem + Registro no respectivo Conselho de Classe\" data-balloon-pos=\"up\">T\u00e9cnico em Enfermagem<\/span><\/td>\r\n<td class=\"cvagas\">CR<\/td>\r\n<td class=\"cremuneracao\">R$ 3.433,90 \/40 horas<\/td>\r\n<\/tr><td class=\"ccargos\">\r\n<span data-balloon-length=\"medium\" aria-label=\"Ensino M\u00e9dio-T\u00e9cnico em Radiologia + Registro no respectivo Conselho de Classe\" data-balloon-pos=\"up\">T\u00e9cnico em Radiologia<\/span><\/td>\r\n<td class=\"cvagas\">CR<\/td>\r\n<td class=\"cremuneracao\">R$ 5.680,12 \/24 horas<\/td>\r\n<\/tr>\r\n    <\/tbody>\r\n  <\/table>\r\n<\/div>","_superior":"<div>\r\n<table class=\"quadro\">\r\n<thead>\r\n<tr>\r\n<th class=\"hcargo\">Cargo<\/th>\r\n<th class=\"hvagas\">Vagas<\/th>\r\n<th class=\"hremuneracao\">Remunera\u00e7\u00e3o<\/th>\r\n<\/tr>\r\n<\/thead>\r\n    <tbody>\r\n      <tr>\r\n<td class=\"ccargos\">\r\n<span data-balloon-length=\"medium\" aria-label=\"Licenciatura Plena em Pedagogia\" data-balloon-pos=\"up\">Orientador Social<\/span><\/td>\r\n<td class=\"cvagas\">01<\/td>\r\n<td class=\"cremuneracao\">R$ 5.915,21 \/40 horas<\/td>\r\n<\/tr><tr>\r\n<td class=\"ccargos\">\r\n<span data-balloon-length=\"medium\" aria-label=\"Licenciatura Plena em Pedagogia\" data-balloon-pos=\"up\">Professor da Educa\u00e7\u00e3o B\u00e1sica<\/span><\/td>\r\n<td class=\"cvagas\">CR<\/td>\r\n<td class=\"cremuneracao\">R$ 5.138,57 \/27 horas<\/td>\r\n<\/tr>\r\n    <\/tbody>\r\n  <\/table>\r\n<\/div>"},"_links":{"self":[{"href":"https:\/\/www.agrobase.com.br\/concursos\/wp-json\/wp\/v2\/posts\/286439","targetHints":{"allow":["GET"]}}],"collection":[{"href":"https:\/\/www.agrobase.com.br\/concursos\/wp-json\/wp\/v2\/posts"}],"about":[{"href":"https:\/\/www.agrobase.com.br\/concursos\/wp-json\/wp\/v2\/types\/post"}],"author":[{"embeddable":true,"href":"https:\/\/www.agrobase.com.br\/concursos\/wp-json\/wp\/v2\/users\/7"}],"replies":[{"embeddable":true,"href":"https:\/\/www.agrobase.com.br\/concursos\/wp-json\/wp\/v2\/comments?post=286439"}],"version-history":[{"count":2,"href":"https:\/\/www.agrobase.com.br\/concursos\/wp-json\/wp\/v2\/posts\/286439\/revisions"}],"predecessor-version":[{"id":286442,"href":"https:\/\/www.agrobase.com.br\/concursos\/wp-json\/wp\/v2\/posts\/286439\/revisions\/286442"}],"wp:featuredmedia":[{"embeddable":true,"href":"https:\/\/www.agrobase.com.br\/concursos\/wp-json\/wp\/v2\/media\/286438"}],"wp:attachment":[{"href":"https:\/\/www.agrobase.com.br\/concursos\/wp-json\/wp\/v2\/media?parent=286439"}],"wp:term":[{"taxonomy":"category","embeddable":true,"href":"https:\/\/www.agrobase.com.br\/concursos\/wp-json\/wp\/v2\/categories?post=286439"},{"taxonomy":"post_tag","embeddable":true,"href":"https:\/\/www.agrobase.com.br\/concursos\/wp-json\/wp\/v2\/tags?post=286439"},{"taxonomy":"_amplo","embeddable":true,"href":"https:\/\/www.agrobase.com.br\/concursos\/wp-json\/wp\/v2\/_amplo?post=286439"},{"taxonomy":"destaque","embeddable":true,"href":"https:\/\/www.agrobase.com.br\/concursos\/wp-json\/wp\/v2\/destaque?post=286439"},{"taxonomy":"instituicoes","embeddable":true,"href":"https:\/\/www.agrobase.com.br\/concursos\/wp-json\/wp\/v2\/instituicoes?post=286439"}],"curies":[{"name":"wp","href":"https:\/\/api.w.org\/{rel}","templated":true}]}}