{"id":286332,"date":"2026-08-31T08:44:59","date_gmt":"2026-08-31T11:44:59","guid":{"rendered":"https:\/\/www.agrobase.com.br\/concursos\/?p=286332"},"modified":"2026-08-31T08:44:59","modified_gmt":"2026-08-31T11:44:59","slug":"prefeitura-lucas-do-rio-verde-mt-selecao-simplificada-01-2026","status":"publish","type":"post","link":"https:\/\/www.agrobase.com.br\/concursos\/2026\/prefeitura-lucas-do-rio-verde-mt-selecao-simplificada-01-2026\/","title":{"rendered":"Prefeitura Lucas do Rio Verde (MT) &#8211; Sele\u00e7\u00e3o Simplificada 01\/2026"},"content":{"rendered":"<h2>Informa\u00e7\u00f5es Gerais<\/h2>\n<p>A <strong>Prefeitura Municipal de Lucas do Rio Verde (MT)<\/strong> divulgou o edital de <strong>Processo Seletivo Simplificado<\/strong> destinado \u00e0 <strong>contrata\u00e7\u00e3o tempor\u00e1ria e \u00e0 forma\u00e7\u00e3o de cadastro de reserva<\/strong> de profissionais para atua\u00e7\u00e3o junto \u00e0s Secretarias Municipais, com destaque para as \u00e1reas de Educa\u00e7\u00e3o, Sa\u00fade, Meio Ambiente e Esporte e Lazer. A organiza\u00e7\u00e3o \u00e9 do <strong>Instituto Selecon<\/strong>, e a sele\u00e7\u00e3o segue as normas da Lei Municipal n\u00ba 3.278\/2021 e demais legisla\u00e7\u00f5es municipais aplic\u00e1veis.<\/p>\n<p>O certame n\u00e3o oferece vagas imediatas: todas as fun\u00e7\u00f5es s\u00e3o para <strong>cadastro de reserva (CR)<\/strong>, com convoca\u00e7\u00e3o conforme a necessidade da Administra\u00e7\u00e3o Municipal e o regime de <em>contrata\u00e7\u00e3o tempor\u00e1ria<\/em>.<\/p>\n<p>As oportunidades contemplam os n\u00edveis <strong>Fundamental Completo, M\u00e9dio\/T\u00e9cnico e Superior<\/strong>, com remunera\u00e7\u00f5es que variam de <strong>R$ 2.746,65 a R$ 23.684,41<\/strong>, conforme a fun\u00e7\u00e3o e a carga hor\u00e1ria (20h, 30h ou 40h semanais).<\/p>\n<p>Entre as principais \u00e1reas com oportunidades est\u00e3o:<\/p>\n<ul>\n<li><strong>N\u00edvel Fundamental:<\/strong> Motorista de Ambul\u00e2ncia, Motorista de Transporte Escolar, Padeiro e T\u00e9cnico de Infraestrutura \u2013 \u00c1rea Alimenta\u00e7\u00e3o;<\/li>\n<li><strong>N\u00edvel M\u00e9dio\/T\u00e9cnico:<\/strong> Agente Comunit\u00e1rio de Sa\u00fade, Agente de Combate \u00e0s Endemias, Ajudante Administrativo, Auxiliar de Sa\u00fade Bucal, T\u00e9cnico Administrativo Educacional (Monitoria e Secretaria), T\u00e9cnico de Enfermagem, T\u00e9cnico de Laborat\u00f3rio em An\u00e1lises Cl\u00ednicas e T\u00e9cnico de Radiologia;<\/li>\n<li><strong>N\u00edvel Superior:<\/strong> ampla oferta na sa\u00fade (M\u00e9dico, M\u00e9dico de Fam\u00edlia e Comunidade, Enfermeiro, Dentista, Farmac\u00eautico, Bioqu\u00edmico, Fisioterapeuta, Fonoaudi\u00f3logo, Psic\u00f3logo, Assistente Social), na educa\u00e7\u00e3o (Professores de diversas disciplinas, incluindo <strong>Ci\u00eancias \u2013 Licenciatura em Ci\u00eancias Biol\u00f3gicas<\/strong>) e no esporte (Orientadores de Atividade F\u00edsica e Desportiva em v\u00e1rias modalidades).<\/li>\n<\/ul>\n<p>Merecem destaque especial para os profissionais das ci\u00eancias agr\u00e1rias, ambientais e da sa\u00fade as fun\u00e7\u00f5es de <strong>M\u00e9dico Veterin\u00e1rio<\/strong> (Curso Superior em Medicina Veterin\u00e1ria e registro no CRMV, 40h, <strong>R$ 8.756,39<\/strong>), <strong>Nutricionista<\/strong> (Curso Superior em Nutri\u00e7\u00e3o e registro no CRN, 40h, <strong>R$ 8.756,39<\/strong>) e <strong>Professor de Ci\u00eancias<\/strong>, exclusiva para licenciados em <strong>Ci\u00eancias Biol\u00f3gicas<\/strong> (30h, R$ 6.255,47).<\/p>\n<h2>Inscri\u00e7\u00f5es<\/h2>\n<p>As inscri\u00e7\u00f5es ser\u00e3o realizadas <strong>exclusivamente pela internet<\/strong>, no endere\u00e7o eletr\u00f4nico do Instituto Selecon: <strong>https:\/\/selecon.org.br\/<\/strong>, a partir das <strong>00h01min do dia 26 de agosto de 2026<\/strong> at\u00e9 as <strong>23h59min do dia 16 de setembro de 2026<\/strong>, observadas as datas estabelecidas no Cronograma (Anexo I do edital).<\/p>\n<p>Os valores das <strong>taxas de inscri\u00e7\u00e3o<\/strong> variam conforme o n\u00edvel de escolaridade da fun\u00e7\u00e3o escolhida:<\/p>\n<ul>\n<li><strong>N\u00edvel Fundamental:<\/strong> R$ 70,00;<\/li>\n<li><strong>N\u00edvel M\u00e9dio\/T\u00e9cnico:<\/strong> R$ 95,00;<\/li>\n<li><strong>N\u00edvel Superior (exceto M\u00e9dico):<\/strong> R$ 130,00;<\/li>\n<li><strong>M\u00e9dico:<\/strong> R$ 180,00.<\/li>\n<\/ul>\n<h2>Etapas e Provas<\/h2>\n<p>O Processo Seletivo Simplificado da Prefeitura de Lucas do Rio Verde (MT) ser\u00e1 composto por <strong>at\u00e9 2 etapas<\/strong>, conforme a fun\u00e7\u00e3o escolhida:<\/p>\n<ul>\n<li><strong>Etapa 1 \u2013 Prova Objetiva (para todas as fun\u00e7\u00f5es):<\/strong> de car\u00e1ter <strong>eliminat\u00f3rio e classificat\u00f3rio<\/strong>, composta por <strong>20 quest\u00f5es objetivas<\/strong> com 4 alternativas cada, abrangendo <em>Conhecimentos B\u00e1sicos<\/em> e <em>Conhecimentos Espec\u00edficos<\/em>. Cada quest\u00e3o vale <strong>5 pontos<\/strong>, totalizando <strong>100 pontos<\/strong>. A dura\u00e7\u00e3o \u00e9 de <strong>2 horas<\/strong>, com aplica\u00e7\u00e3o em data definida no Cronograma (Anexo I) nos seguintes hor\u00e1rios: das <strong>09h \u00e0s 11h<\/strong> para todas as fun\u00e7\u00f5es das Secretarias de Educa\u00e7\u00e3o, Meio Ambiente e Sa\u00fade; e das <strong>14h \u00e0s 16h<\/strong> para todas as fun\u00e7\u00f5es da Secretaria de Esporte e Lazer.<\/li>\n<li><strong>Etapa 2 \u2013 Prova Pr\u00e1tico-Did\u00e1tica (somente para Orientador(a) de Atividade F\u00edsica e Desportiva \u2013 modalidade Nata\u00e7\u00e3o):<\/strong> Prova Pr\u00e1tica de Desempenho Did\u00e1tico, de car\u00e1ter <strong>eliminat\u00f3rio<\/strong>, realizada no munic\u00edpio de <strong>Lucas do Rio Verde<\/strong>, em data prevista no Cronograma (Anexo I). A avalia\u00e7\u00e3o ter\u00e1 dura\u00e7\u00e3o <strong>m\u00ednima de 30 minutos e m\u00e1xima de 45 minutos<\/strong>, contados entre a convoca\u00e7\u00e3o nominal do candidato e a entrega do <em>Plano de Aula<\/em>.<\/li>\n<\/ul>\n<p>Portanto, candidatos de todas as demais fun\u00e7\u00f5es ser\u00e3o avaliados exclusivamente pela Prova Objetiva, enquanto os inscritos para a modalidade Nata\u00e7\u00e3o passar\u00e3o tamb\u00e9m pela avalia\u00e7\u00e3o pr\u00e1tico-did\u00e1tica.<\/p>\n<h2>Resultados e Gabarito<\/h2>\n<p>Os <strong>gabaritos oficiais das provas objetivas<\/strong> ser\u00e3o divulgados na internet, no endere\u00e7o eletr\u00f4nico <strong>https:\/\/selecon.org.br\/<\/strong>, no <strong>primeiro dia \u00fatil ap\u00f3s a realiza\u00e7\u00e3o da prova<\/strong>.<\/p>\n<p>O <strong>resultado final<\/strong> do Processo Seletivo Simplificado dos candidatos aprovados corresponder\u00e1 ao <strong>total de pontos obtidos na 1\u00aa etapa (Prova Objetiva)<\/strong> e ser\u00e1 divulgado em data especificada no Cronograma (Anexo I), obedecendo rigorosamente \u00e0 <strong>ordem de classifica\u00e7\u00e3o<\/strong>. Para a fun\u00e7\u00e3o de Orientador(a) de Atividade F\u00edsica e Desportiva \u2013 Nata\u00e7\u00e3o, tamb\u00e9m ser\u00e1 considerada a aprova\u00e7\u00e3o na Prova Pr\u00e1tica de Desempenho Did\u00e1tico, de car\u00e1ter eliminat\u00f3rio.<\/p>\n<p>A divulga\u00e7\u00e3o ser\u00e1 realizada nos seguintes canais oficiais:<\/p>\n<ul>\n<li>Site do <strong>Instituto Selecon<\/strong> \u2013 https:\/\/selecon.org.br\/;<\/li>\n<li>Site da <strong>Prefeitura Municipal de Lucas do Rio Verde<\/strong> \u2013 www.lucasdorioverde.mt.gov.br;<\/li>\n<li><strong>Di\u00e1rio Oficial de Contas (TCE-MT)<\/strong> \u2013 http:\/\/www.tce.mt.gov.br\/diario.<\/li>\n<\/ul>\n<p>Ap\u00f3s transpostas todas as fases do certame, a Administra\u00e7\u00e3o P\u00fablica publicar\u00e1 a <strong>homologa\u00e7\u00e3o do resultado final<\/strong> \u2014 ato que confirma oficialmente a validade da sele\u00e7\u00e3o e a lista definitiva de classificados, habilitando as convoca\u00e7\u00f5es para contrata\u00e7\u00e3o tempor\u00e1ria conforme a necessidade das Secretarias. O <strong>Edital de resultado final<\/strong> ser\u00e1 publicado no site do Instituto Selecon, no site da Prefeitura e no Di\u00e1rio Oficial de Contas (TCE), enquanto o <strong>Ato de Homologa\u00e7\u00e3o<\/strong> ser\u00e1 divulgado no site da Prefeitura e no Di\u00e1rio Oficial de Contas (TCE).<\/p>\n<p>Vale destacar que os crit\u00e9rios de desempate, os prazos para interposi\u00e7\u00e3o de recursos contra gabaritos e resultados, al\u00e9m do prazo de validade do processo seletivo e eventual possibilidade de prorroga\u00e7\u00e3o, est\u00e3o detalhados no edital e devem ser consultados diretamente no documento oficial.<\/p>\n<p>Por fim, refor\u00e7amos: o <strong>acompanhamento de todas as publica\u00e7\u00f5es oficiais \u00e9 de responsabilidade exclusiva do candidato<\/strong>. Verifique os sites indicados com frequ\u00eancia, respeite os prazos de recurso e de apresenta\u00e7\u00e3o de documentos e n\u00e3o dependa de comunica\u00e7\u00f5es individuais para n\u00e3o perder nenhuma etapa do certame.<\/p>\n","protected":false},"excerpt":{"rendered":"<p>Inscri\u00e7\u00f5es abertas! PSS Pref. Lucas do Rio Verde (MT) p\/ Professor e M\u00e9dico (todos os n\u00edveis). Sal\u00e1rios at\u00e9 R$ 23,7 mil. At\u00e9 16\/09. Veja o edital!<\/p>\n","protected":false},"author":7,"featured_media":286331,"comment_status":"open","ping_status":"open","sticky":false,"template":"","format":"standard","meta":{"_acf_changed":false,"_breakdance_hide_in_design_set":false,"_breakdance_tags":"","footnotes":""},"categories":[6433,106,11,6434,12,17,112,18,19,111,100,20,6871,116,21,22,23,24,25,26,101,108,161,143],"tags":[47],"_amplo":[],"destaque":[],"instituicoes":[],"class_list":["post-286332","post","type-post","status-publish","format-standard","has-post-thumbnail","hentry","category-biologia-licenciatura","category-bioquimica","category-educacao-fisica","category-educacao-fisica-licenciatura","category-enfermagem","category-farmacia","category-filosofia","category-fisioterapia","category-fonoaudiologia","category-geografia","category-historia","category-letras","category-letras-ingles","category-matematica","category-medicina","category-veterinaria","category-nutricao","category-odontologia","category-pedagogia","category-psicologia","category-servico-social","category-tecnico-enfermagem","category-tecnico-laboratorio","category-tecnico-odontologia","tag-mato-grosso"],"acf":{"_tipo_vagas":"vagas","_numero_vagas":"","_quadro_vagas":"","_cargos":"diversos","_cargos_especificos":"","_salario_max":"R$ 23684.41","_abertura":"20260826","_encerramento":"20260916","_inscricoes":"https:\/\/selecon.org.br\/","_executora_concurso":"","_instituicao_concurso":[],"_link_adicional":null,"_anexos":null,"_produtos":null,"_vagas":"Cadastro Reserva","_salario_min":"R$ 2746.65","_instituicao":"Prefeitura Municipal de Lucas do Rio Verde","_edital":"https:\/\/www.agrobase.com.br\/concursos\/wp-content\/uploads\/sites\/4\/2026\/08\/edital-01-2026-da-prefeitura-de-lucas-do-rio-verde-mt.pdf","_anexos_edital":"https:\/\/www.agrobase.com.br\/concursos\/wp-content\/uploads\/sites\/4\/2026\/08\/anexos-edital-01-2026-da-prefeitura-de-lucas-do-rio-verde-mt.pdf","_fund_incompleto":"","_fund_completo":"<div>\r\n<table class=\"quadro\">\r\n<thead>\r\n<tr>\r\n<th class=\"hcargo\">Cargo<\/th>\r\n<th class=\"hvagas\">Vagas<\/th>\r\n<th class=\"hremuneracao\">Remunera\u00e7\u00e3o<\/th>\r\n<\/tr>\r\n<\/thead>\r\n    <tbody>\r\n      <td class=\"ccargos\">\r\n<span data-balloon-length=\"medium\" aria-label=\"Ensino Fundamental completo e CNH categoria D\" data-balloon-pos=\"up\">Motorista de Ambul\u00e2ncia<\/span><\/td>\r\n<td class=\"cvagas\">CR<\/td>\r\n<td class=\"cremuneracao\">R$ 3.618,76 \/40h<\/td>\r\n<\/tr><td class=\"ccargos\">\r\n<span data-balloon-length=\"medium\" aria-label=\"Ensino Fundamental completo e CNH categoria D\" data-balloon-pos=\"up\">Motorista de Transporte Escolar<\/span><\/td>\r\n<td class=\"cvagas\">CR<\/td>\r\n<td class=\"cremuneracao\">R$ 3.778,30 \/40h<\/td>\r\n<\/tr><td class=\"ccargos\">\r\n<span data-balloon-length=\"medium\" aria-label=\"Ensino Fundamental completo\" data-balloon-pos=\"up\">Padeiro<\/span><\/td>\r\n<td class=\"cvagas\">CR<\/td>\r\n<td class=\"cremuneracao\">R$ 2.995,40 \/40h<\/td>\r\n<\/tr><td class=\"ccargos\">\r\n<span data-balloon-length=\"medium\" aria-label=\"Ensino Fundamental completo\" data-balloon-pos=\"up\">T\u00e9cnico de Infraestrutura - \u00c1rea Alimenta\u00e7\u00e3o<\/span><\/td>\r\n<td class=\"cvagas\">CR<\/td>\r\n<td class=\"cremuneracao\">R$ 2.746,65 \/40h<\/td>\r\n<\/tr>\r\n    <\/tbody>\r\n  <\/table>\r\n<\/div>","_medio":"<div>\r\n<table class=\"quadro\">\r\n<thead>\r\n<tr>\r\n<th class=\"hcargo\">Cargo<\/th>\r\n<th class=\"hvagas\">Vagas<\/th>\r\n<th class=\"hremuneracao\">Remunera\u00e7\u00e3o<\/th>\r\n<\/tr>\r\n<\/thead>\r\n    <tbody>\r\n      <td class=\"ccargos\">\r\n<span data-balloon-length=\"medium\" aria-label=\"Ensino M\u00e9dio completo e residir na \u00e1rea da comunidade em que atuar desde a data de publica\u00e7\u00e3o do edital\" data-balloon-pos=\"up\">Agente Comunit\u00e1rio de Sa\u00fade<\/span><\/td>\r\n<td class=\"cvagas\">CR<\/td>\r\n<td class=\"cremuneracao\">R$ 3.242,00 \/40h<\/td>\r\n<\/tr><td class=\"ccargos\">\r\n<span data-balloon-length=\"medium\" aria-label=\"Ensino M\u00e9dio completo\" data-balloon-pos=\"up\">Agente de Combate \u00e0s Endemias<\/span><\/td>\r\n<td class=\"cvagas\">CR<\/td>\r\n<td class=\"cremuneracao\">R$ 3.242,00 \/40h<\/td>\r\n<\/tr><td class=\"ccargos\">\r\n<span data-balloon-length=\"medium\" aria-label=\"Ensino M\u00e9dio completo\" data-balloon-pos=\"up\">Ajudante Administrativo<\/span><\/td>\r\n<td class=\"cvagas\">CR<\/td>\r\n<td class=\"cremuneracao\">R$ 3.052,70 \/40h<\/td>\r\n<\/tr><td class=\"ccargos\">\r\n<span data-balloon-length=\"medium\" aria-label=\"Ensino M\u00e9dio completo, curso de Auxiliar de Sa\u00fade Bucal e inscri\u00e7\u00e3o no CRO\" data-balloon-pos=\"up\">Auxiliar de Sa\u00fade Bucal<\/span><\/td>\r\n<td class=\"cvagas\">CR<\/td>\r\n<td class=\"cremuneracao\">R$ 3.052,70 \/40h<\/td>\r\n<\/tr><td class=\"ccargos\">\r\n<span data-balloon-length=\"medium\" aria-label=\"Ensino M\u00e9dio completo\" data-balloon-pos=\"up\">T\u00e9cnico Administrativo Educacional - \u00c1rea Monitoria<\/span><\/td>\r\n<td class=\"cvagas\">CR<\/td>\r\n<td class=\"cremuneracao\">R$ 3.187,26 \/40h<\/td>\r\n<\/tr><td class=\"ccargos\">\r\n<span data-balloon-length=\"medium\" aria-label=\"Ensino M\u00e9dio completo\" data-balloon-pos=\"up\">T\u00e9cnico Administrativo Educacional - \u00c1rea Secretaria<\/span><\/td>\r\n<td class=\"cvagas\">CR<\/td>\r\n<td class=\"cremuneracao\">R$ 3.187,26 \/40h<\/td>\r\n<\/tr><td class=\"ccargos\">\r\n<span data-balloon-length=\"medium\" aria-label=\"Ensino M\u00e9dio T\u00e9cnico em Enfermagem ou curso T\u00e9cnico de Enfermagem e inscri\u00e7\u00e3o no COREN\" data-balloon-pos=\"up\">T\u00e9cnico de Enfermagem<\/span><\/td>\r\n<td class=\"cvagas\">CR<\/td>\r\n<td class=\"cremuneracao\">R$ 4.455,42 \/40h<\/td>\r\n<\/tr><td class=\"ccargos\">\r\n<span data-balloon-length=\"medium\" aria-label=\"Ensino M\u00e9dio T\u00e9cnico de Laborat\u00f3rio em An\u00e1lises Cl\u00ednicas ou Curso T\u00e9cnico em Laborat\u00f3rio de An\u00e1lises Cl\u00ednicas ou especializa\u00e7\u00e3o em an\u00e1lises cl\u00ednicas\" data-balloon-pos=\"up\">T\u00e9cnico de Laborat\u00f3rio em An\u00e1lises Cl\u00ednicas<\/span><\/td>\r\n<td class=\"cvagas\">CR<\/td>\r\n<td class=\"cremuneracao\">R$ 4.455,42 \/40h<\/td>\r\n<\/tr><td class=\"ccargos\">\r\n<span data-balloon-length=\"medium\" aria-label=\"Ensino M\u00e9dio T\u00e9cnico em Radiologia ou curso t\u00e9cnico em radiologia\" data-balloon-pos=\"up\">T\u00e9cnico de Radiologia<\/span><\/td>\r\n<td class=\"cvagas\">CR<\/td>\r\n<td class=\"cremuneracao\">R$ 4.455,42 \/20h<\/td>\r\n<\/tr>\r\n    <\/tbody>\r\n  <\/table>\r\n<\/div>","_superior":"<div>\r\n<table class=\"quadro\">\r\n<thead>\r\n<tr>\r\n<th class=\"hcargo\">Cargo<\/th>\r\n<th class=\"hvagas\">Vagas<\/th>\r\n<th class=\"hremuneracao\">Remunera\u00e7\u00e3o<\/th>\r\n<\/tr>\r\n<\/thead>\r\n    <tbody>\r\n      <tr>\r\n<td class=\"ccargos\">\r\n<span data-balloon-length=\"medium\" aria-label=\"Curso Superior de Servi\u00e7o Social e inscri\u00e7\u00e3o no CRESS\" data-balloon-pos=\"up\">Assistente Social<\/span><\/td>\r\n<td class=\"cvagas\">CR<\/td>\r\n<td class=\"cremuneracao\">R$ 8.756,39 \/30h<\/td>\r\n<\/tr><tr>\r\n<td class=\"ccargos\">\r\n<span data-balloon-length=\"medium\" aria-label=\"Curso Superior de Bioqu\u00edmica e inscri\u00e7\u00e3o no CRF\" data-balloon-pos=\"up\">Bioqu\u00edmico<\/span><\/td>\r\n<td class=\"cvagas\">CR<\/td>\r\n<td class=\"cremuneracao\">R$ 9.203,08 \/40h<\/td>\r\n<\/tr><tr>\r\n<td class=\"ccargos\">\r\n<span data-balloon-length=\"medium\" aria-label=\"Curso Superior de Odontologia e inscri\u00e7\u00e3o no CRO\" data-balloon-pos=\"up\">Dentista<\/span><\/td>\r\n<td class=\"cvagas\">CR<\/td>\r\n<td class=\"cremuneracao\">R$ 10.267,58 \/40h<\/td>\r\n<\/tr><tr>\r\n<td class=\"ccargos\">\r\n<span data-balloon-length=\"medium\" aria-label=\"Curso Superior de Enfermagem e inscri\u00e7\u00e3o no COREN\" data-balloon-pos=\"up\">Enfermeiro<\/span><\/td>\r\n<td class=\"cvagas\">CR<\/td>\r\n<td class=\"cremuneracao\">R$ 8.756,39 \/40h<\/td>\r\n<\/tr><tr>\r\n<td class=\"ccargos\">\r\n<span data-balloon-length=\"medium\" aria-label=\"Curso Superior de Farm\u00e1cia e inscri\u00e7\u00e3o ativa no respectivo Conselho de Classe\" data-balloon-pos=\"up\">Farmac\u00eautico<\/span><\/td>\r\n<td class=\"cvagas\">CR<\/td>\r\n<td class=\"cremuneracao\">R$ 8.756,39 \/40h<\/td>\r\n<\/tr><tr>\r\n<td class=\"ccargos\">\r\n<span data-balloon-length=\"medium\" aria-label=\"Curso Superior de Fisioterapia e inscri\u00e7\u00e3o no CREFITO\" data-balloon-pos=\"up\">Fisioterapeuta<\/span><\/td>\r\n<td class=\"cvagas\">CR<\/td>\r\n<td class=\"cremuneracao\">R$ 7.316,23 \/30h<\/td>\r\n<\/tr><tr>\r\n<td class=\"ccargos\">\r\n<span data-balloon-length=\"medium\" aria-label=\"Curso Superior de Fonoaudiologia e inscri\u00e7\u00e3o ativa no respectivo Conselho de Classe\" data-balloon-pos=\"up\">Fonoaudi\u00f3logo<\/span><\/td>\r\n<td class=\"cvagas\">CR<\/td>\r\n<td class=\"cremuneracao\">R$ 8.382,53 \/40h<\/td>\r\n<\/tr><tr>\r\n<td class=\"ccargos\">\r\n<span data-balloon-length=\"medium\" aria-label=\"Curso Superior em Medicina e inscri\u00e7\u00e3o ativa no respectivo CRM\" data-balloon-pos=\"up\">M\u00e9dico<\/span><\/td>\r\n<td class=\"cvagas\">CR<\/td>\r\n<td class=\"cremuneracao\">R$ 23.684,41 \/40h<\/td>\r\n<\/tr><tr>\r\n<td class=\"ccargos\">\r\n<span data-balloon-length=\"medium\" aria-label=\"Curso Superior de Medicina com Certificado de Resid\u00eancia M\u00e9dica em Medicina de Fam\u00edlia e Comunidade e inscri\u00e7\u00e3o no CRM\" data-balloon-pos=\"up\">M\u00e9dico Especialista em Medicina de Fam\u00edlia e Comunidade<\/span><\/td>\r\n<td class=\"cvagas\">CR<\/td>\r\n<td class=\"cremuneracao\">R$ 22.671,56 \/40h<\/td>\r\n<\/tr><tr>\r\n<td class=\"ccargos\">\r\n<span data-balloon-length=\"medium\" aria-label=\"Curso Superior de Nutri\u00e7\u00e3o e inscri\u00e7\u00e3o no CRN\" data-balloon-pos=\"up\">Nutricionista<\/span><\/td>\r\n<td class=\"cvagas\">CR<\/td>\r\n<td class=\"cremuneracao\">R$ 8.756,39 \/40h<\/td>\r\n<\/tr><tr>\r\n<td class=\"ccargos\">\r\n<span data-balloon-length=\"medium\" aria-label=\"Curso Superior em Educa\u00e7\u00e3o F\u00edsica (Bacharelado ou Licenciatura Plena) e inscri\u00e7\u00e3o no Conselho Regional de Educa\u00e7\u00e3o F\u00edsica - CREF\" data-balloon-pos=\"up\">Orientador(a) de Atividade F\u00edsica e Desportiva<\/span><\/td>\r\n<td class=\"cvagas\">CR<\/td>\r\n<td class=\"cremuneracao\">R$ 6.089,93 \/30h<\/td>\r\n<\/tr><tr>\r\n<td class=\"ccargos\">\r\n<span data-balloon-length=\"medium\" aria-label=\"Curso Superior em Educa\u00e7\u00e3o F\u00edsica (Bacharelado ou Licenciatura Plena) e inscri\u00e7\u00e3o no Conselho Regional de Educa\u00e7\u00e3o F\u00edsica - CREF\" data-balloon-pos=\"up\">Orientador(a) de Atividade F\u00edsica e Desportiva - Basquetebol<\/span><\/td>\r\n<td class=\"cvagas\">CR<\/td>\r\n<td class=\"cremuneracao\">R$ 6.089,93 \/30h<\/td>\r\n<\/tr><tr>\r\n<td class=\"ccargos\">\r\n<span data-balloon-length=\"medium\" aria-label=\"Curso Superior em Educa\u00e7\u00e3o F\u00edsica (Bacharelado ou Licenciatura Plena) e inscri\u00e7\u00e3o no Conselho Regional de Educa\u00e7\u00e3o F\u00edsica - CREF\" data-balloon-pos=\"up\">Orientador(a) de Atividade F\u00edsica e Desportiva - Badminton<\/span><\/td>\r\n<td class=\"cvagas\">CR<\/td>\r\n<td class=\"cremuneracao\">R$ 6.089,93 \/30h<\/td>\r\n<\/tr><tr>\r\n<td class=\"ccargos\">\r\n<span data-balloon-length=\"medium\" aria-label=\"Curso Superior em Educa\u00e7\u00e3o F\u00edsica (Bacharelado ou Licenciatura Plena) e inscri\u00e7\u00e3o no Conselho Regional de Educa\u00e7\u00e3o F\u00edsica - CREF\" data-balloon-pos=\"up\">Orientador(a) de Atividade F\u00edsica e Desportiva - Atletismo<\/span><\/td>\r\n<td class=\"cvagas\">CR<\/td>\r\n<td class=\"cremuneracao\">R$ 6.089,93 \/30h<\/td>\r\n<\/tr><tr>\r\n<td class=\"ccargos\">\r\n<span data-balloon-length=\"medium\" aria-label=\"Curso Superior em Educa\u00e7\u00e3o F\u00edsica (Bacharelado ou Licenciatura Plena) e inscri\u00e7\u00e3o no Conselho Regional de Educa\u00e7\u00e3o F\u00edsica - CREF\" data-balloon-pos=\"up\">Orientador(a) de Atividade F\u00edsica e Desportiva - Nata\u00e7\u00e3o<\/span><\/td>\r\n<td class=\"cvagas\">CR<\/td>\r\n<td class=\"cremuneracao\">R$ 6.089,93 \/30h<\/td>\r\n<\/tr><tr>\r\n<td class=\"ccargos\">\r\n<span data-balloon-length=\"medium\" aria-label=\"Curso Superior em Educa\u00e7\u00e3o F\u00edsica (Bacharelado ou Licenciatura Plena) e inscri\u00e7\u00e3o no Conselho Regional de Educa\u00e7\u00e3o F\u00edsica - CREF\" data-balloon-pos=\"up\">Orientador(a) de Atividade F\u00edsica e Desportiva - Futsal<\/span><\/td>\r\n<td class=\"cvagas\">CR<\/td>\r\n<td class=\"cremuneracao\">R$ 6.089,93 \/30h<\/td>\r\n<\/tr><tr>\r\n<td class=\"ccargos\">\r\n<span data-balloon-length=\"medium\" aria-label=\"Curso Superior em Educa\u00e7\u00e3o F\u00edsica (Bacharelado ou Licenciatura Plena) e inscri\u00e7\u00e3o no Conselho Regional de Educa\u00e7\u00e3o F\u00edsica - CREF\" data-balloon-pos=\"up\">Orientador(a) de Atividade F\u00edsica e Desportiva - Voleibol<\/span><\/td>\r\n<td class=\"cvagas\">CR<\/td>\r\n<td class=\"cremuneracao\">R$ 6.089,93 \/30h<\/td>\r\n<\/tr><tr>\r\n<td class=\"ccargos\">\r\n<span data-balloon-length=\"medium\" aria-label=\"Curso Superior em Educa\u00e7\u00e3o F\u00edsica (Bacharelado ou Licenciatura Plena) e inscri\u00e7\u00e3o no Conselho Regional de Educa\u00e7\u00e3o F\u00edsica - CREF\" data-balloon-pos=\"up\">Orientador(a) de Atividade F\u00edsica e Desportiva - Handebol<\/span><\/td>\r\n<td class=\"cvagas\">CR<\/td>\r\n<td class=\"cremuneracao\">R$ 6.089,93 \/30h<\/td>\r\n<\/tr><tr>\r\n<td class=\"ccargos\">\r\n<span data-balloon-length=\"medium\" aria-label=\"Curso Superior em Educa\u00e7\u00e3o F\u00edsica (Bacharelado ou Licenciatura Plena) e inscri\u00e7\u00e3o no Conselho Regional de Educa\u00e7\u00e3o F\u00edsica - CREF\" data-balloon-pos=\"up\">Orientador(a) de Atividade F\u00edsica e Desportiva - V\u00f4lei de Praia<\/span><\/td>\r\n<td class=\"cvagas\">CR<\/td>\r\n<td class=\"cremuneracao\">R$ 6.089,93 \/30h<\/td>\r\n<\/tr><tr>\r\n<td class=\"ccargos\">\r\n<span data-balloon-length=\"medium\" aria-label=\"Curso Superior em Educa\u00e7\u00e3o F\u00edsica (Bacharelado ou Licenciatura Plena) e inscri\u00e7\u00e3o no Conselho Regional de Educa\u00e7\u00e3o F\u00edsica - CREF\" data-balloon-pos=\"up\">Orientador(a) de Atividade F\u00edsica e Desportiva - T\u00eanis de Mesa<\/span><\/td>\r\n<td class=\"cvagas\">CR<\/td>\r\n<td class=\"cremuneracao\">R$ 6.089,93 \/30h<\/td>\r\n<\/tr><tr>\r\n<td class=\"ccargos\">\r\n<span data-balloon-length=\"medium\" aria-label=\"Curso Superior em Educa\u00e7\u00e3o F\u00edsica (Bacharelado ou Licenciatura Plena) e inscri\u00e7\u00e3o no Conselho Regional de Educa\u00e7\u00e3o F\u00edsica - CREF\" data-balloon-pos=\"up\">Orientador(a) de Atividade F\u00edsica e Desportiva - Futebol<\/span><\/td>\r\n<td class=\"cvagas\">CR<\/td>\r\n<td class=\"cremuneracao\">R$ 6.089,93 \/30h<\/td>\r\n<\/tr><tr>\r\n<td class=\"ccargos\">\r\n<span data-balloon-length=\"medium\" aria-label=\"Curso Superior em Educa\u00e7\u00e3o F\u00edsica (Bacharelado ou Licenciatura Plena) e inscri\u00e7\u00e3o no Conselho Regional de Educa\u00e7\u00e3o F\u00edsica - CREF\" data-balloon-pos=\"up\">Orientador(a) de Atividade F\u00edsica e Desportiva - Jud\u00f4<\/span><\/td>\r\n<td class=\"cvagas\">CR<\/td>\r\n<td class=\"cremuneracao\">R$ 6.089,93 \/30h<\/td>\r\n<\/tr><tr>\r\n<td class=\"ccargos\">\r\n<span data-balloon-length=\"medium\" aria-label=\"Curso Superior em Educa\u00e7\u00e3o F\u00edsica (Bacharelado ou Licenciatura Plena) e inscri\u00e7\u00e3o no Conselho Regional de Educa\u00e7\u00e3o F\u00edsica - CREF\" data-balloon-pos=\"up\">Orientador(a) de Atividade F\u00edsica e Desportiva - T\u00eanis<\/span><\/td>\r\n<td class=\"cvagas\">CR<\/td>\r\n<td class=\"cremuneracao\">R$ 6.089,93 \/30h<\/td>\r\n<\/tr><tr>\r\n<td class=\"ccargos\">\r\n<span data-balloon-length=\"medium\" aria-label=\"Curso Superior em Educa\u00e7\u00e3o F\u00edsica (Bacharelado ou Licenciatura Plena) e inscri\u00e7\u00e3o no Conselho Regional de Educa\u00e7\u00e3o F\u00edsica - CREF\" data-balloon-pos=\"up\">Orientador(a) de Atividade F\u00edsica e Desportiva - BMX<\/span><\/td>\r\n<td class=\"cvagas\">CR<\/td>\r\n<td class=\"cremuneracao\">R$ 6.089,93 \/30h<\/td>\r\n<\/tr><tr>\r\n<td class=\"ccargos\">\r\n<span data-balloon-length=\"medium\" aria-label=\"Curso Superior \u2013 Licenciatura em Educa\u00e7\u00e3o Art\u00edstica ou Artes\" data-balloon-pos=\"up\">Professor - Arte<\/span><\/td>\r\n<td class=\"cvagas\">CR<\/td>\r\n<td class=\"cremuneracao\">R$ 6.255,47 \/30h<\/td>\r\n<\/tr><tr>\r\n<td class=\"ccargos\">\r\n<span data-balloon-length=\"medium\" aria-label=\"Curso Superior \u2013 Licenciatura Plena em Ci\u00eancias Biol\u00f3gicas\" data-balloon-pos=\"up\">Professor - Ci\u00eancias<\/span><\/td>\r\n<td class=\"cvagas\">CR<\/td>\r\n<td class=\"cremuneracao\">R$ 6.255,47 \/30h<\/td>\r\n<\/tr><tr>\r\n<td class=\"ccargos\">\r\n<span data-balloon-length=\"medium\" aria-label=\"Curso Superior \u2013 Licenciatura Plena em Educa\u00e7\u00e3o F\u00edsica e Registro no Conselho Regional de Educa\u00e7\u00e3o F\u00edsica - CREF\" data-balloon-pos=\"up\">Professor - Educa\u00e7\u00e3o F\u00edsica<\/span><\/td>\r\n<td class=\"cvagas\">CR<\/td>\r\n<td class=\"cremuneracao\">R$ 6.255,47 \/30h<\/td>\r\n<\/tr><tr>\r\n<td class=\"ccargos\">\r\n<span data-balloon-length=\"medium\" aria-label=\"Curso Superior \u2013 Licenciatura Plena em Filosofia\" data-balloon-pos=\"up\">Professor - Ensino Religioso<\/span><\/td>\r\n<td class=\"cvagas\">CR<\/td>\r\n<td class=\"cremuneracao\">R$ 6.255,47 \/30h<\/td>\r\n<\/tr><tr>\r\n<td class=\"ccargos\">\r\n<span data-balloon-length=\"medium\" aria-label=\"Curso Superior \u2013 Licenciatura Plena em Geografia\" data-balloon-pos=\"up\">Professor - Geografia<\/span><\/td>\r\n<td class=\"cvagas\">CR<\/td>\r\n<td class=\"cremuneracao\">R$ 6.255,47 \/30h<\/td>\r\n<\/tr><tr>\r\n<td class=\"ccargos\">\r\n<span data-balloon-length=\"medium\" aria-label=\"Curso Superior \u2013 Licenciatura Plena em Hist\u00f3ria\" data-balloon-pos=\"up\">Professor - Hist\u00f3ria<\/span><\/td>\r\n<td class=\"cvagas\">CR<\/td>\r\n<td class=\"cremuneracao\">R$ 6.255,47 \/30h<\/td>\r\n<\/tr><tr>\r\n<td class=\"ccargos\">\r\n<span data-balloon-length=\"medium\" aria-label=\"Curso Superior \u2013 Licenciatura Plena em Estudos Sociais, Filosofia, Hist\u00f3ria ou Geografia\" data-balloon-pos=\"up\">Professor - Hist\u00f3ria e Geografia<\/span><\/td>\r\n<td class=\"cvagas\">CR<\/td>\r\n<td class=\"cremuneracao\">R$ 6.255,47 \/30h<\/td>\r\n<\/tr><tr>\r\n<td class=\"ccargos\">\r\n<span data-balloon-length=\"medium\" aria-label=\"Curso Superior - Licenciatura Plena em Letras com habilita\u00e7\u00e3o para L\u00edngua Portuguesa\" data-balloon-pos=\"up\">Professor - L\u00edngua Portuguesa<\/span><\/td>\r\n<td class=\"cvagas\">CR<\/td>\r\n<td class=\"cremuneracao\">R$ 6.255,47 \/30h<\/td>\r\n<\/tr><tr>\r\n<td class=\"ccargos\">\r\n<span data-balloon-length=\"medium\" aria-label=\"Curso Superior - Licenciatura Plena em Letras com habilita\u00e7\u00e3o para L\u00edngua Portuguesa e Inglesa\" data-balloon-pos=\"up\">Professor - L\u00edngua Portuguesa\/Inglesa<\/span><\/td>\r\n<td class=\"cvagas\">CR<\/td>\r\n<td class=\"cremuneracao\">R$ 6.255,47 \/30h<\/td>\r\n<\/tr><tr>\r\n<td class=\"ccargos\">\r\n<span data-balloon-length=\"medium\" aria-label=\"Curso Superior \u2013 Licenciatura Plena em Matem\u00e1tica\" data-balloon-pos=\"up\">Professor - Matem\u00e1tica<\/span><\/td>\r\n<td class=\"cvagas\">CR<\/td>\r\n<td class=\"cremuneracao\">R$ 6.255,47 \/30h<\/td>\r\n<\/tr><tr>\r\n<td class=\"ccargos\">\r\n<span data-balloon-length=\"medium\" aria-label=\"Curso Superior \u2013 Licenciatura Plena em Pedagogia com habilita\u00e7\u00e3o em Educa\u00e7\u00e3o Infantil e\/ou Ensino Fundamental, ou Curso Superior em Normal Superior\" data-balloon-pos=\"up\">Professor - Pedagogia<\/span><\/td>\r\n<td class=\"cvagas\">CR<\/td>\r\n<td class=\"cremuneracao\">R$ 6.255,47 \/30h<\/td>\r\n<\/tr><tr>\r\n<td class=\"ccargos\">\r\n<span data-balloon-length=\"medium\" aria-label=\"Curso Superior \u2013 Licenciatura Plena em Pedagogia com habilita\u00e7\u00e3o em Educa\u00e7\u00e3o Infantil e\/ou Ensino Fundamental, ou Curso Superior em Normal Superior com exame de profici\u00eancia em Libras\" data-balloon-pos=\"up\">Professor - Pedagogia com Atesto em Libras<\/span><\/td>\r\n<td class=\"cvagas\">CR<\/td>\r\n<td class=\"cremuneracao\">R$ 6.255,47 \/30h<\/td>\r\n<\/tr><tr>\r\n<td class=\"ccargos\">\r\n<span data-balloon-length=\"medium\" aria-label=\"Curso Superior de Psicologia e inscri\u00e7\u00e3o ativa no respectivo Conselho de Classe\" data-balloon-pos=\"up\">Psic\u00f3logo<\/span><\/td>\r\n<td class=\"cvagas\">CR<\/td>\r\n<td class=\"cremuneracao\">R$ 8.756,39 \/40h<\/td>\r\n<\/tr><tr>\r\n<td class=\"ccargos\">\r\n<span data-balloon-length=\"medium\" aria-label=\"Curso Superior de Medicina Veterin\u00e1ria e inscri\u00e7\u00e3o no CRMV\" data-balloon-pos=\"up\">Veterin\u00e1rio<\/span><\/td>\r\n<td class=\"cvagas\">CR<\/td>\r\n<td class=\"cremuneracao\">R$ 8.756,39 \/40h<\/td>\r\n<\/tr>\r\n    <\/tbody>\r\n  <\/table>\r\n<\/div>"},"_links":{"self":[{"href":"https:\/\/www.agrobase.com.br\/concursos\/wp-json\/wp\/v2\/posts\/286332","targetHints":{"allow":["GET"]}}],"collection":[{"href":"https:\/\/www.agrobase.com.br\/concursos\/wp-json\/wp\/v2\/posts"}],"about":[{"href":"https:\/\/www.agrobase.com.br\/concursos\/wp-json\/wp\/v2\/types\/post"}],"author":[{"embeddable":true,"href":"https:\/\/www.agrobase.com.br\/concursos\/wp-json\/wp\/v2\/users\/7"}],"replies":[{"embeddable":true,"href":"https:\/\/www.agrobase.com.br\/concursos\/wp-json\/wp\/v2\/comments?post=286332"}],"version-history":[{"count":2,"href":"https:\/\/www.agrobase.com.br\/concursos\/wp-json\/wp\/v2\/posts\/286332\/revisions"}],"predecessor-version":[{"id":286336,"href":"https:\/\/www.agrobase.com.br\/concursos\/wp-json\/wp\/v2\/posts\/286332\/revisions\/286336"}],"wp:featuredmedia":[{"embeddable":true,"href":"https:\/\/www.agrobase.com.br\/concursos\/wp-json\/wp\/v2\/media\/286331"}],"wp:attachment":[{"href":"https:\/\/www.agrobase.com.br\/concursos\/wp-json\/wp\/v2\/media?parent=286332"}],"wp:term":[{"taxonomy":"category","embeddable":true,"href":"https:\/\/www.agrobase.com.br\/concursos\/wp-json\/wp\/v2\/categories?post=286332"},{"taxonomy":"post_tag","embeddable":true,"href":"https:\/\/www.agrobase.com.br\/concursos\/wp-json\/wp\/v2\/tags?post=286332"},{"taxonomy":"_amplo","embeddable":true,"href":"https:\/\/www.agrobase.com.br\/concursos\/wp-json\/wp\/v2\/_amplo?post=286332"},{"taxonomy":"destaque","embeddable":true,"href":"https:\/\/www.agrobase.com.br\/concursos\/wp-json\/wp\/v2\/destaque?post=286332"},{"taxonomy":"instituicoes","embeddable":true,"href":"https:\/\/www.agrobase.com.br\/concursos\/wp-json\/wp\/v2\/instituicoes?post=286332"}],"curies":[{"name":"wp","href":"https:\/\/api.w.org\/{rel}","templated":true}]}}