{"id":286321,"date":"2026-08-28T08:20:09","date_gmt":"2026-08-28T11:20:09","guid":{"rendered":"https:\/\/www.agrobase.com.br\/concursos\/?p=286321"},"modified":"2026-08-27T14:50:15","modified_gmt":"2026-08-27T17:50:15","slug":"prefeitura-anhembi-sp-concurso-01-2026-2","status":"publish","type":"post","link":"https:\/\/www.agrobase.com.br\/concursos\/2026\/prefeitura-anhembi-sp-concurso-01-2026-2\/","title":{"rendered":"Prefeitura Anhembi (SP) &#8211; Concurso 01\/2026"},"content":{"rendered":"<h2>Informa\u00e7\u00f5es Gerais<\/h2>\n<p>A <strong>Prefeitura Municipal de Anhembi (SP)<\/strong> publicou o <strong>Edital n\u00ba 001\/2026<\/strong> de Concurso P\u00fablico, destinado ao provimento de empregos p\u00fablicos em car\u00e1ter efetivo, com contrata\u00e7\u00f5es regidas pelo <strong>regime celetista (CLT)<\/strong>. A organiza\u00e7\u00e3o, aplica\u00e7\u00e3o e avalia\u00e7\u00e3o das provas ficam sob responsabilidade do <em>INEPAM \u2013 Instituto Nacional Especializado em Pesquisa e Apoio aos Munic\u00edpios<\/em>.<\/p>\n<p>Ao todo, s\u00e3o oferecidas <strong>22 vagas imediatas, al\u00e9m de cadastro de reserva<\/strong> em diversas fun\u00e7\u00f5es, contemplando os n\u00edveis <strong>M\u00e9dio\/T\u00e9cnico e Superior<\/strong>. Os sal\u00e1rios variam de <strong>R$ 1.989,68 a R$ 6.407,17<\/strong>, conforme o emprego p\u00fablico e a carga hor\u00e1ria, que vai de 20 a 44 horas semanais.<\/p>\n<p>O certame re\u00fane oportunidades em \u00e1reas administrativas, de sa\u00fade, educa\u00e7\u00e3o, engenharia e servi\u00e7os operacionais. Entre os destaques para quem atua no setor agro e ambiental est\u00e3o as vagas de <strong>T\u00e9cnico em Agricultura<\/strong> (forma\u00e7\u00e3o t\u00e9cnica em Agricultura, Agropecu\u00e1ria ou Agroneg\u00f3cio, com remunera\u00e7\u00e3o de R$ 4.273,67) e de <strong>Analista de Meio Ambiente<\/strong>, aberto a graduados em <strong>Engenharia Ambiental, Biologia, Geografia, Gest\u00e3o Ambiental ou \u00e1reas afins<\/strong>, com sal\u00e1rio de <strong>R$ 5.515,34<\/strong>.<\/p>\n<p>Tamb\u00e9m h\u00e1 vagas para Agente de Defesa Civil, Almoxarife, Assistente Administrativo de RH, Auxiliar de Cozinha, Auxiliar de Manuten\u00e7\u00e3o e Conserva\u00e7\u00e3o da Frota Municipal, Gari, Monitor, Motorista, T\u00e9cnico em Inform\u00e1tica e T\u00e9cnico de Enfermagem, no n\u00edvel m\u00e9dio\/t\u00e9cnico. No n\u00edvel superior, o concurso oferece cargos como Analista de Compras, Analista de Contabilidade, Analista de Expediente Legislativo, Analista de Licita\u00e7\u00e3o, Arquiteto, Contador, Coordenador do CRAS, Engenheiro Civil, Farmac\u00eautico, Fonoaudi\u00f3logo, M\u00e9dico do Trabalho, Professor de Apoio Pedag\u00f3gico, Psic\u00f3logo e Tesoureiro.<\/p>\n<h2>Inscri\u00e7\u00f5es<\/h2>\n<p>As inscri\u00e7\u00f5es para o Concurso P\u00fablico n\u00ba 001\/2026 da Prefeitura Municipal de Anhembi devem ser realizadas <strong>exclusivamente pela internet<\/strong>, no site do <strong>INEPAM (www.inepam.org.br)<\/strong>, <strong>das 10h00 do dia 01 de setembro de 2026 \u00e0s 16h00 do dia 25 de setembro de 2026<\/strong> \u2014 per\u00edodo em que tamb\u00e9m estar\u00e1 dispon\u00edvel a emiss\u00e3o da 2\u00aa via do boleto.<\/p>\n<p>Para se inscrever, o candidato deve seguir os passos abaixo:<\/p>\n<ul>\n<li>Acessar o site <strong>www.inepam.org.br<\/strong>;<\/li>\n<li>Localizar o link correspondente ao <strong>Concurso P\u00fablico n\u00ba 001\/2026 da Prefeitura Municipal de Anhembi<\/strong>;<\/li>\n<li>Ler o edital na \u00edntegra e preencher total e corretamente a ficha de inscri\u00e7\u00e3o;<\/li>\n<li>Transmitir os dados da inscri\u00e7\u00e3o;<\/li>\n<li>Imprimir o boleto banc\u00e1rio;<\/li>\n<li>Efetuar o pagamento da taxa de inscri\u00e7\u00e3o dentro do prazo.<\/li>\n<\/ul>\n<p>O <strong>pagamento do boleto deve ser feito at\u00e9 o dia 25 de setembro de 2026<\/strong>, em qualquer ag\u00eancia banc\u00e1ria ou casa lot\u00e9rica. A emiss\u00e3o do boleto, ap\u00f3s o ato da inscri\u00e7\u00e3o, \u00e9 de <em>responsabilidade exclusiva do candidato<\/em>, devendo ser realizada dentro do per\u00edodo de inscri\u00e7\u00f5es.<\/p>\n<p>Vale lembrar que a inscri\u00e7\u00e3o implica o <strong>conhecimento e a aceita\u00e7\u00e3o t\u00e1cita<\/strong> de todas as normas e condi\u00e7\u00f5es do certame, incluindo eventuais aditamentos, comunicados e instru\u00e7\u00f5es espec\u00edficas. Para evitar \u00f4nus desnecess\u00e1rio, o edital orienta que o valor da inscri\u00e7\u00e3o s\u00f3 seja recolhido ap\u00f3s o candidato verificar todos os requisitos e condi\u00e7\u00f5es exigidos para o emprego pretendido.<\/p>\n<h2>Etapas e Provas<\/h2>\n<p>O Concurso P\u00fablico n\u00ba 001\/2026 da Prefeitura de Anhembi ser\u00e1 composto pelas seguintes etapas:<\/p>\n<ul>\n<li><strong>Prova Objetiva<\/strong> \u2014 de car\u00e1ter <strong>eliminat\u00f3rio e classificat\u00f3rio<\/strong>, aplicada a <strong>todos os empregos p\u00fablicos<\/strong>. A dura\u00e7\u00e3o \u00e9 de <strong>3 horas<\/strong>, j\u00e1 inclu\u00eddo o tempo para preenchimento da folha de respostas.<\/li>\n<li><strong>Prova Pr\u00e1tica<\/strong> \u2014 de car\u00e1ter <strong>eliminat\u00f3rio e classificat\u00f3rio<\/strong>, exclusiva para os empregos de <strong>Agente de Defesa Civil, Auxiliar de Manuten\u00e7\u00e3o e Conserva\u00e7\u00e3o de Frota, Gari e Motorista<\/strong>.<\/li>\n<li><strong>Prova de T\u00edtulos<\/strong> \u2014 de car\u00e1ter <strong>apenas classificat\u00f3rio<\/strong>, destinada exclusivamente ao emprego de <strong>Professor de Apoio Pedag\u00f3gico<\/strong>.<\/li>\n<\/ul>\n<p>A <strong>Prova Objetiva est\u00e1 prevista para os dias 11 e 18 de outubro de 2026<\/strong>, organizada em seis per\u00edodos de aplica\u00e7\u00e3o:<\/p>\n<ul>\n<li><strong>11\/10\/2026:<\/strong> 1\u00ba per\u00edodo a partir das 08h00, 2\u00ba per\u00edodo a partir das 13h00 e 3\u00ba per\u00edodo a partir das 17h00;<\/li>\n<li><strong>18\/10\/2026:<\/strong> 4\u00ba per\u00edodo a partir das 08h00, 5\u00ba per\u00edodo a partir das 13h00 e 6\u00ba per\u00edodo a partir das 17h00.<\/li>\n<\/ul>\n<p>Os hor\u00e1rios indicados correspondem ao momento em que <strong>os port\u00f5es ser\u00e3o fechados<\/strong>, sendo essencial chegar com anteced\u00eancia ao local de prova. A distribui\u00e7\u00e3o dos empregos p\u00fablicos entre os per\u00edodos e as datas ser\u00e1 divulgada pela banca organizadora.<\/p>\n<h2>Resultados e Gabarito<\/h2>\n<p>O <strong>gabarito oficial da prova objetiva<\/strong> ser\u00e1 disponibilizado nos sites <strong>www.inepam.org.br<\/strong> e <strong>www.anhembi.sp.gov.br<\/strong>, nas datas previstas no <em>Anexo VI \u2013 Cronograma do Concurso P\u00fablico<\/em>.<\/p>\n<p>Quanto \u00e0 classifica\u00e7\u00e3o, os candidatos aprovados ser\u00e3o ordenados de forma <strong>decrescente pela pontua\u00e7\u00e3o final<\/strong>. Os classificados ser\u00e3o enumerados <strong>por emprego p\u00fablico, em listas distintas<\/strong>:<\/p>\n<ul>\n<li><strong>Lista geral<\/strong>, com todos os candidatos aprovados;<\/li>\n<li><strong>Lista espec\u00edfica<\/strong> de candidatos com defici\u00eancia.<\/li>\n<\/ul>\n<p>Ap\u00f3s a publica\u00e7\u00e3o da <strong>Classifica\u00e7\u00e3o Final<\/strong> e vencido o prazo para interposi\u00e7\u00e3o de recursos, a <strong>Prefeitura Municipal de Anhembi homologar\u00e1 o Concurso P\u00fablico<\/strong>. A homologa\u00e7\u00e3o \u00e9 o ato oficial que valida todo o processo seletivo e marca o in\u00edcio da contagem do prazo de validade do certame.<\/p>\n<p>O concurso ter\u00e1 <strong>validade de 2 (dois) anos<\/strong>, contados da data de homologa\u00e7\u00e3o, podendo ser <strong>prorrogado uma \u00fanica vez por igual per\u00edodo<\/strong>, a crit\u00e9rio da Administra\u00e7\u00e3o Municipal.<\/p>\n<p>Todas as publica\u00e7\u00f5es \u2014 gabaritos, resultados, convoca\u00e7\u00f5es e homologa\u00e7\u00e3o \u2014 devem ser acompanhadas nos sites oficiais do <strong>INEPAM<\/strong> e da <strong>Prefeitura de Anhembi<\/strong>, al\u00e9m das publica\u00e7\u00f5es em imprensa oficial. Os crit\u00e9rios de desempate e demais detalhes sobre as etapas de divulga\u00e7\u00e3o constam no edital completo.<\/p>\n","protected":false},"excerpt":{"rendered":"<p>Inscri\u00e7\u00f5es abrem 01\/09! Concurso Pref. de Anhembi (SP) p\/ Professor e Agente de Defesa Civil (M\u00e9dio a Superior). At\u00e9 R$ 6,4 mil. Prepare-se!<\/p>\n","protected":false},"author":7,"featured_media":286320,"comment_status":"open","ping_status":"open","sticky":false,"template":"","format":"standard","meta":{"_acf_changed":false,"_breakdance_hide_in_design_set":false,"_breakdance_tags":"","footnotes":""},"categories":[3,5,6,9,10,12,13,14,17,19,111,21,25,26,30,108,130],"tags":[62],"_amplo":[],"destaque":[],"instituicoes":[],"class_list":["post-286321","post","type-post","status-publish","format-standard","has-post-thumbnail","hentry","category-administracao","category-arquitetura","category-biologia","category-ciencias-contabeis","category-direito","category-enfermagem","category-engenharia-ambiental","category-engenharia","category-farmacia","category-fonoaudiologia","category-geografia","category-medicina","category-pedagogia","category-psicologia","category-tecnico-agropecuaria","category-tecnico-enfermagem","category-tecnico-informatica","tag-sao-paulo"],"acf":{"_tipo_vagas":"vagas","_numero_vagas":"","_quadro_vagas":"","_cargos":"diversos","_cargos_especificos":"","_salario_max":"R$ 6407.17","_abertura":"20260901","_encerramento":"20260925","_inscricoes":"https:\/\/www.inepam.org.br","_executora_concurso":"","_instituicao_concurso":[],"_link_adicional":null,"_anexos":null,"_produtos":null,"_vagas":"22 vagas + CR","_salario_min":"R$ 1989.68","_instituicao":"Prefeitura Municipal de Anhembi","_edital":"https:\/\/www.agrobase.com.br\/concursos\/wp-content\/uploads\/sites\/4\/2026\/08\/edital-01-2026-da-prefeitura-de-anhembi-sp.pdf","_anexos_edital":"https:\/\/www.agrobase.com.br\/concursos\/wp-content\/uploads\/sites\/4\/2026\/08\/anexos-edital-01-2026-da-prefeitura-de-anhembi-sp.pdf","_fund_incompleto":"","_fund_completo":"","_medio":"<div>\r\n<table class=\"quadro\">\r\n<thead>\r\n<tr>\r\n<th class=\"hcargo\">Cargo<\/th>\r\n<th class=\"hvagas\">Vagas<\/th>\r\n<th class=\"hremuneracao\">Remunera\u00e7\u00e3o<\/th>\r\n<\/tr>\r\n<\/thead>\r\n    <tbody>\r\n      <td class=\"ccargos\">\r\n<span data-balloon-length=\"medium\" aria-label=\"Ensino M\u00e9dio Completo\" data-balloon-pos=\"up\">Agente de Defesa Civil<\/span><\/td>\r\n<td class=\"cvagas\">01<\/td>\r\n<td class=\"cremuneracao\">R$ 3.764,36 \/30h\/s<\/td>\r\n<\/tr><td class=\"ccargos\">\r\n<span data-balloon-length=\"medium\" aria-label=\"Ensino M\u00e9dio Completo\" data-balloon-pos=\"up\">Almoxarife<\/span><\/td>\r\n<td class=\"cvagas\">01 + CR<\/td>\r\n<td class=\"cremuneracao\">R$ 2.222,06 \/40h\/s<\/td>\r\n<\/tr><td class=\"ccargos\">\r\n<span data-balloon-length=\"medium\" aria-label=\"Curso T\u00e9cnico em Recursos Humanos com carga hor\u00e1ria de 900 horas e experi\u00eancia m\u00ednima de um ano na \u00e1rea\" data-balloon-pos=\"up\">Assistente Administrativo de RH<\/span><\/td>\r\n<td class=\"cvagas\">01<\/td>\r\n<td class=\"cremuneracao\">R$ 3.030,83 \/40h\/s<\/td>\r\n<\/tr><td class=\"ccargos\">\r\n<span data-balloon-length=\"medium\" aria-label=\"Ensino M\u00e9dio Completo\" data-balloon-pos=\"up\">Auxiliar de Cozinha<\/span><\/td>\r\n<td class=\"cvagas\">01 + CR<\/td>\r\n<td class=\"cremuneracao\">R$ 1.989,68 \/40h\/s<\/td>\r\n<\/tr><td class=\"ccargos\">\r\n<span data-balloon-length=\"medium\" aria-label=\"Ensino M\u00e9dio Completo e CNH categoria B\" data-balloon-pos=\"up\">Auxiliar de Manuten\u00e7\u00e3o e Conserva\u00e7\u00e3o da Frota Municipal<\/span><\/td>\r\n<td class=\"cvagas\">01 + CR<\/td>\r\n<td class=\"cremuneracao\">R$ 2.083,45 \/40h\/s<\/td>\r\n<\/tr><td class=\"ccargos\">\r\n<span data-balloon-length=\"medium\" aria-label=\"Ensino M\u00e9dio Completo\" data-balloon-pos=\"up\">Gari<\/span><\/td>\r\n<td class=\"cvagas\">01 + CR<\/td>\r\n<td class=\"cremuneracao\">R$ 1.989,68 \/40h\/s<\/td>\r\n<\/tr><td class=\"ccargos\">\r\n<span data-balloon-length=\"medium\" aria-label=\"Ensino M\u00e9dio Completo e Curso de extens\u00e3o\/aperfei\u00e7oamento nas \u00e1reas de: Cuidador Infantil ou Idosos\" data-balloon-pos=\"up\">Monitor<\/span><\/td>\r\n<td class=\"cvagas\">01 + CR<\/td>\r\n<td class=\"cremuneracao\">R$ 2.083,45 \/40h\/s ou 12x36<\/td>\r\n<\/tr><td class=\"ccargos\">\r\n<span data-balloon-length=\"medium\" aria-label=\"Ensino M\u00e9dio completo; CNH categoria D ou superior; Cursos obrigat\u00f3rios atualizados de Transporte Coletivo de Passageiros, Transporte Escolar e Transporte de Emerg\u00eancia\" data-balloon-pos=\"up\">Motorista<\/span><\/td>\r\n<td class=\"cvagas\">CR<\/td>\r\n<td class=\"cremuneracao\">R$ 2.343,44 \/44h\/s<\/td>\r\n<\/tr><td class=\"ccargos\">\r\n<span data-balloon-length=\"medium\" aria-label=\"Ensino M\u00e9dio + curso t\u00e9cnico em Agricultura, agropecu\u00e1ria ou Agroneg\u00f3cio\" data-balloon-pos=\"up\">T\u00e9cnico em Agricultura<\/span><\/td>\r\n<td class=\"cvagas\">01<\/td>\r\n<td class=\"cremuneracao\">R$ 4.273,67 \/30h\/s<\/td>\r\n<\/tr><td class=\"ccargos\">\r\n<span data-balloon-length=\"medium\" aria-label=\"Ensino M\u00e9dio + curso t\u00e9cnico em Inform\u00e1tica, Redes de Computadores ou Suporte em TI\" data-balloon-pos=\"up\">T\u00e9cnico em Inform\u00e1tica<\/span><\/td>\r\n<td class=\"cvagas\">01<\/td>\r\n<td class=\"cremuneracao\">R$ 3.764,36 \/30h\/s<\/td>\r\n<\/tr><td class=\"ccargos\">\r\n<span data-balloon-length=\"medium\" aria-label=\"Ensino M\u00e9dio Completo com curso espec\u00edfico de T\u00e9cnico de Enfermagem, registro no COREN e experi\u00eancia m\u00ednima de 6 meses na fun\u00e7\u00e3o\" data-balloon-pos=\"up\">T\u00e9cnico de Enfermagem<\/span><\/td>\r\n<td class=\"cvagas\">01 + CR<\/td>\r\n<td class=\"cremuneracao\">R$ 2.712,51 \/40h\/s<\/td>\r\n<\/tr>\r\n    <\/tbody>\r\n  <\/table>\r\n<\/div>","_superior":"<div>\r\n<table class=\"quadro\">\r\n<thead>\r\n<tr>\r\n<th class=\"hcargo\">Cargo<\/th>\r\n<th class=\"hvagas\">Vagas<\/th>\r\n<th class=\"hremuneracao\">Remunera\u00e7\u00e3o<\/th>\r\n<\/tr>\r\n<\/thead>\r\n    <tbody>\r\n      <tr>\r\n<td class=\"ccargos\">\r\n<span data-balloon-length=\"medium\" aria-label=\"Ensino Superior em Administra\u00e7\u00e3o, Direito, Ci\u00eancias Cont\u00e1beis ou Economia\" data-balloon-pos=\"up\">Analista de Compras<\/span><\/td>\r\n<td class=\"cvagas\">01<\/td>\r\n<td class=\"cremuneracao\">R$ 4.273,67 \/30h\/s<\/td>\r\n<\/tr><tr>\r\n<td class=\"ccargos\">\r\n<span data-balloon-length=\"medium\" aria-label=\"Ensino Superior Completo e registro ativo no CRC\" data-balloon-pos=\"up\">Analista de Contabilidade<\/span><\/td>\r\n<td class=\"cvagas\">01<\/td>\r\n<td class=\"cremuneracao\">R$ 4.273,67 \/30h\/s<\/td>\r\n<\/tr><tr>\r\n<td class=\"ccargos\">\r\n<span data-balloon-length=\"medium\" aria-label=\"Ensino Superior em Direito\" data-balloon-pos=\"up\">Analista de Expediente Legislativo<\/span><\/td>\r\n<td class=\"cvagas\">01<\/td>\r\n<td class=\"cremuneracao\">R$ 4.273,67 \/30h\/s<\/td>\r\n<\/tr><tr>\r\n<td class=\"ccargos\">\r\n<span data-balloon-length=\"medium\" aria-label=\"Ensino Superior em Administra\u00e7\u00e3o, Direito, Ci\u00eancias Cont\u00e1beis ou Economia\" data-balloon-pos=\"up\">Analista de Licita\u00e7\u00e3o<\/span><\/td>\r\n<td class=\"cvagas\">01<\/td>\r\n<td class=\"cremuneracao\">R$ 4.273,67 \/30h\/s<\/td>\r\n<\/tr><tr>\r\n<td class=\"ccargos\">\r\n<span data-balloon-length=\"medium\" aria-label=\"Ensino Superior em Engenharia Ambiental, Biologia, Geografia, Gest\u00e3o Ambiental ou \u00e1reas afins\" data-balloon-pos=\"up\">Analista de Meio Ambiente<\/span><\/td>\r\n<td class=\"cvagas\">01<\/td>\r\n<td class=\"cremuneracao\">R$ 5.515,34 \/30h\/s<\/td>\r\n<\/tr><tr>\r\n<td class=\"ccargos\">\r\n<span data-balloon-length=\"medium\" aria-label=\"Ensino Superior em Arquitetura e Urbanismo e registro ativo no CAU\" data-balloon-pos=\"up\">Arquiteto<\/span><\/td>\r\n<td class=\"cvagas\">01<\/td>\r\n<td class=\"cremuneracao\">R$ 6.407,17 \/30h\/s<\/td>\r\n<\/tr><tr>\r\n<td class=\"ccargos\">\r\n<span data-balloon-length=\"medium\" aria-label=\"Ensino Superior em Ci\u00eancias Cont\u00e1beis e registro ativo no CRC\" data-balloon-pos=\"up\">Contador<\/span><\/td>\r\n<td class=\"cvagas\">01<\/td>\r\n<td class=\"cremuneracao\">R$ 5.515,34 \/30h\/s<\/td>\r\n<\/tr><tr>\r\n<td class=\"ccargos\">\r\n<span data-balloon-length=\"medium\" aria-label=\"Ensino Superior Completo em um dos cursos que integram o n\u00edvel superior do SUAS e registro no respectivo Conselho Regional de Classe\" data-balloon-pos=\"up\">Coordenador do CRAS<\/span><\/td>\r\n<td class=\"cvagas\">01<\/td>\r\n<td class=\"cremuneracao\">R$ 3.030,83 \/40h\/s<\/td>\r\n<\/tr><tr>\r\n<td class=\"ccargos\">\r\n<span data-balloon-length=\"medium\" aria-label=\"Ensino Superior em Engenharia Civil e registro ativo no CREA\" data-balloon-pos=\"up\">Engenheiro Civil<\/span><\/td>\r\n<td class=\"cvagas\">01<\/td>\r\n<td class=\"cremuneracao\">R$ 6.407,17 \/30h\/s<\/td>\r\n<\/tr><tr>\r\n<td class=\"ccargos\">\r\n<span data-balloon-length=\"medium\" aria-label=\"Ensino Superior em Farm\u00e1cia, inscri\u00e7\u00e3o no C.R.F e experi\u00eancia comprovada de um ano\" data-balloon-pos=\"up\">Farmac\u00eautico<\/span><\/td>\r\n<td class=\"cvagas\">CR<\/td>\r\n<td class=\"cremuneracao\">R$ 4.273,67 \/30h\/s<\/td>\r\n<\/tr><tr>\r\n<td class=\"ccargos\">\r\n<span data-balloon-length=\"medium\" aria-label=\"Ensino Superior Completo em Fonoaudiologia e registro CREFONO\" data-balloon-pos=\"up\">Fonoaudi\u00f3logo<\/span><\/td>\r\n<td class=\"cvagas\">01<\/td>\r\n<td class=\"cremuneracao\">R$ 3.030,83 \/30h\/s<\/td>\r\n<\/tr><tr>\r\n<td class=\"ccargos\">\r\n<span data-balloon-length=\"medium\" aria-label=\"Forma\u00e7\u00e3o em medicina e registro no CRM\" data-balloon-pos=\"up\">M\u00e9dico do Trabalho<\/span><\/td>\r\n<td class=\"cvagas\">01<\/td>\r\n<td class=\"cremuneracao\">R$ 5.259,28 \/20h\/s<\/td>\r\n<\/tr><tr>\r\n<td class=\"ccargos\">\r\n<span data-balloon-length=\"medium\" aria-label=\"Ensino Superior Completo em Pedagogia e p\u00f3s-gradua\u00e7\u00e3o lato sensu em Educa\u00e7\u00e3o Especial ou equivalente\" data-balloon-pos=\"up\">Professor de Apoio Pedag\u00f3gico<\/span><\/td>\r\n<td class=\"cvagas\">01 + CR<\/td>\r\n<td class=\"cremuneracao\">R$ 4.006,92 \/40h\/s<\/td>\r\n<\/tr><tr>\r\n<td class=\"ccargos\">\r\n<span data-balloon-length=\"medium\" aria-label=\"Ensino Superior completo em Psicologia e registro no conselho de classe\" data-balloon-pos=\"up\">Psic\u00f3logo<\/span><\/td>\r\n<td class=\"cvagas\">CR<\/td>\r\n<td class=\"cremuneracao\">R$ 4.273,67 \/30h\/s<\/td>\r\n<\/tr><tr>\r\n<td class=\"ccargos\">\r\n<span data-balloon-length=\"medium\" aria-label=\"Ensino Superior em Ci\u00eancias Cont\u00e1beis ou Administra\u00e7\u00e3o\" data-balloon-pos=\"up\">Tesoureiro<\/span><\/td>\r\n<td class=\"cvagas\">01<\/td>\r\n<td class=\"cremuneracao\">R$ 4.273,67 \/30h\/s<\/td>\r\n<\/tr>\r\n    <\/tbody>\r\n  <\/table>\r\n<\/div>"},"_links":{"self":[{"href":"https:\/\/www.agrobase.com.br\/concursos\/wp-json\/wp\/v2\/posts\/286321","targetHints":{"allow":["GET"]}}],"collection":[{"href":"https:\/\/www.agrobase.com.br\/concursos\/wp-json\/wp\/v2\/posts"}],"about":[{"href":"https:\/\/www.agrobase.com.br\/concursos\/wp-json\/wp\/v2\/types\/post"}],"author":[{"embeddable":true,"href":"https:\/\/www.agrobase.com.br\/concursos\/wp-json\/wp\/v2\/users\/7"}],"replies":[{"embeddable":true,"href":"https:\/\/www.agrobase.com.br\/concursos\/wp-json\/wp\/v2\/comments?post=286321"}],"version-history":[{"count":2,"href":"https:\/\/www.agrobase.com.br\/concursos\/wp-json\/wp\/v2\/posts\/286321\/revisions"}],"predecessor-version":[{"id":286325,"href":"https:\/\/www.agrobase.com.br\/concursos\/wp-json\/wp\/v2\/posts\/286321\/revisions\/286325"}],"wp:featuredmedia":[{"embeddable":true,"href":"https:\/\/www.agrobase.com.br\/concursos\/wp-json\/wp\/v2\/media\/286320"}],"wp:attachment":[{"href":"https:\/\/www.agrobase.com.br\/concursos\/wp-json\/wp\/v2\/media?parent=286321"}],"wp:term":[{"taxonomy":"category","embeddable":true,"href":"https:\/\/www.agrobase.com.br\/concursos\/wp-json\/wp\/v2\/categories?post=286321"},{"taxonomy":"post_tag","embeddable":true,"href":"https:\/\/www.agrobase.com.br\/concursos\/wp-json\/wp\/v2\/tags?post=286321"},{"taxonomy":"_amplo","embeddable":true,"href":"https:\/\/www.agrobase.com.br\/concursos\/wp-json\/wp\/v2\/_amplo?post=286321"},{"taxonomy":"destaque","embeddable":true,"href":"https:\/\/www.agrobase.com.br\/concursos\/wp-json\/wp\/v2\/destaque?post=286321"},{"taxonomy":"instituicoes","embeddable":true,"href":"https:\/\/www.agrobase.com.br\/concursos\/wp-json\/wp\/v2\/instituicoes?post=286321"}],"curies":[{"name":"wp","href":"https:\/\/api.w.org\/{rel}","templated":true}]}}