{"id":280905,"date":"2026-04-29T08:10:14","date_gmt":"2026-04-29T11:10:14","guid":{"rendered":"https:\/\/www.agrobase.com.br\/concursos\/?p=280905"},"modified":"2026-04-28T13:23:31","modified_gmt":"2026-04-28T16:23:31","slug":"prefeitura-acrelandia-ac-selecao-simplificada-01-2026","status":"publish","type":"post","link":"https:\/\/www.agrobase.com.br\/concursos\/2026\/prefeitura-acrelandia-ac-selecao-simplificada-01-2026\/","title":{"rendered":"Prefeitura Acrel\u00e2ndia (AC) &#8211; Sele\u00e7\u00e3o Simplificada 01\/2026"},"content":{"rendered":"<h2>Informa\u00e7\u00f5es Gerais<\/h2>\n<p>A <strong>Prefeitura Municipal de Acrel\u00e2ndia<\/strong>, no estado do Acre, por meio da Secretaria Municipal de Sa\u00fade, tornou p\u00fablica a abertura de <strong>Processo Seletivo Simplificado<\/strong> destinado \u00e0 contrata\u00e7\u00e3o tempor\u00e1ria e \u00e0 forma\u00e7\u00e3o de cadastro de reserva de profissionais da \u00e1rea da sa\u00fade. O certame atende a necessidade tempor\u00e1ria de excepcional interesse p\u00fablico, conforme legisla\u00e7\u00e3o vigente.<\/p>\n<p>S\u00e3o ofertadas <strong>04 vagas imediatas + cadastro de reserva (CR)<\/strong>, todas para cargos de <strong>n\u00edvel superior<\/strong>, com remunera\u00e7\u00f5es que variam de <strong>R$ 2.500,00 a R$ 11.500,00<\/strong>. A sele\u00e7\u00e3o ser\u00e1 realizada mediante <strong>an\u00e1lise curricular e de t\u00edtulos<\/strong>.<\/p>\n<p>As oportunidades abrangem diversas \u00e1reas da sa\u00fade, incluindo Educador F\u00edsico, Psic\u00f3logo, Fisioterapeuta, Farmac\u00eautico, Fonoaudi\u00f3logo, M\u00e9dico Cl\u00ednico Geral (Especialista em Sa\u00fade Mental), M\u00e9dico Pediatra e <strong>Nutricionista<\/strong> \u2014 cargo de destaque para profissionais da \u00e1rea de Nutri\u00e7\u00e3o que buscam atua\u00e7\u00e3o no servi\u00e7o p\u00fablico municipal.<\/p>\n<h2>Inscri\u00e7\u00f5es<\/h2>\n<p>As inscri\u00e7\u00f5es para o Processo Seletivo Simplificado da Prefeitura de Acrel\u00e2ndia ser\u00e3o realizadas de forma <strong>presencial<\/strong>, nos dias <strong>27, 29 e 30 de abril de 2026<\/strong>, no hor\u00e1rio das <strong>07h \u00e0s 12h<\/strong> e das <strong>14h \u00e0s 17h<\/strong>.<\/p>\n<p>O local de inscri\u00e7\u00e3o \u00e9 a <strong>Secretaria Municipal de Sa\u00fade<\/strong>, situada na Av. Geraldo Barbosa, n.\u00ba 556, Centro, CEP 69945-000, Acrel\u00e2ndia \u2013 AC.<\/p>\n<p>No ato da inscri\u00e7\u00e3o, o candidato dever\u00e1 apresentar os seguintes documentos:<\/p>\n<ul>\n<li>Ficha de inscri\u00e7\u00e3o devidamente preenchida;<\/li>\n<li>C\u00f3pia de documento oficial de identidade e CPF;<\/li>\n<li>Comprovante de resid\u00eancia;<\/li>\n<li>Diploma ou certificado de conclus\u00e3o do curso exigido para o cargo;<\/li>\n<li>Registro no respectivo conselho profissional, quando aplic\u00e1vel;<\/li>\n<li>Curr\u00edculo acompanhado dos documentos comprobat\u00f3rios de t\u00edtulos e experi\u00eancia profissional.<\/li>\n<\/ul>\n<p><strong>Aten\u00e7\u00e3o:<\/strong> como a inscri\u00e7\u00e3o \u00e9 presencial e ocorre em apenas tr\u00eas dias, organize seus documentos com anteced\u00eancia para evitar contratempos.<\/p>\n<h2>Etapas e Provas<\/h2>\n<p>O Processo Seletivo Simplificado da Prefeitura de Acrel\u00e2ndia ser\u00e1 composto por <strong>etapa \u00fanica de an\u00e1lise curricular e de t\u00edtulos<\/strong>, aplic\u00e1vel a todos os cargos ofertados. Confira os detalhes:<\/p>\n<ul>\n<li><strong>Etapa \u00danica \u2014 An\u00e1lise Curricular e de T\u00edtulos<\/strong>\n<ul>\n<li><strong>Car\u00e1ter:<\/strong> classificat\u00f3rio.<\/li>\n<li><strong>Formato:<\/strong> avalia\u00e7\u00e3o documental dos t\u00edtulos acad\u00eamicos e da experi\u00eancia profissional apresentados pelo candidato no ato da inscri\u00e7\u00e3o.<\/li>\n<li><strong>Pontua\u00e7\u00e3o m\u00e1xima:<\/strong> 100 (cem) pontos.<\/li>\n<li><strong>Crit\u00e9rio de avalia\u00e7\u00e3o:<\/strong> somente ser\u00e3o considerados para fins de pontua\u00e7\u00e3o os t\u00edtulos e experi\u00eancias devidamente comprovados por meio de documenta\u00e7\u00e3o v\u00e1lida.<\/li>\n<li><strong>Respons\u00e1vel:<\/strong> Comiss\u00e3o designada por ato pr\u00f3prio da autoridade competente, composta por servidores p\u00fablicos, que avaliar\u00e1 os documentos de forma objetiva e conforme os crit\u00e9rios previstos no edital.<\/li>\n<\/ul>\n<\/li>\n<\/ul>\n<p>\u00c9 fundamental que o candidato apresente toda a documenta\u00e7\u00e3o comprobat\u00f3ria de forma organizada e completa no momento da inscri\u00e7\u00e3o, pois a pontua\u00e7\u00e3o ser\u00e1 atribu\u00edda exclusivamente com base nos documentos entregues.<\/p>\n<h2>Resultados e Gabarito<\/h2>\n<p>A classifica\u00e7\u00e3o final do Processo Seletivo Simplificado da Prefeitura de Acrel\u00e2ndia ser\u00e1 realizada em <strong>ordem decrescente de pontua\u00e7\u00e3o<\/strong> obtida na an\u00e1lise curricular e de t\u00edtulos. Confira o cronograma previsto para divulga\u00e7\u00e3o dos resultados:<\/p>\n<ul>\n<li><strong>Resultado Preliminar:<\/strong> 11 de maio de 2026.<\/li>\n<li><strong>Prazo para interposi\u00e7\u00e3o de recursos:<\/strong> 11 e 12 de maio de 2026.<\/li>\n<li><strong>Resultado Final:<\/strong> 14 de maio de 2026.<\/li>\n<\/ul>\n<p>Os resultados dever\u00e3o ser acompanhados por meio dos canais oficiais da Prefeitura Municipal de Acrel\u00e2ndia e da Secretaria Municipal de Sa\u00fade. Recomenda-se tamb\u00e9m verificar publica\u00e7\u00f5es no Di\u00e1rio Oficial do Munic\u00edpio.<\/p>\n<p>Ap\u00f3s a divulga\u00e7\u00e3o do resultado final, ser\u00e1 realizada a homologa\u00e7\u00e3o do processo seletivo, ato administrativo que oficializa os resultados e autoriza a convoca\u00e7\u00e3o dos candidatos aprovados para contrata\u00e7\u00e3o tempor\u00e1ria, conforme a necessidade da administra\u00e7\u00e3o p\u00fablica.<\/p>\n<p><strong>Importante:<\/strong> o acompanhamento de todas as publica\u00e7\u00f5es, convoca\u00e7\u00f5es e prazos relativos a este processo seletivo \u00e9 de <strong>responsabilidade exclusiva do candidato<\/strong>. Fique atento aos canais oficiais para n\u00e3o perder nenhuma etapa ou prazo recursal.<\/p>\n","protected":false},"excerpt":{"rendered":"<p>Inscri\u00e7\u00f5es abrem 27\/04! Sel. Simplificada Pref. Acrel\u00e2ndia (AC) p\/ Educador F\u00edsico e Psic\u00f3logo (Superior). Sal\u00e1rios at\u00e9 R$11.5k. Prepare-se e veja o edital!<\/p>\n","protected":false},"author":7,"featured_media":280904,"comment_status":"open","ping_status":"open","sticky":false,"template":"","format":"standard","meta":{"_acf_changed":false,"_breakdance_hide_in_design_set":false,"_breakdance_tags":"","footnotes":""},"categories":[11,17,18,19,21,23,26],"tags":[38],"_amplo":[],"destaque":[],"instituicoes":[],"class_list":["post-280905","post","type-post","status-publish","format-standard","has-post-thumbnail","hentry","category-educacao-fisica","category-farmacia","category-fisioterapia","category-fonoaudiologia","category-medicina","category-nutricao","category-psicologia","tag-acre"],"acf":{"_tipo_vagas":"vagas","_numero_vagas":"","_quadro_vagas":"","_cargos":"diversos","_cargos_especificos":"","_salario_max":"R$ 11500","_abertura":"20260427","_encerramento":"20260430","_inscricoes":"","_executora_concurso":"","_instituicao_concurso":[],"_link_adicional":null,"_anexos":null,"_produtos":null,"_vagas":"04 vagas + CR","_salario_min":"R$ 2500","_instituicao":"Prefeitura de Acrel\u00e2ndia","_edital":"https:\/\/www.agrobase.com.br\/concursos\/wp-content\/uploads\/sites\/4\/2026\/04\/edital-01-2026-da-prefeitura-de-acrelandia-ac.pdf","_anexos_edital":"","_fund_incompleto":"","_fund_completo":"","_medio":"","_superior":"<div>\r\n<table class=\"quadro\">\r\n<thead>\r\n<tr>\r\n<th class=\"hcargo\">Cargo<\/th>\r\n<th class=\"hvagas\">Vagas<\/th>\r\n<th class=\"hremuneracao\">Remunera\u00e7\u00e3o<\/th>\r\n<\/tr>\r\n<\/thead>\r\n    <tbody>\r\n      <tr>\r\n<td class=\"ccargos\">\r\n<span data-balloon-length=\"medium\" aria-label=\"N\u00edvel Superior Completo em Educa\u00e7\u00e3o F\u00edsica Bacharel + Registro CREF\" data-balloon-pos=\"up\">Educador F\u00edsico<\/span><\/td>\r\n<td class=\"cvagas\">1 + CR<\/td>\r\n<td class=\"cremuneracao\">R$ 2.500,00 \/40 horas semanais<\/td>\r\n<\/tr><tr>\r\n<td class=\"ccargos\">\r\n<span data-balloon-length=\"medium\" aria-label=\"Curso Superior Completo em Psicologia + Registro Profissional no CRP\" data-balloon-pos=\"up\">Psic\u00f3logo<\/span><\/td>\r\n<td class=\"cvagas\">1 + CR<\/td>\r\n<td class=\"cremuneracao\">R$ 3.090,00 \/30 horas semanais<\/td>\r\n<\/tr><tr>\r\n<td class=\"ccargos\">\r\n<span data-balloon-length=\"medium\" aria-label=\"Curso Superior Completo em Fisioterapia + Registro Profissional no CREFITO\" data-balloon-pos=\"up\">Fisioterapeuta<\/span><\/td>\r\n<td class=\"cvagas\">2 + CR<\/td>\r\n<td class=\"cremuneracao\">R$ 2.500,00 \/30 horas semanais<\/td>\r\n<\/tr><tr>\r\n<td class=\"ccargos\">\r\n<span data-balloon-length=\"medium\" aria-label=\"Curso Superior em Farm\u00e1cia + Registro Profissional CRF\" data-balloon-pos=\"up\">Farmac\u00eautico<\/span><\/td>\r\n<td class=\"cvagas\">CR<\/td>\r\n<td class=\"cremuneracao\">R$ 3.000,00 \/40 horas semanais<\/td>\r\n<\/tr><tr>\r\n<td class=\"ccargos\">\r\n<span data-balloon-length=\"medium\" aria-label=\"Curso Superior em Fonoaudiologia + Registro Profissional CRF\" data-balloon-pos=\"up\">Fonoaudi\u00f3logo<\/span><\/td>\r\n<td class=\"cvagas\">CR<\/td>\r\n<td class=\"cremuneracao\">R$ 5.000,00 \/30 horas semanais<\/td>\r\n<\/tr><tr>\r\n<td class=\"ccargos\">\r\n<span data-balloon-length=\"medium\" aria-label=\"Curso Superior em Medicina + Registro Profissional no CRM + P\u00f3s-Gradua\u00e7\u00e3o em Sa\u00fade Mental\" data-balloon-pos=\"up\">M\u00e9dico Cl\u00ednico Geral - Especialista em Sa\u00fade Mental<\/span><\/td>\r\n<td class=\"cvagas\">CR<\/td>\r\n<td class=\"cremuneracao\">R$ 11.500,00 \/20 horas semanais<\/td>\r\n<\/tr><tr>\r\n<td class=\"ccargos\">\r\n<span data-balloon-length=\"medium\" aria-label=\"Curso Superior em Medicina + Diploma de especialidade em Pediatria + Registro Profissional no CRM\" data-balloon-pos=\"up\">M\u00e9dico - Pediatra<\/span><\/td>\r\n<td class=\"cvagas\">CR<\/td>\r\n<td class=\"cremuneracao\">R$ 11.500,00 \/20 horas semanais<\/td>\r\n<\/tr><tr>\r\n<td class=\"ccargos\">\r\n<span data-balloon-length=\"medium\" aria-label=\"Curso Superior em Nutri\u00e7\u00e3o + Registro Profissional do CRN\" data-balloon-pos=\"up\">Nutricionista<\/span><\/td>\r\n<td class=\"cvagas\">CR<\/td>\r\n<td class=\"cremuneracao\">R$ 3.000,00 \/30 horas semanais<\/td>\r\n<\/tr>\r\n    <\/tbody>\r\n  <\/table>\r\n<\/div>"},"_links":{"self":[{"href":"https:\/\/www.agrobase.com.br\/concursos\/wp-json\/wp\/v2\/posts\/280905","targetHints":{"allow":["GET"]}}],"collection":[{"href":"https:\/\/www.agrobase.com.br\/concursos\/wp-json\/wp\/v2\/posts"}],"about":[{"href":"https:\/\/www.agrobase.com.br\/concursos\/wp-json\/wp\/v2\/types\/post"}],"author":[{"embeddable":true,"href":"https:\/\/www.agrobase.com.br\/concursos\/wp-json\/wp\/v2\/users\/7"}],"replies":[{"embeddable":true,"href":"https:\/\/www.agrobase.com.br\/concursos\/wp-json\/wp\/v2\/comments?post=280905"}],"version-history":[{"count":2,"href":"https:\/\/www.agrobase.com.br\/concursos\/wp-json\/wp\/v2\/posts\/280905\/revisions"}],"predecessor-version":[{"id":280909,"href":"https:\/\/www.agrobase.com.br\/concursos\/wp-json\/wp\/v2\/posts\/280905\/revisions\/280909"}],"wp:featuredmedia":[{"embeddable":true,"href":"https:\/\/www.agrobase.com.br\/concursos\/wp-json\/wp\/v2\/media\/280904"}],"wp:attachment":[{"href":"https:\/\/www.agrobase.com.br\/concursos\/wp-json\/wp\/v2\/media?parent=280905"}],"wp:term":[{"taxonomy":"category","embeddable":true,"href":"https:\/\/www.agrobase.com.br\/concursos\/wp-json\/wp\/v2\/categories?post=280905"},{"taxonomy":"post_tag","embeddable":true,"href":"https:\/\/www.agrobase.com.br\/concursos\/wp-json\/wp\/v2\/tags?post=280905"},{"taxonomy":"_amplo","embeddable":true,"href":"https:\/\/www.agrobase.com.br\/concursos\/wp-json\/wp\/v2\/_amplo?post=280905"},{"taxonomy":"destaque","embeddable":true,"href":"https:\/\/www.agrobase.com.br\/concursos\/wp-json\/wp\/v2\/destaque?post=280905"},{"taxonomy":"instituicoes","embeddable":true,"href":"https:\/\/www.agrobase.com.br\/concursos\/wp-json\/wp\/v2\/instituicoes?post=280905"}],"curies":[{"name":"wp","href":"https:\/\/api.w.org\/{rel}","templated":true}]}}