{"id":280894,"date":"2026-04-29T07:50:28","date_gmt":"2026-04-29T10:50:28","guid":{"rendered":"https:\/\/www.agrobase.com.br\/concursos\/?p=280894"},"modified":"2026-04-28T12:38:29","modified_gmt":"2026-04-28T15:38:29","slug":"secretaria-administracao-pe-selecao-simplificada-123-2026","status":"publish","type":"post","link":"https:\/\/www.agrobase.com.br\/concursos\/2026\/secretaria-administracao-pe-selecao-simplificada-123-2026\/","title":{"rendered":"Secretaria Administra\u00e7\u00e3o (PE) &#8211; Sele\u00e7\u00e3o Simplificada 123\/2026"},"content":{"rendered":"<h2>Informa\u00e7\u00f5es Gerais<\/h2>\n<p>O <strong>Governo do Estado de Pernambuco<\/strong>, por meio da <strong>Secretaria de Sa\u00fade (SES-PE)<\/strong> e da <strong>Secretaria de Administra\u00e7\u00e3o (SAD)<\/strong>, publicou a <strong>Portaria Conjunta SAD\/SES n\u00ba 123, de 22 de abril de 2026<\/strong>, que abre o <strong>Processo Seletivo Simplificado<\/strong> para a contrata\u00e7\u00e3o tempor\u00e1ria de <strong>233 profissionais<\/strong> destinados a atuar no \u00e2mbito da sa\u00fade prisional do estado.<\/p>\n<p>O certame oferece vagas imediatas e forma\u00e7\u00e3o de cadastro de reserva, com contrata\u00e7\u00e3o por tempo determinado de at\u00e9 12 meses, podendo ser prorrogada nos termos da Lei Estadual n\u00ba 14.547\/2011. A organiza\u00e7\u00e3o e execu\u00e7\u00e3o do processo seletivo ficam a cargo do <strong>Instituto AOCP<\/strong>.<\/p>\n<p>As oportunidades contemplam profissionais de <strong>n\u00edvel superior<\/strong> e <strong>n\u00edvel m\u00e9dio\/t\u00e9cnico<\/strong>, com remunera\u00e7\u00f5es que variam de <strong>R$ 1.621,00<\/strong> a <strong>R$ 15.458,58<\/strong>, e cargas hor\u00e1rias de 30h ou 40h semanais.<\/p>\n<p>No n\u00edvel superior, h\u00e1 ampla oferta de vagas para a \u00e1rea da sa\u00fade, incluindo fun\u00e7\u00f5es como Enfermeiro (33 vagas), Psic\u00f3logo (25 vagas), Assistente Social (17 vagas), Farmac\u00eautico (16 vagas), Cirurgi\u00e3o-Dentista (15 vagas), Coordenador Institucional (14 vagas), Apoiador Institucional Regional (12 vagas), al\u00e9m de vagas para M\u00e9dico Psiquiatra, M\u00e9dico Cl\u00ednico Geral, M\u00e9dico Infectologista e diversas fun\u00e7\u00f5es de gest\u00e3o e apoio institucional. Destaca-se que v\u00e1rias dessas fun\u00e7\u00f5es de coordena\u00e7\u00e3o e apoio institucional aceitam gradua\u00e7\u00e3o em \u00e1reas como <strong>Nutri\u00e7\u00e3o<\/strong>, entre outras forma\u00e7\u00f5es da sa\u00fade. No n\u00edvel m\u00e9dio\/t\u00e9cnico, h\u00e1 vagas para T\u00e9cnico de Enfermagem (29 vagas), Apoio Administrativo (18 vagas), T\u00e9cnico de Sa\u00fade Bucal (14 vagas) e T\u00e9cnico de Laborat\u00f3rio (2 vagas).<\/p>\n<h2>Inscri\u00e7\u00f5es<\/h2>\n<p>As inscri\u00e7\u00f5es para o Processo Seletivo Simplificado da <strong>Secretaria de Sa\u00fade de Pernambuco (SES-PE)<\/strong> ser\u00e3o realizadas <strong>exclusivamente pela internet<\/strong>, por meio do endere\u00e7o eletr\u00f4nico <strong>www.institutoaocp.org.br<\/strong>. O per\u00edodo de inscri\u00e7\u00f5es seguir\u00e1 as datas previstas no Cronograma da Sele\u00e7\u00e3o Simplificada (Anexo II do edital), observado o hor\u00e1rio oficial de Bras\u00edlia\/DF.<\/p>\n<p>A <strong>taxa de inscri\u00e7\u00e3o<\/strong> \u00e9 de <strong>R$ 70,00 (setenta reais)<\/strong>, v\u00e1lida para todas as fun\u00e7\u00f5es ofertadas. O pagamento dever\u00e1 ser realizado <strong>exclusivamente por boleto banc\u00e1rio<\/strong>, at\u00e9 a data de vencimento impressa no documento. <strong>N\u00e3o ser\u00e3o aceitos pagamentos via PIX, transfer\u00eancia banc\u00e1ria ou qualquer outra modalidade.<\/strong><\/p>\n<p>Para se inscrever, o candidato dever\u00e1 seguir os seguintes passos:<\/p>\n<ul>\n<li>Acessar o site <strong>www.institutoaocp.org.br<\/strong> e preencher o Formul\u00e1rio de Solicita\u00e7\u00e3o de Inscri\u00e7\u00e3o, declarando ci\u00eancia e aceita\u00e7\u00e3o das condi\u00e7\u00f5es do edital;<\/li>\n<li>Ap\u00f3s a confirma\u00e7\u00e3o da inscri\u00e7\u00e3o, imprimir o boleto banc\u00e1rio dispon\u00edvel no mesmo endere\u00e7o eletr\u00f4nico e efetuar o pagamento dentro do prazo de vencimento;<\/li>\n<li>Enviar a certid\u00e3o de nascimento ou casamento por meio do link espec\u00edfico (<em>Envio de Certid\u00e3o de Nascimento ou Casamento<\/em>) dispon\u00edvel no site do Instituto AOCP, dentro do per\u00edodo definido no cronograma;<\/li>\n<li>Os arquivos devem ser enviados nos formatos PDF, JPEG, JPG ou PNG, com tamanho m\u00e1ximo de 2 MB por arquivo. Documentos em PDF n\u00e3o podem estar protegidos por senha.<\/li>\n<\/ul>\n<p>A inscri\u00e7\u00e3o somente ser\u00e1 deferida ap\u00f3s a confirma\u00e7\u00e3o do pagamento pela institui\u00e7\u00e3o banc\u00e1ria. Ap\u00f3s finalizado o preenchimento do formul\u00e1rio, <strong>n\u00e3o ser\u00e1 permitido alterar a lota\u00e7\u00e3o escolhida<\/strong>. Cada candidato poder\u00e1 se inscrever para apenas uma fun\u00e7\u00e3o; em caso de m\u00faltiplas inscri\u00e7\u00f5es, ser\u00e1 considerada a \u00faltima realizada, sendo as demais canceladas automaticamente, sem transfer\u00eancia do valor pago.<\/p>\n<h2>Etapas e Provas<\/h2>\n<p>O Processo Seletivo Simplificado da Secretaria de Sa\u00fade de Pernambuco ser\u00e1 composto por <strong>etapa \u00fanica<\/strong>, conforme descrito a seguir:<\/p>\n<ul>\n<li><strong>Prova de T\u00edtulos e Experi\u00eancia Profissional<\/strong> \u2014 Car\u00e1ter <strong>classificat\u00f3rio<\/strong>. Nesta etapa, ser\u00e3o avaliados os t\u00edtulos acad\u00eamicos e a experi\u00eancia profissional dos candidatos, de acordo com as tabelas de pontua\u00e7\u00e3o previstas no edital (tabelas 9.1 a 9.13). A classifica\u00e7\u00e3o final ser\u00e1 determinada pela somat\u00f3ria dos pontos obtidos na avalia\u00e7\u00e3o.<\/li>\n<\/ul>\n<p>Para participar desta etapa, o candidato dever\u00e1:<\/p>\n<ul>\n<li>Preencher o <strong>Formul\u00e1rio de Cadastro de T\u00edtulos<\/strong> dispon\u00edvel no endere\u00e7o eletr\u00f4nico <strong>www.institutoaocp.org.br<\/strong>, dentro do per\u00edodo indicado no cronograma (Anexo II);<\/li>\n<li>Enviar os documentos comprobat\u00f3rios por meio do link espec\u00edfico no site do Instituto AOCP, em arquivo nos formatos PNG, JPG, JPEG ou PDF, com tamanho m\u00e1ximo total de <strong>20 MB<\/strong>;<\/li>\n<li>Ser\u00e3o considerados apenas os t\u00edtulos obtidos at\u00e9 a data de encerramento das inscri\u00e7\u00f5es.<\/li>\n<\/ul>\n<p>\u00c9 de <strong>exclusiva responsabilidade do candidato<\/strong> o cadastramento correto dos t\u00edtulos e da experi\u00eancia profissional, bem como o envio adequado dos documentos comprobat\u00f3rios. Documentos ileg\u00edveis, com rasuras, provenientes de arquivo corrompido ou que n\u00e3o perten\u00e7am ao candidato n\u00e3o ser\u00e3o considerados.<\/p>\n<p>Os candidatos classificados dentro do limite de vagas estabelecido no Anexo III do edital ser\u00e3o considerados aprovados. Os demais candidatos aprovados, que n\u00e3o atingirem a classifica\u00e7\u00e3o dentro do n\u00famero de vagas, formar\u00e3o <strong>cadastro de reserva<\/strong> e permanecer\u00e3o em lista de espera, em ordem de classifica\u00e7\u00e3o.<\/p>\n<h2>Resultados e Gabarito<\/h2>\n<p>Os candidatos do Processo Seletivo Simplificado da <strong>Secretaria de Sa\u00fade de Pernambuco<\/strong> ser\u00e3o classificados em <strong>ordem decrescente de nota final<\/strong>, considerando a fun\u00e7\u00e3o e a lota\u00e7\u00e3o para as quais se inscreveram.<\/p>\n<p>O <strong>resultado da Prova de T\u00edtulos e Experi\u00eancia Profissional<\/strong> ser\u00e1 divulgado por meio de edital espec\u00edfico, publicado nos seguintes canais:<\/p>\n<ul>\n<li>Site da <strong>Secretaria de Administra\u00e7\u00e3o<\/strong>: <strong>www.sad.pe.gov.br<\/strong><\/li>\n<li>Site do <strong>Instituto AOCP<\/strong>: <strong>www.institutoaocp.org.br<\/strong><\/li>\n<\/ul>\n<p>Ap\u00f3s a divulga\u00e7\u00e3o do resultado preliminar, os candidatos poder\u00e3o interpor <strong>recurso devidamente fundamentado<\/strong>, conforme prazos e procedimentos estabelecidos no edital.<\/p>\n<p>O <strong>resultado final<\/strong> ser\u00e1 publicado por meio de <strong>cinco listagens<\/strong>, organizadas por fun\u00e7\u00e3o e lota\u00e7\u00e3o:<\/p>\n<ul>\n<li><strong>Lista Geral dos Classificados<\/strong> \u2014 contendo todos os candidatos habilitados, inclusive os inscritos nas vagas reservadas;<\/li>\n<li><strong>Lista de Pessoas com Defici\u00eancia<\/strong> \u2014 classifica\u00e7\u00e3o exclusiva dos candidatos inscritos nesta condi\u00e7\u00e3o;<\/li>\n<li><strong>Lista de Pessoas Pretas ou Pardas<\/strong> \u2014 classifica\u00e7\u00e3o exclusiva dos candidatos inscritos nesta condi\u00e7\u00e3o;<\/li>\n<li><strong>Lista de Pessoas Ind\u00edgenas<\/strong> \u2014 classifica\u00e7\u00e3o exclusiva dos candidatos inscritos nesta condi\u00e7\u00e3o;<\/li>\n<li><strong>Lista de Pessoas Quilombolas<\/strong> \u2014 classifica\u00e7\u00e3o exclusiva dos candidatos inscritos nesta condi\u00e7\u00e3o.<\/li>\n<\/ul>\n<p>A <strong>homologa\u00e7\u00e3o do resultado final<\/strong> ser\u00e1 divulgada no <strong>Di\u00e1rio Oficial do Estado de Pernambuco<\/strong>, no site da Secretaria de Administra\u00e7\u00e3o (<strong>www.sad.pe.gov.br<\/strong>) e no endere\u00e7o eletr\u00f4nico do Instituto AOCP (<strong>www.institutoaocp.org.br<\/strong>). A homologa\u00e7\u00e3o representa o ato oficial que valida os resultados do certame e autoriza a convoca\u00e7\u00e3o dos aprovados.<\/p>\n<p>Os candidatos aprovados poder\u00e3o ser convocados de acordo com sua classifica\u00e7\u00e3o, em data oportuna dentro do <strong>prazo de validade do processo seletivo, que \u00e9 de 24 (vinte e quatro) meses<\/strong>, contados a partir da data de homologa\u00e7\u00e3o, <strong>podendo ser prorrogado por igual per\u00edodo<\/strong>.<\/p>\n<p>Em caso de empate na nota final, ser\u00e3o aplicados os crit\u00e9rios de desempate previstos no subitem 10.2 do edital. Candidatos eliminados ser\u00e3o exclu\u00eddos das listas de classifica\u00e7\u00e3o final.<\/p>\n<p><strong>Aten\u00e7\u00e3o:<\/strong> o acompanhamento de todas as publica\u00e7\u00f5es oficiais referentes a este processo seletivo \u2014 incluindo convoca\u00e7\u00f5es, retifica\u00e7\u00f5es e demais comunicados \u2014 \u00e9 de <strong>responsabilidade exclusiva do candidato<\/strong>. Recomenda-se consultar regularmente os sites da Secretaria de Administra\u00e7\u00e3o, da Secretaria de Sa\u00fade e do Instituto AOCP.<\/p>\n","protected":false},"excerpt":{"rendered":"<p>Processo Seletivo Sec. Adm. (PE) com edital publicado! Vagas p\/ M\u00e9dico, Enfermeiro (M\u00e9dio\/T\u00e9c. e Sup.). Inscri\u00e7\u00f5es a partir de 23\/04. Sal\u00e1rios at\u00e9 R$15.4k. Confira!<\/p>\n","protected":false},"author":7,"featured_media":280893,"comment_status":"open","ping_status":"open","sticky":false,"template":"","format":"standard","meta":{"_acf_changed":false,"_breakdance_hide_in_design_set":false,"_breakdance_tags":"","footnotes":""},"categories":[7,106,6434,12,17,18,19,21,23,24,26,101,108,161,143,159,134],"tags":[54],"_amplo":[],"destaque":[],"instituicoes":[],"class_list":["post-280894","post","type-post","status-publish","format-standard","has-post-thumbnail","hentry","category-biomedicina","category-bioquimica","category-educacao-fisica-licenciatura","category-enfermagem","category-farmacia","category-fisioterapia","category-fonoaudiologia","category-medicina","category-nutricao","category-odontologia","category-psicologia","category-servico-social","category-tecnico-enfermagem","category-tecnico-laboratorio","category-tecnico-odontologia","category-tecnologia-da-informacao","category-terapia-ocupacional","tag-pernambuco"],"acf":{"_tipo_vagas":"vagas","_numero_vagas":"","_quadro_vagas":"","_cargos":"diversos","_cargos_especificos":"","_salario_max":"R$ 15458.58","_abertura":"20260423","_encerramento":"20260511","_inscricoes":"https:\/\/www.institutoaocp.org.br","_executora_concurso":"","_instituicao_concurso":[],"_link_adicional":null,"_anexos":null,"_produtos":null,"_vagas":"233 vagas","_salario_min":"R$ 1621","_instituicao":"Secretaria de Administra\u00e7\u00e3o","_edital":"https:\/\/www.agrobase.com.br\/concursos\/wp-content\/uploads\/sites\/4\/2026\/04\/edital-123-2026-da-secretaria-de-administracao-pe.pdf","_anexos_edital":"https:\/\/www.agrobase.com.br\/concursos\/wp-content\/uploads\/sites\/4\/2026\/04\/anexos-edital-123-2026-da-secretaria-de-administracao-pe.pdf","_fund_incompleto":"","_fund_completo":"","_medio":"<div>\r\n<table class=\"quadro\">\r\n<thead>\r\n<tr>\r\n<th class=\"hcargo\">Cargo<\/th>\r\n<th class=\"hvagas\">Vagas<\/th>\r\n<th class=\"hremuneracao\">Remunera\u00e7\u00e3o<\/th>\r\n<\/tr>\r\n<\/thead>\r\n    <tbody>\r\n      <td class=\"ccargos\">\r\n<span data-balloon-length=\"medium\" aria-label=\"Ensino M\u00e9dio Completo e curso em planilhas eletr\u00f4nicas\" data-balloon-pos=\"up\">Apoio Administrativo<\/span><\/td>\r\n<td class=\"cvagas\">18<\/td>\r\n<td class=\"cremuneracao\">R$ 2.137,68 \/40h<\/td>\r\n<\/tr><td class=\"ccargos\">\r\n<span data-balloon-length=\"medium\" aria-label=\"Ensino M\u00e9dio Completo, Curso de T\u00e9cnico de Sa\u00fade Bucal e Registro no CRO\" data-balloon-pos=\"up\">T\u00e9cnico de Sa\u00fade Bucal - EAPP<\/span><\/td>\r\n<td class=\"cvagas\">14<\/td>\r\n<td class=\"cremuneracao\">R$ 1.621,00 \/30h<\/td>\r\n<\/tr><td class=\"ccargos\">\r\n<span data-balloon-length=\"medium\" aria-label=\"Ensino M\u00e9dio Completo, Curso de T\u00e9cnico de Enfermagem e Registro no COREN\" data-balloon-pos=\"up\">T\u00e9cnico de Enfermagem - EAPP<\/span><\/td>\r\n<td class=\"cvagas\">29<\/td>\r\n<td class=\"cremuneracao\">R$ 1.621,00 \/30h<\/td>\r\n<\/tr><td class=\"ccargos\">\r\n<span data-balloon-length=\"medium\" aria-label=\"Ensino M\u00e9dio Completo, Curso de T\u00e9cnico de An\u00e1lises Cl\u00ednicas e Registro Profissional\" data-balloon-pos=\"up\">T\u00e9cnico de Laborat\u00f3rio - EAPP<\/span><\/td>\r\n<td class=\"cvagas\">02<\/td>\r\n<td class=\"cremuneracao\">R$ 1.621,00 \/30h<\/td>\r\n<\/tr>\r\n    <\/tbody>\r\n  <\/table>\r\n<\/div>","_superior":"<div>\r\n<table class=\"quadro\">\r\n<thead>\r\n<tr>\r\n<th class=\"hcargo\">Cargo<\/th>\r\n<th class=\"hvagas\">Vagas<\/th>\r\n<th class=\"hremuneracao\">Remunera\u00e7\u00e3o<\/th>\r\n<\/tr>\r\n<\/thead>\r\n    <tbody>\r\n      <tr>\r\n<td class=\"ccargos\">\r\n<span data-balloon-length=\"medium\" aria-label=\"Gradua\u00e7\u00e3o em Medicina, Resid\u00eancia ou T\u00edtulo em Psiquiatria e Registro no CRM\" data-balloon-pos=\"up\">Articulador EAP - M\u00e9dico Psiquiatra<\/span><\/td>\r\n<td class=\"cvagas\">01<\/td>\r\n<td class=\"cremuneracao\">R$ 15.458,58 \/40h<\/td>\r\n<\/tr><tr>\r\n<td class=\"ccargos\">\r\n<span data-balloon-length=\"medium\" aria-label=\"Gradua\u00e7\u00e3o em Medicina e Registro no CRM\" data-balloon-pos=\"up\">M\u00e9dico Cl\u00ednico Geral - EAPP<\/span><\/td>\r\n<td class=\"cvagas\">01<\/td>\r\n<td class=\"cremuneracao\">R$ 11.593,94 \/30h<\/td>\r\n<\/tr><tr>\r\n<td class=\"ccargos\">\r\n<span data-balloon-length=\"medium\" aria-label=\"Gradua\u00e7\u00e3o em Medicina, Especializa\u00e7\u00e3o em Psiquiatria e Registro no CRM\" data-balloon-pos=\"up\">M\u00e9dico Psiquiatra - EAPP<\/span><\/td>\r\n<td class=\"cvagas\">07<\/td>\r\n<td class=\"cremuneracao\">R$ 11.593,94 \/30h<\/td>\r\n<\/tr><tr>\r\n<td class=\"ccargos\">\r\n<span data-balloon-length=\"medium\" aria-label=\"Gradua\u00e7\u00e3o em Medicina, Especializa\u00e7\u00e3o em Infectologia e Registro no CRM\" data-balloon-pos=\"up\">M\u00e9dico Infectologista - EAPP<\/span><\/td>\r\n<td class=\"cvagas\">01<\/td>\r\n<td class=\"cremuneracao\">R$ 11.593,94 \/30h<\/td>\r\n<\/tr><tr>\r\n<td class=\"ccargos\">\r\n<span data-balloon-length=\"medium\" aria-label=\"Gradua\u00e7\u00e3o em Medicina, Enfermagem, Fonoaudiologia, Fisioterapia, Odontologia, Psicologia, Terapia Ocupacional, Farm\u00e1cia, Servi\u00e7o Social, Nutri\u00e7\u00e3o, Educa\u00e7\u00e3o F\u00edsica, Biomedicina ou Sa\u00fade Coletiva e Registro Profissional\" data-balloon-pos=\"up\">Gestor de Aten\u00e7\u00e3o \u00e0 Sa\u00fade e Educa\u00e7\u00e3o Permanente da Sa\u00fade Prisional<\/span><\/td>\r\n<td class=\"cvagas\">01<\/td>\r\n<td class=\"cremuneracao\">R$ 4.651,09 \/40h<\/td>\r\n<\/tr><tr>\r\n<td class=\"ccargos\">\r\n<span data-balloon-length=\"medium\" aria-label=\"Gradua\u00e7\u00e3o em Administra\u00e7\u00e3o, Ci\u00eancias Cont\u00e1beis ou Economia e Registro Profissional\" data-balloon-pos=\"up\">Gestor Administrativo e de Finan\u00e7as da Sa\u00fade Prisional<\/span><\/td>\r\n<td class=\"cvagas\">01<\/td>\r\n<td class=\"cremuneracao\">R$ 4.651,09 \/40h<\/td>\r\n<\/tr><tr>\r\n<td class=\"ccargos\">\r\n<span data-balloon-length=\"medium\" aria-label=\"Gradua\u00e7\u00e3o em qualquer \u00e1rea e Registro Profissional\" data-balloon-pos=\"up\">Gestor de Recursos Humanos da Sa\u00fade Prisional<\/span><\/td>\r\n<td class=\"cvagas\">01<\/td>\r\n<td class=\"cremuneracao\">R$ 4.651,09 \/40h<\/td>\r\n<\/tr><tr>\r\n<td class=\"ccargos\">\r\n<span data-balloon-length=\"medium\" aria-label=\"Gradua\u00e7\u00e3o em Farm\u00e1cia e Registro no CRF\" data-balloon-pos=\"up\">Gestor de Assist\u00eancia Farmac\u00eautica da Sa\u00fade Prisional<\/span><\/td>\r\n<td class=\"cvagas\">01<\/td>\r\n<td class=\"cremuneracao\">R$ 4.651,09 \/40h<\/td>\r\n<\/tr><tr>\r\n<td class=\"ccargos\">\r\n<span data-balloon-length=\"medium\" aria-label=\"Gradua\u00e7\u00e3o em Administra\u00e7\u00e3o, Direito ou Farm\u00e1cia e Registro Profissional\" data-balloon-pos=\"up\">Gestor de Processos e Contratos Farmac\u00eauticos da Sa\u00fade Prisional<\/span><\/td>\r\n<td class=\"cvagas\">01<\/td>\r\n<td class=\"cremuneracao\">R$ 4.651,09 \/40h<\/td>\r\n<\/tr><tr>\r\n<td class=\"ccargos\">\r\n<span data-balloon-length=\"medium\" aria-label=\"Gradua\u00e7\u00e3o em Medicina, Enfermagem, Fonoaudiologia, Fisioterapia, Odontologia, Psicologia, Terapia Ocupacional, Farm\u00e1cia, Servi\u00e7o Social, Nutri\u00e7\u00e3o, Educa\u00e7\u00e3o F\u00edsica, Biomedicina ou Sa\u00fade Coletiva e Registro Profissional\" data-balloon-pos=\"up\">Coordenador Institucional - EAPP<\/span><\/td>\r\n<td class=\"cvagas\">14<\/td>\r\n<td class=\"cremuneracao\">R$ 4.036,48 \/40h<\/td>\r\n<\/tr><tr>\r\n<td class=\"ccargos\">\r\n<span data-balloon-length=\"medium\" aria-label=\"Gradua\u00e7\u00e3o em Medicina, Enfermagem, Fonoaudiologia, Fisioterapia, Odontologia, Psicologia, Terapia Ocupacional, Farm\u00e1cia, Servi\u00e7o Social, Nutri\u00e7\u00e3o, Educa\u00e7\u00e3o F\u00edsica, Biomedicina ou Sa\u00fade Coletiva e Registro Profissional\" data-balloon-pos=\"up\">Coordenador de Sa\u00fade Mental da Aten\u00e7\u00e3o Prim\u00e1ria Prisional<\/span><\/td>\r\n<td class=\"cvagas\">01<\/td>\r\n<td class=\"cremuneracao\">R$ 4.036,48 \/40h<\/td>\r\n<\/tr><tr>\r\n<td class=\"ccargos\">\r\n<span data-balloon-length=\"medium\" aria-label=\"Gradua\u00e7\u00e3o em Medicina, Enfermagem, Fonoaudiologia, Fisioterapia, Odontologia, Psicologia, Terapia Ocupacional, Farm\u00e1cia, Servi\u00e7o Social, Nutri\u00e7\u00e3o, Biomedicina ou Sa\u00fade Coletiva e Registro Profissional\" data-balloon-pos=\"up\">Coordenador Institucional de Aten\u00e7\u00e3o \u00e0 Sa\u00fade Prisional<\/span><\/td>\r\n<td class=\"cvagas\">01<\/td>\r\n<td class=\"cremuneracao\">R$ 4.036,48 \/40h<\/td>\r\n<\/tr><tr>\r\n<td class=\"ccargos\">\r\n<span data-balloon-length=\"medium\" aria-label=\"Gradua\u00e7\u00e3o em Medicina, Enfermagem, Fonoaudiologia, Fisioterapia, Odontologia, Psicologia, Terapia Ocupacional, Farm\u00e1cia, Servi\u00e7o Social, Nutri\u00e7\u00e3o, Educa\u00e7\u00e3o F\u00edsica, Biomedicina ou Sa\u00fade Coletiva e Registro Profissional\" data-balloon-pos=\"up\">Apoiador Institucional Regional<\/span><\/td>\r\n<td class=\"cvagas\">12<\/td>\r\n<td class=\"cremuneracao\">R$ 3.720,00 \/40h<\/td>\r\n<\/tr><tr>\r\n<td class=\"ccargos\">\r\n<span data-balloon-length=\"medium\" aria-label=\"Gradua\u00e7\u00e3o em Medicina, Enfermagem, Fonoaudiologia, Fisioterapia, Odontologia, Psicologia, Terapia Ocupacional, Farm\u00e1cia, Servi\u00e7o Social, Nutri\u00e7\u00e3o, Educa\u00e7\u00e3o F\u00edsica, Biomedicina ou Sa\u00fade Coletiva e Registro Profissional\" data-balloon-pos=\"up\">Apoiador Institucional de Aten\u00e7\u00e3o Prim\u00e1ria Prisional<\/span><\/td>\r\n<td class=\"cvagas\">06<\/td>\r\n<td class=\"cremuneracao\">R$ 3.720,00 \/40h<\/td>\r\n<\/tr><tr>\r\n<td class=\"ccargos\">\r\n<span data-balloon-length=\"medium\" aria-label=\"Gradua\u00e7\u00e3o em Tecnologia da Informa\u00e7\u00e3o\" data-balloon-pos=\"up\">Apoiador Institucional de Sistemas de Informa\u00e7\u00f5es da Sa\u00fade Prisional<\/span><\/td>\r\n<td class=\"cvagas\">01<\/td>\r\n<td class=\"cremuneracao\">R$ 3.720,00 \/40h<\/td>\r\n<\/tr><tr>\r\n<td class=\"ccargos\">\r\n<span data-balloon-length=\"medium\" aria-label=\"Gradua\u00e7\u00e3o em Medicina, Enfermagem, Fonoaudiologia, Fisioterapia, Odontologia, Psicologia, Terapia Ocupacional, Farm\u00e1cia, Servi\u00e7o Social, Educa\u00e7\u00e3o F\u00edsica, Biomedicina ou Sa\u00fade Coletiva e Registro Profissional\" data-balloon-pos=\"up\">Apoiador Institucional de Vigil\u00e2ncia em Sa\u00fade Prisional<\/span><\/td>\r\n<td class=\"cvagas\">01<\/td>\r\n<td class=\"cremuneracao\">R$ 3.720,00 \/40h<\/td>\r\n<\/tr><tr>\r\n<td class=\"ccargos\">\r\n<span data-balloon-length=\"medium\" aria-label=\"Gradua\u00e7\u00e3o em Odontologia e Registro no CRO\" data-balloon-pos=\"up\">Apoiador Institucional de Sa\u00fade Bucal da Sa\u00fade Prisional<\/span><\/td>\r\n<td class=\"cvagas\">01<\/td>\r\n<td class=\"cremuneracao\">R$ 3.720,00 \/40h<\/td>\r\n<\/tr><tr>\r\n<td class=\"ccargos\">\r\n<span data-balloon-length=\"medium\" aria-label=\"Gradua\u00e7\u00e3o em Medicina, Enfermagem, Fonoaudiologia, Fisioterapia, Odontologia, Psicologia, Terapia Ocupacional, Farm\u00e1cia, Servi\u00e7o Social, Nutri\u00e7\u00e3o, Educa\u00e7\u00e3o F\u00edsica, Biomedicina ou Sa\u00fade Coletiva e Registro Profissional\" data-balloon-pos=\"up\">Apoiador Institucional de Articula\u00e7\u00e3o Intrassetorial e Sociedade Civil Organizada da Sa\u00fade Prisional<\/span><\/td>\r\n<td class=\"cvagas\">01<\/td>\r\n<td class=\"cremuneracao\">R$ 3.720,00 \/40h<\/td>\r\n<\/tr><tr>\r\n<td class=\"ccargos\">\r\n<span data-balloon-length=\"medium\" aria-label=\"Gradua\u00e7\u00e3o em Medicina, Enfermagem, Fonoaudiologia, Fisioterapia, Odontologia, Psicologia, Terapia Ocupacional, Farm\u00e1cia, Servi\u00e7o Social, Nutri\u00e7\u00e3o, Educa\u00e7\u00e3o F\u00edsica, Biomedicina ou Sa\u00fade Coletiva e Registro Profissional\" data-balloon-pos=\"up\">Apoiador Institucional de Articula\u00e7\u00e3o Intrassetorial e Infectocontagiosas da Sa\u00fade Prisional<\/span><\/td>\r\n<td class=\"cvagas\">01<\/td>\r\n<td class=\"cremuneracao\">R$ 3.720,00 \/40h<\/td>\r\n<\/tr><tr>\r\n<td class=\"ccargos\">\r\n<span data-balloon-length=\"medium\" aria-label=\"Gradua\u00e7\u00e3o em Administra\u00e7\u00e3o, Ci\u00eancias Cont\u00e1beis ou Economia e Registro Profissional\" data-balloon-pos=\"up\">Apoiador Institucional de Finan\u00e7as da Sa\u00fade Prisional<\/span><\/td>\r\n<td class=\"cvagas\">01<\/td>\r\n<td class=\"cremuneracao\">R$ 3.720,00 \/40h<\/td>\r\n<\/tr><tr>\r\n<td class=\"ccargos\">\r\n<span data-balloon-length=\"medium\" aria-label=\"Gradua\u00e7\u00e3o em Log\u00edstica, Administra\u00e7\u00e3o ou Ci\u00eancias Econ\u00f4micas e Registro Profissional\" data-balloon-pos=\"up\">Apoiador Institucional de Log\u00edstica da Sa\u00fade Prisional<\/span><\/td>\r\n<td class=\"cvagas\">01<\/td>\r\n<td class=\"cremuneracao\">R$ 3.720,00 \/40h<\/td>\r\n<\/tr><tr>\r\n<td class=\"ccargos\">\r\n<span data-balloon-length=\"medium\" aria-label=\"Gradua\u00e7\u00e3o em Tecnologia da Informa\u00e7\u00e3o\" data-balloon-pos=\"up\">Apoiador Institucional de Tecnologia da Informa\u00e7\u00e3o da Sa\u00fade Prisional<\/span><\/td>\r\n<td class=\"cvagas\">01<\/td>\r\n<td class=\"cremuneracao\">R$ 3.720,00 \/40h<\/td>\r\n<\/tr><tr>\r\n<td class=\"ccargos\">\r\n<span data-balloon-length=\"medium\" aria-label=\"Gradua\u00e7\u00e3o em qualquer \u00e1rea e Registro Profissional\" data-balloon-pos=\"up\">Apoiador Institucional de Recursos Humanos da Sa\u00fade Prisional<\/span><\/td>\r\n<td class=\"cvagas\">01<\/td>\r\n<td class=\"cremuneracao\">R$ 3.720,00 \/40h<\/td>\r\n<\/tr><tr>\r\n<td class=\"ccargos\">\r\n<span data-balloon-length=\"medium\" aria-label=\"Gradua\u00e7\u00e3o em qualquer \u00e1rea e Registro Profissional\" data-balloon-pos=\"up\">Apoiador Institucional de Contratos e Processos da Sa\u00fade Prisional<\/span><\/td>\r\n<td class=\"cvagas\">01<\/td>\r\n<td class=\"cremuneracao\">R$ 3.720,00 \/40h<\/td>\r\n<\/tr><tr>\r\n<td class=\"ccargos\">\r\n<span data-balloon-length=\"medium\" aria-label=\"Gradua\u00e7\u00e3o em Psicologia e Registro no CRP\" data-balloon-pos=\"up\">Apoiador Institucional EAP - Psic\u00f3logo<\/span><\/td>\r\n<td class=\"cvagas\">01<\/td>\r\n<td class=\"cremuneracao\">R$ 3.720,00 \/40h<\/td>\r\n<\/tr><tr>\r\n<td class=\"ccargos\">\r\n<span data-balloon-length=\"medium\" aria-label=\"Gradua\u00e7\u00e3o em Servi\u00e7o Social e Registro no CRESS\" data-balloon-pos=\"up\">Apoiador Institucional EAP - Assistente Social<\/span><\/td>\r\n<td class=\"cvagas\">01<\/td>\r\n<td class=\"cremuneracao\">R$ 3.720,00 \/40h<\/td>\r\n<\/tr><tr>\r\n<td class=\"ccargos\">\r\n<span data-balloon-length=\"medium\" aria-label=\"Gradua\u00e7\u00e3o em Enfermagem e Registro no COREN\" data-balloon-pos=\"up\">Apoiador Institucional EAP - Enfermeiro<\/span><\/td>\r\n<td class=\"cvagas\">01<\/td>\r\n<td class=\"cremuneracao\">R$ 3.720,00 \/40h<\/td>\r\n<\/tr><tr>\r\n<td class=\"ccargos\">\r\n<span data-balloon-length=\"medium\" aria-label=\"Gradua\u00e7\u00e3o em Terapia Ocupacional e Registro no CREFITO\" data-balloon-pos=\"up\">Apoiador Institucional EAP - Terapeuta Ocupacional<\/span><\/td>\r\n<td class=\"cvagas\">01<\/td>\r\n<td class=\"cremuneracao\">R$ 3.720,00 \/40h<\/td>\r\n<\/tr><tr>\r\n<td class=\"ccargos\">\r\n<span data-balloon-length=\"medium\" aria-label=\"Gradua\u00e7\u00e3o em Enfermagem e Registro no COREN\" data-balloon-pos=\"up\">Enfermeiro - EAPP<\/span><\/td>\r\n<td class=\"cvagas\">33<\/td>\r\n<td class=\"cremuneracao\">R$ 2.752,76 \/30h<\/td>\r\n<\/tr><tr>\r\n<td class=\"ccargos\">\r\n<span data-balloon-length=\"medium\" aria-label=\"Gradua\u00e7\u00e3o em Odontologia e Registro no CRO\" data-balloon-pos=\"up\">Cirurgi\u00e3o-Dentista - EAPP<\/span><\/td>\r\n<td class=\"cvagas\">15<\/td>\r\n<td class=\"cremuneracao\">R$ 2.752,76 \/30h<\/td>\r\n<\/tr><tr>\r\n<td class=\"ccargos\">\r\n<span data-balloon-length=\"medium\" aria-label=\"Gradua\u00e7\u00e3o em Psicologia e Registro no CRP\" data-balloon-pos=\"up\">Psic\u00f3logo - EAPP<\/span><\/td>\r\n<td class=\"cvagas\">25<\/td>\r\n<td class=\"cremuneracao\">R$ 2.752,76 \/30h<\/td>\r\n<\/tr><tr>\r\n<td class=\"ccargos\">\r\n<span data-balloon-length=\"medium\" aria-label=\"Gradua\u00e7\u00e3o em Servi\u00e7o Social e Registro no CRESS\" data-balloon-pos=\"up\">Assistente Social - EAPP<\/span><\/td>\r\n<td class=\"cvagas\">17<\/td>\r\n<td class=\"cremuneracao\">R$ 2.752,76 \/30h<\/td>\r\n<\/tr><tr>\r\n<td class=\"ccargos\">\r\n<span data-balloon-length=\"medium\" aria-label=\"Gradua\u00e7\u00e3o em Farm\u00e1cia e Registro no CRF\" data-balloon-pos=\"up\">Farmac\u00eautico - EAPP<\/span><\/td>\r\n<td class=\"cvagas\">16<\/td>\r\n<td class=\"cremuneracao\">R$ 2.752,76 \/30h<\/td>\r\n<\/tr><tr>\r\n<td class=\"ccargos\">\r\n<span data-balloon-length=\"medium\" aria-label=\"Gradua\u00e7\u00e3o em Farm\u00e1cia com Especializa\u00e7\u00e3o em An\u00e1lises Cl\u00ednicas e Registro no CRF\" data-balloon-pos=\"up\">Farmac\u00eautico Bioqu\u00edmico - EAPP<\/span><\/td>\r\n<td class=\"cvagas\">01<\/td>\r\n<td class=\"cremuneracao\">R$ 2.752,76 \/30h<\/td>\r\n<\/tr>\r\n    <\/tbody>\r\n  <\/table>\r\n<\/div>"},"_links":{"self":[{"href":"https:\/\/www.agrobase.com.br\/concursos\/wp-json\/wp\/v2\/posts\/280894","targetHints":{"allow":["GET"]}}],"collection":[{"href":"https:\/\/www.agrobase.com.br\/concursos\/wp-json\/wp\/v2\/posts"}],"about":[{"href":"https:\/\/www.agrobase.com.br\/concursos\/wp-json\/wp\/v2\/types\/post"}],"author":[{"embeddable":true,"href":"https:\/\/www.agrobase.com.br\/concursos\/wp-json\/wp\/v2\/users\/7"}],"replies":[{"embeddable":true,"href":"https:\/\/www.agrobase.com.br\/concursos\/wp-json\/wp\/v2\/comments?post=280894"}],"version-history":[{"count":2,"href":"https:\/\/www.agrobase.com.br\/concursos\/wp-json\/wp\/v2\/posts\/280894\/revisions"}],"predecessor-version":[{"id":280898,"href":"https:\/\/www.agrobase.com.br\/concursos\/wp-json\/wp\/v2\/posts\/280894\/revisions\/280898"}],"wp:featuredmedia":[{"embeddable":true,"href":"https:\/\/www.agrobase.com.br\/concursos\/wp-json\/wp\/v2\/media\/280893"}],"wp:attachment":[{"href":"https:\/\/www.agrobase.com.br\/concursos\/wp-json\/wp\/v2\/media?parent=280894"}],"wp:term":[{"taxonomy":"category","embeddable":true,"href":"https:\/\/www.agrobase.com.br\/concursos\/wp-json\/wp\/v2\/categories?post=280894"},{"taxonomy":"post_tag","embeddable":true,"href":"https:\/\/www.agrobase.com.br\/concursos\/wp-json\/wp\/v2\/tags?post=280894"},{"taxonomy":"_amplo","embeddable":true,"href":"https:\/\/www.agrobase.com.br\/concursos\/wp-json\/wp\/v2\/_amplo?post=280894"},{"taxonomy":"destaque","embeddable":true,"href":"https:\/\/www.agrobase.com.br\/concursos\/wp-json\/wp\/v2\/destaque?post=280894"},{"taxonomy":"instituicoes","embeddable":true,"href":"https:\/\/www.agrobase.com.br\/concursos\/wp-json\/wp\/v2\/instituicoes?post=280894"}],"curies":[{"name":"wp","href":"https:\/\/api.w.org\/{rel}","templated":true}]}}