{"id":280828,"date":"2026-04-28T08:00:09","date_gmt":"2026-04-28T11:00:09","guid":{"rendered":"https:\/\/www.agrobase.com.br\/concursos\/?p=280828"},"modified":"2026-04-27T14:51:06","modified_gmt":"2026-04-27T17:51:06","slug":"prefeitura-vila-velha-es-selecao-simplificada-06-2026","status":"publish","type":"post","link":"https:\/\/www.agrobase.com.br\/concursos\/2026\/prefeitura-vila-velha-es-selecao-simplificada-06-2026\/","title":{"rendered":"Prefeitura Vila Velha (ES) &#8211; Sele\u00e7\u00e3o Simplificada 06\/2026"},"content":{"rendered":"<h2>Informa\u00e7\u00f5es Gerais<\/h2>\n<p>O <strong>Munic\u00edpio de Vila Velha, no Esp\u00edrito Santo<\/strong>, por meio da Secretaria Municipal de Educa\u00e7\u00e3o (SEMED), publicou o <strong>Edital n\u00ba 06\/2026<\/strong> referente ao Processo Seletivo Simplificado para forma\u00e7\u00e3o de <strong>cadastro de reserva<\/strong> de profissionais do quadro administrativo da Rede Municipal de Ensino.<\/p>\n<p>O certame visa a contrata\u00e7\u00e3o tempor\u00e1ria por excepcional interesse p\u00fablico, com fundamento no art. 37, IX, da Constitui\u00e7\u00e3o Federal e na Lei Complementar n\u00ba 035\/2015 do munic\u00edpio. O regime de contrata\u00e7\u00e3o \u00e9 <strong>tempor\u00e1rio<\/strong>.<\/p>\n<p>S\u00e3o oferecidas vagas em <strong>cadastro de reserva (CR)<\/strong> para cargos de <strong>n\u00edvel m\u00e9dio\/t\u00e9cnico e n\u00edvel superior<\/strong>, com remunera\u00e7\u00f5es que variam de <strong>R$ 2.029,84 a R$ 4.272,64<\/strong> e carga hor\u00e1ria de 30 a 40 horas semanais.<\/p>\n<p>Entre os cargos de n\u00edvel superior est\u00e3o: Assistente Social, Bibliotec\u00e1rio, Fonoaudi\u00f3logo, <strong>Nutricionista<\/strong> e Psic\u00f3logo. J\u00e1 para o n\u00edvel m\u00e9dio\/t\u00e9cnico, as oportunidades contemplam Regente de Banda, Secret\u00e1rio Escolar e Tradutor e Int\u00e9rprete da L\u00edngua de Sinais. Destaque para a vaga de <strong>Nutricionista<\/strong>, \u00e1rea de grande interesse para profissionais da sa\u00fade e alimenta\u00e7\u00e3o escolar.<\/p>\n<h2>Inscri\u00e7\u00f5es<\/h2>\n<p>As inscri\u00e7\u00f5es para o Processo Seletivo Simplificado da Prefeitura de Vila Velha &#8211; ES (Edital n\u00ba 06\/2026) ser\u00e3o realizadas no per\u00edodo de <strong>23 de abril de 2026 at\u00e9 29 de abril de 2026<\/strong>.<\/p>\n<p>A inscri\u00e7\u00e3o \u00e9 <strong>exclusivamente online<\/strong>, devendo ser realizada por meio do site oficial do Munic\u00edpio de Vila Velha, no endere\u00e7o <strong>http:\/\/www.vilavelha.es.gov.br<\/strong>. O candidato dever\u00e1 acessar o site, preencher o formul\u00e1rio de inscri\u00e7\u00e3o eletr\u00f4nico e, ao finalizar, <strong>salvar em PDF o documento comprobat\u00f3rio da inscri\u00e7\u00e3o<\/strong> gerado pelo sistema.<\/p>\n<p>\u00c9 importante observar que cada candidato poder\u00e1 se inscrever para <strong>no m\u00e1ximo 01 (um) cargo<\/strong>. Portanto, escolha com aten\u00e7\u00e3o a fun\u00e7\u00e3o que melhor se adequa ao seu perfil e requisitos.<\/p>\n<p><strong>O edital n\u00e3o menciona cobran\u00e7a de taxa de inscri\u00e7\u00e3o<\/strong> para este processo seletivo simplificado. Ainda assim, recomenda-se a leitura integral do edital para verificar eventuais atualiza\u00e7\u00f5es ou retifica\u00e7\u00f5es publicadas pelo munic\u00edpio.<\/p>\n<p>Ap\u00f3s a inscri\u00e7\u00e3o, acompanhe todas as publica\u00e7\u00f5es e comunicados pelo site oficial <strong>www.vilavelha.es.gov.br<\/strong>, pois \u00e9 responsabilidade do candidato manter-se informado sobre o andamento do certame.<\/p>\n<h2>Etapas e Provas<\/h2>\n<p>O Processo Seletivo Simplificado do Edital n\u00ba 06\/2026 da Prefeitura de Vila Velha &#8211; ES \u00e9 composto por <strong>quatro etapas<\/strong>, organizadas da seguinte forma:<\/p>\n<ul>\n<li><strong>1\u00aa Etapa \u2014 Inscri\u00e7\u00e3o\/Classifica\u00e7\u00e3o:<\/strong> realizada exclusivamente pela internet, por meio do site <strong>www.vilavelha.es.gov.br<\/strong>. Esta etapa possui <strong>car\u00e1ter classificat\u00f3rio<\/strong>. A pontua\u00e7\u00e3o ser\u00e1 gerada automaticamente pelo sistema de inscri\u00e7\u00e3o, com base nas informa\u00e7\u00f5es e nos crit\u00e9rios estabelecidos no edital. A classifica\u00e7\u00e3o dos candidatos ser\u00e1 elaborada por ordem decrescente do total de pontos obtidos.<\/li>\n<li><strong>2\u00aa Etapa \u2014 Autua\u00e7\u00e3o de processo eletr\u00f4nico para apresenta\u00e7\u00e3o dos documentos:<\/strong> os candidatos classificados dever\u00e3o apresentar a documenta\u00e7\u00e3o exigida por meio de processo eletr\u00f4nico, conforme orienta\u00e7\u00f5es que ser\u00e3o divulgadas pelo munic\u00edpio. Esta etapa \u00e9 essencial para a comprova\u00e7\u00e3o dos requisitos do cargo.<\/li>\n<li><strong>3\u00aa Etapa \u2014 Escolha de vaga:<\/strong> os candidatos habilitados ser\u00e3o convocados para a escolha de vaga, respeitando a ordem de classifica\u00e7\u00e3o. A convoca\u00e7\u00e3o ser\u00e1 realizada de acordo com a necessidade da Rede Municipal de Ensino de Vila Velha.<\/li>\n<li><strong>4\u00aa Etapa \u2014 Formaliza\u00e7\u00e3o do contrato:<\/strong> etapa final em que o candidato selecionado formalizar\u00e1 o contrato tempor\u00e1rio com o Munic\u00edpio de Vila Velha, atendendo a todas as exig\u00eancias legais e documentais previstas no edital.<\/li>\n<\/ul>\n<p>\u00c9 importante destacar que <strong>n\u00e3o h\u00e1 prova objetiva, prova de t\u00edtulos ou prova pr\u00e1tica<\/strong> neste processo seletivo simplificado. A sele\u00e7\u00e3o \u00e9 baseada na an\u00e1lise das informa\u00e7\u00f5es prestadas na inscri\u00e7\u00e3o e na documenta\u00e7\u00e3o comprobat\u00f3ria apresentada.<\/p>\n<h2>Resultados e Gabarito<\/h2>\n<p>Ap\u00f3s a conclus\u00e3o de todas as etapas e a classifica\u00e7\u00e3o dos candidatos, a Banca Examinadora encaminhar\u00e1 oficialmente o resultado final do Processo Seletivo Simplificado da Prefeitura de Vila Velha &#8211; ES (Edital n\u00ba 06\/2026) para aprecia\u00e7\u00e3o e <strong>homologa\u00e7\u00e3o<\/strong>.<\/p>\n<p>O <strong>Resultado Final<\/strong> ser\u00e1 divulgado no site oficial do Munic\u00edpio de Vila Velha, no endere\u00e7o <strong>www.vilavelha.es.gov.br<\/strong>. A listagem de classifica\u00e7\u00e3o ser\u00e1 elaborada por <strong>ordem decrescente do total de pontos obtidos<\/strong>, gerada automaticamente pelo sistema utilizado para inscri\u00e7\u00e3o.<\/p>\n<p>A <strong>homologa\u00e7\u00e3o<\/strong> \u00e9 o ato administrativo que oficializa e valida o resultado do processo seletivo, tornando-o apto para convoca\u00e7\u00f5es e contrata\u00e7\u00f5es. A partir da publica\u00e7\u00e3o da homologa\u00e7\u00e3o, inicia-se a contagem do prazo de validade do certame.<\/p>\n<p>Este Processo Seletivo Simplificado ter\u00e1 <strong>validade de 12 (doze) meses<\/strong>, contados a partir da data da homologa\u00e7\u00e3o do resultado final, <strong>podendo ser prorrogado a crit\u00e9rio da administra\u00e7\u00e3o municipal<\/strong>.<\/p>\n<p>Para acompanhar todas as publica\u00e7\u00f5es \u2014 incluindo resultado preliminar, resultado final, convoca\u00e7\u00f5es para apresenta\u00e7\u00e3o de documentos e escolha de vagas \u2014 o candidato deve consultar regularmente o site <strong>www.vilavelha.es.gov.br<\/strong>.<\/p>\n<p><strong>O acompanhamento de todas as publica\u00e7\u00f5es oficiais referentes a este processo seletivo \u00e9 de responsabilidade exclusiva do candidato.<\/strong> Mantenha seus dados atualizados e consulte frequentemente os canais oficiais para n\u00e3o perder nenhum prazo ou convoca\u00e7\u00e3o.<\/p>\n","protected":false},"excerpt":{"rendered":"<p>Inscri\u00e7\u00f5es abrem 23\/04! Sel. Simplificada Pref. Vila Velha (ES) p\/ Assistente Social e Psic\u00f3logo (M\u00e9dio\/Sup.). Sal\u00e1rios at\u00e9 R$4.2k. Veja o edital!<\/p>\n","protected":false},"author":7,"featured_media":280827,"comment_status":"open","ping_status":"open","sticky":false,"template":"","format":"standard","meta":{"_acf_changed":false,"_breakdance_hide_in_design_set":false,"_breakdance_tags":"","footnotes":""},"categories":[94,19,23,26,101],"tags":[45],"_amplo":[],"destaque":[],"instituicoes":[],"class_list":["post-280828","post","type-post","status-publish","format-standard","has-post-thumbnail","hentry","category-biblioteconomia","category-fonoaudiologia","category-nutricao","category-psicologia","category-servico-social","tag-espirito-santo"],"acf":{"_tipo_vagas":"vagas","_numero_vagas":"","_quadro_vagas":"","_cargos":"diversos","_cargos_especificos":"","_salario_max":"R$ 4272.64","_abertura":"20260423","_encerramento":"20260429","_inscricoes":"http:\/\/www.vilavelha.es.gov.br","_executora_concurso":"","_instituicao_concurso":[],"_link_adicional":null,"_anexos":null,"_produtos":null,"_vagas":"Cadastro Reserva","_salario_min":"R$ 2029.84","_instituicao":"Prefeitura de Vila Velha","_edital":"https:\/\/www.agrobase.com.br\/concursos\/wp-content\/uploads\/sites\/4\/2026\/04\/edital-06-2026-da-prefeitura-de-vila-velha-es.pdf","_anexos_edital":"","_fund_incompleto":"","_fund_completo":"","_medio":"<div>\r\n<table class=\"quadro\">\r\n<thead>\r\n<tr>\r\n<th class=\"hcargo\">Cargo<\/th>\r\n<th class=\"hvagas\">Vagas<\/th>\r\n<th class=\"hremuneracao\">Remunera\u00e7\u00e3o<\/th>\r\n<\/tr>\r\n<\/thead>\r\n    <tbody>\r\n      <td class=\"ccargos\">\r\n<span data-balloon-length=\"medium\" aria-label=\"Ensino M\u00e9dio Completo e experi\u00eancia comprovada de no m\u00ednimo 06 meses na reg\u00eancia de bandas marciais\" data-balloon-pos=\"up\">Regente de Banda<\/span><\/td>\r\n<td class=\"cvagas\">CR<\/td>\r\n<td class=\"cremuneracao\">R$ 2.029,84 \/40 horas<\/td>\r\n<\/tr><td class=\"ccargos\">\r\n<span data-balloon-length=\"medium\" aria-label=\"Ensino M\u00e9dio Completo, curso de Secret\u00e1rio Escolar e Curso de Inform\u00e1tica (m\u00edn. 60h)\" data-balloon-pos=\"up\">Secret\u00e1rio Escolar<\/span><\/td>\r\n<td class=\"cvagas\">CR<\/td>\r\n<td class=\"cremuneracao\">R$ 2.029,84 \/40 horas<\/td>\r\n<\/tr><td class=\"ccargos\">\r\n<span data-balloon-length=\"medium\" aria-label=\"Ensino M\u00e9dio Completo, curso de Secret\u00e1rio Escolar, curso de capacita\u00e7\u00e3o de int\u00e9rprete (FENETS) e Curso de Inform\u00e1tica (m\u00edn. 60h)\" data-balloon-pos=\"up\">Tradutor e Int\u00e9rprete da L\u00edngua de Sinais<\/span><\/td>\r\n<td class=\"cvagas\">CR<\/td>\r\n<td class=\"cremuneracao\">R$ 2.029,84 \/40 horas<\/td>\r\n<\/tr>\r\n    <\/tbody>\r\n  <\/table>\r\n<\/div>","_superior":"<div>\r\n<table class=\"quadro\">\r\n<thead>\r\n<tr>\r\n<th class=\"hcargo\">Cargo<\/th>\r\n<th class=\"hvagas\">Vagas<\/th>\r\n<th class=\"hremuneracao\">Remunera\u00e7\u00e3o<\/th>\r\n<\/tr>\r\n<\/thead>\r\n    <tbody>\r\n      <tr>\r\n<td class=\"ccargos\">\r\n<span data-balloon-length=\"medium\" aria-label=\"Ensino Superior em Servi\u00e7o Social, Registro no Conselho de Classe e Curso de Inform\u00e1tica (m\u00edn. 60h)\" data-balloon-pos=\"up\">Assistente Social<\/span><\/td>\r\n<td class=\"cvagas\">CR<\/td>\r\n<td class=\"cremuneracao\">R$ 3.204,48 \/30\/40 horas<\/td>\r\n<\/tr><tr>\r\n<td class=\"ccargos\">\r\n<span data-balloon-length=\"medium\" aria-label=\"Ensino Superior em Biblioteconomia, Registro no Conselho de Classe e Curso de Inform\u00e1tica (m\u00edn. 60h)\" data-balloon-pos=\"up\">Bibliotec\u00e1rio<\/span><\/td>\r\n<td class=\"cvagas\">CR<\/td>\r\n<td class=\"cremuneracao\">R$ 3.675,19 \/40 horas<\/td>\r\n<\/tr><tr>\r\n<td class=\"ccargos\">\r\n<span data-balloon-length=\"medium\" aria-label=\"Ensino Superior em Fonoaudiologia, Registro no Conselho de Classe e Curso de Inform\u00e1tica (m\u00edn. 60h)\" data-balloon-pos=\"up\">Fonoaudi\u00f3logo<\/span><\/td>\r\n<td class=\"cvagas\">CR<\/td>\r\n<td class=\"cremuneracao\">R$ 3.243,71 \/30\/40 horas<\/td>\r\n<\/tr><tr>\r\n<td class=\"ccargos\">\r\n<span data-balloon-length=\"medium\" aria-label=\"Ensino Superior em Nutri\u00e7\u00e3o, Registro no Conselho de Classe e Curso de Inform\u00e1tica (m\u00edn. 60h)\" data-balloon-pos=\"up\">Nutricionista<\/span><\/td>\r\n<td class=\"cvagas\">CR<\/td>\r\n<td class=\"cremuneracao\">R$ 3.243,71 \/30\/40 horas<\/td>\r\n<\/tr><tr>\r\n<td class=\"ccargos\">\r\n<span data-balloon-length=\"medium\" aria-label=\"Ensino Superior em Psicologia, Registro no Conselho de Classe e Curso de Inform\u00e1tica (m\u00edn. 60h)\" data-balloon-pos=\"up\">Psic\u00f3logo<\/span><\/td>\r\n<td class=\"cvagas\">CR<\/td>\r\n<td class=\"cremuneracao\">R$ 3.243,71 \/30\/40 horas<\/td>\r\n<\/tr>\r\n    <\/tbody>\r\n  <\/table>\r\n<\/div>"},"_links":{"self":[{"href":"https:\/\/www.agrobase.com.br\/concursos\/wp-json\/wp\/v2\/posts\/280828","targetHints":{"allow":["GET"]}}],"collection":[{"href":"https:\/\/www.agrobase.com.br\/concursos\/wp-json\/wp\/v2\/posts"}],"about":[{"href":"https:\/\/www.agrobase.com.br\/concursos\/wp-json\/wp\/v2\/types\/post"}],"author":[{"embeddable":true,"href":"https:\/\/www.agrobase.com.br\/concursos\/wp-json\/wp\/v2\/users\/7"}],"replies":[{"embeddable":true,"href":"https:\/\/www.agrobase.com.br\/concursos\/wp-json\/wp\/v2\/comments?post=280828"}],"version-history":[{"count":2,"href":"https:\/\/www.agrobase.com.br\/concursos\/wp-json\/wp\/v2\/posts\/280828\/revisions"}],"predecessor-version":[{"id":280831,"href":"https:\/\/www.agrobase.com.br\/concursos\/wp-json\/wp\/v2\/posts\/280828\/revisions\/280831"}],"wp:featuredmedia":[{"embeddable":true,"href":"https:\/\/www.agrobase.com.br\/concursos\/wp-json\/wp\/v2\/media\/280827"}],"wp:attachment":[{"href":"https:\/\/www.agrobase.com.br\/concursos\/wp-json\/wp\/v2\/media?parent=280828"}],"wp:term":[{"taxonomy":"category","embeddable":true,"href":"https:\/\/www.agrobase.com.br\/concursos\/wp-json\/wp\/v2\/categories?post=280828"},{"taxonomy":"post_tag","embeddable":true,"href":"https:\/\/www.agrobase.com.br\/concursos\/wp-json\/wp\/v2\/tags?post=280828"},{"taxonomy":"_amplo","embeddable":true,"href":"https:\/\/www.agrobase.com.br\/concursos\/wp-json\/wp\/v2\/_amplo?post=280828"},{"taxonomy":"destaque","embeddable":true,"href":"https:\/\/www.agrobase.com.br\/concursos\/wp-json\/wp\/v2\/destaque?post=280828"},{"taxonomy":"instituicoes","embeddable":true,"href":"https:\/\/www.agrobase.com.br\/concursos\/wp-json\/wp\/v2\/instituicoes?post=280828"}],"curies":[{"name":"wp","href":"https:\/\/api.w.org\/{rel}","templated":true}]}}