{"id":280746,"date":"2026-04-27T07:10:20","date_gmt":"2026-04-27T10:10:20","guid":{"rendered":"https:\/\/www.agrobase.com.br\/concursos\/?p=280746"},"modified":"2026-04-24T11:19:25","modified_gmt":"2026-04-24T14:19:25","slug":"prefeitura-minacu-go-concurso-01-2026","status":"publish","type":"post","link":"https:\/\/www.agrobase.com.br\/concursos\/2026\/prefeitura-minacu-go-concurso-01-2026\/","title":{"rendered":"Prefeitura Mina\u00e7u (GO) &#8211; Concurso 01\/2026"},"content":{"rendered":"<h2>Informa\u00e7\u00f5es Gerais<\/h2>\n<p>A <strong>Prefeitura Municipal de Mina\u00e7u\/GO<\/strong> publicou o <strong>Edital de Abertura n\u00ba 01\/2026<\/strong>, que regulamenta a realiza\u00e7\u00e3o de Concurso P\u00fablico de provas e t\u00edtulos para o provimento de vagas efetivas e forma\u00e7\u00e3o de cadastro de reserva no quadro de pessoal da Administra\u00e7\u00e3o P\u00fablica Municipal. O certame est\u00e1 sendo organizado pelo <strong>Instituto Verbena\/UFG<\/strong>, vinculado \u00e0 Universidade Federal de Goi\u00e1s.<\/p>\n<p>Ao todo, s\u00e3o ofertadas <strong>90 vagas imediatas, al\u00e9m de cadastro de reserva (CR)<\/strong>, distribu\u00eddas em cargos de <strong>n\u00edvel superior<\/strong>. O regime de contrata\u00e7\u00e3o \u00e9 <strong>estatut\u00e1rio<\/strong>, com remunera\u00e7\u00f5es que variam de <strong>R$ 4.050,00 a R$ 21.783,92<\/strong>, a depender do cargo.<\/p>\n<p>As oportunidades abrangem diversas \u00e1reas de atua\u00e7\u00e3o. A maior concentra\u00e7\u00e3o de vagas est\u00e1 na \u00e1rea de <strong>Educa\u00e7\u00e3o<\/strong>, com destaque para o cargo de <strong>Professor PIII \u2013 Pedagogia (65 vagas + CR)<\/strong>, al\u00e9m de vagas para professores de Biologia, Educa\u00e7\u00e3o F\u00edsica, Geografia, Hist\u00f3ria, Letras \u2013 Portugu\u00eas\/Ingl\u00eas e Matem\u00e1tica. Na \u00e1rea da <strong>Sa\u00fade<\/strong>, h\u00e1 vagas para diversas especialidades m\u00e9dicas, incluindo Anestesista, Cardiologista, Cl\u00ednico Geral, Dermatologista, Endocrinologista, Ortopedista\/Traumatologista, Pediatra e Psiquiatra, todas com remunera\u00e7\u00e3o de R$ 21.783,92. O concurso tamb\u00e9m contempla cargos de Fiscal de Servi\u00e7os Urbanos, Fiscal de Tributos, Fiscal de Vigil\u00e2ncia Sanit\u00e1ria e Procurador.<\/p>\n<p>Vale destacar que o cargo de <strong>Fiscal de Vigil\u00e2ncia Sanit\u00e1ria<\/strong> aceita forma\u00e7\u00e3o em \u00e1reas como <strong>Medicina Veterin\u00e1ria<\/strong> e <strong>Biologia<\/strong>, entre outras, o que representa uma excelente oportunidade para profissionais dessas \u00e1reas. J\u00e1 o cargo de <strong>Professor PIII \u2013 Biologia<\/strong> exige Licenciatura plena em <strong>Biologia<\/strong>, com 2 vagas imediatas mais cadastro de reserva.<\/p>\n<h2>Inscri\u00e7\u00f5es<\/h2>\n<p>As inscri\u00e7\u00f5es para o Concurso P\u00fablico da Prefeitura de Mina\u00e7u\/GO ser\u00e3o realizadas <strong>exclusivamente pela internet<\/strong>, por meio do Portal do Candidato no site do Instituto Verbena\/UFG, no endere\u00e7o eletr\u00f4nico <strong>www.institutoverbena.ufg.br<\/strong>.<\/p>\n<p>O per\u00edodo de inscri\u00e7\u00f5es ter\u00e1 in\u00edcio em <strong>26 de maio de 2026<\/strong> e se encerrar\u00e1 \u00e0s <strong>17h (hor\u00e1rio de Bras\u00edlia) do dia 24 de junho de 2026<\/strong>. A emiss\u00e3o do boleto banc\u00e1rio tamb\u00e9m ser\u00e1 encerrada nesse mesmo hor\u00e1rio e data.<\/p>\n<p>O valor da taxa de inscri\u00e7\u00e3o \u00e9 de <strong>R$ 150,00 (cento e cinquenta reais)<\/strong> para todos os cargos.<\/p>\n<p>Para efetuar a inscri\u00e7\u00e3o, o candidato dever\u00e1 seguir os seguintes passos:<\/p>\n<ul>\n<li>Acessar o endere\u00e7o eletr\u00f4nico <strong>www.institutoverbena.ufg.br<\/strong> durante o per\u00edodo de inscri\u00e7\u00f5es;<\/li>\n<li>Preencher todos os campos do formul\u00e1rio de inscri\u00e7\u00e3o, conferir os dados digitados e confirm\u00e1-los;<\/li>\n<li>Gerar o formul\u00e1rio de inscri\u00e7\u00e3o, que funciona como documento comprobat\u00f3rio da solicita\u00e7\u00e3o;<\/li>\n<li>Gerar o boleto banc\u00e1rio e efetuar o pagamento ap\u00f3s o registro pelo sistema banc\u00e1rio, mesmo que a data limite coincida com dias n\u00e3o \u00fateis.<\/li>\n<\/ul>\n<p><strong>Aten\u00e7\u00e3o:<\/strong> cada candidato poder\u00e1 realizar inscri\u00e7\u00e3o para <strong>apenas um cargo<\/strong>. Candidatos beneficiados com isen\u00e7\u00e3o da taxa de inscri\u00e7\u00e3o ficam dispensados do pagamento do boleto.<\/p>\n<p>Ao se inscrever, o candidato aceita integralmente as condi\u00e7\u00f5es estabelecidas no edital, incluindo a aplica\u00e7\u00e3o da Lei Geral de Prote\u00e7\u00e3o de Dados Pessoais (LGPD). Os dados dos candidatos ser\u00e3o processados e divulgados conforme os princ\u00edpios da publicidade e transpar\u00eancia da administra\u00e7\u00e3o p\u00fablica.<\/p>\n<p>Recomendamos que o candidato acompanhe o status de sua inscri\u00e7\u00e3o pelo <strong>Portal do Candidato<\/strong> no site do Instituto Verbena\/UFG e realize a leitura integral do edital para conhecer todos os procedimentos, prazos e eventuais crit\u00e9rios de isen\u00e7\u00e3o da taxa de inscri\u00e7\u00e3o.<\/p>\n<h2>Etapas e Provas<\/h2>\n<p>O Concurso P\u00fablico da Prefeitura de Mina\u00e7u\/GO ser\u00e1 composto por diferentes etapas, variando conforme o cargo pretendido. Confira abaixo o detalhamento de cada uma:<\/p>\n<ul>\n<li><strong>1\u00aa Etapa \u2013 Prova Objetiva (todos os cargos)<\/strong><br \/>Car\u00e1ter: <strong>eliminat\u00f3rio e classificat\u00f3rio<\/strong>.<br \/>Formato: quest\u00f5es de m\u00faltipla escolha com 4 alternativas (A, B, C, D), sendo apenas uma correta.<br \/>Pontua\u00e7\u00e3o total: <strong>100,0 pontos<\/strong>. Ser\u00e1 eliminado o candidato que n\u00e3o obtiver, no m\u00ednimo, <strong>50,0 pontos<\/strong>.<br \/>Per\u00edodo de aplica\u00e7\u00e3o: <strong>vespertino<\/strong>.<br \/>Dura\u00e7\u00e3o: <strong>4 horas<\/strong> (para determinados cargos) ou <strong>4 horas e 30 minutos<\/strong> (para outros cargos, conforme especificado no edital).<br \/>Local de realiza\u00e7\u00e3o: <strong>Mina\u00e7u\/GO<\/strong> e\/ou cidades pr\u00f3ximas, se necess\u00e1rio.<\/li>\n<\/ul>\n<ul>\n<li><strong>2\u00aa Etapa \u2013 Prova Discursiva (exclusiva para o cargo de Procurador)<\/strong><br \/>Car\u00e1ter: <strong>eliminat\u00f3rio e classificat\u00f3rio<\/strong>.<br \/>Objetivo: avaliar o conte\u00fado t\u00e9cnico do cargo, a capacidade de express\u00e3o escrita e o dom\u00ednio das normas do registro formal culto da L\u00edngua Portuguesa.<br \/>Pontua\u00e7\u00e3o total: <strong>100,0 pontos<\/strong>. Ser\u00e1 eliminado o candidato que n\u00e3o obtiver, no m\u00ednimo, <strong>50,0 pontos<\/strong>.<br \/>A prova discursiva ser\u00e1 aplicada <strong>no mesmo dia e per\u00edodo da prova objetiva<\/strong>.<\/li>\n<\/ul>\n<ul>\n<li><strong>2\u00aa Etapa \u2013 Prova de Reda\u00e7\u00e3o (exclusiva para todos os cargos de Professor)<\/strong><br \/>Car\u00e1ter: <strong>eliminat\u00f3rio e classificat\u00f3rio<\/strong>.<br \/>Objetivo: avaliar a capacidade de articula\u00e7\u00e3o textual (coer\u00eancia e coes\u00e3o), argumenta\u00e7\u00e3o e dom\u00ednio da norma-padr\u00e3o da L\u00edngua Portuguesa, por meio de produ\u00e7\u00e3o textual.<br \/>Pontua\u00e7\u00e3o total: <strong>100,0 pontos<\/strong>. Ser\u00e1 eliminado o candidato que n\u00e3o obtiver, no m\u00ednimo, <strong>50,0 pontos<\/strong>.<br \/>A prova de reda\u00e7\u00e3o ser\u00e1 aplicada <strong>no mesmo dia e per\u00edodo da prova objetiva<\/strong>.<\/li>\n<\/ul>\n<ul>\n<li><strong>3\u00aa Etapa \u2013 Prova de T\u00edtulos (exclusiva para todos os cargos de Professor)<\/strong><br \/>Car\u00e1ter: <strong>classificat\u00f3rio<\/strong> (n\u00e3o elimina).<br \/>Pontua\u00e7\u00e3o m\u00e1xima: <strong>100,0 pontos<\/strong>.<br \/>Os crit\u00e9rios de pontua\u00e7\u00e3o est\u00e3o detalhados no edital.<\/li>\n<\/ul>\n<p>Para os cargos de <strong>Professor<\/strong>, a pontua\u00e7\u00e3o final ser\u00e1 calculada pela soma ponderada das notas, com os seguintes pesos: Prova Objetiva (<strong>45%<\/strong>), Prova de Reda\u00e7\u00e3o (<strong>45%<\/strong>) e Prova de T\u00edtulos (<strong>10%<\/strong>).<\/p>\n<p>Para os <strong>demais cargos<\/strong>, a pontua\u00e7\u00e3o final ser\u00e1 a soma das notas obtidas em cada etapa classificat\u00f3ria aplic\u00e1vel ao cargo.<\/p>\n<h2>Resultados e Gabarito<\/h2>\n<p>Os resultados de cada etapa do Concurso P\u00fablico da Prefeitura de Mina\u00e7u\/GO ser\u00e3o divulgados de forma progressiva, conforme o cronograma estabelecido no edital. O candidato poder\u00e1 acompanhar suas notas por meio do <strong>Boletim de Desempenho<\/strong>, dispon\u00edvel no <strong>Portal do Candidato<\/strong> no site do Instituto Verbena\/UFG (<strong>www.institutoverbena.ufg.br<\/strong>).<\/p>\n<p>A classifica\u00e7\u00e3o dos candidatos seguir\u00e1 os seguintes crit\u00e9rios:<\/p>\n<ul>\n<li><strong>Para todos os cargos, exceto Professor:<\/strong> os candidatos ser\u00e3o classificados em ordem decrescente do total de pontos obtidos, calculado pela soma das notas de cada etapa classificat\u00f3ria.<\/li>\n<li><strong>Para os cargos de Professor:<\/strong> a classifica\u00e7\u00e3o ser\u00e1 feita em ordem decrescente da pontua\u00e7\u00e3o final ponderada \u2014 Prova Objetiva (45%), Prova de Reda\u00e7\u00e3o (45%) e Prova de T\u00edtulos (10%).<\/li>\n<\/ul>\n<p>O <strong>resultado final<\/strong> do concurso ser\u00e1 publicado contendo o nome dos candidatos aprovados em ordem de classifica\u00e7\u00e3o, com as pontua\u00e7\u00f5es obtidas em cada etapa, tanto para o preenchimento das vagas ofertadas quanto para a forma\u00e7\u00e3o de cadastro de reserva, respeitando a proporcionalidade entre as op\u00e7\u00f5es de participa\u00e7\u00e3o.<\/p>\n<p>A <strong>homologa\u00e7\u00e3o<\/strong> do concurso \u00e9 de compet\u00eancia da Prefeitura de Mina\u00e7u\/GO. O ato de homologa\u00e7\u00e3o conter\u00e1 o nome dos candidatos aprovados e classificados em ordem decrescente da pontua\u00e7\u00e3o final, incluindo os classificados em cadastro de reserva. A homologa\u00e7\u00e3o ser\u00e1 publicada nos seguintes canais:<\/p>\n<ul>\n<li>Site oficial da Prefeitura de Mina\u00e7u\/GO: <strong>https:\/\/minacu.go.gov.br\/<\/strong><\/li>\n<li>Imprensa Oficial da Prefeitura de Mina\u00e7u\/GO<\/li>\n<li>Site do Instituto Verbena\/UFG: <strong>www.institutoverbena.ufg.br<\/strong><\/li>\n<\/ul>\n<p>\u00c9 importante ressaltar que <strong>n\u00e3o ser\u00e1 fornecido ao candidato qualquer documento comprobat\u00f3rio de classifica\u00e7\u00e3o<\/strong> no concurso. Para esse fim, vale a publica\u00e7\u00e3o oficial da homologa\u00e7\u00e3o do resultado final.<\/p>\n<p><strong>O acompanhamento de todas as publica\u00e7\u00f5es oficiais, incluindo gabaritos, resultados preliminares e definitivos, convoca\u00e7\u00f5es e homologa\u00e7\u00e3o, \u00e9 de responsabilidade exclusiva do candidato.<\/strong> Recomenda-se consultar regularmente os sites indicados para n\u00e3o perder nenhum prazo ou informa\u00e7\u00e3o relevante.<\/p>\n","protected":false},"excerpt":{"rendered":"<p>Concurso Pref. Mina\u00e7u (GO) com edital publicado! Vagas p\/ Professor, M\u00e9dico (Superior). Inscri\u00e7\u00f5es a partir de 26\/05. Sal\u00e1rios at\u00e9 R$ 21.7k. Confira detalhes!<\/p>\n","protected":false},"author":7,"featured_media":280745,"comment_status":"open","ping_status":"open","sticky":false,"template":"","format":"standard","meta":{"_acf_changed":false,"_breakdance_hide_in_design_set":false,"_breakdance_tags":"","footnotes":""},"categories":[3,6,6433,9,10,117,11,6434,12,79,16,17,18,111,100,20,6871,116,21,22,24,25,27],"tags":[46],"_amplo":[],"destaque":[],"instituicoes":[],"class_list":["post-280746","post","type-post","status-publish","format-standard","has-post-thumbnail","hentry","category-administracao","category-biologia","category-biologia-licenciatura","category-ciencias-contabeis","category-direito","category-economia","category-educacao-fisica","category-educacao-fisica-licenciatura","category-enfermagem","category-engenharia-alimentos","category-engenharia-sanitaria","category-farmacia","category-fisioterapia","category-geografia","category-historia","category-letras","category-letras-ingles","category-matematica","category-medicina","category-veterinaria","category-odontologia","category-pedagogia","category-quimica","tag-goias"],"acf":{"_tipo_vagas":"vagas","_numero_vagas":"","_quadro_vagas":"","_cargos":"diversos","_cargos_especificos":"","_salario_max":"R$ 21783.92","_abertura":"20260526","_encerramento":"20260624","_inscricoes":"https:\/\/www.institutoverbena.ufg.br","_executora_concurso":"","_instituicao_concurso":[],"_link_adicional":null,"_anexos":null,"_produtos":null,"_vagas":"90 vagas + CR","_salario_min":"R$ 4050","_instituicao":"Prefeitura de Mina\u00e7u","_edital":"https:\/\/www.agrobase.com.br\/concursos\/wp-content\/uploads\/sites\/4\/2026\/04\/edital-01-2026-da-prefeitura-de-minacu-go.pdf","_anexos_edital":"https:\/\/www.agrobase.com.br\/concursos\/wp-content\/uploads\/sites\/4\/2026\/04\/anexos-edital-01-2026-da-prefeitura-de-minacu-go.pdf","_fund_incompleto":"","_fund_completo":"","_medio":"","_superior":"<div>\r\n<table class=\"quadro\">\r\n<thead>\r\n<tr>\r\n<th class=\"hcargo\">Cargo<\/th>\r\n<th class=\"hvagas\">Vagas<\/th>\r\n<th class=\"hremuneracao\">Remunera\u00e7\u00e3o<\/th>\r\n<\/tr>\r\n<\/thead>\r\n    <tbody>\r\n      <tr>\r\n<td class=\"ccargos\">\r\n<span data-balloon-length=\"medium\" aria-label=\"Certificado ou diploma de conclus\u00e3o em qualquer \u00e1rea de forma\u00e7\u00e3o superior reconhecida pelo MEC.\" data-balloon-pos=\"up\">Fiscal de Servi\u00e7os Urbanos<\/span><\/td>\r\n<td class=\"cvagas\">CR<\/td>\r\n<td class=\"cremuneracao\">R$ 4.050,00 \/30h<\/td>\r\n<\/tr><tr>\r\n<td class=\"ccargos\">\r\n<span data-balloon-length=\"medium\" aria-label=\"Curso superior completo em Economia, Direito, Administra\u00e7\u00e3o ou Ci\u00eancias Cont\u00e1beis e registro no conselho.\" data-balloon-pos=\"up\">Fiscal de Tributos<\/span><\/td>\r\n<td class=\"cvagas\">CR<\/td>\r\n<td class=\"cremuneracao\">R$ 4.050,00 \/30h<\/td>\r\n<\/tr><tr>\r\n<td class=\"ccargos\">\r\n<span data-balloon-length=\"medium\" aria-label=\"Curso superior completo em Engenharia (Sanit\u00e1ria\/Alimentos), Medicina (Humana\/Veterin\u00e1ria), Odontologia, Farm\u00e1cia, Fisioterapia, Enfermagem, Biologia ou Qu\u00edmica e registro no conselho.\" data-balloon-pos=\"up\">Fiscal de Vigil\u00e2ncia Sanit\u00e1ria<\/span><\/td>\r\n<td class=\"cvagas\">CR<\/td>\r\n<td class=\"cremuneracao\">R$ 4.050,00 \/30h<\/td>\r\n<\/tr><tr>\r\n<td class=\"ccargos\">\r\n<span data-balloon-length=\"medium\" aria-label=\"Ensino superior completo em Medicina, registro no \u00f3rg\u00e3o competente e especializa\u00e7\u00e3o em anestesiologia.\" data-balloon-pos=\"up\">M\u00e9dico Anestesista<\/span><\/td>\r\n<td class=\"cvagas\">01 + CR<\/td>\r\n<td class=\"cremuneracao\">R$ 21.783,92 \/40h<\/td>\r\n<\/tr><tr>\r\n<td class=\"ccargos\">\r\n<span data-balloon-length=\"medium\" aria-label=\"Curso superior completo em Medicina, registro no \u00f3rg\u00e3o competente e Resid\u00eancia M\u00e9dica ou T\u00edtulo de especialista em Cardiologia.\" data-balloon-pos=\"up\">M\u00e9dico Cardiologista<\/span><\/td>\r\n<td class=\"cvagas\">01 + CR<\/td>\r\n<td class=\"cremuneracao\">R$ 21.783,92 \/40h<\/td>\r\n<\/tr><tr>\r\n<td class=\"ccargos\">\r\n<span data-balloon-length=\"medium\" aria-label=\"Curso superior completo em Medicina com resid\u00eancia m\u00e9dica em Cl\u00ednica Geral e Registro no \u00f3rg\u00e3o competente.\" data-balloon-pos=\"up\">M\u00e9dico Cl\u00ednico Geral<\/span><\/td>\r\n<td class=\"cvagas\">01 + CR<\/td>\r\n<td class=\"cremuneracao\">R$ 21.783,92 \/40h<\/td>\r\n<\/tr><tr>\r\n<td class=\"ccargos\">\r\n<span data-balloon-length=\"medium\" aria-label=\"Curso superior completo em Medicina e habilita\u00e7\u00e3o legal para o exerc\u00edcio da profiss\u00e3o de M\u00e9dico Dermatologista.\" data-balloon-pos=\"up\">M\u00e9dico Dermatologista<\/span><\/td>\r\n<td class=\"cvagas\">01 + CR<\/td>\r\n<td class=\"cremuneracao\">R$ 21.783,92 \/40h<\/td>\r\n<\/tr><tr>\r\n<td class=\"ccargos\">\r\n<span data-balloon-length=\"medium\" aria-label=\"Curso superior completo em Medicina e Resid\u00eancia M\u00e9dica ou T\u00edtulo de especialista em Endocrinologia, com registro no conselho.\" data-balloon-pos=\"up\">M\u00e9dico Endocrinologista<\/span><\/td>\r\n<td class=\"cvagas\">01 + CR<\/td>\r\n<td class=\"cremuneracao\">R$ 21.783,92 \/40h<\/td>\r\n<\/tr><tr>\r\n<td class=\"ccargos\">\r\n<span data-balloon-length=\"medium\" aria-label=\"Curso superior completo em Medicina, registro no \u00f3rg\u00e3o competente e Resid\u00eancia M\u00e9dica ou T\u00edtulo de especialista em Ortopedia\/Traumatologia.\" data-balloon-pos=\"up\">M\u00e9dico Ortopedista\/Traumatologista<\/span><\/td>\r\n<td class=\"cvagas\">01 + CR<\/td>\r\n<td class=\"cremuneracao\">R$ 21.783,92 \/40h<\/td>\r\n<\/tr><tr>\r\n<td class=\"ccargos\">\r\n<span data-balloon-length=\"medium\" aria-label=\"Curso superior completo em Medicina com resid\u00eancia m\u00e9dica em Pediatria e Registro no \u00f3rg\u00e3o competente.\" data-balloon-pos=\"up\">M\u00e9dico Pediatra<\/span><\/td>\r\n<td class=\"cvagas\">01 + CR<\/td>\r\n<td class=\"cremuneracao\">R$ 21.783,92 \/40h<\/td>\r\n<\/tr><tr>\r\n<td class=\"ccargos\">\r\n<span data-balloon-length=\"medium\" aria-label=\"Ensino superior completo em Medicina, registro no \u00f3rg\u00e3o de classe; resid\u00eancia m\u00e9dica ou t\u00edtulo de especialista em psiquiatria.\" data-balloon-pos=\"up\">M\u00e9dico Psiquiatra<\/span><\/td>\r\n<td class=\"cvagas\">01 + CR<\/td>\r\n<td class=\"cremuneracao\">R$ 21.783,92 \/40h<\/td>\r\n<\/tr><tr>\r\n<td class=\"ccargos\">\r\n<span data-balloon-length=\"medium\" aria-label=\"Bacharel em Direito, registro na OAB e quita\u00e7\u00e3o com obriga\u00e7\u00f5es militares\/eleitorais.\" data-balloon-pos=\"up\">Procurador<\/span><\/td>\r\n<td class=\"cvagas\">01 + CR<\/td>\r\n<td class=\"cremuneracao\">R$ 6.000,00 \/40h<\/td>\r\n<\/tr><tr>\r\n<td class=\"ccargos\">\r\n<span data-balloon-length=\"medium\" aria-label=\"Licenciatura plena em Biologia.\" data-balloon-pos=\"up\">Professor - PIII - Biologia<\/span><\/td>\r\n<td class=\"cvagas\">02 + CR<\/td>\r\n<td class=\"cremuneracao\">R$ 4.321,35 \/30h<\/td>\r\n<\/tr><tr>\r\n<td class=\"ccargos\">\r\n<span data-balloon-length=\"medium\" aria-label=\"Licenciatura plena em Educa\u00e7\u00e3o F\u00edsica.\" data-balloon-pos=\"up\">Professor - PIII - Educa\u00e7\u00e3o F\u00edsica<\/span><\/td>\r\n<td class=\"cvagas\">04 + CR<\/td>\r\n<td class=\"cremuneracao\">R$ 4.321,35 \/30h<\/td>\r\n<\/tr><tr>\r\n<td class=\"ccargos\">\r\n<span data-balloon-length=\"medium\" aria-label=\"Licenciatura plena em Geografia.\" data-balloon-pos=\"up\">Professor - PIII - Geografia<\/span><\/td>\r\n<td class=\"cvagas\">02 + CR<\/td>\r\n<td class=\"cremuneracao\">R$ 4.321,35 \/30h<\/td>\r\n<\/tr><tr>\r\n<td class=\"ccargos\">\r\n<span data-balloon-length=\"medium\" aria-label=\"Licenciatura plena em Hist\u00f3ria.\" data-balloon-pos=\"up\">Professor - PIII - Hist\u00f3ria<\/span><\/td>\r\n<td class=\"cvagas\">02 + CR<\/td>\r\n<td class=\"cremuneracao\">R$ 4.321,35 \/30h<\/td>\r\n<\/tr><tr>\r\n<td class=\"ccargos\">\r\n<span data-balloon-length=\"medium\" aria-label=\"Licenciatura plena em Letras \u2013 Portugu\u00eas e Ingl\u00eas.\" data-balloon-pos=\"up\">Professor - PIII - Letras - Portugu\u00eas\/Ingl\u00eas<\/span><\/td>\r\n<td class=\"cvagas\">04 + CR<\/td>\r\n<td class=\"cremuneracao\">R$ 4.321,35 \/30h<\/td>\r\n<\/tr><tr>\r\n<td class=\"ccargos\">\r\n<span data-balloon-length=\"medium\" aria-label=\"Licenciatura plena em Matem\u00e1tica.\" data-balloon-pos=\"up\">Professor - PIII - Matem\u00e1tica<\/span><\/td>\r\n<td class=\"cvagas\">02 + CR<\/td>\r\n<td class=\"cremuneracao\">R$ 4.321,35 \/30h<\/td>\r\n<\/tr><tr>\r\n<td class=\"ccargos\">\r\n<span data-balloon-length=\"medium\" aria-label=\"Licenciatura plena em Pedagogia.\" data-balloon-pos=\"up\">Professor - PIII - Pedagogia<\/span><\/td>\r\n<td class=\"cvagas\">65 + CR<\/td>\r\n<td class=\"cremuneracao\">R$ 4.321,35 \/30h<\/td>\r\n<\/tr>\r\n    <\/tbody>\r\n  <\/table>\r\n<\/div>"},"_links":{"self":[{"href":"https:\/\/www.agrobase.com.br\/concursos\/wp-json\/wp\/v2\/posts\/280746","targetHints":{"allow":["GET"]}}],"collection":[{"href":"https:\/\/www.agrobase.com.br\/concursos\/wp-json\/wp\/v2\/posts"}],"about":[{"href":"https:\/\/www.agrobase.com.br\/concursos\/wp-json\/wp\/v2\/types\/post"}],"author":[{"embeddable":true,"href":"https:\/\/www.agrobase.com.br\/concursos\/wp-json\/wp\/v2\/users\/7"}],"replies":[{"embeddable":true,"href":"https:\/\/www.agrobase.com.br\/concursos\/wp-json\/wp\/v2\/comments?post=280746"}],"version-history":[{"count":2,"href":"https:\/\/www.agrobase.com.br\/concursos\/wp-json\/wp\/v2\/posts\/280746\/revisions"}],"predecessor-version":[{"id":280750,"href":"https:\/\/www.agrobase.com.br\/concursos\/wp-json\/wp\/v2\/posts\/280746\/revisions\/280750"}],"wp:featuredmedia":[{"embeddable":true,"href":"https:\/\/www.agrobase.com.br\/concursos\/wp-json\/wp\/v2\/media\/280745"}],"wp:attachment":[{"href":"https:\/\/www.agrobase.com.br\/concursos\/wp-json\/wp\/v2\/media?parent=280746"}],"wp:term":[{"taxonomy":"category","embeddable":true,"href":"https:\/\/www.agrobase.com.br\/concursos\/wp-json\/wp\/v2\/categories?post=280746"},{"taxonomy":"post_tag","embeddable":true,"href":"https:\/\/www.agrobase.com.br\/concursos\/wp-json\/wp\/v2\/tags?post=280746"},{"taxonomy":"_amplo","embeddable":true,"href":"https:\/\/www.agrobase.com.br\/concursos\/wp-json\/wp\/v2\/_amplo?post=280746"},{"taxonomy":"destaque","embeddable":true,"href":"https:\/\/www.agrobase.com.br\/concursos\/wp-json\/wp\/v2\/destaque?post=280746"},{"taxonomy":"instituicoes","embeddable":true,"href":"https:\/\/www.agrobase.com.br\/concursos\/wp-json\/wp\/v2\/instituicoes?post=280746"}],"curies":[{"name":"wp","href":"https:\/\/api.w.org\/{rel}","templated":true}]}}