{"id":280700,"date":"2026-04-24T07:41:41","date_gmt":"2026-04-24T10:41:41","guid":{"rendered":"https:\/\/www.agrobase.com.br\/concursos\/?p=280700"},"modified":"2026-04-23T12:54:49","modified_gmt":"2026-04-23T15:54:49","slug":"prefeitura-oratorios-mg-concurso-01-2026","status":"publish","type":"post","link":"https:\/\/www.agrobase.com.br\/concursos\/2026\/prefeitura-oratorios-mg-concurso-01-2026\/","title":{"rendered":"Prefeitura Orat\u00f3rios (MG) &#8211; Concurso 01\/2026"},"content":{"rendered":"<h2>Informa\u00e7\u00f5es Gerais<\/h2>\n<p>A <strong>Prefeitura Municipal de Orat\u00f3rios<\/strong>, no Estado de <strong>Minas Gerais<\/strong>, publicou o edital de abertura do <strong>Concurso P\u00fablico<\/strong> destinado ao provimento de cargos efetivos em seu quadro de servidores. O certame \u00e9 organizado e executado pela <strong>MS Concursos<\/strong>, sob supervis\u00e3o da Comiss\u00e3o Organizadora do Concurso P\u00fablico do Munic\u00edpio de Orat\u00f3rios.<\/p>\n<p>Ao todo, s\u00e3o ofertadas <strong>107 vagas imediatas, al\u00e9m de forma\u00e7\u00e3o de cadastro reserva<\/strong>, distribu\u00eddas em cargos de <strong>n\u00edvel fundamental incompleto, fundamental completo, m\u00e9dio\/t\u00e9cnico e superior<\/strong>. O regime de contrata\u00e7\u00e3o \u00e9 o <strong>estatut\u00e1rio<\/strong>, garantindo estabilidade aos aprovados e nomeados.<\/p>\n<p>As remunera\u00e7\u00f5es variam de <strong>R$ 1.621,00<\/strong> \u2014 para cargos como Auxiliar de Servi\u00e7os Gerais, Oper\u00e1rio e Servente Escolar \u2014 at\u00e9 <strong>R$ 20.250,58<\/strong>, correspondente ao cargo de M\u00e9dico PSF Urbano. A carga hor\u00e1ria varia conforme o cargo, de 20 a 40 horas semanais.<\/p>\n<p>Entre as oportunidades de n\u00edvel fundamental, destacam-se vagas para Oper\u00e1rio (18 vagas + CR), Servente Escolar (17 + CR), Motorista, Operador de M\u00e1quina e Vigia. No n\u00edvel m\u00e9dio\/t\u00e9cnico, h\u00e1 vagas para T\u00e9cnico de Enfermagem, Fiscal de Postura e Operador de ETA, entre outros. J\u00e1 no n\u00edvel superior, o concurso contempla \u00e1reas como Sa\u00fade, Educa\u00e7\u00e3o, Assist\u00eancia Social e Psicologia, com cargos de Enfermeiro, Fisioterapeuta, Psic\u00f3logo, Fonoaudi\u00f3logo, Terapeuta Ocupacional e diversas especialidades de Professor Municipal II.<\/p>\n<p>Merece destaque especial a oferta de vagas para <strong>Nutricionista<\/strong> e <strong>Nutricionista NASF<\/strong>, ambas exigindo ensino superior completo com registro no conselho de classe, com remunera\u00e7\u00e3o de R$ 2.544,41. Candidatos da \u00e1rea de Nutri\u00e7\u00e3o encontram neste certame uma oportunidade concreta de ingresso no servi\u00e7o p\u00fablico municipal.<\/p>\n<h2>Inscri\u00e7\u00f5es<\/h2>\n<p>As inscri\u00e7\u00f5es para o <strong>Concurso P\u00fablico da Prefeitura de Orat\u00f3rios-MG<\/strong> ser\u00e3o realizadas <strong>exclusivamente pela internet<\/strong>, por meio do site da MS Concursos: <strong>https:\/\/concursos.msconc.com.br\/<\/strong>.<\/p>\n<p>O per\u00edodo de inscri\u00e7\u00f5es estar\u00e1 aberto a partir do <strong>dia 21 de abril de 2026<\/strong> at\u00e9 o <strong>dia 13 de maio de 2026, \u00e0s 23h59<\/strong> (hor\u00e1rio de Bras\u00edlia). O <strong>\u00faltimo dia para pagamento do boleto banc\u00e1rio \u00e9 14 de maio de 2026<\/strong>, respeitando o hor\u00e1rio de funcionamento banc\u00e1rio.<\/p>\n<p>Os valores das taxas de inscri\u00e7\u00e3o s\u00e3o os seguintes:<\/p>\n<ul>\n<li><strong>R$ 70,00<\/strong> \u2014 cargos de n\u00edvel alfabetizado e fundamental;<\/li>\n<li><strong>R$ 90,00<\/strong> \u2014 cargos de n\u00edvel m\u00e9dio ou t\u00e9cnico;<\/li>\n<li><strong>R$ 120,00<\/strong> \u2014 cargos de n\u00edvel superior.<\/li>\n<\/ul>\n<p>Para efetuar a inscri\u00e7\u00e3o, o candidato deve acessar o site da banca organizadora, localizar o concurso da Prefeitura de Orat\u00f3rios, preencher o formul\u00e1rio de inscri\u00e7\u00e3o com seus dados pessoais, selecionar o cargo desejado e gerar o boleto banc\u00e1rio para pagamento da taxa. A inscri\u00e7\u00e3o somente ser\u00e1 confirmada ap\u00f3s a compensa\u00e7\u00e3o do pagamento dentro do prazo estabelecido.<\/p>\n<p>Recomenda-se que o candidato acompanhe o status de sua inscri\u00e7\u00e3o diretamente na \u00e1rea do candidato no site da MS Concursos, verificando se o pagamento foi devidamente processado e a inscri\u00e7\u00e3o confirmada.<\/p>\n<h2>Etapas e Provas<\/h2>\n<p>O <strong>Concurso P\u00fablico da Prefeitura de Orat\u00f3rios-MG<\/strong> ser\u00e1 composto por at\u00e9 tr\u00eas etapas, conforme o cargo pretendido:<\/p>\n<ul>\n<li><strong>1\u00aa Etapa \u2014 Prova Objetiva<\/strong> (car\u00e1ter eliminat\u00f3rio e classificat\u00f3rio): aplicada a <strong>todos os cargos<\/strong>. A prova est\u00e1 prevista para o dia <strong>7 de junho de 2026<\/strong> e ser\u00e1 realizada no Munic\u00edpio de Orat\u00f3rios-MG. A dura\u00e7\u00e3o total ser\u00e1 de <strong>3 (tr\u00eas) horas<\/strong>, incluindo o tempo para leitura das instru\u00e7\u00f5es e preenchimento da folha de respostas. A prova ser\u00e1 composta por quest\u00f5es de m\u00faltipla escolha, abrangendo disciplinas e conte\u00fados definidos no edital conforme o n\u00edvel de escolaridade e o cargo.<\/li>\n<li><strong>2\u00aa Etapa \u2014 Prova de T\u00edtulos<\/strong> (car\u00e1ter classificat\u00f3rio): destinada aos cargos que exigem essa avalia\u00e7\u00e3o, conforme especificado no edital. Nesta etapa, o candidato poder\u00e1 apresentar documenta\u00e7\u00e3o comprobat\u00f3ria de titula\u00e7\u00e3o acad\u00eamica e experi\u00eancia profissional para obter pontua\u00e7\u00e3o adicional na classifica\u00e7\u00e3o final.<\/li>\n<li><strong>3\u00aa Etapa \u2014 Prova Pr\u00e1tica<\/strong> (car\u00e1ter eliminat\u00f3rio): aplicada exclusivamente aos candidatos aos cargos de <strong>Operador de M\u00e1quina<\/strong> e <strong>Operador de Motoniveladora<\/strong>. Nesta etapa, o candidato dever\u00e1 demonstrar habilidades pr\u00e1ticas na opera\u00e7\u00e3o dos equipamentos, sendo avaliado conforme crit\u00e9rios definidos no edital.<\/li>\n<\/ul>\n<p>Para ser aprovado, o candidato dever\u00e1 atingir a pontua\u00e7\u00e3o m\u00ednima exigida em cada etapa eliminat\u00f3ria, conforme os crit\u00e9rios detalhados no edital. A classifica\u00e7\u00e3o final levar\u00e1 em conta o somat\u00f3rio das notas obtidas nas etapas aplic\u00e1veis a cada cargo.<\/p>\n<h2>Resultados e Gabarito<\/h2>\n<p>O <strong>gabarito preliminar<\/strong> das Provas Objetivas ser\u00e1 divulgado no site da MS Concursos (<strong>https:\/\/concursos.msconc.com.br\/<\/strong>) em at\u00e9 <strong>24 horas ap\u00f3s a aplica\u00e7\u00e3o das provas<\/strong>. Os candidatos poder\u00e3o interpor recursos contra o gabarito preliminar dentro do prazo estipulado no edital, ap\u00f3s o que ser\u00e1 publicado o gabarito definitivo.<\/p>\n<p>Os resultados preliminares e definitivos de cada etapa \u2014 Prova Objetiva, Prova de T\u00edtulos e Prova Pr\u00e1tica (quando aplic\u00e1vel) \u2014 ser\u00e3o divulgados no site da banca organizadora, seguindo o cronograma previsto no edital. Eventuais recursos contra os resultados preliminares dever\u00e3o ser apresentados nos prazos e formas indicados no edital.<\/p>\n<p>A <strong>classifica\u00e7\u00e3o final<\/strong> dos candidatos ser\u00e1 elaborada por ordem decrescente da nota final, considerando o somat\u00f3rio das pontua\u00e7\u00f5es obtidas nas etapas aplic\u00e1veis a cada cargo. Em caso de <strong>empate<\/strong>, ser\u00e3o aplicados os crit\u00e9rios de desempate definidos no edital.<\/p>\n<p>O <strong>Resultado Final do Concurso P\u00fablico<\/strong> ser\u00e1 publicado nos seguintes canais oficiais:<\/p>\n<ul>\n<li><strong>Jornal Oficial Eletr\u00f4nico dos Munic\u00edpios \u2014 Minas Gerais<\/strong>;<\/li>\n<li><strong>Site oficial da Prefeitura Municipal de Orat\u00f3rios<\/strong>;<\/li>\n<li><strong>Site da MS Concursos<\/strong>: https:\/\/concursos.msconc.com.br\/<\/li>\n<\/ul>\n<p>A <strong>homologa\u00e7\u00e3o<\/strong> do concurso \u00e9 o ato administrativo que valida oficialmente o resultado final do certame, autorizando a convoca\u00e7\u00e3o dos aprovados para nomea\u00e7\u00e3o e posse. Ap\u00f3s a homologa\u00e7\u00e3o, os candidatos aprovados dentro do n\u00famero de vagas poder\u00e3o ser convocados conforme a necessidade e conveni\u00eancia da administra\u00e7\u00e3o municipal.<\/p>\n<p>\u00c9 de <strong>responsabilidade exclusiva do candidato<\/strong> acompanhar todas as publica\u00e7\u00f5es oficiais referentes ao concurso, incluindo convoca\u00e7\u00f5es, retifica\u00e7\u00f5es e demais comunicados. Recomenda-se consultar periodicamente os canais oficiais indicados para n\u00e3o perder nenhum prazo ou informa\u00e7\u00e3o relevante.<\/p>\n","protected":false},"excerpt":{"rendered":"<p>Concurso Pref. Orat\u00f3rios (MG) com edital publicado! Vagas p\/ Aux. Serv., Enfermeiro (Fund. a Sup.). Inscri\u00e7\u00f5es a partir de 21\/04. Sal\u00e1rios at\u00e9 R$20,2k. Confira!<\/p>\n","protected":false},"author":7,"featured_media":280699,"comment_status":"open","ping_status":"open","sticky":false,"template":"","format":"standard","meta":{"_acf_changed":false,"_breakdance_hide_in_design_set":false,"_breakdance_tags":"","footnotes":""},"categories":[6433,6434,12,18,19,111,100,20,6871,116,21,23,25,26,101,108,134],"tags":[50],"_amplo":[],"destaque":[],"instituicoes":[],"class_list":["post-280700","post","type-post","status-publish","format-standard","has-post-thumbnail","hentry","category-biologia-licenciatura","category-educacao-fisica-licenciatura","category-enfermagem","category-fisioterapia","category-fonoaudiologia","category-geografia","category-historia","category-letras","category-letras-ingles","category-matematica","category-medicina","category-nutricao","category-pedagogia","category-psicologia","category-servico-social","category-tecnico-enfermagem","category-terapia-ocupacional","tag-minas-gerais"],"acf":{"_tipo_vagas":"vagas","_numero_vagas":"","_quadro_vagas":"","_cargos":"diversos","_cargos_especificos":"","_salario_max":"R$ 20250.58","_abertura":"20260421","_encerramento":"20260513","_inscricoes":"https:\/\/concursos.msconc.com.br\/","_executora_concurso":"","_instituicao_concurso":[],"_link_adicional":null,"_anexos":null,"_produtos":null,"_vagas":"107 vagas + CR","_salario_min":"R$ 1621","_instituicao":"Prefeitura de Orat\u00f3rios","_edital":"https:\/\/www.agrobase.com.br\/concursos\/wp-content\/uploads\/sites\/4\/2026\/04\/edital-01-2026-prefeitura-de-oratorios-mg.pdf","_anexos_edital":"","_fund_incompleto":"<div>\r\n<table class=\"quadro\">\r\n<thead>\r\n<tr>\r\n<th class=\"hcargo\">Cargo<\/th>\r\n<th class=\"hvagas\">Vagas<\/th>\r\n<th class=\"hremuneracao\">Remunera\u00e7\u00e3o<\/th>\r\n<\/tr>\r\n<\/thead>\r\n    <tbody>\r\n      <td class=\"ccargos\">\r\n<span data-balloon-length=\"medium\" aria-label=\"Alfabetiza\u00e7\u00e3o e capacidade f\u00edsica\" data-balloon-pos=\"up\">Auxiliar De Servi\u00e7os Gerais<\/span><\/td>\r\n<td class=\"cvagas\">8 + CR<\/td>\r\n<td class=\"cremuneracao\">R$ 1.621,00 \/40H<\/td>\r\n<\/tr><td class=\"ccargos\">\r\n<span data-balloon-length=\"medium\" aria-label=\"Alfabetiza\u00e7\u00e3o e capacidade f\u00edsica\" data-balloon-pos=\"up\">Oper\u00e1rio<\/span><\/td>\r\n<td class=\"cvagas\">18 + CR<\/td>\r\n<td class=\"cremuneracao\">R$ 1.621,00 \/40H<\/td>\r\n<\/tr><td class=\"ccargos\">\r\n<span data-balloon-length=\"medium\" aria-label=\"Alfabetizado e capacidade f\u00edsica\" data-balloon-pos=\"up\">Servente Escolar<\/span><\/td>\r\n<td class=\"cvagas\">17 + CR<\/td>\r\n<td class=\"cremuneracao\">R$ 1.621,00 \/30H<\/td>\r\n<\/tr>\r\n    <\/tbody>\r\n  <\/table>\r\n<\/div>","_fund_completo":"<div>\r\n<table class=\"quadro\">\r\n<thead>\r\n<tr>\r\n<th class=\"hcargo\">Cargo<\/th>\r\n<th class=\"hvagas\">Vagas<\/th>\r\n<th class=\"hremuneracao\">Remunera\u00e7\u00e3o<\/th>\r\n<\/tr>\r\n<\/thead>\r\n    <tbody>\r\n      <td class=\"ccargos\">\r\n<span data-balloon-length=\"medium\" aria-label=\"Ensino Fundamental Completo\" data-balloon-pos=\"up\">Auxiliar Administrativo I<\/span><\/td>\r\n<td class=\"cvagas\">8 + CR<\/td>\r\n<td class=\"cremuneracao\">R$ 1.740,35 \/40H<\/td>\r\n<\/tr><td class=\"ccargos\">\r\n<span data-balloon-length=\"medium\" aria-label=\"Ensino Fundamental Completo\" data-balloon-pos=\"up\">Auxiliar De Secretaria<\/span><\/td>\r\n<td class=\"cvagas\">2 + CR<\/td>\r\n<td class=\"cremuneracao\">R$ 1.740,35 \/30H<\/td>\r\n<\/tr><td class=\"ccargos\">\r\n<span data-balloon-length=\"medium\" aria-label=\"Ensino Fundamental Completo\" data-balloon-pos=\"up\">Monitor de \u00d4nibus<\/span><\/td>\r\n<td class=\"cvagas\">6 + CR<\/td>\r\n<td class=\"cremuneracao\">R$ 1.621,00 \/40H<\/td>\r\n<\/tr><td class=\"ccargos\">\r\n<span data-balloon-length=\"medium\" aria-label=\"Ensino Fundamental Completo e CNH Categoria B\" data-balloon-pos=\"up\">Motorista I<\/span><\/td>\r\n<td class=\"cvagas\">1 + CR<\/td>\r\n<td class=\"cremuneracao\">R$ 2.088,41 \/40H<\/td>\r\n<\/tr><td class=\"ccargos\">\r\n<span data-balloon-length=\"medium\" aria-label=\"Ensino Fundamental Completo e CNH Categoria D\" data-balloon-pos=\"up\">Motorista III<\/span><\/td>\r\n<td class=\"cvagas\">9 + CR<\/td>\r\n<td class=\"cremuneracao\">R$ 2.088,41 \/40H<\/td>\r\n<\/tr><td class=\"ccargos\">\r\n<span data-balloon-length=\"medium\" aria-label=\"Ensino Fundamental Completo e CNH Categoria D\" data-balloon-pos=\"up\">Operador De Maquina<\/span><\/td>\r\n<td class=\"cvagas\">2 + CR<\/td>\r\n<td class=\"cremuneracao\">R$ 2.900,58 \/40H<\/td>\r\n<\/tr><td class=\"ccargos\">\r\n<span data-balloon-length=\"medium\" aria-label=\"Ensino Fundamental Completo e CNH Categoria D\" data-balloon-pos=\"up\">Operador de Motoniveladora<\/span><\/td>\r\n<td class=\"cvagas\">2 + CR<\/td>\r\n<td class=\"cremuneracao\">R$ 3.290,19 \/40H<\/td>\r\n<\/tr><td class=\"ccargos\">\r\n<span data-balloon-length=\"medium\" aria-label=\"Ensino Fundamental Completo\" data-balloon-pos=\"up\">Vigia<\/span><\/td>\r\n<td class=\"cvagas\">6 + CR<\/td>\r\n<td class=\"cremuneracao\">R$ 1.621,00 \/40H<\/td>\r\n<\/tr>\r\n    <\/tbody>\r\n  <\/table>\r\n<\/div>","_medio":"<div>\r\n<table class=\"quadro\">\r\n<thead>\r\n<tr>\r\n<th class=\"hcargo\">Cargo<\/th>\r\n<th class=\"hvagas\">Vagas<\/th>\r\n<th class=\"hremuneracao\">Remunera\u00e7\u00e3o<\/th>\r\n<\/tr>\r\n<\/thead>\r\n    <tbody>\r\n      <td class=\"ccargos\">\r\n<span data-balloon-length=\"medium\" aria-label=\"Ensino M\u00e9dio Completo\" data-balloon-pos=\"up\">Auxiliar Administrativo II<\/span><\/td>\r\n<td class=\"cvagas\">1 + CR<\/td>\r\n<td class=\"cremuneracao\">R$ 2.088,41 \/40H<\/td>\r\n<\/tr><td class=\"ccargos\">\r\n<span data-balloon-length=\"medium\" aria-label=\"Ensino M\u00e9dio Completo\" data-balloon-pos=\"up\">Auxiliar De Creche<\/span><\/td>\r\n<td class=\"cvagas\">1 + CR<\/td>\r\n<td class=\"cremuneracao\">R$ 2.088,41 \/30H<\/td>\r\n<\/tr><td class=\"ccargos\">\r\n<span data-balloon-length=\"medium\" aria-label=\"Ensino M\u00e9dio Completo\" data-balloon-pos=\"up\">Fiscal de Postura<\/span><\/td>\r\n<td class=\"cvagas\">1 + CR<\/td>\r\n<td class=\"cremuneracao\">R$ 1.740,35 \/40H<\/td>\r\n<\/tr><td class=\"ccargos\">\r\n<span data-balloon-length=\"medium\" aria-label=\"Ensino M\u00e9dio Completo\" data-balloon-pos=\"up\">Operador de Eta<\/span><\/td>\r\n<td class=\"cvagas\">2 + CR<\/td>\r\n<td class=\"cremuneracao\">R$ 1.621,00 \/40H<\/td>\r\n<\/tr><td class=\"ccargos\">\r\n<span data-balloon-length=\"medium\" aria-label=\"Ensino M\u00e9dio Completo com Habilita\u00e7\u00e3o Espec\u00edfica\" data-balloon-pos=\"up\">T\u00e9cnico de Enfermagem<\/span><\/td>\r\n<td class=\"cvagas\">5 + CR<\/td>\r\n<td class=\"cremuneracao\">R$ 2.088,41 \/40H<\/td>\r\n<\/tr>\r\n    <\/tbody>\r\n  <\/table>\r\n<\/div>","_superior":"<div>\r\n<table class=\"quadro\">\r\n<thead>\r\n<tr>\r\n<th class=\"hcargo\">Cargo<\/th>\r\n<th class=\"hvagas\">Vagas<\/th>\r\n<th class=\"hremuneracao\">Remunera\u00e7\u00e3o<\/th>\r\n<\/tr>\r\n<\/thead>\r\n    <tbody>\r\n      <tr>\r\n<td class=\"ccargos\">\r\n<span data-balloon-length=\"medium\" aria-label=\"Ensino Superior Completo com Inscri\u00e7\u00e3o no Conselho de Classe\" data-balloon-pos=\"up\">Assistente Social (Secretaria de Assist\u00eancia Social)<\/span><\/td>\r\n<td class=\"cvagas\">1 + CR<\/td>\r\n<td class=\"cremuneracao\">R$ 2.395,52 \/30H<\/td>\r\n<\/tr><tr>\r\n<td class=\"ccargos\">\r\n<span data-balloon-length=\"medium\" aria-label=\"Ensino Superior Completo com Inscri\u00e7\u00e3o no Conselho de Classe\" data-balloon-pos=\"up\">Assistente Social Nasf<\/span><\/td>\r\n<td class=\"cvagas\">1 + CR<\/td>\r\n<td class=\"cremuneracao\">R$ 1.921,36 \/20H<\/td>\r\n<\/tr><tr>\r\n<td class=\"ccargos\">\r\n<span data-balloon-length=\"medium\" aria-label=\"Ensino Superior Completo em Educa\u00e7\u00e3o F\u00edsica e Registro no Conselho\" data-balloon-pos=\"up\">Educador F\u00edsico Nasf<\/span><\/td>\r\n<td class=\"cvagas\">1 + CR<\/td>\r\n<td class=\"cremuneracao\">R$ 1.921,36 \/20H<\/td>\r\n<\/tr><tr>\r\n<td class=\"ccargos\">\r\n<span data-balloon-length=\"medium\" aria-label=\"Ensino Superior na \u00c1rea com Registro na Entidade de Classe\" data-balloon-pos=\"up\">Enfermeiro<\/span><\/td>\r\n<td class=\"cvagas\">3 + CR<\/td>\r\n<td class=\"cremuneracao\">R$ 3.471,55 \/40H<\/td>\r\n<\/tr><tr>\r\n<td class=\"ccargos\">\r\n<span data-balloon-length=\"medium\" aria-label=\"Ensino Superior Completo em Fonoaudiologia com Registro no Conselho\" data-balloon-pos=\"up\">Fonoaudi\u00f3logo<\/span><\/td>\r\n<td class=\"cvagas\">1 + CR<\/td>\r\n<td class=\"cremuneracao\">R$ 3.509,54 \/24H<\/td>\r\n<\/tr><tr>\r\n<td class=\"ccargos\">\r\n<span data-balloon-length=\"medium\" aria-label=\"Ensino Superior na \u00c1rea com Registro na Entidade de Classe\" data-balloon-pos=\"up\">Fisioterapeuta<\/span><\/td>\r\n<td class=\"cvagas\">1 + CR<\/td>\r\n<td class=\"cremuneracao\">R$ 4.787,03 \/30H<\/td>\r\n<\/tr><tr>\r\n<td class=\"ccargos\">\r\n<span data-balloon-length=\"medium\" aria-label=\"Ensino Superior na \u00c1rea com Registro na Entidade de Classe\" data-balloon-pos=\"up\">Fisioterapeuta Nasf<\/span><\/td>\r\n<td class=\"cvagas\">1 + CR<\/td>\r\n<td class=\"cremuneracao\">R$ 4.787,03 \/30H<\/td>\r\n<\/tr><tr>\r\n<td class=\"ccargos\">\r\n<span data-balloon-length=\"medium\" aria-label=\"Ensino Superior na \u00c1rea com Registro na Entidade de Classe\" data-balloon-pos=\"up\">M\u00e9dico PSF Urbano<\/span><\/td>\r\n<td class=\"cvagas\">1 + CR<\/td>\r\n<td class=\"cremuneracao\">R$ 20.250,58 \/40H<\/td>\r\n<\/tr><tr>\r\n<td class=\"ccargos\">\r\n<span data-balloon-length=\"medium\" aria-label=\"Ensino Superior Completo com Registro no Conselho\" data-balloon-pos=\"up\">Nutricionista<\/span><\/td>\r\n<td class=\"cvagas\">1 + CR<\/td>\r\n<td class=\"cremuneracao\">R$ 2.544,41 \/20H<\/td>\r\n<\/tr><tr>\r\n<td class=\"ccargos\">\r\n<span data-balloon-length=\"medium\" aria-label=\"Ensino Superior Completo com Registro no Conselho\" data-balloon-pos=\"up\">Nutricionista Nasf<\/span><\/td>\r\n<td class=\"cvagas\">1 + CR<\/td>\r\n<td class=\"cremuneracao\">R$ 2.544,41 \/20H<\/td>\r\n<\/tr><tr>\r\n<td class=\"ccargos\">\r\n<span data-balloon-length=\"medium\" aria-label=\"Ensino Superior Completo na \u00e1rea espec\u00edfica de atua\u00e7\u00e3o\" data-balloon-pos=\"up\">Professor Municipal II - Ed. F\u00edsica<\/span><\/td>\r\n<td class=\"cvagas\">1 + CR<\/td>\r\n<td class=\"cremuneracao\">R$ 2.677,10 \/24 Aulas<\/td>\r\n<\/tr><tr>\r\n<td class=\"ccargos\">\r\n<span data-balloon-length=\"medium\" aria-label=\"Ensino Superior Completo na \u00e1rea espec\u00edfica de atua\u00e7\u00e3o\" data-balloon-pos=\"up\">Professor Municipal II - Portugu\u00eas<\/span><\/td>\r\n<td class=\"cvagas\">CR<\/td>\r\n<td class=\"cremuneracao\">R$ 2.677,10 \/24 Aulas<\/td>\r\n<\/tr><tr>\r\n<td class=\"ccargos\">\r\n<span data-balloon-length=\"medium\" aria-label=\"Ensino Superior Completo na \u00e1rea espec\u00edfica de atua\u00e7\u00e3o\" data-balloon-pos=\"up\">Professor Municipal II - Matem\u00e1tica<\/span><\/td>\r\n<td class=\"cvagas\">CR<\/td>\r\n<td class=\"cremuneracao\">R$ 2.677,10 \/24 Aulas<\/td>\r\n<\/tr><tr>\r\n<td class=\"ccargos\">\r\n<span data-balloon-length=\"medium\" aria-label=\"Ensino Superior Completo na \u00e1rea espec\u00edfica de atua\u00e7\u00e3o\" data-balloon-pos=\"up\">Professor Municipal II - Hist\u00f3ria<\/span><\/td>\r\n<td class=\"cvagas\">CR<\/td>\r\n<td class=\"cremuneracao\">R$ 2.677,10 \/24 Aulas<\/td>\r\n<\/tr><tr>\r\n<td class=\"ccargos\">\r\n<span data-balloon-length=\"medium\" aria-label=\"Ensino Superior Completo na \u00e1rea espec\u00edfica de atua\u00e7\u00e3o\" data-balloon-pos=\"up\">Professor Municipal II - Geografia<\/span><\/td>\r\n<td class=\"cvagas\">CR<\/td>\r\n<td class=\"cremuneracao\">R$ 2.677,10 \/24 Aulas<\/td>\r\n<\/tr><tr>\r\n<td class=\"ccargos\">\r\n<span data-balloon-length=\"medium\" aria-label=\"Ensino Superior Completo na \u00e1rea espec\u00edfica de atua\u00e7\u00e3o\" data-balloon-pos=\"up\">Professor Municipal II - Ci\u00eancias<\/span><\/td>\r\n<td class=\"cvagas\">CR<\/td>\r\n<td class=\"cremuneracao\">R$ 2.677,10 \/24 Aulas<\/td>\r\n<\/tr><tr>\r\n<td class=\"ccargos\">\r\n<span data-balloon-length=\"medium\" aria-label=\"Ensino Superior Completo na \u00e1rea espec\u00edfica de atua\u00e7\u00e3o\" data-balloon-pos=\"up\">Professor Municipal II - Ingl\u00eas<\/span><\/td>\r\n<td class=\"cvagas\">CR<\/td>\r\n<td class=\"cremuneracao\">R$ 2.677,10 \/24 Aulas<\/td>\r\n<\/tr><tr>\r\n<td class=\"ccargos\">\r\n<span data-balloon-length=\"medium\" aria-label=\"Ensino Superior Completo em Pedagogia ou similar\" data-balloon-pos=\"up\">Professor Municipal I<\/span><\/td>\r\n<td class=\"cvagas\">CR<\/td>\r\n<td class=\"cremuneracao\">R$ 2.677,10 \/24H<\/td>\r\n<\/tr><tr>\r\n<td class=\"ccargos\">\r\n<span data-balloon-length=\"medium\" aria-label=\"Ensino Superior Completo com Inscri\u00e7\u00e3o no Conselho\" data-balloon-pos=\"up\">Psic\u00f3logo<\/span><\/td>\r\n<td class=\"cvagas\">2 + CR<\/td>\r\n<td class=\"cremuneracao\">R$ 4.050,97 \/20H<\/td>\r\n<\/tr><tr>\r\n<td class=\"ccargos\">\r\n<span data-balloon-length=\"medium\" aria-label=\"Ensino Superior Completo com Inscri\u00e7\u00e3o no Conselho\" data-balloon-pos=\"up\">Psic\u00f3logo Cras<\/span><\/td>\r\n<td class=\"cvagas\">CR<\/td>\r\n<td class=\"cremuneracao\">R$ 4.052,13 \/40H<\/td>\r\n<\/tr><tr>\r\n<td class=\"ccargos\">\r\n<span data-balloon-length=\"medium\" aria-label=\"Ensino Superior Completo com Inscri\u00e7\u00e3o no Conselho\" data-balloon-pos=\"up\">Psic\u00f3logo NASF<\/span><\/td>\r\n<td class=\"cvagas\">1 + CR<\/td>\r\n<td class=\"cremuneracao\">R$ 1.921,36 \/20H<\/td>\r\n<\/tr><tr>\r\n<td class=\"ccargos\">\r\n<span data-balloon-length=\"medium\" aria-label=\"Curso Superior em Pedagogia com habilita\u00e7\u00e3o em Supervis\u00e3o Escolar\" data-balloon-pos=\"up\">Supervisor Pedag\u00f3gico<\/span><\/td>\r\n<td class=\"cvagas\">2 + CR<\/td>\r\n<td class=\"cremuneracao\">R$ 4.605,66 \/40H<\/td>\r\n<\/tr><tr>\r\n<td class=\"ccargos\">\r\n<span data-balloon-length=\"medium\" aria-label=\"Ensino Superior em Terapia Ocupacional\" data-balloon-pos=\"up\">Terapeuta Ocupacional<\/span><\/td>\r\n<td class=\"cvagas\">1 + CR<\/td>\r\n<td class=\"cremuneracao\">R$ 2.789,89 \/20H<\/td>\r\n<\/tr>\r\n    <\/tbody>\r\n  <\/table>\r\n<\/div>"},"_links":{"self":[{"href":"https:\/\/www.agrobase.com.br\/concursos\/wp-json\/wp\/v2\/posts\/280700","targetHints":{"allow":["GET"]}}],"collection":[{"href":"https:\/\/www.agrobase.com.br\/concursos\/wp-json\/wp\/v2\/posts"}],"about":[{"href":"https:\/\/www.agrobase.com.br\/concursos\/wp-json\/wp\/v2\/types\/post"}],"author":[{"embeddable":true,"href":"https:\/\/www.agrobase.com.br\/concursos\/wp-json\/wp\/v2\/users\/7"}],"replies":[{"embeddable":true,"href":"https:\/\/www.agrobase.com.br\/concursos\/wp-json\/wp\/v2\/comments?post=280700"}],"version-history":[{"count":2,"href":"https:\/\/www.agrobase.com.br\/concursos\/wp-json\/wp\/v2\/posts\/280700\/revisions"}],"predecessor-version":[{"id":280703,"href":"https:\/\/www.agrobase.com.br\/concursos\/wp-json\/wp\/v2\/posts\/280700\/revisions\/280703"}],"wp:featuredmedia":[{"embeddable":true,"href":"https:\/\/www.agrobase.com.br\/concursos\/wp-json\/wp\/v2\/media\/280699"}],"wp:attachment":[{"href":"https:\/\/www.agrobase.com.br\/concursos\/wp-json\/wp\/v2\/media?parent=280700"}],"wp:term":[{"taxonomy":"category","embeddable":true,"href":"https:\/\/www.agrobase.com.br\/concursos\/wp-json\/wp\/v2\/categories?post=280700"},{"taxonomy":"post_tag","embeddable":true,"href":"https:\/\/www.agrobase.com.br\/concursos\/wp-json\/wp\/v2\/tags?post=280700"},{"taxonomy":"_amplo","embeddable":true,"href":"https:\/\/www.agrobase.com.br\/concursos\/wp-json\/wp\/v2\/_amplo?post=280700"},{"taxonomy":"destaque","embeddable":true,"href":"https:\/\/www.agrobase.com.br\/concursos\/wp-json\/wp\/v2\/destaque?post=280700"},{"taxonomy":"instituicoes","embeddable":true,"href":"https:\/\/www.agrobase.com.br\/concursos\/wp-json\/wp\/v2\/instituicoes?post=280700"}],"curies":[{"name":"wp","href":"https:\/\/api.w.org\/{rel}","templated":true}]}}