{"id":280688,"date":"2026-04-24T07:20:37","date_gmt":"2026-04-24T10:20:37","guid":{"rendered":"https:\/\/www.agrobase.com.br\/concursos\/?p=280688"},"modified":"2026-04-23T11:54:33","modified_gmt":"2026-04-23T14:54:33","slug":"ufpb-pb-selecao-simplificada-54-2026","status":"publish","type":"post","link":"https:\/\/www.agrobase.com.br\/concursos\/2026\/ufpb-pb-selecao-simplificada-54-2026\/","title":{"rendered":"UFPB (PB) &#8211; Sele\u00e7\u00e3o Simplificada 54\/2026"},"content":{"rendered":"<h2>Informa\u00e7\u00f5es Gerais<\/h2>\n<p>A <strong>Universidade Federal da Para\u00edba (UFPB)<\/strong> publicou o <strong>Edital n\u00ba 54\/2026 \u2013 PROGEP-DSP<\/strong>, que torna p\u00fablico o Processo Seletivo Simplificado para contrata\u00e7\u00e3o de <strong>Professor Substituto do Magist\u00e9rio Superior<\/strong>. O certame oferece <strong>31 vagas imediatas, al\u00e9m de cadastro reserva<\/strong>, distribu\u00eddas em diversas \u00e1reas do conhecimento, todas de <strong>n\u00edvel superior<\/strong>.<\/p>\n<p>A contrata\u00e7\u00e3o ser\u00e1 em car\u00e1ter <strong>tempor\u00e1rio<\/strong>, com fundamento na Lei n\u00ba 8.745\/1993, combinada com a Lei n\u00ba 12.772\/2012. Os regimes de trabalho variam entre <strong>20 horas e 40 horas semanais<\/strong>, com remunera\u00e7\u00f5es que v\u00e3o de <strong>R$ 3.198,59 a R$ 8.340,33<\/strong>, a depender da titula\u00e7\u00e3o e da carga hor\u00e1ria do cargo.<\/p>\n<p>As oportunidades abrangem um amplo leque de \u00e1reas acad\u00eamicas, incluindo: Geografia, Letras (L\u00edngua Inglesa e L\u00edngua Portuguesa), Medicina (Infectologia), Psicologia da Educa\u00e7\u00e3o, Administra\u00e7\u00e3o, Finan\u00e7as, Gest\u00e3o P\u00fablica, Rela\u00e7\u00f5es Internacionais, Engenharia Civil, Engenharia Mec\u00e2nica, Engenharia de Produ\u00e7\u00e3o, Odontologia, Educa\u00e7\u00e3o F\u00edsica, Fonoaudiologia, Direito, Economia, Antropologia, M\u00fasica, Engenharia de Computa\u00e7\u00e3o, Sa\u00fade Coletiva e Ci\u00eancias da Religi\u00e3o, entre outras.<\/p>\n<p>Merece destaque a vaga para <strong>Professor de Biologia Molecular<\/strong>, que exige Doutorado em Gen\u00e9tica, Biologia Molecular, Engenharia Gen\u00e9tica ou Biotecnologia \u2014 \u00e1rea de grande interesse para profissionais de <strong>Ci\u00eancias Biol\u00f3gicas<\/strong>. H\u00e1 tamb\u00e9m a vaga de <strong>Farmacologia<\/strong>, aberta a graduados em <strong>Ci\u00eancias Biol\u00f3gicas<\/strong>, Ci\u00eancias da Sa\u00fade ou \u00e1reas afins, com exig\u00eancia de doutorado, e a vaga de <strong>Recursos H\u00eddricos<\/strong>, que aceita graduados em <strong>Engenharia Ambiental<\/strong>. Al\u00e9m disso, a vaga de <strong>Bio\u00e9tica e Direitos Humanos, incluindo Educa\u00e7\u00e3o Ambiental<\/strong>, pode interessar a profissionais da \u00e1rea de <strong>Gest\u00e3o Ambiental<\/strong> e \u00e1reas correlatas.<\/p>\n<h2>Inscri\u00e7\u00f5es<\/h2>\n<p>As inscri\u00e7\u00f5es para o Processo Seletivo Simplificado da UFPB (Edital n\u00ba 54\/2026) dever\u00e3o ser realizadas <strong>entre os dias 22 e 30 de abril de 2026<\/strong>, diretamente na <strong>secretaria do departamento respons\u00e1vel<\/strong> pela \u00e1rea objeto da sele\u00e7\u00e3o.<\/p>\n<p>A inscri\u00e7\u00e3o pode ser feita de tr\u00eas formas:<\/p>\n<ul>\n<li><strong>Presencialmente<\/strong>, pelo pr\u00f3prio candidato;<\/li>\n<li><strong>Por procura\u00e7\u00e3o<\/strong>, mediante representante legalmente constitu\u00eddo;<\/li>\n<li><strong>Por via postal<\/strong>, utilizando o servi\u00e7o Sedex.<\/li>\n<\/ul>\n<p>Os valores da <strong>taxa de inscri\u00e7\u00e3o<\/strong> variam conforme o regime de trabalho:<\/p>\n<ul>\n<li><strong>Regime T-20 (20 horas):<\/strong> R$ 60,00;<\/li>\n<li><strong>Regime T-40 (40 horas):<\/strong> R$ 85,00.<\/li>\n<\/ul>\n<p>O pagamento da taxa deve ser efetuado por meio de <strong>Guia de Recolhimento da Uni\u00e3o (GRU Simples)<\/strong>.<\/p>\n<p>No ato da inscri\u00e7\u00e3o, o candidato dever\u00e1 apresentar os seguintes documentos:<\/p>\n<ul>\n<li><strong>Requerimento de Inscri\u00e7\u00e3o<\/strong>, dispon\u00edvel na secretaria do departamento ou no endere\u00e7o eletr\u00f4nico <strong>http:\/\/www.progep.ufpb.br\/progep\/colecoes\/editais-docente<\/strong>, em link espec\u00edfico do processo seletivo;<\/li>\n<li><strong>Comprovante de recolhimento da taxa de inscri\u00e7\u00e3o<\/strong> (GRU Simples quitada).<\/li>\n<\/ul>\n<p>Recomenda-se que o candidato acesse o site da PROGEP\/UFPB para verificar eventuais documentos complementares exigidos pelo departamento de interesse e para obter o formul\u00e1rio de inscri\u00e7\u00e3o atualizado.<\/p>\n<h2>Etapas e Provas<\/h2>\n<p>O Processo Seletivo Simplificado para Professor Substituto da UFPB ser\u00e1 composto por <strong>duas etapas<\/strong>, conforme detalhado a seguir:<\/p>\n<ul>\n<li><strong>Prova Did\u00e1tica<\/strong> \u2014 car\u00e1ter <strong>eliminat\u00f3rio<\/strong>, com <strong>peso 6 (seis)<\/strong>:\n<p>Consiste em <strong>aula expositiva ou de natureza te\u00f3rico-pr\u00e1tica<\/strong> sobre um tema sorteado entre os previamente definidos no Anexo IV do edital. O sorteio do tema e da ordem de apresenta\u00e7\u00e3o dos candidatos ser\u00e1 realizado com <strong>anteced\u00eancia m\u00ednima de 24 horas<\/strong> em rela\u00e7\u00e3o ao in\u00edcio da sess\u00e3o de provas, sendo <strong>obrigat\u00f3ria a presen\u00e7a do candidato no momento do sorteio<\/strong>.<\/p>\n<p>O candidato dever\u00e1 elaborar e entregar uma c\u00f3pia do <strong>plano de aula<\/strong> a cada membro da banca examinadora <strong>antes do in\u00edcio da prova<\/strong>. A n\u00e3o apresenta\u00e7\u00e3o do plano de aula acarretar\u00e1 a <strong>elimina\u00e7\u00e3o<\/strong> do candidato.<\/p>\n<\/li>\n<li><strong>Prova de T\u00edtulos<\/strong> \u2014 car\u00e1ter <strong>classificat\u00f3rio<\/strong>, com <strong>peso 4 (quatro)<\/strong>:\n<p>Consiste na avalia\u00e7\u00e3o da titula\u00e7\u00e3o e da produ\u00e7\u00e3o acad\u00eamica do candidato, conforme crit\u00e9rios estabelecidos no edital e nas resolu\u00e7\u00f5es do Consepe\/UFPB.<\/p>\n<\/li>\n<\/ul>\n<p>A nota final do candidato ser\u00e1 calculada pela m\u00e9dia ponderada das duas etapas, considerando os pesos indicados acima. A Prova Did\u00e1tica, por seu car\u00e1ter eliminat\u00f3rio, exige que o candidato alcance a pontua\u00e7\u00e3o m\u00ednima estabelecida no edital para prosseguir no certame.<\/p>\n<p>Para informa\u00e7\u00f5es detalhadas sobre os temas de cada \u00e1rea, crit\u00e9rios de avalia\u00e7\u00e3o da Prova Did\u00e1tica, barema da Prova de T\u00edtulos e cronograma completo das provas, consulte o edital na \u00edntegra e seus anexos, dispon\u00edveis no site da PROGEP\/UFPB.<\/p>\n<h2>Resultados e Gabarito<\/h2>\n<p>Ap\u00f3s a realiza\u00e7\u00e3o das etapas do processo seletivo, a UFPB divulgar\u00e1 os resultados observando os seguintes procedimentos:<\/p>\n<p>O <strong>resultado final<\/strong> ser\u00e1 publicado em <strong>cinco listas distintas<\/strong>, garantindo a transpar\u00eancia e o cumprimento das pol\u00edticas de a\u00e7\u00f5es afirmativas:<\/p>\n<ul>\n<li><strong>Lista geral<\/strong> \u2014 contendo todos os candidatos aprovados;<\/li>\n<li><strong>Lista espec\u00edfica<\/strong> \u2014 candidatos aprovados nas cotas para <strong>pessoas pretas ou pardas<\/strong>;<\/li>\n<li><strong>Lista espec\u00edfica<\/strong> \u2014 candidatos aprovados nas cotas para <strong>ind\u00edgenas<\/strong>;<\/li>\n<li><strong>Lista espec\u00edfica<\/strong> \u2014 candidatos aprovados nas cotas para <strong>pessoas quilombolas<\/strong>;<\/li>\n<li><strong>Lista espec\u00edfica<\/strong> \u2014 candidatos aprovados nas cotas destinadas a <strong>pessoas com defici\u00eancia<\/strong>.<\/li>\n<\/ul>\n<p>Ap\u00f3s a <strong>homologa\u00e7\u00e3o do resultado<\/strong> pelo \u00f3rg\u00e3o competente da UFPB, a rela\u00e7\u00e3o dos candidatos aprovados ser\u00e1 publicada no <strong>Di\u00e1rio Oficial da Uni\u00e3o (DOU)<\/strong>, respeitando o limite de classificados previsto no Anexo II do Decreto n\u00ba 9.739\/2019, por ordem de classifica\u00e7\u00e3o e observando o disposto no Decreto n\u00ba 3.598.<\/p>\n<p>A homologa\u00e7\u00e3o \u00e9 o ato administrativo que confere validade oficial ao resultado do processo seletivo, permitindo que a universidade proceda \u00e0 convoca\u00e7\u00e3o dos aprovados para contrata\u00e7\u00e3o.<\/p>\n<p>Os candidatos devem acompanhar todas as publica\u00e7\u00f5es e comunicados pelos seguintes canais:<\/p>\n<ul>\n<li><strong>Site da PROGEP\/UFPB:<\/strong> http:\/\/www.progep.ufpb.br\/progep\/colecoes\/editais-docente;<\/li>\n<li><strong>Di\u00e1rio Oficial da Uni\u00e3o (DOU);<\/strong><\/li>\n<li><strong>Secretaria do departamento<\/strong> respons\u00e1vel pela \u00e1rea do processo seletivo.<\/li>\n<\/ul>\n<p>\u00c9 <strong>responsabilidade exclusiva do candidato<\/strong> acompanhar todas as publica\u00e7\u00f5es, convoca\u00e7\u00f5es e prazos relativos ao processo seletivo. A UFPB n\u00e3o se responsabiliza por informa\u00e7\u00f5es n\u00e3o consultadas pelo candidato nos canais oficiais. Mantenha-se atento \u00e0s atualiza\u00e7\u00f5es para n\u00e3o perder nenhum prazo importante.<\/p>\n","protected":false},"excerpt":{"rendered":"<p>Sel. Simplificada UFPB (PB) com edital publicado! Vagas p\/ Professores (Superior). Inscri\u00e7\u00f5es a partir de 22\/04. Sal\u00e1rios at\u00e9 R$ 8.3k. Confira detalhes!<\/p>\n","protected":false},"author":7,"featured_media":280687,"comment_status":"open","ping_status":"open","sticky":false,"template":"","format":"standard","meta":{"_acf_changed":false,"_breakdance_hide_in_design_set":false,"_breakdance_tags":"","footnotes":""},"categories":[3,6433,8,121,10,117,6434,13,14,125,104,19,111,100,20,6871,116,21,119,24,25,26,149],"tags":[53],"_amplo":[],"destaque":[],"instituicoes":[],"class_list":["post-280688","post","type-post","status-publish","format-standard","has-post-thumbnail","hentry","category-administracao","category-biologia-licenciatura","category-biotecnologia","category-ciencias-sociais","category-direito","category-economia","category-educacao-fisica-licenciatura","category-engenharia-ambiental","category-engenharia","category-engenharia-producao","category-engenharia-mecanica","category-fonoaudiologia","category-geografia","category-historia","category-letras","category-letras-ingles","category-matematica","category-medicina","category-musica","category-odontologia","category-pedagogia","category-psicologia","category-relacoes-internacionais","tag-paraiba"],"acf":{"_tipo_vagas":"vagas","_numero_vagas":"","_quadro_vagas":"","_cargos":"diversos","_cargos_especificos":"","_salario_max":"R$ 8340.33","_abertura":"20260422","_encerramento":"20260430","_inscricoes":"http:\/\/www.progep.ufpb.br\/progep\/colecoes\/editais-docente","_executora_concurso":"","_instituicao_concurso":[],"_link_adicional":null,"_anexos":null,"_produtos":null,"_vagas":"31 vagas + CR","_salario_min":"R$ 3198.59","_instituicao":"Universidade Federal da Para\u00edba","_edital":"https:\/\/www.agrobase.com.br\/concursos\/wp-content\/uploads\/sites\/4\/2026\/04\/edital-54-2026-ufpb-pb.pdf","_anexos_edital":"","_fund_incompleto":"","_fund_completo":"","_medio":"","_superior":"<div>\r\n<table class=\"quadro\">\r\n<thead>\r\n<tr>\r\n<th class=\"hcargo\">Cargo<\/th>\r\n<th class=\"hvagas\">Vagas<\/th>\r\n<th class=\"hremuneracao\">Remunera\u00e7\u00e3o<\/th>\r\n<\/tr>\r\n<\/thead>\r\n    <tbody>\r\n      <tr>\r\n<td class=\"ccargos\">\r\n<span data-balloon-length=\"medium\" aria-label=\"Gradua\u00e7\u00e3o em Geografia e Doutorado em Geografia\" data-balloon-pos=\"up\">Professor - Geografia F\u00edsica e Geotecnologias<\/span><\/td>\r\n<td class=\"cvagas\">01 + CR<\/td>\r\n<td class=\"cremuneracao\">R$ 5.037,78 \/20h<\/td>\r\n<\/tr><tr>\r\n<td class=\"ccargos\">\r\n<span data-balloon-length=\"medium\" aria-label=\"Licenciatura em Letras Ingl\u00eas ou Licenciatura dupla com habilita\u00e7\u00e3o em Letras Ingl\u00eas e outra l\u00edngua\" data-balloon-pos=\"up\">Professor - L\u00edngua Inglesa<\/span><\/td>\r\n<td class=\"cvagas\">01 + CR<\/td>\r\n<td class=\"cremuneracao\">R$ 4.478,03 \/40h<\/td>\r\n<\/tr><tr>\r\n<td class=\"ccargos\">\r\n<span data-balloon-length=\"medium\" aria-label=\"Gradua\u00e7\u00e3o em Letras L\u00edngua Portuguesa ou Lingu\u00edstica, Mestrado em Letras ou Lingu\u00edstica\" data-balloon-pos=\"up\">Professor - L\u00edngua Portuguesa e Lingu\u00edstica<\/span><\/td>\r\n<td class=\"cvagas\">01 + CR<\/td>\r\n<td class=\"cremuneracao\">R$ 3.998,24 \/20h<\/td>\r\n<\/tr><tr>\r\n<td class=\"ccargos\">\r\n<span data-balloon-length=\"medium\" aria-label=\"Gradua\u00e7\u00e3o em Medicina com resid\u00eancia m\u00e9dica em Infectologia ou t\u00edtulo de Especialista em Infectologia\" data-balloon-pos=\"up\">Professor - Doen\u00e7as Infectocontagiosas<\/span><\/td>\r\n<td class=\"cvagas\">01 + CR<\/td>\r\n<td class=\"cremuneracao\">R$ 3.518,45 \/20h<\/td>\r\n<\/tr><tr>\r\n<td class=\"ccargos\">\r\n<span data-balloon-length=\"medium\" aria-label=\"Licenciatura em Ci\u00eancia(s) da(s) Religi\u00e3o(\u00f5es) e Mestrado em Ci\u00eancia(s) da(s) Religi\u00e3o(\u00f5es)\" data-balloon-pos=\"up\">Professor - Rela\u00e7\u00f5es \u00c9tnico-raciais para Licenciatura em Ci\u00eancias das Religi\u00f5es<\/span><\/td>\r\n<td class=\"cvagas\">01 + CR<\/td>\r\n<td class=\"cremuneracao\">R$ 6.157,29 \/40h<\/td>\r\n<\/tr><tr>\r\n<td class=\"ccargos\">\r\n<span data-balloon-length=\"medium\" aria-label=\"Gradua\u00e7\u00e3o em Psicologia com Mestrado em Psicologia ou Educa\u00e7\u00e3o\" data-balloon-pos=\"up\">Professor - Fundamentos Psicol\u00f3gicos da Educa\u00e7\u00e3o<\/span><\/td>\r\n<td class=\"cvagas\">01 + CR<\/td>\r\n<td class=\"cremuneracao\">R$ 6.157,29 \/40h<\/td>\r\n<\/tr><tr>\r\n<td class=\"ccargos\">\r\n<span data-balloon-length=\"medium\" aria-label=\"Gradua\u00e7\u00e3o e mestrado em Administra\u00e7\u00e3o\" data-balloon-pos=\"up\">Professor - Finan\u00e7as<\/span><\/td>\r\n<td class=\"cvagas\">01 + CR<\/td>\r\n<td class=\"cremuneracao\">R$ 3.998,24 \/20h<\/td>\r\n<\/tr><tr>\r\n<td class=\"ccargos\">\r\n<span data-balloon-length=\"medium\" aria-label=\"Gradua\u00e7\u00e3o em Ci\u00eancias Atuariais\" data-balloon-pos=\"up\">Professor - Ramo Vida \u2013 Matem\u00e1tica Atuarial<\/span><\/td>\r\n<td class=\"cvagas\">01 + CR<\/td>\r\n<td class=\"cremuneracao\">R$ 3.198,59 \/20h<\/td>\r\n<\/tr><tr>\r\n<td class=\"ccargos\">\r\n<span data-balloon-length=\"medium\" aria-label=\"Gradua\u00e7\u00e3o e Doutorado em Gest\u00e3o P\u00fablica, Pol\u00edticas P\u00fablicas, Administra\u00e7\u00e3o P\u00fablica, Gest\u00e3o Social, Ci\u00eancias Sociais, Ci\u00eancia Pol\u00edtica ou Servi\u00e7o Social\" data-balloon-pos=\"up\">Professor - Gest\u00e3o P\u00fablica<\/span><\/td>\r\n<td class=\"cvagas\">01 + CR<\/td>\r\n<td class=\"cremuneracao\">R$ 8.340,33 \/40h<\/td>\r\n<\/tr><tr>\r\n<td class=\"ccargos\">\r\n<span data-balloon-length=\"medium\" aria-label=\"Gradua\u00e7\u00e3o em Ci\u00eancias Sociais ou Ci\u00eancia Pol\u00edtica ou Rela\u00e7\u00f5es Internacionais e Mestrado em Ci\u00eancia Pol\u00edtica ou Rela\u00e7\u00f5es Internacionais\" data-balloon-pos=\"up\">Professor - Rela\u00e7\u00f5es Internacionais<\/span><\/td>\r\n<td class=\"cvagas\">02 + CR<\/td>\r\n<td class=\"cremuneracao\">R$ 6.157,29 \/40h<\/td>\r\n<\/tr><tr>\r\n<td class=\"ccargos\">\r\n<span data-balloon-length=\"medium\" aria-label=\"Gradua\u00e7\u00e3o em Engenharia Civil e Mestrado em Engenharia Civil ou Engenharia Ambiental\" data-balloon-pos=\"up\">Professor - Mec\u00e2nica das Estruturas e dos S\u00f3lidos<\/span><\/td>\r\n<td class=\"cvagas\">01 + CR<\/td>\r\n<td class=\"cremuneracao\">R$ 3.998,24 \/20h<\/td>\r\n<\/tr><tr>\r\n<td class=\"ccargos\">\r\n<span data-balloon-length=\"medium\" aria-label=\"Gradua\u00e7\u00e3o em Engenharia Civil ou Engenharia Ambiental, com mestrado e doutorado na \u00e1rea de Recursos H\u00eddricos ou Hidrologia ou Hidr\u00e1ulica\" data-balloon-pos=\"up\">Professor - Recursos H\u00eddricos<\/span><\/td>\r\n<td class=\"cvagas\">01 + CR<\/td>\r\n<td class=\"cremuneracao\">R$ 5.037,78 \/20h<\/td>\r\n<\/tr><tr>\r\n<td class=\"ccargos\">\r\n<span data-balloon-length=\"medium\" aria-label=\"Gradua\u00e7\u00e3o em Engenharia Mec\u00e2nica e Doutorado em Engenharia Mec\u00e2nica\" data-balloon-pos=\"up\">Professor - Mec\u00e2nica dos S\u00f3lidos<\/span><\/td>\r\n<td class=\"cvagas\">01 + CR<\/td>\r\n<td class=\"cremuneracao\">R$ 5.037,78 \/20h<\/td>\r\n<\/tr><tr>\r\n<td class=\"ccargos\">\r\n<span data-balloon-length=\"medium\" aria-label=\"Gradua\u00e7\u00e3o em Engenharia de Produ\u00e7\u00e3o com mestrado em Engenharia\" data-balloon-pos=\"up\">Professor - Gest\u00e3o de Opera\u00e7\u00f5es e Qualidade<\/span><\/td>\r\n<td class=\"cvagas\">01 + CR<\/td>\r\n<td class=\"cremuneracao\">R$ 3.998,24 \/20h<\/td>\r\n<\/tr><tr>\r\n<td class=\"ccargos\">\r\n<span data-balloon-length=\"medium\" aria-label=\"Gradua\u00e7\u00e3o em Ci\u00eancias Biol\u00f3gicas, Ci\u00eancias da Sa\u00fade ou \u00e1rea afins e P\u00f3s-gradua\u00e7\u00e3o Stricto sensu em n\u00edvel de doutorado\" data-balloon-pos=\"up\">Professor - Farmacologia<\/span><\/td>\r\n<td class=\"cvagas\">01 + CR<\/td>\r\n<td class=\"cremuneracao\">R$ 8.340,33 \/40h<\/td>\r\n<\/tr><tr>\r\n<td class=\"ccargos\">\r\n<span data-balloon-length=\"medium\" aria-label=\"Gradua\u00e7\u00e3o na \u00c1rea da Sa\u00fade e Mestrado em Sa\u00fade Coletiva e\/ou Pol\u00edticas P\u00fablicas de Sa\u00fade\" data-balloon-pos=\"up\">Professor - Sa\u00fade Coletiva<\/span><\/td>\r\n<td class=\"cvagas\">01 + CR<\/td>\r\n<td class=\"cremuneracao\">R$ 3.998,24 \/20h<\/td>\r\n<\/tr><tr>\r\n<td class=\"ccargos\">\r\n<span data-balloon-length=\"medium\" aria-label=\"Gradua\u00e7\u00e3o em Odontologia, com Mestrado em Odontologia, ou Ci\u00eancias Odontol\u00f3gicas, ou Cl\u00ednica Odontol\u00f3gica\" data-balloon-pos=\"up\">Professor - Est\u00e1gio Supervisionado III, IV e V<\/span><\/td>\r\n<td class=\"cvagas\">01 + CR<\/td>\r\n<td class=\"cremuneracao\">R$ 3.998,24 \/20h<\/td>\r\n<\/tr><tr>\r\n<td class=\"ccargos\">\r\n<span data-balloon-length=\"medium\" aria-label=\"Mestrado em Educa\u00e7\u00e3o F\u00edsica ou \u00e1reas afins\" data-balloon-pos=\"up\">Professor - Organiza\u00e7\u00e3o e Gest\u00e3o de Eventos Escolares, e Crescimento e Desenvolvimento<\/span><\/td>\r\n<td class=\"cvagas\">01 + CR<\/td>\r\n<td class=\"cremuneracao\">R$ 6.157,29 \/40h<\/td>\r\n<\/tr><tr>\r\n<td class=\"ccargos\">\r\n<span data-balloon-length=\"medium\" aria-label=\"Mestrado em Educa\u00e7\u00e3o F\u00edsica ou \u00e1reas afins\" data-balloon-pos=\"up\">Professor - Esportes Coletivos: Futebol e Futsal<\/span><\/td>\r\n<td class=\"cvagas\">01 + CR<\/td>\r\n<td class=\"cremuneracao\">R$ 6.157,29 \/40h<\/td>\r\n<\/tr><tr>\r\n<td class=\"ccargos\">\r\n<span data-balloon-length=\"medium\" aria-label=\"Gradua\u00e7\u00e3o em Fonoaudiologia\" data-balloon-pos=\"up\">Professor - Audiologia<\/span><\/td>\r\n<td class=\"cvagas\">01 + CR<\/td>\r\n<td class=\"cremuneracao\">R$ 3.198,59 \/20h<\/td>\r\n<\/tr><tr>\r\n<td class=\"ccargos\">\r\n<span data-balloon-length=\"medium\" aria-label=\"Gradua\u00e7\u00e3o em Economia e Gradua\u00e7\u00e3o em Ci\u00eancias Jur\u00eddicas (Direito) e Mestrado em Ci\u00eancias Jur\u00eddicas (Direito)\" data-balloon-pos=\"up\">Professor - Economia e Direito Privado<\/span><\/td>\r\n<td class=\"cvagas\">01 + CR<\/td>\r\n<td class=\"cremuneracao\">R$ 3.998,24 \/20h<\/td>\r\n<\/tr><tr>\r\n<td class=\"ccargos\">\r\n<span data-balloon-length=\"medium\" aria-label=\"Gradua\u00e7\u00e3o em Direito e Doutorado em Direito\" data-balloon-pos=\"up\">Professor - Direito P\u00fablico<\/span><\/td>\r\n<td class=\"cvagas\">01 + CR<\/td>\r\n<td class=\"cremuneracao\">R$ 5.037,78 \/20h<\/td>\r\n<\/tr><tr>\r\n<td class=\"ccargos\">\r\n<span data-balloon-length=\"medium\" aria-label=\"Doutorado em Gen\u00e9tica ou Biologia Molecular ou Engenharia Gen\u00e9tica ou Biotecnologia\" data-balloon-pos=\"up\">Professor - Biologia Molecular<\/span><\/td>\r\n<td class=\"cvagas\">01 + CR<\/td>\r\n<td class=\"cremuneracao\">R$ 5.037,78 \/20h<\/td>\r\n<\/tr><tr>\r\n<td class=\"ccargos\">\r\n<span data-balloon-length=\"medium\" aria-label=\"Mestrado em Biotecnologia, ou Mestrado em Direito, ou Mestrado em Direitos Humanos\" data-balloon-pos=\"up\">Professor - Bio\u00e9tica e Direitos Humanos, Prote\u00e7\u00e3o da Propriedade Intelectual, Educa\u00e7\u00e3o das Rela\u00e7\u00f5es \u00c9tnico Raciais e Educa\u00e7\u00e3o Ambiental<\/span><\/td>\r\n<td class=\"cvagas\">01 + CR<\/td>\r\n<td class=\"cremuneracao\">R$ 3.998,24 \/20h<\/td>\r\n<\/tr><tr>\r\n<td class=\"ccargos\">\r\n<span data-balloon-length=\"medium\" aria-label=\"Gradua\u00e7\u00e3o em M\u00fasica\" data-balloon-pos=\"up\">Professor - M\u00fasica \u2013 Instrumenta\u00e7\u00e3o Musical - Performance \u2013 Baixo el\u00e9trico<\/span><\/td>\r\n<td class=\"cvagas\">01 + CR<\/td>\r\n<td class=\"cremuneracao\">R$ 3.198,59 \/20h<\/td>\r\n<\/tr><tr>\r\n<td class=\"ccargos\">\r\n<span data-balloon-length=\"medium\" aria-label=\"Gradua\u00e7\u00e3o em Computa\u00e7\u00e3o ou em Engenharia El\u00e9trica e \u00e1reas afins e Mestrado em Computa\u00e7\u00e3o ou em Engenharia El\u00e9trica e \u00e1reas afins\" data-balloon-pos=\"up\">Professor - Engenharia de Computa\u00e7\u00e3o<\/span><\/td>\r\n<td class=\"cvagas\">01 + CR<\/td>\r\n<td class=\"cremuneracao\">R$ 3.998,24 \/20h<\/td>\r\n<\/tr><tr>\r\n<td class=\"ccargos\">\r\n<span data-balloon-length=\"medium\" aria-label=\"Gradua\u00e7\u00e3o em Educa\u00e7\u00e3o F\u00edsica com Mestrado em Educa\u00e7\u00e3o F\u00edsica ou \u00e1reas afins\" data-balloon-pos=\"up\">Professor - Pr\u00e1tica Desportiva<\/span><\/td>\r\n<td class=\"cvagas\">01 + CR<\/td>\r\n<td class=\"cremuneracao\">R$ 3.998,24 \/20h<\/td>\r\n<\/tr><tr>\r\n<td class=\"ccargos\">\r\n<span data-balloon-length=\"medium\" aria-label=\"Gradua\u00e7\u00e3o em Administra\u00e7\u00e3o e Mestrado em Administra\u00e7\u00e3o\" data-balloon-pos=\"up\">Professor - Administra\u00e7\u00e3o Geral<\/span><\/td>\r\n<td class=\"cvagas\">01 + CR<\/td>\r\n<td class=\"cremuneracao\">R$ 6.157,29 \/40h<\/td>\r\n<\/tr><tr>\r\n<td class=\"ccargos\">\r\n<span data-balloon-length=\"medium\" aria-label=\"Gradua\u00e7\u00e3o em Antropologia, Ci\u00eancias Sociais ou em \u00e1reas afins. Mestrado em Antropologia, Sociologia ou Ci\u00eancias Sociais\" data-balloon-pos=\"up\">Professor - Antropologia<\/span><\/td>\r\n<td class=\"cvagas\">01 + CR<\/td>\r\n<td class=\"cremuneracao\">R$ 3.998,24 \/20h<\/td>\r\n<\/tr><tr>\r\n<td class=\"ccargos\">\r\n<span data-balloon-length=\"medium\" aria-label=\"Gradua\u00e7\u00e3o em Economia e Mestrado em Economia, ou em Administra\u00e7\u00e3o, ou em Ci\u00eancias Cont\u00e1beis ou em Engenharia da Produ\u00e7\u00e3o ou em \u00e1reas afins\" data-balloon-pos=\"up\">Professor - Ensino: Economia<\/span><\/td>\r\n<td class=\"cvagas\">01 + CR<\/td>\r\n<td class=\"cremuneracao\">R$ 6.157,29 \/40h<\/td>\r\n<\/tr>\r\n    <\/tbody>\r\n  <\/table>\r\n<\/div>"},"_links":{"self":[{"href":"https:\/\/www.agrobase.com.br\/concursos\/wp-json\/wp\/v2\/posts\/280688","targetHints":{"allow":["GET"]}}],"collection":[{"href":"https:\/\/www.agrobase.com.br\/concursos\/wp-json\/wp\/v2\/posts"}],"about":[{"href":"https:\/\/www.agrobase.com.br\/concursos\/wp-json\/wp\/v2\/types\/post"}],"author":[{"embeddable":true,"href":"https:\/\/www.agrobase.com.br\/concursos\/wp-json\/wp\/v2\/users\/7"}],"replies":[{"embeddable":true,"href":"https:\/\/www.agrobase.com.br\/concursos\/wp-json\/wp\/v2\/comments?post=280688"}],"version-history":[{"count":2,"href":"https:\/\/www.agrobase.com.br\/concursos\/wp-json\/wp\/v2\/posts\/280688\/revisions"}],"predecessor-version":[{"id":280691,"href":"https:\/\/www.agrobase.com.br\/concursos\/wp-json\/wp\/v2\/posts\/280688\/revisions\/280691"}],"wp:featuredmedia":[{"embeddable":true,"href":"https:\/\/www.agrobase.com.br\/concursos\/wp-json\/wp\/v2\/media\/280687"}],"wp:attachment":[{"href":"https:\/\/www.agrobase.com.br\/concursos\/wp-json\/wp\/v2\/media?parent=280688"}],"wp:term":[{"taxonomy":"category","embeddable":true,"href":"https:\/\/www.agrobase.com.br\/concursos\/wp-json\/wp\/v2\/categories?post=280688"},{"taxonomy":"post_tag","embeddable":true,"href":"https:\/\/www.agrobase.com.br\/concursos\/wp-json\/wp\/v2\/tags?post=280688"},{"taxonomy":"_amplo","embeddable":true,"href":"https:\/\/www.agrobase.com.br\/concursos\/wp-json\/wp\/v2\/_amplo?post=280688"},{"taxonomy":"destaque","embeddable":true,"href":"https:\/\/www.agrobase.com.br\/concursos\/wp-json\/wp\/v2\/destaque?post=280688"},{"taxonomy":"instituicoes","embeddable":true,"href":"https:\/\/www.agrobase.com.br\/concursos\/wp-json\/wp\/v2\/instituicoes?post=280688"}],"curies":[{"name":"wp","href":"https:\/\/api.w.org\/{rel}","templated":true}]}}