{"id":280677,"date":"2026-04-24T07:00:34","date_gmt":"2026-04-24T10:00:34","guid":{"rendered":"https:\/\/www.agrobase.com.br\/concursos\/?p=280677"},"modified":"2026-04-23T10:46:35","modified_gmt":"2026-04-23T13:46:35","slug":"prefeitura-matutina-mg-selecao-simplificada-01-2026","status":"publish","type":"post","link":"https:\/\/www.agrobase.com.br\/concursos\/2026\/prefeitura-matutina-mg-selecao-simplificada-01-2026\/","title":{"rendered":"Prefeitura Matutina (MG) &#8211; Sele\u00e7\u00e3o Simplificada 01\/2026"},"content":{"rendered":"<h2>Informa\u00e7\u00f5es Gerais<\/h2>\n<p>O <strong>Munic\u00edpio de Matutina<\/strong>, no estado de <strong>Minas Gerais<\/strong>, tornou p\u00fablico o <strong>Processo Seletivo Simplificado<\/strong> destinado \u00e0 sele\u00e7\u00e3o de profissionais e forma\u00e7\u00e3o de cadastro de reserva para atender \u00e0s demandas da <strong>Secretaria Municipal de Sa\u00fade<\/strong>. O certame \u00e9 regido pela Portaria n\u00ba 083\/2025 e fundamentado no art. 37, inciso IX, da Constitui\u00e7\u00e3o Federal, na Lei Federal n\u00ba 11.350\/2006 e na Lei Municipal n\u00ba 1.073\/2022.<\/p>\n<p>Ao todo, s\u00e3o ofertadas <strong>29 vagas imediatas, al\u00e9m de cadastro de reserva (CR)<\/strong>, distribu\u00eddas em cargos de <strong>n\u00edvel fundamental incompleto, fundamental completo, m\u00e9dio\/t\u00e9cnico e superior<\/strong>. O regime de contrata\u00e7\u00e3o \u00e9 <strong>tempor\u00e1rio<\/strong>, com remunera\u00e7\u00f5es que variam de <strong>R$ 1.669,80 a R$ 4.092,06<\/strong>, conforme o cargo.<\/p>\n<p>As oportunidades abrangem diversas \u00e1reas da sa\u00fade p\u00fablica. No n\u00edvel fundamental, h\u00e1 vagas para Auxiliar de Servi\u00e7os Gerais, Auxiliar Sanit\u00e1rio e Motorista. No n\u00edvel m\u00e9dio e t\u00e9cnico, destacam-se os cargos de Agente Comunit\u00e1rio de Sa\u00fade, Agente de Combate de Endemias, Auxiliar Administrativo, Operador de Raio X, T\u00e9cnico de Higiene Bucal e T\u00e9cnico de Enfermagem. J\u00e1 no n\u00edvel superior, as vagas contemplam Bioqu\u00edmico, Educador F\u00edsico, Enfermeiro, Farmac\u00eautico, Fisioterapeuta, <strong>Nutricionista<\/strong>, Odont\u00f3logo e Psic\u00f3logo.<\/p>\n<p>Merece destaque a vaga para <strong>Nutricionista<\/strong>, cargo de n\u00edvel superior com carga hor\u00e1ria de 40 horas semanais e remunera\u00e7\u00e3o de R$ 3.988,24, voltado a profissionais com registro ativo no conselho de classe \u2014 uma excelente oportunidade para quem atua na \u00e1rea de <strong>Nutri\u00e7\u00e3o<\/strong>.<\/p>\n<h2>Inscri\u00e7\u00f5es<\/h2>\n<p>As inscri\u00e7\u00f5es para o Processo Seletivo Simplificado do Munic\u00edpio de Matutina\/MG ser\u00e3o realizadas no per\u00edodo de <strong>22 a 29 de abril de 2026<\/strong>, exclusivamente de <strong>forma presencial<\/strong>, na sede da Secretaria Municipal de Sa\u00fade, situada \u00e0 Rua Dr. Moacir Franco, n\u00ba 1.250, Bairro Moacir Fl\u00e1vio, Matutina\/MG.<\/p>\n<p>A inscri\u00e7\u00e3o \u00e9 <strong>totalmente gratuita<\/strong>, n\u00e3o havendo cobran\u00e7a de taxa de participa\u00e7\u00e3o para nenhum cargo.<\/p>\n<p>No ato da inscri\u00e7\u00e3o, o candidato dever\u00e1 apresentar toda a documenta\u00e7\u00e3o exigida no edital, devidamente organizada e acondicionada em <strong>envelope tipo of\u00edcio<\/strong>. Na parte externa do envelope, devem constar de forma leg\u00edvel as seguintes informa\u00e7\u00f5es:<\/p>\n<ul>\n<li>Nome completo do candidato;<\/li>\n<li>Cargo pretendido;<\/li>\n<li>N\u00famero do edital.<\/li>\n<\/ul>\n<p>\u00c9 fundamental que o candidato re\u00fana com anteced\u00eancia todos os documentos comprobat\u00f3rios de escolaridade, experi\u00eancia profissional e demais requisitos exigidos para o cargo desejado, conforme especificado no edital e em seus anexos.<\/p>\n<p>Como a inscri\u00e7\u00e3o \u00e9 exclusivamente presencial, recomenda-se que o candidato compare\u00e7a \u00e0 Secretaria Municipal de Sa\u00fade dentro do prazo estabelecido, evitando deixar para o \u00faltimo dia, a fim de prevenir imprevistos.<\/p>\n<p>Para garantir que sua inscri\u00e7\u00e3o seja v\u00e1lida e completa, leia atentamente o edital na \u00edntegra antes de comparecer ao local de inscri\u00e7\u00e3o.<\/p>\n<h2>Etapas e Provas<\/h2>\n<p>O Processo Seletivo Simplificado do Munic\u00edpio de Matutina\/MG ser\u00e1 composto por <strong>etapa \u00fanica de sele\u00e7\u00e3o<\/strong>, baseada em <strong>an\u00e1lise curricular (t\u00edtulos e experi\u00eancia profissional)<\/strong>, com car\u00e1ter <strong>eliminat\u00f3rio e classificat\u00f3rio<\/strong>. N\u00e3o haver\u00e1 aplica\u00e7\u00e3o de provas objetivas, dissertativas ou pr\u00e1ticas.<\/p>\n<p>O processo seguir\u00e1 as seguintes fases:<\/p>\n<ul>\n<li><strong>Inscri\u00e7\u00e3o:<\/strong> entrega presencial da documenta\u00e7\u00e3o no per\u00edodo de 22 a 29 de abril de 2026;<\/li>\n<li><strong>An\u00e1lise documental e classifica\u00e7\u00e3o:<\/strong> avalia\u00e7\u00e3o dos t\u00edtulos e da experi\u00eancia profissional comprovada, com base na Tabela de Pontua\u00e7\u00e3o (Anexo III do edital);<\/li>\n<li><strong>Publica\u00e7\u00e3o do resultado preliminar;<\/strong><\/li>\n<li><strong>Prazo para recurso;<\/strong><\/li>\n<li><strong>Resultado final;<\/strong><\/li>\n<li><strong>Convoca\u00e7\u00e3o;<\/strong><\/li>\n<li><strong>Exame admissional e contrata\u00e7\u00e3o.<\/strong><\/li>\n<\/ul>\n<p>A pontua\u00e7\u00e3o dos candidatos ser\u00e1 atribu\u00edda exclusivamente com base na <strong>documenta\u00e7\u00e3o comprobat\u00f3ria apresentada no ato da inscri\u00e7\u00e3o<\/strong>. Ser\u00e3o considerados t\u00edtulos de forma\u00e7\u00e3o acad\u00eamica e tempo de experi\u00eancia profissional na \u00e1rea do cargo pretendido, conforme crit\u00e9rios e valores definidos no Anexo III do edital.<\/p>\n<p>Todo o processo observar\u00e1 os princ\u00edpios da legalidade, impessoalidade, moralidade e isonomia. Documentos apresentados fora dos padr\u00f5es exigidos ou de forma incompleta poder\u00e3o resultar na elimina\u00e7\u00e3o do candidato.<\/p>\n<h2>Resultados e Gabarito<\/h2>\n<p>A <strong>classifica\u00e7\u00e3o final<\/strong> do Processo Seletivo Simplificado do Munic\u00edpio de Matutina\/MG ser\u00e1 divulgada no <strong>s\u00edtio eletr\u00f4nico oficial do munic\u00edpio<\/strong>: <strong>www.matutina.mg.gov.br<\/strong>.<\/p>\n<p>Ap\u00f3s a publica\u00e7\u00e3o do resultado preliminar, os candidatos ter\u00e3o direito a interpor <strong>recurso<\/strong> dentro do prazo estipulado no cronograma do edital. Ap\u00f3s a an\u00e1lise dos recursos, ser\u00e1 publicado o <strong>resultado final definitivo<\/strong>.<\/p>\n<p>Os candidatos aprovados e classificados ser\u00e3o convocados para contrata\u00e7\u00e3o junto ao Munic\u00edpio de Matutina <strong>a partir de 1\u00ba de julho de 2026<\/strong>. A convoca\u00e7\u00e3o seguir\u00e1 rigorosamente a ordem de classifica\u00e7\u00e3o, respeitando o n\u00famero de vagas dispon\u00edveis para cada cargo.<\/p>\n<p>Antes da efetiva contrata\u00e7\u00e3o, o candidato convocado dever\u00e1 ser submetido a <strong>exame admissional<\/strong>, que atestar\u00e1 sua aptid\u00e3o f\u00edsica e mental para o exerc\u00edcio das atribui\u00e7\u00f5es do cargo.<\/p>\n<p>Os crit\u00e9rios de classifica\u00e7\u00e3o e eventuais crit\u00e9rios de desempate est\u00e3o detalhados no edital e em seus anexos, devendo o candidato consult\u00e1-los para pleno conhecimento das regras aplic\u00e1veis.<\/p>\n<p>Recomenda-se que todos os candidatos acompanhem regularmente as publica\u00e7\u00f5es no site oficial do munic\u00edpio (<strong>www.matutina.mg.gov.br<\/strong>), pois o <strong>acompanhamento das divulga\u00e7\u00f5es, convoca\u00e7\u00f5es e demais atos do processo seletivo \u00e9 de responsabilidade exclusiva do candidato<\/strong>. O n\u00e3o comparecimento ou a perda de prazos poder\u00e1 resultar na elimina\u00e7\u00e3o do certame.<\/p>\n","protected":false},"excerpt":{"rendered":"<p>Sel. Simplificada Pref. Matutina (MG) com edital publicado! Vagas p\/ Agente de Sa\u00fade e T\u00e9cnico Enfermagem (Fund. a Sup.). Inscri\u00e7\u00f5es a partir de 22\/04. Confira!<\/p>\n","protected":false},"author":7,"featured_media":280676,"comment_status":"open","ping_status":"open","sticky":false,"template":"","format":"standard","meta":{"_acf_changed":false,"_breakdance_hide_in_design_set":false,"_breakdance_tags":"","footnotes":""},"categories":[106,11,6434,12,17,18,23,24,26,108,143],"tags":[50],"_amplo":[],"destaque":[],"instituicoes":[],"class_list":["post-280677","post","type-post","status-publish","format-standard","has-post-thumbnail","hentry","category-bioquimica","category-educacao-fisica","category-educacao-fisica-licenciatura","category-enfermagem","category-farmacia","category-fisioterapia","category-nutricao","category-odontologia","category-psicologia","category-tecnico-enfermagem","category-tecnico-odontologia","tag-minas-gerais"],"acf":{"_tipo_vagas":"vagas","_numero_vagas":"","_quadro_vagas":"","_cargos":"diversos","_cargos_especificos":"","_salario_max":"R$ 4092.06","_abertura":"20260422","_encerramento":"20260429","_inscricoes":"","_executora_concurso":"","_instituicao_concurso":[],"_link_adicional":null,"_anexos":null,"_produtos":null,"_vagas":"29 vagas + CR","_salario_min":"R$ 1669.8","_instituicao":"Prefeitura de Matutina","_edital":"https:\/\/www.agrobase.com.br\/concursos\/wp-content\/uploads\/sites\/4\/2026\/04\/edital-01-2026-prefeitura-de-matutina-mg.pdf","_anexos_edital":"","_fund_incompleto":"<div>\r\n<table class=\"quadro\">\r\n<thead>\r\n<tr>\r\n<th class=\"hcargo\">Cargo<\/th>\r\n<th class=\"hvagas\">Vagas<\/th>\r\n<th class=\"hremuneracao\">Remunera\u00e7\u00e3o<\/th>\r\n<\/tr>\r\n<\/thead>\r\n    <tbody>\r\n      <td class=\"ccargos\">\r\n<span data-balloon-length=\"medium\" aria-label=\"Ensino Fundamental incompleto (anos iniciais).\" data-balloon-pos=\"up\">Auxiliar de Servi\u00e7os Gerais<\/span><\/td>\r\n<td class=\"cvagas\">03 + CR<\/td>\r\n<td class=\"cremuneracao\">R$ 1.669,80 \/40h<\/td>\r\n<\/tr><td class=\"ccargos\">\r\n<span data-balloon-length=\"medium\" aria-label=\"Ensino Fundamental incompleto (anos iniciais).\" data-balloon-pos=\"up\">Auxiliar Sanit\u00e1rio<\/span><\/td>\r\n<td class=\"cvagas\">CR<\/td>\r\n<td class=\"cremuneracao\">R$ 1.669,80 \/40h<\/td>\r\n<\/tr><td class=\"ccargos\">\r\n<span data-balloon-length=\"medium\" aria-label=\"Ensino fundamental incompleto e carteira nacional de habilita\u00e7\u00e3o tipo D.\" data-balloon-pos=\"up\">Motorista<\/span><\/td>\r\n<td class=\"cvagas\">06 + CR<\/td>\r\n<td class=\"cremuneracao\">R$ 1.700,00 \/40h<\/td>\r\n<\/tr>\r\n    <\/tbody>\r\n  <\/table>\r\n<\/div>","_fund_completo":"<div>\r\n<table class=\"quadro\">\r\n<thead>\r\n<tr>\r\n<th class=\"hcargo\">Cargo<\/th>\r\n<th class=\"hvagas\">Vagas<\/th>\r\n<th class=\"hremuneracao\">Remunera\u00e7\u00e3o<\/th>\r\n<\/tr>\r\n<\/thead>\r\n    <tbody>\r\n      <td class=\"ccargos\">\r\n<span data-balloon-length=\"medium\" aria-label=\"Ensino fundamental completo.\" data-balloon-pos=\"up\">Agente Administrativo<\/span><\/td>\r\n<td class=\"cvagas\">CR<\/td>\r\n<td class=\"cremuneracao\">R$ 1.733,31 \/40h<\/td>\r\n<\/tr>\r\n    <\/tbody>\r\n  <\/table>\r\n<\/div>","_medio":"<div>\r\n<table class=\"quadro\">\r\n<thead>\r\n<tr>\r\n<th class=\"hcargo\">Cargo<\/th>\r\n<th class=\"hvagas\">Vagas<\/th>\r\n<th class=\"hremuneracao\">Remunera\u00e7\u00e3o<\/th>\r\n<\/tr>\r\n<\/thead>\r\n    <tbody>\r\n      <td class=\"ccargos\">\r\n<span data-balloon-length=\"medium\" aria-label=\"Ensino m\u00e9dio, residir na \u00e1rea de atua\u00e7\u00e3o e curso introdut\u00f3rio.\" data-balloon-pos=\"up\">Agente Comunit\u00e1rio de Sa\u00fade<\/span><\/td>\r\n<td class=\"cvagas\">02 + CR<\/td>\r\n<td class=\"cremuneracao\">R$ 3.339,60 \/40h<\/td>\r\n<\/tr><td class=\"ccargos\">\r\n<span data-balloon-length=\"medium\" aria-label=\"Ensino m\u00e9dio e curso introdut\u00f3rio.\" data-balloon-pos=\"up\">Agente de Combate de Endemias<\/span><\/td>\r\n<td class=\"cvagas\">02 + CR<\/td>\r\n<td class=\"cremuneracao\">R$ 3.339,60 \/40h<\/td>\r\n<\/tr><td class=\"ccargos\">\r\n<span data-balloon-length=\"medium\" aria-label=\"Ensino M\u00e9dio Completo.\" data-balloon-pos=\"up\">Auxiliar Administrativo<\/span><\/td>\r\n<td class=\"cvagas\">03 + CR<\/td>\r\n<td class=\"cremuneracao\">R$ 2.138,82 \/40h<\/td>\r\n<\/tr><td class=\"ccargos\">\r\n<span data-balloon-length=\"medium\" aria-label=\"Ensino m\u00e9dio e curso t\u00e9cnico em Radiologia.\" data-balloon-pos=\"up\">Operador de Raio X<\/span><\/td>\r\n<td class=\"cvagas\">CR<\/td>\r\n<td class=\"cremuneracao\">R$ 1.720,00 \/20h<\/td>\r\n<\/tr><td class=\"ccargos\">\r\n<span data-balloon-length=\"medium\" aria-label=\"Ensino m\u00e9dio completo, curso t\u00e9cnico em Higiene Bucal e registro no conselho.\" data-balloon-pos=\"up\">T\u00e9cnico de Higiene Bucal<\/span><\/td>\r\n<td class=\"cvagas\">CR<\/td>\r\n<td class=\"cremuneracao\">R$ 2.091,42 \/40h<\/td>\r\n<\/tr><td class=\"ccargos\">\r\n<span data-balloon-length=\"medium\" aria-label=\"Ensino m\u00e9dio completo, curso t\u00e9cnico em Enfermagem e registro no COREN.\" data-balloon-pos=\"up\">T\u00e9cnico de Enfermagem - 40h<\/span><\/td>\r\n<td class=\"cvagas\">02 + CR<\/td>\r\n<td class=\"cremuneracao\">R$ 2.324,58 \/40h<\/td>\r\n<\/tr><td class=\"ccargos\">\r\n<span data-balloon-length=\"medium\" aria-label=\"Ensino m\u00e9dio completo, curso t\u00e9cnico em Enfermagem e registro no COREN.\" data-balloon-pos=\"up\">T\u00e9cnico de Enfermagem - 12x36h<\/span><\/td>\r\n<td class=\"cvagas\">04 + CR<\/td>\r\n<td class=\"cremuneracao\">R$ 2.324,58 \/12x36h<\/td>\r\n<\/tr>\r\n    <\/tbody>\r\n  <\/table>\r\n<\/div>","_superior":"<div>\r\n<table class=\"quadro\">\r\n<thead>\r\n<tr>\r\n<th class=\"hcargo\">Cargo<\/th>\r\n<th class=\"hvagas\">Vagas<\/th>\r\n<th class=\"hremuneracao\">Remunera\u00e7\u00e3o<\/th>\r\n<\/tr>\r\n<\/thead>\r\n    <tbody>\r\n      <tr>\r\n<td class=\"ccargos\">\r\n<span data-balloon-length=\"medium\" aria-label=\"Curso superior em Bioqu\u00edmica ou \u00e1reas relacionadas e registro no conselho de classe.\" data-balloon-pos=\"up\">Bioqu\u00edmico<\/span><\/td>\r\n<td class=\"cvagas\">CR<\/td>\r\n<td class=\"cremuneracao\">R$ 2.848,78 \/20h<\/td>\r\n<\/tr><tr>\r\n<td class=\"ccargos\">\r\n<span data-balloon-length=\"medium\" aria-label=\"N\u00edvel superior em educa\u00e7\u00e3o f\u00edsica e registro no conselho de classe.\" data-balloon-pos=\"up\">Educador F\u00edsico<\/span><\/td>\r\n<td class=\"cvagas\">01 + CR<\/td>\r\n<td class=\"cremuneracao\">R$ 1.879,08 \/20h<\/td>\r\n<\/tr><tr>\r\n<td class=\"ccargos\">\r\n<span data-balloon-length=\"medium\" aria-label=\"Curso superior completo em Enfermagem e registro no COREN.\" data-balloon-pos=\"up\">Enfermeiro - 40h<\/span><\/td>\r\n<td class=\"cvagas\">CR<\/td>\r\n<td class=\"cremuneracao\">R$ 4.092,06 \/40h<\/td>\r\n<\/tr><tr>\r\n<td class=\"ccargos\">\r\n<span data-balloon-length=\"medium\" aria-label=\"Curso superior completo em Enfermagem e registro no COREN.\" data-balloon-pos=\"up\">Enfermeiro - 12x36h<\/span><\/td>\r\n<td class=\"cvagas\">02 + CR<\/td>\r\n<td class=\"cremuneracao\">R$ 4.092,06 \/12x36h<\/td>\r\n<\/tr><tr>\r\n<td class=\"ccargos\">\r\n<span data-balloon-length=\"medium\" aria-label=\"Curso superior completo em Farm\u00e1cia e registro no conselho de classe.\" data-balloon-pos=\"up\">Farmac\u00eautico<\/span><\/td>\r\n<td class=\"cvagas\">CR<\/td>\r\n<td class=\"cremuneracao\">R$ 3.988,24 \/40h<\/td>\r\n<\/tr><tr>\r\n<td class=\"ccargos\">\r\n<span data-balloon-length=\"medium\" aria-label=\"Curso superior completo em Fisioterapia e registro no conselho de classe.\" data-balloon-pos=\"up\">Fisioterapeuta<\/span><\/td>\r\n<td class=\"cvagas\">02 + CR<\/td>\r\n<td class=\"cremuneracao\">R$ 3.031,73 \/30h<\/td>\r\n<\/tr><tr>\r\n<td class=\"ccargos\">\r\n<span data-balloon-length=\"medium\" aria-label=\"Curso superior completo em Nutri\u00e7\u00e3o e registro no conselho de classe.\" data-balloon-pos=\"up\">Nutricionista<\/span><\/td>\r\n<td class=\"cvagas\">CR<\/td>\r\n<td class=\"cremuneracao\">R$ 3.988,24 \/40h<\/td>\r\n<\/tr><tr>\r\n<td class=\"ccargos\">\r\n<span data-balloon-length=\"medium\" aria-label=\"Curso superior completo em Odontologia e registro no conselho de classe.\" data-balloon-pos=\"up\">Odont\u00f3logo<\/span><\/td>\r\n<td class=\"cvagas\">01 + CR<\/td>\r\n<td class=\"cremuneracao\">R$ 3.640,08 \/40h<\/td>\r\n<\/tr><tr>\r\n<td class=\"ccargos\">\r\n<span data-balloon-length=\"medium\" aria-label=\"Ensino superior completo em Psicologia e registro no conselho de classe.\" data-balloon-pos=\"up\">Psic\u00f3logo<\/span><\/td>\r\n<td class=\"cvagas\">01 + CR<\/td>\r\n<td class=\"cremuneracao\">R$ 3.988,24 \/40h<\/td>\r\n<\/tr>\r\n    <\/tbody>\r\n  <\/table>\r\n<\/div>"},"_links":{"self":[{"href":"https:\/\/www.agrobase.com.br\/concursos\/wp-json\/wp\/v2\/posts\/280677","targetHints":{"allow":["GET"]}}],"collection":[{"href":"https:\/\/www.agrobase.com.br\/concursos\/wp-json\/wp\/v2\/posts"}],"about":[{"href":"https:\/\/www.agrobase.com.br\/concursos\/wp-json\/wp\/v2\/types\/post"}],"author":[{"embeddable":true,"href":"https:\/\/www.agrobase.com.br\/concursos\/wp-json\/wp\/v2\/users\/7"}],"replies":[{"embeddable":true,"href":"https:\/\/www.agrobase.com.br\/concursos\/wp-json\/wp\/v2\/comments?post=280677"}],"version-history":[{"count":2,"href":"https:\/\/www.agrobase.com.br\/concursos\/wp-json\/wp\/v2\/posts\/280677\/revisions"}],"predecessor-version":[{"id":280680,"href":"https:\/\/www.agrobase.com.br\/concursos\/wp-json\/wp\/v2\/posts\/280677\/revisions\/280680"}],"wp:featuredmedia":[{"embeddable":true,"href":"https:\/\/www.agrobase.com.br\/concursos\/wp-json\/wp\/v2\/media\/280676"}],"wp:attachment":[{"href":"https:\/\/www.agrobase.com.br\/concursos\/wp-json\/wp\/v2\/media?parent=280677"}],"wp:term":[{"taxonomy":"category","embeddable":true,"href":"https:\/\/www.agrobase.com.br\/concursos\/wp-json\/wp\/v2\/categories?post=280677"},{"taxonomy":"post_tag","embeddable":true,"href":"https:\/\/www.agrobase.com.br\/concursos\/wp-json\/wp\/v2\/tags?post=280677"},{"taxonomy":"_amplo","embeddable":true,"href":"https:\/\/www.agrobase.com.br\/concursos\/wp-json\/wp\/v2\/_amplo?post=280677"},{"taxonomy":"destaque","embeddable":true,"href":"https:\/\/www.agrobase.com.br\/concursos\/wp-json\/wp\/v2\/destaque?post=280677"},{"taxonomy":"instituicoes","embeddable":true,"href":"https:\/\/www.agrobase.com.br\/concursos\/wp-json\/wp\/v2\/instituicoes?post=280677"}],"curies":[{"name":"wp","href":"https:\/\/api.w.org\/{rel}","templated":true}]}}