{"id":280654,"date":"2026-04-23T08:20:50","date_gmt":"2026-04-23T11:20:50","guid":{"rendered":"https:\/\/www.agrobase.com.br\/concursos\/?p=280654"},"modified":"2026-04-22T13:46:37","modified_gmt":"2026-04-22T16:46:37","slug":"prefeitura-vitoria-es-concurso-02-2026","status":"publish","type":"post","link":"https:\/\/www.agrobase.com.br\/concursos\/2026\/prefeitura-vitoria-es-concurso-02-2026\/","title":{"rendered":"Prefeitura Vit\u00f3ria (ES) &#8211; Concurso 02\/2026"},"content":{"rendered":"<h2>Informa\u00e7\u00f5es Gerais<\/h2>\n<p>A <strong>Prefeitura Municipal de Vit\u00f3ria<\/strong>, capital do Esp\u00edrito Santo, publicou edital de <strong>Concurso P\u00fablico<\/strong> destinado ao preenchimento de vagas efetivas e forma\u00e7\u00e3o de cadastro de reserva para os cargos de Analista em Gest\u00e3o P\u00fablica, Analista em Tecnologia da Informa\u00e7\u00e3o, Arquiteto e Engenheiro. O certame \u00e9 organizado pelo <strong>Instituto Consulplan<\/strong> e tem como base legal o artigo 37, inciso II, da Constitui\u00e7\u00e3o Federal, a Lei Org\u00e2nica do Munic\u00edpio e as Leis n\u00ba 2.994\/1982, n\u00ba 6.752\/2006 e n\u00ba 10.041\/2024.<\/p>\n<p>S\u00e3o ofertadas <strong>32 vagas imediatas + cadastro de reserva<\/strong>, todas para profissionais com <strong>n\u00edvel superior<\/strong>, em regime estatut\u00e1rio. As remunera\u00e7\u00f5es variam de <strong>R$ 6.669,30<\/strong> a <strong>R$ 10.685,32<\/strong>, com carga hor\u00e1ria de 40 horas semanais.<\/p>\n<p>As oportunidades abrangem diversas \u00e1reas de atua\u00e7\u00e3o, com destaque para:<\/p>\n<ul>\n<li><strong>Engenharia Ambiental<\/strong> \u2014 01 vaga + cadastro de reserva;<\/li>\n<li>Engenharia Civil \u2014 06 vagas + CR;<\/li>\n<li>Engenharia El\u00e9trica \u2014 02 vagas + CR;<\/li>\n<li>Engenharia Mec\u00e2nica \u2014 01 vaga + CR;<\/li>\n<li>Engenharia de Seguran\u00e7a do Trabalho \u2014 01 vaga + CR;<\/li>\n<li>Arquitetura \u2014 05 vagas + CR;<\/li>\n<li>Tecnologia da Informa\u00e7\u00e3o (Desenvolvimento e Infraestrutura) \u2014 09 vagas + CR;<\/li>\n<li>Gest\u00e3o P\u00fablica (Administra\u00e7\u00e3o, Economia e Estat\u00edstica) \u2014 07 vagas + CR.<\/li>\n<\/ul>\n<p>Trata-se de uma excelente oportunidade para profissionais de n\u00edvel superior que desejam ingressar no servi\u00e7o p\u00fablico municipal da capital capixaba, com sal\u00e1rios atrativos e estabilidade.<\/p>\n<h2>Inscri\u00e7\u00f5es<\/h2>\n<p>As inscri\u00e7\u00f5es para o Concurso P\u00fablico da Prefeitura de Vit\u00f3ria\/ES estar\u00e3o abertas <strong>das 16h do dia 27 de abril de 2026 at\u00e9 as 16h do dia 27 de maio de 2026<\/strong>, exclusivamente pela internet, por meio do site do Instituto Consulplan.<\/p>\n<p>O valor da <strong>taxa de inscri\u00e7\u00e3o \u00e9 de R$ 119,00<\/strong> (cento e dezenove reais), v\u00e1lido para todos os cargos ofertados, uma vez que todas as vagas s\u00e3o de n\u00edvel superior.<\/p>\n<p>Para se inscrever, o candidato dever\u00e1:<\/p>\n<ul>\n<li>Acessar o site <strong>www.institutoconsulplan.org.br<\/strong> durante o per\u00edodo de inscri\u00e7\u00f5es;<\/li>\n<li>Localizar a p\u00e1gina do concurso da Prefeitura de Vit\u00f3ria;<\/li>\n<li>Preencher o formul\u00e1rio de inscri\u00e7\u00e3o com seus dados pessoais e escolher o cargo desejado;<\/li>\n<li>Gerar o boleto banc\u00e1rio e efetuar o pagamento dentro do prazo estabelecido.<\/li>\n<\/ul>\n<p>\u00c9 importante destacar que ser\u00e1 permitido ao candidato <strong>inscrever-se para at\u00e9 2 (dois) cargos<\/strong>, desde que as provas sejam aplicadas em <strong>turnos distintos<\/strong>. Essa possibilidade amplia as chances de aprova\u00e7\u00e3o para quem se enquadra nos requisitos de mais de um cargo.<\/p>\n<p>Ap\u00f3s a inscri\u00e7\u00e3o, recomenda-se que o candidato acompanhe regularmente o status de sua inscri\u00e7\u00e3o na \u00e1rea restrita do site da banca organizadora, verificando a confirma\u00e7\u00e3o do pagamento e eventuais atualiza\u00e7\u00f5es.<\/p>\n<p>Para informa\u00e7\u00f5es sobre isen\u00e7\u00e3o da taxa de inscri\u00e7\u00e3o e demais procedimentos espec\u00edficos, consulte o edital completo, dispon\u00edvel no site do Instituto Consulplan.<\/p>\n<h2>Etapas e Provas<\/h2>\n<p>O Concurso P\u00fablico da Prefeitura de Vit\u00f3ria\/ES ser\u00e1 composto por <strong>duas etapas seletivas<\/strong>, ambas de car\u00e1ter <strong>eliminat\u00f3rio e classificat\u00f3rio<\/strong>, aplic\u00e1veis a todos os cargos. As provas ser\u00e3o realizadas no munic\u00edpio de <strong>Vit\u00f3ria\/ES<\/strong>.<\/p>\n<ul>\n<li><strong>1\u00aa Etapa \u2014 Prova Objetiva<\/strong>\n<ul>\n<li><strong>Car\u00e1ter:<\/strong> eliminat\u00f3rio e classificat\u00f3rio;<\/li>\n<li><strong>Formato:<\/strong> quest\u00f5es de m\u00faltipla escolha;<\/li>\n<li><strong>Aplic\u00e1vel a:<\/strong> todos os cargos;<\/li>\n<li><strong>Data prevista:<\/strong> <strong>05 de julho de 2026<\/strong>;<\/li>\n<li><strong>Conte\u00fado:<\/strong> a prova objetiva abranger\u00e1 disciplinas de conhecimentos gerais e conhecimentos espec\u00edficos, conforme o cargo escolhido. O n\u00famero de quest\u00f5es e a distribui\u00e7\u00e3o de pontos est\u00e3o detalhados no edital;<\/li>\n<li><strong>Crit\u00e9rios de aprova\u00e7\u00e3o:<\/strong> o candidato dever\u00e1 atingir a pontua\u00e7\u00e3o m\u00ednima estabelecida no edital para ser considerado aprovado nesta etapa.<\/li>\n<\/ul>\n<\/li>\n<li><strong>2\u00aa Etapa \u2014 Prova Discursiva<\/strong>\n<ul>\n<li><strong>Car\u00e1ter:<\/strong> eliminat\u00f3rio e classificat\u00f3rio;<\/li>\n<li><strong>Formato:<\/strong> 1 (uma) disserta\u00e7\u00e3o sobre tema de conhecimento geral ou espec\u00edfico;<\/li>\n<li><strong>Aplic\u00e1vel a:<\/strong> todos os cargos;<\/li>\n<li><strong>Data prevista:<\/strong> <strong>05 de julho de 2026<\/strong> (mesmo dia da prova objetiva);<\/li>\n<li><strong>Crit\u00e9rios de aprova\u00e7\u00e3o:<\/strong> o candidato dever\u00e1 alcan\u00e7ar a nota m\u00ednima definida no edital para n\u00e3o ser eliminado.<\/li>\n<\/ul>\n<\/li>\n<\/ul>\n<p>Ambas as etapas ser\u00e3o realizadas no <strong>mesmo dia<\/strong>, o que exige do candidato um bom planejamento de tempo e prepara\u00e7\u00e3o integrada para os dois formatos de avalia\u00e7\u00e3o.<\/p>\n<p>Para conhecer o conte\u00fado program\u00e1tico completo de cada cargo, a distribui\u00e7\u00e3o detalhada de quest\u00f5es e pontua\u00e7\u00e3o, bem como o cronograma atualizado, consulte o edital na \u00edntegra no site do Instituto Consulplan.<\/p>\n<h2>Resultados e Gabarito<\/h2>\n<p>Os <strong>gabaritos oficiais preliminares<\/strong> das provas objetivas ser\u00e3o divulgados no site do Instituto Consulplan (<strong>www.institutoconsulplan.org.br<\/strong>), a partir das <strong>16h da segunda-feira subsequente<\/strong> \u00e0 data de realiza\u00e7\u00e3o das provas. A partir dessa publica\u00e7\u00e3o, os candidatos poder\u00e3o conferir suas respostas e, se necess\u00e1rio, interpor recursos dentro do prazo previsto no edital.<\/p>\n<p>Ap\u00f3s a an\u00e1lise dos recursos, ser\u00e1 publicado o <strong>gabarito oficial definitivo<\/strong>, tamb\u00e9m no site da banca organizadora. Na sequ\u00eancia, ser\u00e3o divulgados os resultados preliminares e definitivos de cada etapa \u2014 prova objetiva e prova discursiva \u2014 respeitando os prazos recursais previstos no cronograma do certame.<\/p>\n<p>A <strong>classifica\u00e7\u00e3o final<\/strong> dos candidatos ser\u00e1 elaborada com base no somat\u00f3rio das notas obtidas nas provas objetiva e discursiva, observados os crit\u00e9rios de aprova\u00e7\u00e3o e os pesos definidos no edital. Em caso de <strong>empate<\/strong>, ser\u00e3o aplicados os crit\u00e9rios de desempate estabelecidos no documento edital\u00edcio, que devem ser consultados na \u00edntegra pelo candidato.<\/p>\n<p>O <strong>resultado final do concurso ser\u00e1 homologado<\/strong> pela Secretaria Municipal de Gest\u00e3o e Planejamento de Vit\u00f3ria, mediante publica\u00e7\u00e3o no <strong>Di\u00e1rio Oficial do Munic\u00edpio de Vit\u00f3ria\/ES<\/strong>. A homologa\u00e7\u00e3o representa o ato administrativo que oficializa a conclus\u00e3o do certame e a lista definitiva de aprovados, n\u00e3o sendo admitido recurso contra esse resultado.<\/p>\n<p>Os candidatos devem acompanhar todas as publica\u00e7\u00f5es por meio dos seguintes canais oficiais:<\/p>\n<ul>\n<li>Site do Instituto Consulplan: <strong>www.institutoconsulplan.org.br<\/strong>;<\/li>\n<li>Di\u00e1rio Oficial do Munic\u00edpio de Vit\u00f3ria\/ES.<\/li>\n<\/ul>\n<p>O <strong>acompanhamento de todas as etapas, publica\u00e7\u00f5es, convoca\u00e7\u00f5es e prazos \u00e9 de responsabilidade exclusiva do candidato<\/strong>. Recomenda-se consultar regularmente os canais oficiais para n\u00e3o perder nenhuma informa\u00e7\u00e3o relevante sobre o andamento do concurso.<\/p>\n","protected":false},"excerpt":{"rendered":"<p>Concurso Pref. Vit\u00f3ria (ES) com edital publicado! Vagas p\/ Analista e Arquiteto (Superior). Inscri\u00e7\u00f5es a partir de 27\/04. Sal\u00e1rios at\u00e9 R$10.6k. Confira detalhes!<\/p>\n","protected":false},"author":7,"featured_media":280653,"comment_status":"open","ping_status":"open","sticky":false,"template":"","format":"standard","meta":{"_acf_changed":false,"_breakdance_hide_in_design_set":false,"_breakdance_tags":"","footnotes":""},"categories":[3,5,117,13,14,103,104,152,136,159],"tags":[45],"_amplo":[],"destaque":[],"instituicoes":[],"class_list":["post-280654","post","type-post","status-publish","format-standard","has-post-thumbnail","hentry","category-administracao","category-arquitetura","category-economia","category-engenharia-ambiental","category-engenharia","category-engenharia-eletrica","category-engenharia-mecanica","category-engenharia-seguranca-trabalho","category-estatistica","category-tecnologia-da-informacao","tag-espirito-santo"],"acf":{"_tipo_vagas":"vagas","_numero_vagas":"","_quadro_vagas":"","_cargos":"diversos","_cargos_especificos":"","_salario_max":"R$ 10685.32","_abertura":"20260427","_encerramento":"20260527","_inscricoes":"https:\/\/www.institutoconsulplan.org.br","_executora_concurso":"","_instituicao_concurso":[],"_link_adicional":null,"_anexos":null,"_produtos":null,"_vagas":"32 vagas + CR","_salario_min":"R$ 6669.3","_instituicao":"Prefeitura Municipal de Vit\u00f3ria","_edital":"https:\/\/www.agrobase.com.br\/concursos\/wp-content\/uploads\/sites\/4\/2026\/04\/edital-02-2026-prefeitura-de-vitoria-es.pdf","_anexos_edital":"https:\/\/www.agrobase.com.br\/concursos\/wp-content\/uploads\/sites\/4\/2026\/04\/anexos-edital-02-2026-prefeitura-de-vitoria-es.pdf","_fund_incompleto":"","_fund_completo":"","_medio":"","_superior":"<div>\r\n<table class=\"quadro\">\r\n<thead>\r\n<tr>\r\n<th class=\"hcargo\">Cargo<\/th>\r\n<th class=\"hvagas\">Vagas<\/th>\r\n<th class=\"hremuneracao\">Remunera\u00e7\u00e3o<\/th>\r\n<\/tr>\r\n<\/thead>\r\n    <tbody>\r\n      <tr>\r\n<td class=\"ccargos\">\r\n<span data-balloon-length=\"medium\" aria-label=\"Ensino Superior Completo em Administra\u00e7\u00e3o\" data-balloon-pos=\"up\">Analista em Gest\u00e3o P\u00fablica - Administrador<\/span><\/td>\r\n<td class=\"cvagas\">02 + CR<\/td>\r\n<td class=\"cremuneracao\">R$ 6.669,30 \/40h<\/td>\r\n<\/tr><tr>\r\n<td class=\"ccargos\">\r\n<span data-balloon-length=\"medium\" aria-label=\"Ensino Superior Completo em Economia\" data-balloon-pos=\"up\">Analista em Gest\u00e3o P\u00fablica - Economista<\/span><\/td>\r\n<td class=\"cvagas\">03 + CR<\/td>\r\n<td class=\"cremuneracao\">R$ 6.669,30 \/40h<\/td>\r\n<\/tr><tr>\r\n<td class=\"ccargos\">\r\n<span data-balloon-length=\"medium\" aria-label=\"Ensino Superior Completo em Estat\u00edstica\" data-balloon-pos=\"up\">Analista em Gest\u00e3o P\u00fablica - Estat\u00edstico<\/span><\/td>\r\n<td class=\"cvagas\">02 + CR<\/td>\r\n<td class=\"cremuneracao\">R$ 6.669,30 \/40h<\/td>\r\n<\/tr><tr>\r\n<td class=\"ccargos\">\r\n<span data-balloon-length=\"medium\" aria-label=\"Ensino Superior Completo na \u00e1rea de Tecnologia da Informa\u00e7\u00e3o\" data-balloon-pos=\"up\">Analista em Tecnologia da Informa\u00e7\u00e3o - Desenvolvimento<\/span><\/td>\r\n<td class=\"cvagas\">07 + CR<\/td>\r\n<td class=\"cremuneracao\">R$ 10.685,32 \/40h<\/td>\r\n<\/tr><tr>\r\n<td class=\"ccargos\">\r\n<span data-balloon-length=\"medium\" aria-label=\"Ensino Superior Completo na \u00e1rea de Tecnologia da Informa\u00e7\u00e3o\" data-balloon-pos=\"up\">Analista em Tecnologia da Informa\u00e7\u00e3o - Infraestrutura e Suporte<\/span><\/td>\r\n<td class=\"cvagas\">02 + CR<\/td>\r\n<td class=\"cremuneracao\">R$ 10.685,32 \/40h<\/td>\r\n<\/tr><tr>\r\n<td class=\"ccargos\">\r\n<span data-balloon-length=\"medium\" aria-label=\"Ensino Superior Completo em Arquitetura\" data-balloon-pos=\"up\">Arquiteto<\/span><\/td>\r\n<td class=\"cvagas\">05 + CR<\/td>\r\n<td class=\"cremuneracao\">R$ 8.385,32 \/40h<\/td>\r\n<\/tr><tr>\r\n<td class=\"ccargos\">\r\n<span data-balloon-length=\"medium\" aria-label=\"Ensino Superior Completo em Engenharia Ambiental\" data-balloon-pos=\"up\">Engenheiro - Ambiental<\/span><\/td>\r\n<td class=\"cvagas\">01 + CR<\/td>\r\n<td class=\"cremuneracao\">R$ 8.385,32 \/40h<\/td>\r\n<\/tr><tr>\r\n<td class=\"ccargos\">\r\n<span data-balloon-length=\"medium\" aria-label=\"Ensino Superior Completo em Engenharia Civil\" data-balloon-pos=\"up\">Engenheiro - Civil<\/span><\/td>\r\n<td class=\"cvagas\">06 + CR<\/td>\r\n<td class=\"cremuneracao\">R$ 8.385,32 \/40h<\/td>\r\n<\/tr><tr>\r\n<td class=\"ccargos\">\r\n<span data-balloon-length=\"medium\" aria-label=\"Ensino Superior Completo em Engenharia El\u00e9trica\" data-balloon-pos=\"up\">Engenheiro - Eletricista<\/span><\/td>\r\n<td class=\"cvagas\">02 + CR<\/td>\r\n<td class=\"cremuneracao\">R$ 8.385,32 \/40h<\/td>\r\n<\/tr><tr>\r\n<td class=\"ccargos\">\r\n<span data-balloon-length=\"medium\" aria-label=\"Ensino Superior Completo em Engenharia Mec\u00e2nica\" data-balloon-pos=\"up\">Engenheiro - Mec\u00e2nico<\/span><\/td>\r\n<td class=\"cvagas\">01 + CR<\/td>\r\n<td class=\"cremuneracao\">R$ 8.385,32 \/40h<\/td>\r\n<\/tr><tr>\r\n<td class=\"ccargos\">\r\n<span data-balloon-length=\"medium\" aria-label=\"Ensino Superior Completo em Engenharia com Especializa\u00e7\u00e3o em Seguran\u00e7a do Trabalho\" data-balloon-pos=\"up\">Engenheiro de Seguran\u00e7a do Trabalho<\/span><\/td>\r\n<td class=\"cvagas\">01 + CR<\/td>\r\n<td class=\"cremuneracao\">R$ 8.385,32 \/40h<\/td>\r\n<\/tr>\r\n    <\/tbody>\r\n  <\/table>\r\n<\/div>"},"_links":{"self":[{"href":"https:\/\/www.agrobase.com.br\/concursos\/wp-json\/wp\/v2\/posts\/280654","targetHints":{"allow":["GET"]}}],"collection":[{"href":"https:\/\/www.agrobase.com.br\/concursos\/wp-json\/wp\/v2\/posts"}],"about":[{"href":"https:\/\/www.agrobase.com.br\/concursos\/wp-json\/wp\/v2\/types\/post"}],"author":[{"embeddable":true,"href":"https:\/\/www.agrobase.com.br\/concursos\/wp-json\/wp\/v2\/users\/7"}],"replies":[{"embeddable":true,"href":"https:\/\/www.agrobase.com.br\/concursos\/wp-json\/wp\/v2\/comments?post=280654"}],"version-history":[{"count":2,"href":"https:\/\/www.agrobase.com.br\/concursos\/wp-json\/wp\/v2\/posts\/280654\/revisions"}],"predecessor-version":[{"id":280658,"href":"https:\/\/www.agrobase.com.br\/concursos\/wp-json\/wp\/v2\/posts\/280654\/revisions\/280658"}],"wp:featuredmedia":[{"embeddable":true,"href":"https:\/\/www.agrobase.com.br\/concursos\/wp-json\/wp\/v2\/media\/280653"}],"wp:attachment":[{"href":"https:\/\/www.agrobase.com.br\/concursos\/wp-json\/wp\/v2\/media?parent=280654"}],"wp:term":[{"taxonomy":"category","embeddable":true,"href":"https:\/\/www.agrobase.com.br\/concursos\/wp-json\/wp\/v2\/categories?post=280654"},{"taxonomy":"post_tag","embeddable":true,"href":"https:\/\/www.agrobase.com.br\/concursos\/wp-json\/wp\/v2\/tags?post=280654"},{"taxonomy":"_amplo","embeddable":true,"href":"https:\/\/www.agrobase.com.br\/concursos\/wp-json\/wp\/v2\/_amplo?post=280654"},{"taxonomy":"destaque","embeddable":true,"href":"https:\/\/www.agrobase.com.br\/concursos\/wp-json\/wp\/v2\/destaque?post=280654"},{"taxonomy":"instituicoes","embeddable":true,"href":"https:\/\/www.agrobase.com.br\/concursos\/wp-json\/wp\/v2\/instituicoes?post=280654"}],"curies":[{"name":"wp","href":"https:\/\/api.w.org\/{rel}","templated":true}]}}