{"id":280638,"date":"2026-04-23T07:50:41","date_gmt":"2026-04-23T10:50:41","guid":{"rendered":"https:\/\/www.agrobase.com.br\/concursos\/?p=280638"},"modified":"2026-04-22T13:01:34","modified_gmt":"2026-04-22T16:01:34","slug":"prefeitura-santana-de-parnaiba-sp-selecao-publica-03-2026","status":"publish","type":"post","link":"https:\/\/www.agrobase.com.br\/concursos\/2026\/prefeitura-santana-de-parnaiba-sp-selecao-publica-03-2026\/","title":{"rendered":"Prefeitura Santana de Parna\u00edba (SP) &#8211; Sele\u00e7\u00e3o P\u00fablica 03\/2026"},"content":{"rendered":"<h2>Informa\u00e7\u00f5es Gerais<\/h2>\n<p>A <strong>Prefeitura de Santana de Parna\u00edba<\/strong>, no Estado de S\u00e3o Paulo, publicou edital de <strong>Processo Seletivo<\/strong> destinado \u00e0 <strong>forma\u00e7\u00e3o de cadastro reserva<\/strong> para diversas fun\u00e7\u00f5es. O certame visa recrutar profissionais para contrata\u00e7\u00f5es emergenciais e tempor\u00e1rias, com base na Lei Municipal n.\u00ba 3.120\/2011 e suas altera\u00e7\u00f5es, sob <strong>regime jur\u00eddico estatut\u00e1rio<\/strong>.<\/p>\n<p>As oportunidades abrangem todos os n\u00edveis de escolaridade: <strong>Fundamental Incompleto<\/strong>, <strong>Fundamental Completo<\/strong>, <strong>M\u00e9dio\/T\u00e9cnico<\/strong> e <strong>Superior<\/strong>. As remunera\u00e7\u00f5es variam de <strong>R$ 1.800,47<\/strong> a <strong>R$ 5.568,49<\/strong>, com cargas hor\u00e1rias entre 16h e 40h semanais.<\/p>\n<p>Entre as fun\u00e7\u00f5es de n\u00edvel fundamental, h\u00e1 vagas em cadastro reserva para Agente de Limpeza P\u00fablica, Agente de Servi\u00e7os de Alimenta\u00e7\u00e3o, Agente de Servi\u00e7os Gerais, Agente de Servi\u00e7os P\u00fablicos, Agente de Organiza\u00e7\u00e3o Escolar e Motorista. No n\u00edvel m\u00e9dio\/t\u00e9cnico, destaca-se a fun\u00e7\u00e3o de Auxiliar em Sa\u00fade Bucal.<\/p>\n<p>Para profissionais de n\u00edvel superior, o processo seletivo contempla fun\u00e7\u00f5es na \u00e1rea da sa\u00fade, incluindo Cirurgi\u00e3o Dentista (com especialidades em Bucomaxilofacial, Endodontia e Odontopediatria), Enfermeiro, Farmac\u00eautico, Fonoaudi\u00f3logo, Psic\u00f3logo e Terapeuta Ocupacional. Merece destaque a vaga para <strong>Nutricionista<\/strong>, com remunera\u00e7\u00e3o de <strong>R$ 5.081,78<\/strong> e carga hor\u00e1ria de 30h semanais \u2014 uma excelente oportunidade para profissionais da \u00e1rea.<\/p>\n<h2>Inscri\u00e7\u00f5es<\/h2>\n<p>As inscri\u00e7\u00f5es para o Processo Seletivo da Prefeitura de Santana de Parna\u00edba\/SP ser\u00e3o realizadas <strong>exclusivamente pela internet<\/strong>, por meio do site <strong>www.msconcursos.com.br<\/strong>.<\/p>\n<p>O per\u00edodo de inscri\u00e7\u00f5es vai de <strong>15 de abril de 2026<\/strong> at\u00e9 as <strong>23h59 (hor\u00e1rio de Bras\u00edlia) do dia 04 de maio de 2026<\/strong>. \u00c9 fundamental que o candidato n\u00e3o deixe para os \u00faltimos momentos, evitando problemas com instabilidade no sistema.<\/p>\n<p>Para se inscrever, o candidato dever\u00e1 acessar o site da MS Concursos, localizar o processo seletivo de Santana de Parna\u00edba, preencher o formul\u00e1rio de inscri\u00e7\u00e3o com seus dados pessoais, selecionar a fun\u00e7\u00e3o desejada e gerar o boleto banc\u00e1rio para pagamento da taxa de inscri\u00e7\u00e3o.<\/p>\n<p>O pagamento da taxa de inscri\u00e7\u00e3o poder\u00e1 ser efetuado nas seguintes modalidades:<\/p>\n<ul>\n<li>Ag\u00eancias Banc\u00e1rias<\/li>\n<li>Ag\u00eancias dos Correios<\/li>\n<li>Casas Lot\u00e9ricas<\/li>\n<li>Postos de Autoatendimento<\/li>\n<li>Internet Banking<\/li>\n<\/ul>\n<p>\u00c9 necess\u00e1rio observar o hor\u00e1rio limite estabelecido pelo banco para quita\u00e7\u00e3o do boleto. O candidato deve guardar o comprovante de pagamento e acompanhar a confirma\u00e7\u00e3o da inscri\u00e7\u00e3o na \u00e1rea restrita do site da banca organizadora.<\/p>\n<h2>Etapas e Provas<\/h2>\n<p>O Processo Seletivo da Prefeitura de Santana de Parna\u00edba\/SP ser\u00e1 composto por uma \u00fanica etapa de avalia\u00e7\u00e3o: a <strong>Prova Objetiva<\/strong>, de car\u00e1ter <strong>eliminat\u00f3rio e classificat\u00f3rio<\/strong>, aplic\u00e1vel a <strong>todas as fun\u00e7\u00f5es<\/strong>.<\/p>\n<p><strong>Detalhes da Prova Objetiva:<\/strong><\/p>\n<ul>\n<li><strong>Data prevista de aplica\u00e7\u00e3o:<\/strong> 31 de maio de 2026<\/li>\n<li><strong>Dura\u00e7\u00e3o:<\/strong> 3 horas (incluindo o tempo para preenchimento do cart\u00e3o-resposta)<\/li>\n<li><strong>Formato:<\/strong> quest\u00f5es de m\u00faltipla escolha com 4 alternativas (A, B, C, D), sendo apenas uma correta<\/li>\n<li><strong>Conte\u00fado:<\/strong> a prova abordar\u00e1 \u00e1reas de conhecimento espec\u00edficas conforme o quadro de provas definido no edital para cada fun\u00e7\u00e3o<\/li>\n<\/ul>\n<p>A prova objetiva ter\u00e1 car\u00e1ter eliminat\u00f3rio, o que significa que o candidato precisar\u00e1 atingir a pontua\u00e7\u00e3o m\u00ednima estabelecida no edital para ser considerado aprovado, al\u00e9m de classificat\u00f3rio, servindo para ordenar os candidatos conforme seu desempenho.<\/p>\n<p>Recomendamos fortemente que o candidato consulte o edital completo para verificar o conte\u00fado program\u00e1tico detalhado de cada fun\u00e7\u00e3o, a quantidade de quest\u00f5es por disciplina, os pesos atribu\u00eddos e os crit\u00e9rios de aprova\u00e7\u00e3o e nota m\u00ednima exigida. O cronograma completo com hor\u00e1rios e locais de prova tamb\u00e9m ser\u00e1 divulgado oportunamente pela banca organizadora.<\/p>\n<h2>Resultados e Gabarito<\/h2>\n<p>Todas as convoca\u00e7\u00f5es, avisos e resultados referentes \u00e0s etapas do Processo Seletivo da Prefeitura de Santana de Parna\u00edba\/SP ser\u00e3o divulgados nos seguintes canais oficiais:<\/p>\n<ul>\n<li><strong>Imprensa Oficial do Munic\u00edpio<\/strong> de Santana de Parna\u00edba<\/li>\n<li><strong>Site da Prefeitura:<\/strong> www.santanadeparnaiba.sp.gov.br<\/li>\n<li><strong>Site da banca organizadora (MS Concursos):<\/strong> www.msconcursos.com.br<\/li>\n<\/ul>\n<p>Na Imprensa Oficial do Munic\u00edpio ser\u00e3o publicados apenas os resultados dos candidatos que obtiverem classifica\u00e7\u00e3o no processo seletivo.<\/p>\n<p>O fluxo de divulga\u00e7\u00e3o dos resultados seguir\u00e1 a seguinte ordem prevista:<\/p>\n<ul>\n<li>Gabarito preliminar da Prova Objetiva<\/li>\n<li>Per\u00edodo para interposi\u00e7\u00e3o de recursos contra o gabarito preliminar<\/li>\n<li>Gabarito definitivo<\/li>\n<li>Resultado preliminar da Prova Objetiva<\/li>\n<li>Per\u00edodo para interposi\u00e7\u00e3o de recursos contra o resultado preliminar<\/li>\n<li>Resultado definitivo e classifica\u00e7\u00e3o final<\/li>\n<\/ul>\n<p>A <strong>homologa\u00e7\u00e3o do resultado final<\/strong> do Processo Seletivo caber\u00e1 ao Prefeito Municipal, a crit\u00e9rio da Administra\u00e7\u00e3o. A homologa\u00e7\u00e3o \u00e9 o ato oficial que valida todo o certame e autoriza a convoca\u00e7\u00e3o dos aprovados conforme a necessidade do munic\u00edpio.<\/p>\n<p>Por se tratar de processo seletivo para <strong>forma\u00e7\u00e3o de cadastro reserva<\/strong>, os candidatos classificados ser\u00e3o convocados de acordo com a ordem de classifica\u00e7\u00e3o e conforme surgirem necessidades emergenciais na administra\u00e7\u00e3o municipal.<\/p>\n<p><strong>\u00c9 responsabilidade exclusiva do candidato acompanhar todas as publica\u00e7\u00f5es oficiais<\/strong>, incluindo convoca\u00e7\u00f5es, retifica\u00e7\u00f5es e demais comunicados. Consulte regularmente os sites indicados e a Imprensa Oficial do Munic\u00edpio para n\u00e3o perder nenhum prazo importante.<\/p>\n","protected":false},"excerpt":{"rendered":"<p>Processo Seletivo Pref. Santana de Parna\u00edba (SP) com edital publicado! Vagas p\/ Dentista, Enfermeiro (Fund. a Sup.). Inscri\u00e7\u00f5es a partir de 15\/04. Confira!<\/p>\n","protected":false},"author":7,"featured_media":280637,"comment_status":"open","ping_status":"open","sticky":false,"template":"","format":"standard","meta":{"_acf_changed":false,"_breakdance_hide_in_design_set":false,"_breakdance_tags":"","footnotes":""},"categories":[12,17,19,23,24,26,134],"tags":[62],"_amplo":[],"destaque":[],"instituicoes":[],"class_list":["post-280638","post","type-post","status-publish","format-standard","has-post-thumbnail","hentry","category-enfermagem","category-farmacia","category-fonoaudiologia","category-nutricao","category-odontologia","category-psicologia","category-terapia-ocupacional","tag-sao-paulo"],"acf":{"_tipo_vagas":"vagas","_numero_vagas":"","_quadro_vagas":"","_cargos":"diversos","_cargos_especificos":"","_salario_max":"R$ 5568.49","_abertura":"20260415","_encerramento":"20260504","_inscricoes":"https:\/\/www.msconcursos.com.br","_executora_concurso":"","_instituicao_concurso":[],"_link_adicional":null,"_anexos":null,"_produtos":null,"_vagas":"Cadastro Reserva","_salario_min":"R$ 1800.47","_instituicao":"Prefeitura de Santana de Parna\u00edba","_edital":"https:\/\/www.agrobase.com.br\/concursos\/wp-content\/uploads\/sites\/4\/2026\/04\/edital-03-2026-da-prefeitura-de-santana-de-parnaiba-sp.pdf","_anexos_edital":"","_fund_incompleto":"<div>\r\n<table class=\"quadro\">\r\n<thead>\r\n<tr>\r\n<th class=\"hcargo\">Cargo<\/th>\r\n<th class=\"hvagas\">Vagas<\/th>\r\n<th class=\"hremuneracao\">Remunera\u00e7\u00e3o<\/th>\r\n<\/tr>\r\n<\/thead>\r\n    <tbody>\r\n      <td class=\"ccargos\">\r\n<span data-balloon-length=\"medium\" aria-label=\"Alfabetizado\" data-balloon-pos=\"up\">Agente de Limpeza P\u00fablica<\/span><\/td>\r\n<td class=\"cvagas\">CR<\/td>\r\n<td class=\"cremuneracao\">R$ 1.800,47 \/40h<\/td>\r\n<\/tr><td class=\"ccargos\">\r\n<span data-balloon-length=\"medium\" aria-label=\"Alfabetizado\" data-balloon-pos=\"up\">Agente de Servi\u00e7os de Alimenta\u00e7\u00e3o<\/span><\/td>\r\n<td class=\"cvagas\">CR<\/td>\r\n<td class=\"cremuneracao\">R$ 1.931,08 \/40h<\/td>\r\n<\/tr><td class=\"ccargos\">\r\n<span data-balloon-length=\"medium\" aria-label=\"Alfabetizado\" data-balloon-pos=\"up\">Agente de Servi\u00e7os Gerais<\/span><\/td>\r\n<td class=\"cvagas\">CR<\/td>\r\n<td class=\"cremuneracao\">R$ 1.800,47 \/40h<\/td>\r\n<\/tr><td class=\"ccargos\">\r\n<span data-balloon-length=\"medium\" aria-label=\"Alfabetizado (cargo com servi\u00e7os manuais e inespec\u00edficos, exigindo esfor\u00e7o f\u00edsico bra\u00e7al)\" data-balloon-pos=\"up\">Agente de Servi\u00e7os P\u00fablicos<\/span><\/td>\r\n<td class=\"cvagas\">CR<\/td>\r\n<td class=\"cremuneracao\">R$ 2.101,08 \/40h<\/td>\r\n<\/tr>\r\n    <\/tbody>\r\n  <\/table>\r\n<\/div>","_fund_completo":"<div>\r\n<table class=\"quadro\">\r\n<thead>\r\n<tr>\r\n<th class=\"hcargo\">Cargo<\/th>\r\n<th class=\"hvagas\">Vagas<\/th>\r\n<th class=\"hremuneracao\">Remunera\u00e7\u00e3o<\/th>\r\n<\/tr>\r\n<\/thead>\r\n    <tbody>\r\n      <td class=\"ccargos\">\r\n<span data-balloon-length=\"medium\" aria-label=\"Ensino Fundamental Completo\" data-balloon-pos=\"up\">Agente de Organiza\u00e7\u00e3o Escolar<\/span><\/td>\r\n<td class=\"cvagas\">CR<\/td>\r\n<td class=\"cremuneracao\">R$ 1.800,47 \/40h<\/td>\r\n<\/tr><td class=\"ccargos\">\r\n<span data-balloon-length=\"medium\" aria-label=\"Ensino Fundamental Completo e CNH D\" data-balloon-pos=\"up\">Motorista<\/span><\/td>\r\n<td class=\"cvagas\">CR<\/td>\r\n<td class=\"cremuneracao\">R$ 2.780,74 \/40h<\/td>\r\n<\/tr>\r\n    <\/tbody>\r\n  <\/table>\r\n<\/div>","_medio":"<div>\r\n<table class=\"quadro\">\r\n<thead>\r\n<tr>\r\n<th class=\"hcargo\">Cargo<\/th>\r\n<th class=\"hvagas\">Vagas<\/th>\r\n<th class=\"hremuneracao\">Remunera\u00e7\u00e3o<\/th>\r\n<\/tr>\r\n<\/thead>\r\n    <tbody>\r\n      <td class=\"ccargos\">\r\n<span data-balloon-length=\"medium\" aria-label=\"Ensino M\u00e9dio Completo, Curso Profissionalizante e Registro Profissional no \u00d3rg\u00e3o competente\" data-balloon-pos=\"up\">Auxiliar em Sa\u00fade Bucal<\/span><\/td>\r\n<td class=\"cvagas\">CR<\/td>\r\n<td class=\"cremuneracao\">R$ 2.892,95 \/40h<\/td>\r\n<\/tr>\r\n    <\/tbody>\r\n  <\/table>\r\n<\/div>","_superior":"<div>\r\n<table class=\"quadro\">\r\n<thead>\r\n<tr>\r\n<th class=\"hcargo\">Cargo<\/th>\r\n<th class=\"hvagas\">Vagas<\/th>\r\n<th class=\"hremuneracao\">Remunera\u00e7\u00e3o<\/th>\r\n<\/tr>\r\n<\/thead>\r\n    <tbody>\r\n      <tr>\r\n<td class=\"ccargos\">\r\n<span data-balloon-length=\"medium\" aria-label=\"Gradua\u00e7\u00e3o Superior em Odontologia e Registro Profissional\" data-balloon-pos=\"up\">Cirurgi\u00e3o Dentista<\/span><\/td>\r\n<td class=\"cvagas\">CR<\/td>\r\n<td class=\"cremuneracao\">R$ 5.413,51 \/16h<\/td>\r\n<\/tr><tr>\r\n<td class=\"ccargos\">\r\n<span data-balloon-length=\"medium\" aria-label=\"Gradua\u00e7\u00e3o Superior em Odontologia, Especializa\u00e7\u00e3o em Traumatologia Bucomaxilofacial e Registro Profissional\" data-balloon-pos=\"up\">Cirurgi\u00e3o Dentista - Bucomaxilofacial<\/span><\/td>\r\n<td class=\"cvagas\">CR<\/td>\r\n<td class=\"cremuneracao\">R$ 5.413,51 \/16h<\/td>\r\n<\/tr><tr>\r\n<td class=\"ccargos\">\r\n<span data-balloon-length=\"medium\" aria-label=\"Gradua\u00e7\u00e3o Superior em Odontologia, Especializa\u00e7\u00e3o em Endodontia e Registro Profissional\" data-balloon-pos=\"up\">Cirurgi\u00e3o Dentista - Endodontista<\/span><\/td>\r\n<td class=\"cvagas\">CR<\/td>\r\n<td class=\"cremuneracao\">R$ 5.413,51 \/16h<\/td>\r\n<\/tr><tr>\r\n<td class=\"ccargos\">\r\n<span data-balloon-length=\"medium\" aria-label=\"Gradua\u00e7\u00e3o Superior em Odontologia, Especializa\u00e7\u00e3o em Odontopediatria e Registro Profissional\" data-balloon-pos=\"up\">Cirurgi\u00e3o Dentista - Odontopediatra<\/span><\/td>\r\n<td class=\"cvagas\">CR<\/td>\r\n<td class=\"cremuneracao\">R$ 5.413,51 \/16h<\/td>\r\n<\/tr><tr>\r\n<td class=\"ccargos\">\r\n<span data-balloon-length=\"medium\" aria-label=\"Gradua\u00e7\u00e3o Superior Completa em Enfermagem e Registro Profissional\" data-balloon-pos=\"up\">Enfermeiro<\/span><\/td>\r\n<td class=\"cvagas\">CR<\/td>\r\n<td class=\"cremuneracao\">R$ 5.568,49 \/30h<\/td>\r\n<\/tr><tr>\r\n<td class=\"ccargos\">\r\n<span data-balloon-length=\"medium\" aria-label=\"Gradua\u00e7\u00e3o Superior Completa em Farm\u00e1cia e Registro Profissional no \u00d3rg\u00e3o competente\" data-balloon-pos=\"up\">Farmac\u00eautico<\/span><\/td>\r\n<td class=\"cvagas\">CR<\/td>\r\n<td class=\"cremuneracao\">R$ 5.413,51 \/30h<\/td>\r\n<\/tr><tr>\r\n<td class=\"ccargos\">\r\n<span data-balloon-length=\"medium\" aria-label=\"Gradua\u00e7\u00e3o Superior Completa em Fonoaudiologia e Registro Profissional no \u00d3rg\u00e3o competente\" data-balloon-pos=\"up\">Fonoaudi\u00f3logo<\/span><\/td>\r\n<td class=\"cvagas\">CR<\/td>\r\n<td class=\"cremuneracao\">R$ 5.413,51 \/30h<\/td>\r\n<\/tr><tr>\r\n<td class=\"ccargos\">\r\n<span data-balloon-length=\"medium\" aria-label=\"Gradua\u00e7\u00e3o Superior Completa em Nutri\u00e7\u00e3o e Registro Profissional no \u00d3rg\u00e3o competente\" data-balloon-pos=\"up\">Nutricionista<\/span><\/td>\r\n<td class=\"cvagas\">CR<\/td>\r\n<td class=\"cremuneracao\">R$ 5.081,78 \/30h<\/td>\r\n<\/tr><tr>\r\n<td class=\"ccargos\">\r\n<span data-balloon-length=\"medium\" aria-label=\"Gradua\u00e7\u00e3o Superior em Psicologia e registro profissional no \u00d3rg\u00e3o Competente\" data-balloon-pos=\"up\">Psic\u00f3logo<\/span><\/td>\r\n<td class=\"cvagas\">CR<\/td>\r\n<td class=\"cremuneracao\">R$ 5.413,51 \/30h<\/td>\r\n<\/tr><tr>\r\n<td class=\"ccargos\">\r\n<span data-balloon-length=\"medium\" aria-label=\"Gradua\u00e7\u00e3o Superior Completa em Terapia Ocupacional e Registro Profissional no \u00d3rg\u00e3o competente\" data-balloon-pos=\"up\">Terapeuta Ocupacional<\/span><\/td>\r\n<td class=\"cvagas\">CR<\/td>\r\n<td class=\"cremuneracao\">R$ 5.413,51 \/30h<\/td>\r\n<\/tr>\r\n    <\/tbody>\r\n  <\/table>\r\n<\/div>"},"_links":{"self":[{"href":"https:\/\/www.agrobase.com.br\/concursos\/wp-json\/wp\/v2\/posts\/280638","targetHints":{"allow":["GET"]}}],"collection":[{"href":"https:\/\/www.agrobase.com.br\/concursos\/wp-json\/wp\/v2\/posts"}],"about":[{"href":"https:\/\/www.agrobase.com.br\/concursos\/wp-json\/wp\/v2\/types\/post"}],"author":[{"embeddable":true,"href":"https:\/\/www.agrobase.com.br\/concursos\/wp-json\/wp\/v2\/users\/7"}],"replies":[{"embeddable":true,"href":"https:\/\/www.agrobase.com.br\/concursos\/wp-json\/wp\/v2\/comments?post=280638"}],"version-history":[{"count":2,"href":"https:\/\/www.agrobase.com.br\/concursos\/wp-json\/wp\/v2\/posts\/280638\/revisions"}],"predecessor-version":[{"id":280641,"href":"https:\/\/www.agrobase.com.br\/concursos\/wp-json\/wp\/v2\/posts\/280638\/revisions\/280641"}],"wp:featuredmedia":[{"embeddable":true,"href":"https:\/\/www.agrobase.com.br\/concursos\/wp-json\/wp\/v2\/media\/280637"}],"wp:attachment":[{"href":"https:\/\/www.agrobase.com.br\/concursos\/wp-json\/wp\/v2\/media?parent=280638"}],"wp:term":[{"taxonomy":"category","embeddable":true,"href":"https:\/\/www.agrobase.com.br\/concursos\/wp-json\/wp\/v2\/categories?post=280638"},{"taxonomy":"post_tag","embeddable":true,"href":"https:\/\/www.agrobase.com.br\/concursos\/wp-json\/wp\/v2\/tags?post=280638"},{"taxonomy":"_amplo","embeddable":true,"href":"https:\/\/www.agrobase.com.br\/concursos\/wp-json\/wp\/v2\/_amplo?post=280638"},{"taxonomy":"destaque","embeddable":true,"href":"https:\/\/www.agrobase.com.br\/concursos\/wp-json\/wp\/v2\/destaque?post=280638"},{"taxonomy":"instituicoes","embeddable":true,"href":"https:\/\/www.agrobase.com.br\/concursos\/wp-json\/wp\/v2\/instituicoes?post=280638"}],"curies":[{"name":"wp","href":"https:\/\/api.w.org\/{rel}","templated":true}]}}