{"id":280623,"date":"2026-04-23T07:20:38","date_gmt":"2026-04-23T10:20:38","guid":{"rendered":"https:\/\/www.agrobase.com.br\/concursos\/?p=280623"},"modified":"2026-04-22T12:35:34","modified_gmt":"2026-04-22T15:35:34","slug":"ufu-mg-concurso-51-2026","status":"publish","type":"post","link":"https:\/\/www.agrobase.com.br\/concursos\/2026\/ufu-mg-concurso-51-2026\/","title":{"rendered":"UFU (MG) &#8211; Concurso 51\/2026"},"content":{"rendered":"<h2>Informa\u00e7\u00f5es Gerais<\/h2>\n<p>A <strong>Universidade Federal de Uberl\u00e2ndia (UFU)<\/strong> publicou edital de concurso p\u00fablico de provas e t\u00edtulos para o provimento de <strong>05 vagas imediatas<\/strong>, al\u00e9m de forma\u00e7\u00e3o de cadastro reserva, para o cargo de <strong>Professor do Magist\u00e9rio Superior<\/strong>, em regime de <strong>Dedica\u00e7\u00e3o Exclusiva<\/strong>. O certame \u00e9 regido pela Lei n\u00ba 8.112\/1990 e pela Lei n\u00ba 12.772\/2012, com contrata\u00e7\u00e3o sob regime estatut\u00e1rio federal.<\/p>\n<p>As oportunidades s\u00e3o destinadas exclusivamente a candidatos com <strong>n\u00edvel superior<\/strong> e titula\u00e7\u00e3o de <strong>doutorado<\/strong>, com remunera\u00e7\u00e3o de <strong>R$ 13.288,85<\/strong> para todos os cargos. As \u00e1reas contempladas abrangem diversas frentes do conhecimento, incluindo Sociologia, Administra\u00e7\u00e3o, Artes Visuais e Teatro.<\/p>\n<p>Merece destaque especial a vaga na \u00e1rea de <strong>Agronomia\/Melhoramento Vegetal<\/strong>, voltada a profissionais com gradua\u00e7\u00e3o em <strong>Agronomia ou Engenharia Agron\u00f4mica<\/strong> e doutorado na mesma \u00e1rea \u2014 uma excelente oportunidade para quem atua nas ci\u00eancias agr\u00e1rias e deseja ingressar na carreira docente em uma das mais reconhecidas universidades federais do pa\u00eds.<\/p>\n<p>A UFU est\u00e1 localizada em <strong>Uberl\u00e2ndia, Minas Gerais<\/strong>, e \u00e9 refer\u00eancia nacional em ensino, pesquisa e extens\u00e3o.<\/p>\n<h2>Inscri\u00e7\u00f5es<\/h2>\n<p>As inscri\u00e7\u00f5es para o concurso p\u00fablico da <strong>Universidade Federal de Uberl\u00e2ndia (UFU)<\/strong> para Professor do Magist\u00e9rio Superior dever\u00e3o ser realizadas <strong>exclusivamente pela internet<\/strong>, por meio do portal oficial de sele\u00e7\u00f5es da universidade.<\/p>\n<p>O per\u00edodo de inscri\u00e7\u00f5es ter\u00e1 in\u00edcio \u00e0s <strong>15h do dia 21 de abril de 2026<\/strong> e se encerrar\u00e1 \u00e0s <strong>14h59 do dia 06 de maio de 2026<\/strong>. O candidato deve acessar o endere\u00e7o <strong>https:\/\/www.portalselecao.ufu.br<\/strong>, realizar seu cadastro e preencher o formul\u00e1rio de inscri\u00e7\u00e3o dentro do prazo estabelecido.<\/p>\n<p>O valor da taxa de inscri\u00e7\u00e3o \u00e9 de <strong>R$ 309,00<\/strong> (trezentos e nove reais), igual para todos os candidatos, independentemente da \u00e1rea escolhida. O pagamento dever\u00e1 ser efetuado na rede banc\u00e1ria <strong>at\u00e9 o dia 07 de maio de 2026<\/strong> \u2014 aten\u00e7\u00e3o a este prazo, pois ele \u00e9 posterior ao encerramento das inscri\u00e7\u00f5es.<\/p>\n<p>Para esclarecer d\u00favidas ou obter informa\u00e7\u00f5es adicionais sobre o processo de inscri\u00e7\u00e3o, o candidato deve utilizar o pr\u00f3prio portal de sele\u00e7\u00f5es, acessando a op\u00e7\u00e3o <strong>Atendimento<\/strong> e em seguida a fun\u00e7\u00e3o <strong>Solicitar Atendimento<\/strong>. O acompanhamento das solicita\u00e7\u00f5es pode ser feito pela fun\u00e7\u00e3o <strong>Minhas Solicita\u00e7\u00f5es<\/strong>.<\/p>\n<h2>Etapas e Provas<\/h2>\n<p>O concurso p\u00fablico da <strong>UFU<\/strong> para Professor do Magist\u00e9rio Superior ser\u00e1 composto por <strong>provas e t\u00edtulos<\/strong>, podendo incluir as seguintes modalidades de avalia\u00e7\u00e3o, conforme definido em cada edital complementar espec\u00edfico por \u00e1rea:<\/p>\n<ul>\n<li><strong>Prova Escrita<\/strong> \u2014 de car\u00e1ter <strong>eliminat\u00f3rio e classificat\u00f3rio<\/strong>. Avalia o dom\u00ednio do candidato sobre os conte\u00fados relacionados \u00e0 \u00e1rea\/sub\u00e1rea do concurso.<\/li>\n<li><strong>Prova Did\u00e1tica<\/strong> \u2014 de car\u00e1ter <strong>eliminat\u00f3rio e classificat\u00f3rio<\/strong>. Consiste na apresenta\u00e7\u00e3o de uma aula sobre tema sorteado, avaliando a capacidade de exposi\u00e7\u00e3o, dom\u00ednio do conte\u00fado e did\u00e1tica do candidato.<\/li>\n<li><strong>Prova Pr\u00e1tica<\/strong> \u2014 de car\u00e1ter <strong>eliminat\u00f3rio e\/ou classificat\u00f3rio<\/strong>, quando prevista no edital complementar da \u00e1rea.<\/li>\n<li><strong>Prova Oral<\/strong> \u2014 de car\u00e1ter <strong>eliminat\u00f3rio e\/ou classificat\u00f3rio<\/strong>, quando prevista no edital complementar da \u00e1rea.<\/li>\n<li><strong>Defesa de Projeto<\/strong> \u2014 de car\u00e1ter <strong>eliminat\u00f3rio e\/ou classificat\u00f3rio<\/strong>, quando prevista no edital complementar da \u00e1rea.<\/li>\n<li><strong>An\u00e1lise de T\u00edtulos e Experi\u00eancia Profissional<\/strong> \u2014 de car\u00e1ter exclusivamente <strong>classificat\u00f3rio<\/strong>. Avalia a produ\u00e7\u00e3o acad\u00eamica, forma\u00e7\u00e3o e trajet\u00f3ria profissional do candidato.<\/li>\n<\/ul>\n<p>A <strong>sess\u00e3o de abertura da prova escrita<\/strong> est\u00e1 prevista para o dia <strong>14 de junho de 2026, \u00e0s 10h<\/strong>, no <strong>Campus Santa M\u00f4nica<\/strong>, localizado na Av. Jo\u00e3o Naves de \u00c1vila, n\u00ba 2121, Bairro Santa M\u00f4nica, em <strong>Uberl\u00e2ndia\/MG<\/strong>.<\/p>\n<p>\u00c9 importante ressaltar que a composi\u00e7\u00e3o exata das etapas, os crit\u00e9rios de pontua\u00e7\u00e3o, as notas m\u00ednimas para aprova\u00e7\u00e3o e o conte\u00fado program\u00e1tico detalhado ser\u00e3o definidos nos <strong>editais complementares<\/strong> de cada \u00e1rea\/sub\u00e1rea<br \/>\n.<\/p>\n<h2>Resultados e Gabarito<\/h2>\n<p>O resultado final do concurso p\u00fablico da <strong>Universidade Federal de Uberl\u00e2ndia (UFU)<\/strong> ser\u00e1 homologado pela <strong>Pr\u00f3-Reitoria de Gest\u00e3o de Pessoas<\/strong> e publicado no <strong>Di\u00e1rio Oficial da Uni\u00e3o (DOU)<\/strong>. A homologa\u00e7\u00e3o ser\u00e1 feita de forma independente para cada \u00e1rea\/sub\u00e1rea prevista no edital, com a constitui\u00e7\u00e3o de <strong>listas independentes de classificados<\/strong>.<\/p>\n<p>Antes da homologa\u00e7\u00e3o dos resultados das \u00e1reas em que houver candidatos com defici\u00eancia ou candidatos negros inscritos e aprovados, ser\u00e1 realizada a <strong>verifica\u00e7\u00e3o da destina\u00e7\u00e3o das vagas reservadas<\/strong>, conforme a legisla\u00e7\u00e3o vigente.<\/p>\n<p>Os candidatos devem acompanhar todas as publica\u00e7\u00f5es e comunicados oficiais pelos seguintes canais:<\/p>\n<ul>\n<li><strong>Portal de Sele\u00e7\u00f5es da UFU:<\/strong> https:\/\/www.portalselecao.ufu.br<\/li>\n<li><strong>Di\u00e1rio Oficial da Uni\u00e3o (DOU)<\/strong><\/li>\n<\/ul>\n<p>\u00c9 por meio desses canais que ser\u00e3o divulgados os resultados parciais de cada etapa, eventuais convoca\u00e7\u00f5es, prazos para recursos e a homologa\u00e7\u00e3o final do certame.<\/p>\n<p><strong>Aten\u00e7\u00e3o:<\/strong> o acompanhamento de todas as publica\u00e7\u00f5es, prazos e convoca\u00e7\u00f5es \u00e9 de <strong>responsabilidade exclusiva do candidato<\/strong>. A UFU n\u00e3o se obriga a realizar notifica\u00e7\u00f5es individuais. Mantenha seus dados atualizados no portal de sele\u00e7\u00f5es e consulte regularmente os canais oficiais para n\u00e3o perder nenhuma etapa importante do concurso.<\/p>\n","protected":false},"excerpt":{"rendered":"<p>Concurso UFU (MG) p\/ Professores (Superior). 05+CR vagas, sal\u00e1rios at\u00e9 R$13.2k. Inscri\u00e7\u00f5es 21\/04 a 06\/05\/2026. Confira detalhes e prepare-se!<\/p>\n","protected":false},"author":7,"featured_media":280622,"comment_status":"open","ping_status":"open","sticky":false,"template":"","format":"standard","meta":{"_acf_changed":false,"_breakdance_hide_in_design_set":false,"_breakdance_tags":"","footnotes":""},"categories":[3,4,5,145,140,121,141,125,104,118],"tags":[50],"_amplo":[],"destaque":[],"instituicoes":[],"class_list":["post-280623","post","type-post","status-publish","format-standard","has-post-thumbnail","hentry","category-administracao","category-agronomia","category-arquitetura","category-artes-cenicas","category-artes-plasticas","category-ciencias-sociais","category-educacao-artistica","category-engenharia-producao","category-engenharia-mecanica","category-sociologia","tag-minas-gerais"],"acf":{"_tipo_vagas":"vagas","_numero_vagas":"","_quadro_vagas":"","_cargos":"diversos","_cargos_especificos":"","_salario_max":"R$ 13288.85","_abertura":"20260421","_encerramento":"20260506","_inscricoes":"https:\/\/www.portalselecao.ufu.br","_executora_concurso":"","_instituicao_concurso":[],"_link_adicional":null,"_anexos":null,"_produtos":null,"_vagas":"05 vagas + CR","_salario_min":"R$ 3090.43","_instituicao":"Universidade Federal de Uberl\u00e2ndia","_edital":"https:\/\/www.agrobase.com.br\/concursos\/wp-content\/uploads\/sites\/4\/2026\/04\/edital-51-2026-da-ufu-mg.pdf","_anexos_edital":"","_fund_incompleto":"","_fund_completo":"","_medio":"","_superior":"<div>\r\n<table class=\"quadro\">\r\n<thead>\r\n<tr>\r\n<th class=\"hcargo\">Cargo<\/th>\r\n<th class=\"hvagas\">Vagas<\/th>\r\n<th class=\"hremuneracao\">Remunera\u00e7\u00e3o<\/th>\r\n<\/tr>\r\n<\/thead>\r\n    <tbody>\r\n      <tr>\r\n<td class=\"ccargos\">\r\n<span data-balloon-length=\"medium\" aria-label=\"Gradua\u00e7\u00e3o em Ci\u00eancias Sociais e Doutorado em Educa\u00e7\u00e3o, Sociologia ou Ci\u00eancias Sociais\" data-balloon-pos=\"up\">Professor do Magist\u00e9rio Superior - Sociologia\/Fundamentos da Sociologia<\/span><\/td>\r\n<td class=\"cvagas\">01 + CR<\/td>\r\n<td class=\"cremuneracao\">R$ 13.288,85 \/Dedica\u00e7\u00e3o Exclusiva<\/td>\r\n<\/tr><tr>\r\n<td class=\"ccargos\">\r\n<span data-balloon-length=\"medium\" aria-label=\"Gradua\u00e7\u00e3o em Agronomia ou Engenharia Agron\u00f4mica e Doutorado em Agronomia ou Engenharia Agron\u00f4mica\" data-balloon-pos=\"up\">Professor do Magist\u00e9rio Superior - Agronomia\/Melhoramento Vegetal<\/span><\/td>\r\n<td class=\"cvagas\">01 + CR<\/td>\r\n<td class=\"cremuneracao\">R$ 13.288,85 \/Dedica\u00e7\u00e3o Exclusiva<\/td>\r\n<\/tr><tr>\r\n<td class=\"ccargos\">\r\n<span data-balloon-length=\"medium\" aria-label=\"Doutorado em Administra\u00e7\u00e3o ou Engenharias III ou IV\" data-balloon-pos=\"up\">Professor do Magist\u00e9rio Superior - Administra\u00e7\u00e3o da Produ\u00e7\u00e3o\/Opera\u00e7\u00f5es e Sistemas<\/span><\/td>\r\n<td class=\"cvagas\">01 + CR<\/td>\r\n<td class=\"cremuneracao\">R$ 13.288,85 \/Dedica\u00e7\u00e3o Exclusiva<\/td>\r\n<\/tr><tr>\r\n<td class=\"ccargos\">\r\n<span data-balloon-length=\"medium\" aria-label=\"Gradua\u00e7\u00e3o em Artes Visuais ou Pl\u00e1sticas e Doutorado em Artes, Arquitetura e Urbanismo ou Design\" data-balloon-pos=\"up\">Professor do Magist\u00e9rio Superior - Artes Visuais\/Escultura<\/span><\/td>\r\n<td class=\"cvagas\">01 + CR<\/td>\r\n<td class=\"cremuneracao\">R$ 13.288,85 \/Dedica\u00e7\u00e3o Exclusiva<\/td>\r\n<\/tr><tr>\r\n<td class=\"ccargos\">\r\n<span data-balloon-length=\"medium\" aria-label=\"Gradua\u00e7\u00e3o em Teatro ou Educa\u00e7\u00e3o Art\u00edstica e Doutorado em Teatro ou Artes C\u00eanicas\" data-balloon-pos=\"up\">Professor do Magist\u00e9rio Superior - Teatro\/Atua\u00e7\u00e3o &amp; Corpo<\/span><\/td>\r\n<td class=\"cvagas\">01 + CR<\/td>\r\n<td class=\"cremuneracao\">R$ 13.288,85 \/Dedica\u00e7\u00e3o Exclusiva<\/td>\r\n<\/tr>\r\n    <\/tbody>\r\n  <\/table>\r\n<\/div>"},"_links":{"self":[{"href":"https:\/\/www.agrobase.com.br\/concursos\/wp-json\/wp\/v2\/posts\/280623","targetHints":{"allow":["GET"]}}],"collection":[{"href":"https:\/\/www.agrobase.com.br\/concursos\/wp-json\/wp\/v2\/posts"}],"about":[{"href":"https:\/\/www.agrobase.com.br\/concursos\/wp-json\/wp\/v2\/types\/post"}],"author":[{"embeddable":true,"href":"https:\/\/www.agrobase.com.br\/concursos\/wp-json\/wp\/v2\/users\/7"}],"replies":[{"embeddable":true,"href":"https:\/\/www.agrobase.com.br\/concursos\/wp-json\/wp\/v2\/comments?post=280623"}],"version-history":[{"count":2,"href":"https:\/\/www.agrobase.com.br\/concursos\/wp-json\/wp\/v2\/posts\/280623\/revisions"}],"predecessor-version":[{"id":280631,"href":"https:\/\/www.agrobase.com.br\/concursos\/wp-json\/wp\/v2\/posts\/280623\/revisions\/280631"}],"wp:featuredmedia":[{"embeddable":true,"href":"https:\/\/www.agrobase.com.br\/concursos\/wp-json\/wp\/v2\/media\/280622"}],"wp:attachment":[{"href":"https:\/\/www.agrobase.com.br\/concursos\/wp-json\/wp\/v2\/media?parent=280623"}],"wp:term":[{"taxonomy":"category","embeddable":true,"href":"https:\/\/www.agrobase.com.br\/concursos\/wp-json\/wp\/v2\/categories?post=280623"},{"taxonomy":"post_tag","embeddable":true,"href":"https:\/\/www.agrobase.com.br\/concursos\/wp-json\/wp\/v2\/tags?post=280623"},{"taxonomy":"_amplo","embeddable":true,"href":"https:\/\/www.agrobase.com.br\/concursos\/wp-json\/wp\/v2\/_amplo?post=280623"},{"taxonomy":"destaque","embeddable":true,"href":"https:\/\/www.agrobase.com.br\/concursos\/wp-json\/wp\/v2\/destaque?post=280623"},{"taxonomy":"instituicoes","embeddable":true,"href":"https:\/\/www.agrobase.com.br\/concursos\/wp-json\/wp\/v2\/instituicoes?post=280623"}],"curies":[{"name":"wp","href":"https:\/\/api.w.org\/{rel}","templated":true}]}}