{"id":280616,"date":"2026-04-23T07:00:59","date_gmt":"2026-04-23T10:00:59","guid":{"rendered":"https:\/\/www.agrobase.com.br\/concursos\/?p=280616"},"modified":"2026-04-22T11:34:39","modified_gmt":"2026-04-22T14:34:39","slug":"prefeitura-prado-ferreira-pr-concurso-19-2026","status":"publish","type":"post","link":"https:\/\/www.agrobase.com.br\/concursos\/2026\/prefeitura-prado-ferreira-pr-concurso-19-2026\/","title":{"rendered":"Prefeitura Prado Ferreira (PR) &#8211; Concurso 19\/2026"},"content":{"rendered":"<h2>Informa\u00e7\u00f5es Gerais<\/h2>\n<p>O Munic\u00edpio de <strong>Prado Ferreira<\/strong>, no Estado do <strong>Paran\u00e1<\/strong>, publicou o <strong>Edital n\u00ba 001\/2026 do Concurso para Emprego P\u00fablico<\/strong>, destinado ao provimento de <strong>02 vagas imediatas e forma\u00e7\u00e3o de cadastro de reserva<\/strong> para diversos cargos do quadro de empregados p\u00fablicos da Administra\u00e7\u00e3o Municipal. A contrata\u00e7\u00e3o ser\u00e1 sob o regime da <strong>Consolida\u00e7\u00e3o das Leis do Trabalho (CLT)<\/strong>.<\/p>\n<p>O certame contempla oportunidades para os n\u00edveis <strong>M\u00e9dio\/T\u00e9cnico<\/strong> e <strong>Superior<\/strong>, com remunera\u00e7\u00f5es que variam de <strong>R$ 2.082,98<\/strong> a <strong>R$ 16.938,79<\/strong>, a depender do cargo escolhido. As cargas hor\u00e1rias v\u00e3o de 12h a 44h semanais.<\/p>\n<p>Para o <strong>n\u00edvel M\u00e9dio\/T\u00e9cnico<\/strong>, h\u00e1 cadastro de reserva para cargos como Agente de Endemias, Agente de Sa\u00fade, Auxiliar Administrativo, Auxiliar de Enfermagem, Educador Social e T\u00e9cnico Administrativo.<\/p>\n<p>J\u00e1 para o <strong>n\u00edvel Superior<\/strong>, as oportunidades abrangem \u00e1reas da sa\u00fade, engenharia e educa\u00e7\u00e3o. Destacam-se vagas para Analista de Laborat\u00f3rio (01 vaga + CR), M\u00e9dico \u2013 PSF (01 vaga + CR), Engenheiro Civil, Enfermeiro, Farmac\u00eautico, M\u00e9dico Plantonista, Odont\u00f3logo, Psic\u00f3logo, Pedagogo, Professor, Professor de Educa\u00e7\u00e3o Infantil e Professor de Educa\u00e7\u00e3o F\u00edsica.<\/p>\n<p>A organiza\u00e7\u00e3o do concurso est\u00e1 a cargo da <strong>Funda\u00e7\u00e3o FAFIPA<\/strong>.<\/p>\n<h2>Inscri\u00e7\u00f5es<\/h2>\n<p>As inscri\u00e7\u00f5es para o Concurso para Emprego P\u00fablico n\u00ba 001\/2026 do Munic\u00edpio de Prado Ferreira \u2013 PR ser\u00e3o realizadas <strong>exclusivamente pela internet<\/strong>, por meio do site da Funda\u00e7\u00e3o FAFIPA.<\/p>\n<p>O per\u00edodo de inscri\u00e7\u00f5es ter\u00e1 in\u00edcio \u00e0s <strong>08h do dia 20 de abril de 2026<\/strong> e se estender\u00e1 at\u00e9 \u00e0s <strong>23h59min do dia 20 de maio de 2026<\/strong>, observado o hor\u00e1rio oficial de Bras\u00edlia \u2013 DF. As inscri\u00e7\u00f5es devem ser feitas pelo endere\u00e7o eletr\u00f4nico <strong>www.fundacaofafipa.org.br<\/strong>.<\/p>\n<p>Para se inscrever, o candidato dever\u00e1 seguir os seguintes passos:<\/p>\n<ul>\n<li>Acessar o site <strong>www.fundacaofafipa.org.br<\/strong>;<\/li>\n<li>Selecionar o concurso pretendido;<\/li>\n<li>Declarar ter lido e concordado com os termos do edital;<\/li>\n<li>Inserir o n\u00famero do CPF;<\/li>\n<li>Preencher os campos de dados pessoais, foto, endere\u00e7o e contato, al\u00e9m de definir uma senha de acesso pessoal;<\/li>\n<li>Selecionar o emprego pretendido;<\/li>\n<li>Selecionar a modalidade de concorr\u00eancia (Afrodescendente, Ampla Concorr\u00eancia ou Pessoa com Defici\u00eancia), quando houver;<\/li>\n<li>Selecionar condi\u00e7\u00e3o especial, caso necess\u00e1rio;<\/li>\n<li>Selecionar o campo <em>Efetuar Pagamento<\/em> e imprimir o boleto banc\u00e1rio da Caixa Econ\u00f4mica Federal (c\u00f3digo 104).<\/li>\n<\/ul>\n<p>A inscri\u00e7\u00e3o somente ser\u00e1 confirmada ap\u00f3s a compensa\u00e7\u00e3o do pagamento do boleto banc\u00e1rio dentro do prazo estabelecido no edital. Recomenda-se que o candidato acompanhe o status da sua inscri\u00e7\u00e3o pela \u00e1rea restrita no site da banca organizadora.<\/p>\n<h2>Etapas e Provas<\/h2>\n<p>O processo de sele\u00e7\u00e3o do Concurso para Emprego P\u00fablico n\u00ba 001\/2026 de Prado Ferreira \u2013 PR ser\u00e1 composto pelas seguintes etapas:<\/p>\n<ul>\n<li><strong>Prova Objetiva (PO)<\/strong> \u2014 de car\u00e1ter <strong>eliminat\u00f3rio e classificat\u00f3rio<\/strong>, aplic\u00e1vel a <strong>todos os empregos<\/strong> (n\u00edveis M\u00e9dio\/T\u00e9cnico e Superior);\n<ul>\n<li>A prova ser\u00e1 aplicada no <strong>Munic\u00edpio de Prado Ferreira \u2013 PR<\/strong>;<\/li>\n<li>Dura\u00e7\u00e3o total de <strong>03 (tr\u00eas) horas<\/strong>, inclu\u00eddo o tempo para marca\u00e7\u00e3o na Folha de Respostas;<\/li>\n<li>A pontua\u00e7\u00e3o ser\u00e1 numa escala de <strong>0 (zero) a 100 (cem) pontos<\/strong>;<\/li>\n<li>Para ser considerado aprovado e classificado, o candidato dever\u00e1 obter <strong>nota igual ou superior a 50 (cinquenta) pontos<\/strong> no total das \u00e1reas de conhecimento, al\u00e9m de n\u00e3o ser eliminado por outros crit\u00e9rios previstos no edital.<\/li>\n<\/ul>\n<\/li>\n<li><strong>Prova de T\u00edtulos (PT)<\/strong> \u2014 de car\u00e1ter exclusivamente <strong>classificat\u00f3rio<\/strong>, destinada apenas aos candidatos concorrentes a empregos de <strong>n\u00edvel Superior<\/strong>.\n<ul>\n<li>Essa etapa visa valorizar a forma\u00e7\u00e3o acad\u00eamica e a qualifica\u00e7\u00e3o profissional dos candidatos, sem car\u00e1ter eliminat\u00f3rio.<\/li>\n<\/ul>\n<\/li>\n<\/ul>\n<p>A data prevista para aplica\u00e7\u00e3o das provas, os conte\u00fados program\u00e1ticos detalhados e demais informa\u00e7\u00f5es sobre cada etapa devem ser consultados diretamente no edital completo e no cronograma oficial, dispon\u00edveis no site da <strong>Funda\u00e7\u00e3o FAFIPA<\/strong> (www.fundacaofafipa.org.br) e no portal do Munic\u00edpio de Prado Ferreira (www.pradoferreira.pr.gov.br).<\/p>\n<h2>Resultados e Gabarito<\/h2>\n<p>O resultado final do Concurso para Emprego P\u00fablico n\u00ba 001\/2026 de Prado Ferreira \u2013 PR ser\u00e1 divulgado por meio de <strong>tr\u00eas listagens distintas<\/strong>:<\/p>\n<ul>\n<li><strong>Lista de Candidatos com Defici\u00eancia<\/strong> \u2014 classifica\u00e7\u00e3o exclusiva dos candidatos habilitados inscritos como Pessoa com Defici\u00eancia, em ordem de classifica\u00e7\u00e3o;<\/li>\n<li><strong>Lista de Candidatos Afrodescendentes<\/strong> \u2014 classifica\u00e7\u00e3o exclusiva dos candidatos habilitados inscritos como pessoa preta ou parda, em ordem de classifica\u00e7\u00e3o;<\/li>\n<li><strong>Lista Geral<\/strong> \u2014 classifica\u00e7\u00e3o de todos os candidatos habilitados, independentemente da modalidade de concorr\u00eancia.<\/li>\n<\/ul>\n<p>Ap\u00f3s a an\u00e1lise e decis\u00e3o de todos os recursos administrativos interpostos, o resultado final ser\u00e1 <strong>homologado pelo Munic\u00edpio de Prado Ferreira \u2013 PR<\/strong>. A homologa\u00e7\u00e3o \u00e9 o ato oficial que valida e encerra o processo seletivo, autorizando a convoca\u00e7\u00e3o dos aprovados para posse e exerc\u00edcio.<\/p>\n<p>Todas as publica\u00e7\u00f5es referentes ao concurso \u2014 incluindo gabaritos, resultados preliminares, resultados definitivos e homologa\u00e7\u00e3o \u2014 ser\u00e3o divulgadas nos seguintes canais oficiais:<\/p>\n<ul>\n<li><strong>Di\u00e1rio Oficial<\/strong>;<\/li>\n<li>Site da Funda\u00e7\u00e3o FAFIPA: <strong>www.fundacaofafipa.org.br<\/strong>;<\/li>\n<li>Site do Munic\u00edpio de Prado Ferreira: <strong>www.pradoferreira.pr.gov.br<\/strong>.<\/li>\n<\/ul>\n<p>\u00c9 de <strong>responsabilidade exclusiva do candidato<\/strong> acompanhar todas as publica\u00e7\u00f5es, convoca\u00e7\u00f5es e atualiza\u00e7\u00f5es referentes ao certame nos canais oficiais indicados. Recomenda-se consultar regularmente os sites mencionados para n\u00e3o perder nenhum prazo importante.<\/p>\n","protected":false},"excerpt":{"rendered":"<p>Concurso Pref. Prado Ferreira (PR) com edital publicado! Vagas p\/ M\u00e9dico e Analista (M\u00e9dio\/Sup.). Inscri\u00e7\u00f5es a partir de 20\/04. Sal\u00e1rios at\u00e9 R$16.9k. Confira!<\/p>\n","protected":false},"author":7,"featured_media":280615,"comment_status":"open","ping_status":"open","sticky":false,"template":"","format":"standard","meta":{"_acf_changed":false,"_breakdance_hide_in_design_set":false,"_breakdance_tags":"","footnotes":""},"categories":[7,106,6434,12,14,17,21,24,25,26],"tags":[52],"_amplo":[],"destaque":[],"instituicoes":[],"class_list":["post-280616","post","type-post","status-publish","format-standard","has-post-thumbnail","hentry","category-biomedicina","category-bioquimica","category-educacao-fisica-licenciatura","category-enfermagem","category-engenharia","category-farmacia","category-medicina","category-odontologia","category-pedagogia","category-psicologia","tag-parana"],"acf":{"_tipo_vagas":"vagas","_numero_vagas":"","_quadro_vagas":"","_cargos":"diversos","_cargos_especificos":"","_salario_max":"R$ 16938.79","_abertura":"20260420","_encerramento":"20260520","_inscricoes":"https:\/\/www.fundacaofafipa.org.br","_executora_concurso":"","_instituicao_concurso":[],"_link_adicional":null,"_anexos":null,"_produtos":null,"_vagas":"02 vagas + CR","_salario_min":"R$ 2082.98","_instituicao":"Prefeitura de Prado Ferreira","_edital":"https:\/\/www.agrobase.com.br\/concursos\/wp-content\/uploads\/sites\/4\/2026\/04\/edital-19-2026-da-prefeitura-de-prado-ferreira-pr.pdf","_anexos_edital":"https:\/\/www.agrobase.com.br\/concursos\/wp-content\/uploads\/sites\/4\/2026\/04\/anexos-edital-19-2026-da-prefeitura-de-prado-ferreira-pr.pdf","_fund_incompleto":"","_fund_completo":"","_medio":"<div>\r\n<table class=\"quadro\">\r\n<thead>\r\n<tr>\r\n<th class=\"hcargo\">Cargo<\/th>\r\n<th class=\"hvagas\">Vagas<\/th>\r\n<th class=\"hremuneracao\">Remunera\u00e7\u00e3o<\/th>\r\n<\/tr>\r\n<\/thead>\r\n    <tbody>\r\n      <td class=\"ccargos\">\r\n<span data-balloon-length=\"medium\" aria-label=\"Ensino m\u00e9dio completo e curso de forma\u00e7\u00e3o inicial (m\u00ednimo 40h)\" data-balloon-pos=\"up\">Agente de Endemias<\/span><\/td>\r\n<td class=\"cvagas\">CR<\/td>\r\n<td class=\"cremuneracao\">R$ 3.692,00 \/40h<\/td>\r\n<\/tr><td class=\"ccargos\">\r\n<span data-balloon-length=\"medium\" aria-label=\"Ensino m\u00e9dio completo, curso de forma\u00e7\u00e3o inicial (m\u00ednimo 40h) e residir na \u00e1rea de atua\u00e7\u00e3o\" data-balloon-pos=\"up\">Agente de Sa\u00fade<\/span><\/td>\r\n<td class=\"cvagas\">CR<\/td>\r\n<td class=\"cremuneracao\">R$ 3.692,00 \/40h<\/td>\r\n<\/tr><td class=\"ccargos\">\r\n<span data-balloon-length=\"medium\" aria-label=\"Ensino m\u00e9dio completo\" data-balloon-pos=\"up\">Auxiliar Administrativo<\/span><\/td>\r\n<td class=\"cvagas\">CR<\/td>\r\n<td class=\"cremuneracao\">R$ 2.082,98 \/40h<\/td>\r\n<\/tr><td class=\"ccargos\">\r\n<span data-balloon-length=\"medium\" aria-label=\"Ensino m\u00e9dio completo, curso espec\u00edfico e registro no \u00f3rg\u00e3o de classe\" data-balloon-pos=\"up\">Auxiliar de Enfermagem<\/span><\/td>\r\n<td class=\"cvagas\">CR<\/td>\r\n<td class=\"cremuneracao\">R$ 3.331,71 \/44h<\/td>\r\n<\/tr><td class=\"ccargos\">\r\n<span data-balloon-length=\"medium\" aria-label=\"Ensino m\u00e9dio completo\" data-balloon-pos=\"up\">Educador Social<\/span><\/td>\r\n<td class=\"cvagas\">CR<\/td>\r\n<td class=\"cremuneracao\">R$ 2.265,81 \/40h<\/td>\r\n<\/tr><td class=\"ccargos\">\r\n<span data-balloon-length=\"medium\" aria-label=\"Ensino m\u00e9dio completo\" data-balloon-pos=\"up\">T\u00e9cnico Administrativo<\/span><\/td>\r\n<td class=\"cvagas\">CR<\/td>\r\n<td class=\"cremuneracao\">R$ 5.139,47 \/40h<\/td>\r\n<\/tr>\r\n    <\/tbody>\r\n  <\/table>\r\n<\/div>","_superior":"<div>\r\n<table class=\"quadro\">\r\n<thead>\r\n<tr>\r\n<th class=\"hcargo\">Cargo<\/th>\r\n<th class=\"hvagas\">Vagas<\/th>\r\n<th class=\"hremuneracao\">Remunera\u00e7\u00e3o<\/th>\r\n<\/tr>\r\n<\/thead>\r\n    <tbody>\r\n      <tr>\r\n<td class=\"ccargos\">\r\n<span data-balloon-length=\"medium\" aria-label=\"Gradua\u00e7\u00e3o em Bioqu\u00edmica, Farm\u00e1cia (habilita\u00e7\u00e3o Bioqu\u00edmica) ou Biomedicina e registro profissional\" data-balloon-pos=\"up\">Analista de Laborat\u00f3rio<\/span><\/td>\r\n<td class=\"cvagas\">01 + CR<\/td>\r\n<td class=\"cremuneracao\">R$ 7.587,03 \/30h<\/td>\r\n<\/tr><tr>\r\n<td class=\"ccargos\">\r\n<span data-balloon-length=\"medium\" aria-label=\"Gradua\u00e7\u00e3o em Engenharia Civil e registro no \u00f3rg\u00e3o de classe\" data-balloon-pos=\"up\">Engenheiro Civil<\/span><\/td>\r\n<td class=\"cvagas\">CR<\/td>\r\n<td class=\"cremuneracao\">R$ 5.139,47 \/40h<\/td>\r\n<\/tr><tr>\r\n<td class=\"ccargos\">\r\n<span data-balloon-length=\"medium\" aria-label=\"Gradua\u00e7\u00e3o em Enfermagem e registro no \u00f3rg\u00e3o de classe\" data-balloon-pos=\"up\">Enfermeiro<\/span><\/td>\r\n<td class=\"cvagas\">CR<\/td>\r\n<td class=\"cremuneracao\">R$ 6.213,41 \/44h<\/td>\r\n<\/tr><tr>\r\n<td class=\"ccargos\">\r\n<span data-balloon-length=\"medium\" aria-label=\"Gradua\u00e7\u00e3o em Farm\u00e1cia e registro no \u00f3rg\u00e3o de classe\" data-balloon-pos=\"up\">Farmac\u00eautico<\/span><\/td>\r\n<td class=\"cvagas\">CR<\/td>\r\n<td class=\"cremuneracao\">R$ 4.671,35 \/40h<\/td>\r\n<\/tr><tr>\r\n<td class=\"ccargos\">\r\n<span data-balloon-length=\"medium\" aria-label=\"Gradua\u00e7\u00e3o em Medicina e registro no \u00f3rg\u00e3o de classe\" data-balloon-pos=\"up\">M\u00e9dico - Plantonista<\/span><\/td>\r\n<td class=\"cvagas\">CR<\/td>\r\n<td class=\"cremuneracao\">R$ 8.375,72 \/12h<\/td>\r\n<\/tr><tr>\r\n<td class=\"ccargos\">\r\n<span data-balloon-length=\"medium\" aria-label=\"Gradua\u00e7\u00e3o em Medicina e registro no \u00f3rg\u00e3o de classe\" data-balloon-pos=\"up\">M\u00e9dico - PSF<\/span><\/td>\r\n<td class=\"cvagas\">01 + CR<\/td>\r\n<td class=\"cremuneracao\">R$ 16.938,79 \/40h<\/td>\r\n<\/tr><tr>\r\n<td class=\"ccargos\">\r\n<span data-balloon-length=\"medium\" aria-label=\"Gradua\u00e7\u00e3o em Odontologia e registro no \u00f3rg\u00e3o de classe\" data-balloon-pos=\"up\">Odont\u00f3logo<\/span><\/td>\r\n<td class=\"cvagas\">CR<\/td>\r\n<td class=\"cremuneracao\">R$ 9.250,96 \/30h<\/td>\r\n<\/tr><tr>\r\n<td class=\"ccargos\">\r\n<span data-balloon-length=\"medium\" aria-label=\"Gradua\u00e7\u00e3o em Psicologia e registro no \u00f3rg\u00e3o de classe\" data-balloon-pos=\"up\">Psic\u00f3logo<\/span><\/td>\r\n<td class=\"cvagas\">CR<\/td>\r\n<td class=\"cremuneracao\">R$ 5.139,47 \/40h<\/td>\r\n<\/tr><tr>\r\n<td class=\"ccargos\">\r\n<span data-balloon-length=\"medium\" aria-label=\"Curso superior completo em Pedagogia\" data-balloon-pos=\"up\">Pedagogo<\/span><\/td>\r\n<td class=\"cvagas\">CR<\/td>\r\n<td class=\"cremuneracao\">R$ 3.139,44 \/20h<\/td>\r\n<\/tr><tr>\r\n<td class=\"ccargos\">\r\n<span data-balloon-length=\"medium\" aria-label=\"Curso superior completo em Pedagogia\" data-balloon-pos=\"up\">Professor<\/span><\/td>\r\n<td class=\"cvagas\">CR<\/td>\r\n<td class=\"cremuneracao\">R$ 3.015,31 \/20h<\/td>\r\n<\/tr><tr>\r\n<td class=\"ccargos\">\r\n<span data-balloon-length=\"medium\" aria-label=\"Curso superior completo em Pedagogia\" data-balloon-pos=\"up\">Professor - Educa\u00e7\u00e3o Infantil<\/span><\/td>\r\n<td class=\"cvagas\">CR<\/td>\r\n<td class=\"cremuneracao\">R$ 5.580,63 \/40h<\/td>\r\n<\/tr><tr>\r\n<td class=\"ccargos\">\r\n<span data-balloon-length=\"medium\" aria-label=\"Curso superior em Educa\u00e7\u00e3o F\u00edsica e registro no CREF\" data-balloon-pos=\"up\">Professor - Educa\u00e7\u00e3o F\u00edsica<\/span><\/td>\r\n<td class=\"cvagas\">CR<\/td>\r\n<td class=\"cremuneracao\">R$ 3.139,44 \/20h<\/td>\r\n<\/tr>\r\n    <\/tbody>\r\n  <\/table>\r\n<\/div>"},"_links":{"self":[{"href":"https:\/\/www.agrobase.com.br\/concursos\/wp-json\/wp\/v2\/posts\/280616","targetHints":{"allow":["GET"]}}],"collection":[{"href":"https:\/\/www.agrobase.com.br\/concursos\/wp-json\/wp\/v2\/posts"}],"about":[{"href":"https:\/\/www.agrobase.com.br\/concursos\/wp-json\/wp\/v2\/types\/post"}],"author":[{"embeddable":true,"href":"https:\/\/www.agrobase.com.br\/concursos\/wp-json\/wp\/v2\/users\/7"}],"replies":[{"embeddable":true,"href":"https:\/\/www.agrobase.com.br\/concursos\/wp-json\/wp\/v2\/comments?post=280616"}],"version-history":[{"count":2,"href":"https:\/\/www.agrobase.com.br\/concursos\/wp-json\/wp\/v2\/posts\/280616\/revisions"}],"predecessor-version":[{"id":280620,"href":"https:\/\/www.agrobase.com.br\/concursos\/wp-json\/wp\/v2\/posts\/280616\/revisions\/280620"}],"wp:featuredmedia":[{"embeddable":true,"href":"https:\/\/www.agrobase.com.br\/concursos\/wp-json\/wp\/v2\/media\/280615"}],"wp:attachment":[{"href":"https:\/\/www.agrobase.com.br\/concursos\/wp-json\/wp\/v2\/media?parent=280616"}],"wp:term":[{"taxonomy":"category","embeddable":true,"href":"https:\/\/www.agrobase.com.br\/concursos\/wp-json\/wp\/v2\/categories?post=280616"},{"taxonomy":"post_tag","embeddable":true,"href":"https:\/\/www.agrobase.com.br\/concursos\/wp-json\/wp\/v2\/tags?post=280616"},{"taxonomy":"_amplo","embeddable":true,"href":"https:\/\/www.agrobase.com.br\/concursos\/wp-json\/wp\/v2\/_amplo?post=280616"},{"taxonomy":"destaque","embeddable":true,"href":"https:\/\/www.agrobase.com.br\/concursos\/wp-json\/wp\/v2\/destaque?post=280616"},{"taxonomy":"instituicoes","embeddable":true,"href":"https:\/\/www.agrobase.com.br\/concursos\/wp-json\/wp\/v2\/instituicoes?post=280616"}],"curies":[{"name":"wp","href":"https:\/\/api.w.org\/{rel}","templated":true}]}}