{"id":280539,"date":"2026-04-22T07:00:49","date_gmt":"2026-04-22T10:00:49","guid":{"rendered":"https:\/\/www.agrobase.com.br\/concursos\/?p=280539"},"modified":"2026-04-20T10:56:53","modified_gmt":"2026-04-20T13:56:53","slug":"prefeitura-vargem-alta-es-selecao-simplificada-01-2026","status":"publish","type":"post","link":"https:\/\/www.agrobase.com.br\/concursos\/2026\/prefeitura-vargem-alta-es-selecao-simplificada-01-2026\/","title":{"rendered":"Prefeitura Vargem Alta (ES) &#8211; Sele\u00e7\u00e3o Simplificada 01\/2026"},"content":{"rendered":"<h2>Informa\u00e7\u00f5es Gerais<\/h2>\n<p>A <strong>Prefeitura Municipal de Vargem Alta &#8211; ES<\/strong> publicou o <strong>Processo Seletivo Simplificado n\u00ba 001\/2026<\/strong>, com o objetivo de formar <strong>cadastro de reserva<\/strong> para contrata\u00e7\u00e3o tempor\u00e1ria de excepcional interesse p\u00fablico. O certame \u00e9 destinado ao preenchimento de vagas em diversas \u00e1reas da administra\u00e7\u00e3o municipal, abrangendo os n\u00edveis de escolaridade <strong>Fundamental Incompleto, Fundamental Completo, M\u00e9dio\/T\u00e9cnico e Superior<\/strong>.<\/p>\n<p>As remunera\u00e7\u00f5es variam de <strong>R$ 573,58 a R$ 12.002,10<\/strong>, conforme o cargo e a carga hor\u00e1ria, que vai de 20h a 40h semanais. O regime de contrata\u00e7\u00e3o \u00e9 <strong>tempor\u00e1rio<\/strong>, com base na legisla\u00e7\u00e3o municipal vigente.<\/p>\n<p>O processo seletivo contempla uma ampla variedade de cargos. Entre as oportunidades de n\u00edvel superior, destacam-se vagas para \u00e1reas da sa\u00fade (M\u00e9dico, Enfermeiro, Odont\u00f3logo, Fisioterapeuta, Farmac\u00eautico), assist\u00eancia social (Assistente Social, Psic\u00f3logo), educa\u00e7\u00e3o (Pedagogo, Educador), engenharia e administra\u00e7\u00e3o p\u00fablica. Para profissionais de n\u00edvel m\u00e9dio e t\u00e9cnico, h\u00e1 oportunidades como T\u00e9cnico de Enfermagem, Auxiliar Administrativo, Oficial Administrativo, entre outros.<\/p>\n<p><strong>Destaque especial<\/strong> para os candidatos das \u00e1reas de ci\u00eancias agr\u00e1rias e ambientais: o edital oferece vagas em cadastro reserva para <strong>M\u00e9dico Veterin\u00e1rio<\/strong>, <strong>Engenheiro Agr\u00f4nomo<\/strong>, <strong>Analista Ambiental<\/strong> (com forma\u00e7\u00e3o em <strong>Agronomia, Engenharia Florestal, Engenharia Ambiental, Biologia<\/strong> ou Saneamento), <strong>Nutricionista<\/strong>, <strong>T\u00e9cnico Agr\u00edcola<\/strong> e <strong>Fiscal Ambiental<\/strong> \u2014 \u00e1reas de grande relev\u00e2ncia para quem busca atua\u00e7\u00e3o no setor p\u00fablico municipal.<\/p>\n<h2>Inscri\u00e7\u00f5es<\/h2>\n<p>As inscri\u00e7\u00f5es para o Processo Seletivo Simplificado n\u00ba 001\/2026 da Prefeitura de Vargem Alta &#8211; ES ser\u00e3o realizadas de forma <strong>presencial<\/strong>, nos dias <strong>23 de abril de 2026 e 24 de abril de 2026<\/strong>, no hor\u00e1rio das <strong>08h00 \u00e0s 15h00<\/strong>.<\/p>\n<p>O local de inscri\u00e7\u00e3o \u00e9 a <strong>sala de reuni\u00f5es localizada em cima da Rodovi\u00e1ria, Centro, Vargem Alta &#8211; ES<\/strong>.<\/p>\n<p>Para se inscrever, o candidato dever\u00e1:<\/p>\n<ul>\n<li>Comparecer pessoalmente ao local de inscri\u00e7\u00e3o dentro do per\u00edodo e hor\u00e1rio estabelecidos;<\/li>\n<li>Preencher a <strong>Ficha de Inscri\u00e7\u00e3o e de Ci\u00eancia do Edital<\/strong> (Anexo II) com letra leg\u00edvel, sem rasuras ou emendas;<\/li>\n<li>Apresentar e anexar toda a documenta\u00e7\u00e3o exigida no edital.<\/li>\n<\/ul>\n<p>S\u00e3o requisitos para a inscri\u00e7\u00e3o:<\/p>\n<ul>\n<li>Ser brasileiro nato ou naturalizado, ou gozar das prerrogativas previstas no Art. 12 da Constitui\u00e7\u00e3o Federal;<\/li>\n<li>Possuir idade entre <strong>18 e 75 anos<\/strong>;<\/li>\n<li>Estar no pleno exerc\u00edcio dos direitos civis e pol\u00edticos;<\/li>\n<li>Conhecer e estar de acordo com todas as exig\u00eancias estabelecidas no edital.<\/li>\n<\/ul>\n<p>O edital n\u00e3o menciona cobran\u00e7a de taxa de inscri\u00e7\u00e3o para este processo seletivo. Informa\u00e7\u00f5es complementares podem ser consultadas no site oficial da Prefeitura: <strong>www.vargemalta.es.gov.br<\/strong>.<\/p>\n<h2>Etapas e Provas<\/h2>\n<p>O Processo Seletivo Simplificado n\u00ba 001\/2026 da Prefeitura de Vargem Alta &#8211; ES ser\u00e1 realizado em <strong>etapa \u00fanica<\/strong>, conforme detalhado a seguir:<\/p>\n<ul>\n<li><strong>Prova de T\u00edtulos (Exerc\u00edcio Profissional e Qualifica\u00e7\u00e3o Profissional)<\/strong>\n<ul>\n<li><strong>Car\u00e1ter:<\/strong> eliminat\u00f3rio e classificat\u00f3rio;<\/li>\n<li><strong>Formato:<\/strong> avalia\u00e7\u00e3o e pontua\u00e7\u00e3o dos t\u00edtulos apresentados pelo candidato no ato da inscri\u00e7\u00e3o;<\/li>\n<li><strong>Pontua\u00e7\u00e3o m\u00e1xima:<\/strong> <strong>100 (cem) pontos<\/strong>;<\/li>\n<li><strong>Crit\u00e9rios de pontua\u00e7\u00e3o:<\/strong> os t\u00edtulos ser\u00e3o avaliados conforme os quadros de pontua\u00e7\u00e3o definidos nos Anexos III, IV, V e VI do edital, que estabelecem crit\u00e9rios distintos para cada n\u00edvel de escolaridade;<\/li>\n<li><strong>Abrang\u00eancia:<\/strong> todos os cargos participam desta etapa, sendo os crit\u00e9rios de pontua\u00e7\u00e3o organizados em dois grupos \u2014 cargos de n\u00edvel Fundamental (5\u00ba ano e completo) e Ensino M\u00e9dio, e cargos de n\u00edvel Superior;<\/li>\n<li><strong>Componentes avaliados:<\/strong> experi\u00eancia profissional comprovada (exerc\u00edcio profissional) e cursos de qualifica\u00e7\u00e3o e forma\u00e7\u00e3o acad\u00eamica (qualifica\u00e7\u00e3o profissional).<\/li>\n<\/ul>\n<\/li>\n<\/ul>\n<p>Como a sele\u00e7\u00e3o se baseia exclusivamente na an\u00e1lise de t\u00edtulos, n\u00e3o haver\u00e1 aplica\u00e7\u00e3o de prova escrita, prova pr\u00e1tica ou qualquer outra etapa presencial al\u00e9m da inscri\u00e7\u00e3o. Os candidatos devem apresentar toda a documenta\u00e7\u00e3o comprobat\u00f3ria no momento da inscri\u00e7\u00e3o.<\/p>\n<h2>Resultados e Gabarito<\/h2>\n<p>A divulga\u00e7\u00e3o dos resultados do Processo Seletivo Simplificado n\u00ba 001\/2026 da Prefeitura de Vargem Alta &#8211; ES seguir\u00e1 o cronograma estabelecido no <strong>Anexo XI<\/strong> do edital.<\/p>\n<p>Ser\u00e3o publicados:<\/p>\n<ul>\n<li><strong>Resultado preliminar:<\/strong> lista inicial com a pontua\u00e7\u00e3o obtida por cada candidato na Prova de T\u00edtulos, divulgada no \u00d3rg\u00e3o Oficial do Munic\u00edpio e no site <strong>www.vargemalta.es.gov.br<\/strong>;<\/li>\n<li><strong>Resultado final:<\/strong> classifica\u00e7\u00e3o definitiva ap\u00f3s an\u00e1lise de eventuais recursos, publicada nos mesmos canais oficiais.<\/li>\n<\/ul>\n<p>Os candidatos devem acompanhar todas as publica\u00e7\u00f5es referentes ao processo seletivo por meio do <strong>\u00d3rg\u00e3o Oficial do Munic\u00edpio<\/strong> e da p\u00e1gina oficial da Prefeitura na internet (<strong>www.vargemalta.es.gov.br<\/strong>), onde ser\u00e3o divulgados editais complementares, convoca\u00e7\u00f5es, retifica\u00e7\u00f5es e demais atos relacionados ao certame.<\/p>\n<p>Quanto \u00e0 <strong>validade<\/strong>, este Processo Seletivo Simplificado ter\u00e1 vig\u00eancia de <strong>01 (um) ano<\/strong>, contado a partir da data de publica\u00e7\u00e3o da <strong>homologa\u00e7\u00e3o do resultado final<\/strong>, podendo ser <strong>prorrogado por igual per\u00edodo<\/strong>, a crit\u00e9rio da administra\u00e7\u00e3o municipal. A homologa\u00e7\u00e3o \u00e9 o ato oficial que confirma a regularidade de todo o processo e autoriza a convoca\u00e7\u00e3o dos aprovados conforme a necessidade da Prefeitura.<\/p>\n<p><strong>Aten\u00e7\u00e3o:<\/strong> o acompanhamento de todas as publica\u00e7\u00f5es, prazos, convoca\u00e7\u00f5es e demais atos referentes ao processo seletivo \u00e9 de <strong>responsabilidade exclusiva do candidato<\/strong>. Recomenda-se consultar regularmente os canais oficiais para n\u00e3o perder nenhuma informa\u00e7\u00e3o importante.<\/p>\n","protected":false},"excerpt":{"rendered":"<p>Processo Seletivo Pref. Vargem Alta (ES) com edital publicado! Vagas p\/ M\u00e9dico e Enfermeiro (Fund. a Sup.). Inscri\u00e7\u00f5es a partir de 23\/04. Confira detalhes!<\/p>\n","protected":false},"author":7,"featured_media":280538,"comment_status":"open","ping_status":"open","sticky":false,"template":"","format":"standard","meta":{"_acf_changed":false,"_breakdance_hide_in_design_set":false,"_breakdance_tags":"","footnotes":""},"categories":[3,4,5,6,106,9,10,6434,12,13,14,15,17,18,19,21,22,23,24,25,26,101,29,128,108,130,143,157],"tags":[45],"_amplo":[],"destaque":[],"instituicoes":[],"class_list":["post-280539","post","type-post","status-publish","format-standard","has-post-thumbnail","hentry","category-administracao","category-agronomia","category-arquitetura","category-biologia","category-bioquimica","category-ciencias-contabeis","category-direito","category-educacao-fisica-licenciatura","category-enfermagem","category-engenharia-ambiental","category-engenharia","category-engenharia-florestal","category-farmacia","category-fisioterapia","category-fonoaudiologia","category-medicina","category-veterinaria","category-nutricao","category-odontologia","category-pedagogia","category-psicologia","category-servico-social","category-tecnico-agricola","category-tecnico-em-contabilidade","category-tecnico-enfermagem","category-tecnico-informatica","category-tecnico-odontologia","category-tecnico-seguranca-trabalho","tag-espirito-santo"],"acf":{"_tipo_vagas":"vagas","_numero_vagas":"","_quadro_vagas":"","_cargos":"diversos","_cargos_especificos":"","_salario_max":"R$ 12002.1","_abertura":"20260423","_encerramento":"20260424","_inscricoes":"https:\/\/www.vargemalta.es.gov.br","_executora_concurso":"","_instituicao_concurso":[],"_link_adicional":null,"_anexos":null,"_produtos":null,"_vagas":"Cadastro Reserva","_salario_min":"R$ 573.58","_instituicao":"Prefeitura de Vargem Alta","_edital":"https:\/\/www.agrobase.com.br\/concursos\/wp-content\/uploads\/sites\/4\/2026\/04\/edital-01-2026-da-prefeitura-de-vargem-alta-es.pdf","_anexos_edital":"https:\/\/www.agrobase.com.br\/concursos\/wp-content\/uploads\/sites\/4\/2026\/04\/anexos-edital-01-2026-da-prefeitura-de-vargem-alta-es.pdf","_fund_incompleto":"<div>\r\n<table class=\"quadro\">\r\n<thead>\r\n<tr>\r\n<th class=\"hcargo\">Cargo<\/th>\r\n<th class=\"hvagas\">Vagas<\/th>\r\n<th class=\"hremuneracao\">Remunera\u00e7\u00e3o<\/th>\r\n<\/tr>\r\n<\/thead>\r\n    <tbody>\r\n      <td class=\"ccargos\">\r\n<span data-balloon-length=\"medium\" aria-label=\"5\u00ba ano do Ensino Fundamental ou equivalente\" data-balloon-pos=\"up\">Cozinheiro<\/span><\/td>\r\n<td class=\"cvagas\">CR<\/td>\r\n<td class=\"cremuneracao\">R$ 982,49 \/40h<\/td>\r\n<\/tr><td class=\"ccargos\">\r\n<span data-balloon-length=\"medium\" aria-label=\"5\u00ba ano do Ensino Fundamental ou equivalente\" data-balloon-pos=\"up\">Agente de Servi\u00e7os Funerais<\/span><\/td>\r\n<td class=\"cvagas\">CR<\/td>\r\n<td class=\"cremuneracao\">R$ 982,49 \/40h<\/td>\r\n<\/tr><td class=\"ccargos\">\r\n<span data-balloon-length=\"medium\" aria-label=\"5\u00ba ano do Ensino Fundamental ou equivalente\" data-balloon-pos=\"up\">Borracheiro<\/span><\/td>\r\n<td class=\"cvagas\">CR<\/td>\r\n<td class=\"cremuneracao\">R$ 982,49 \/40h<\/td>\r\n<\/tr><td class=\"ccargos\">\r\n<span data-balloon-length=\"medium\" aria-label=\"5\u00ba ano do Ensino Fundamental ou equivalente\" data-balloon-pos=\"up\">Servente<\/span><\/td>\r\n<td class=\"cvagas\">CR<\/td>\r\n<td class=\"cremuneracao\">R$ 982,49 \/40h<\/td>\r\n<\/tr><td class=\"ccargos\">\r\n<span data-balloon-length=\"medium\" aria-label=\"5\u00ba ano do Ensino Fundamental ou equivalente\" data-balloon-pos=\"up\">Trabalhador Bra\u00e7al<\/span><\/td>\r\n<td class=\"cvagas\">CR<\/td>\r\n<td class=\"cremuneracao\">R$ 982,49 \/40h<\/td>\r\n<\/tr><td class=\"ccargos\">\r\n<span data-balloon-length=\"medium\" aria-label=\"5\u00ba ano do Ensino Fundamental ou equivalente\" data-balloon-pos=\"up\">Vigia<\/span><\/td>\r\n<td class=\"cvagas\">CR<\/td>\r\n<td class=\"cremuneracao\">R$ 982,49 \/40h<\/td>\r\n<\/tr><td class=\"ccargos\">\r\n<span data-balloon-length=\"medium\" aria-label=\"5\u00ba ano do Ensino Fundamental + 1 ano de atua\u00e7\u00e3o ou curso de capacita\u00e7\u00e3o\" data-balloon-pos=\"up\">Mec\u00e2nico de Motor Diesel<\/span><\/td>\r\n<td class=\"cvagas\">CR<\/td>\r\n<td class=\"cremuneracao\">R$ 1.276,82 \/40h<\/td>\r\n<\/tr><td class=\"ccargos\">\r\n<span data-balloon-length=\"medium\" aria-label=\"5\u00ba ano do Ensino Fundamental + 1 ano de atua\u00e7\u00e3o ou curso de capacita\u00e7\u00e3o\" data-balloon-pos=\"up\">Mec\u00e2nico Geral de Autom\u00f3vel<\/span><\/td>\r\n<td class=\"cvagas\">CR<\/td>\r\n<td class=\"cremuneracao\">R$ 1.276,82 \/40h<\/td>\r\n<\/tr><td class=\"ccargos\">\r\n<span data-balloon-length=\"medium\" aria-label=\"5\u00ba ano do Ensino Fundamental + 1 ano de atua\u00e7\u00e3o ou curso de capacita\u00e7\u00e3o\" data-balloon-pos=\"up\">Pedreiro<\/span><\/td>\r\n<td class=\"cvagas\">CR<\/td>\r\n<td class=\"cremuneracao\">R$ 1.276,82 \/40h<\/td>\r\n<\/tr><td class=\"ccargos\">\r\n<span data-balloon-length=\"medium\" aria-label=\"5\u00ba ano do Ensino Fundamental + 1 ano de atua\u00e7\u00e3o ou curso de capacita\u00e7\u00e3o\" data-balloon-pos=\"up\">Soldador<\/span><\/td>\r\n<td class=\"cvagas\">CR<\/td>\r\n<td class=\"cremuneracao\">R$ 1.276,82 \/40h<\/td>\r\n<\/tr><td class=\"ccargos\">\r\n<span data-balloon-length=\"medium\" aria-label=\"5\u00ba ano do Ensino Fundamental + CNH C + 6 meses de atua\u00e7\u00e3o ou curso de capacita\u00e7\u00e3o\" data-balloon-pos=\"up\">Operador de M\u00e1quina<\/span><\/td>\r\n<td class=\"cvagas\">CR<\/td>\r\n<td class=\"cremuneracao\">R$ 1.455,59 \/40h<\/td>\r\n<\/tr><td class=\"ccargos\">\r\n<span data-balloon-length=\"medium\" aria-label=\"5\u00ba ano do Ensino Fundamental + CNH C + 6 meses de atua\u00e7\u00e3o ou curso de capacita\u00e7\u00e3o\" data-balloon-pos=\"up\">Operador de M\u00e1quina - P\u00e1 Carregadeira<\/span><\/td>\r\n<td class=\"cvagas\">CR<\/td>\r\n<td class=\"cremuneracao\">R$ 1.455,59 \/40h<\/td>\r\n<\/tr><td class=\"ccargos\">\r\n<span data-balloon-length=\"medium\" aria-label=\"5\u00ba ano do Ensino Fundamental + CNH C + 6 meses de atua\u00e7\u00e3o ou curso de capacita\u00e7\u00e3o\" data-balloon-pos=\"up\">Operador de M\u00e1quina - Patrol<\/span><\/td>\r\n<td class=\"cvagas\">CR<\/td>\r\n<td class=\"cremuneracao\">R$ 1.455,59 \/40h<\/td>\r\n<\/tr><td class=\"ccargos\">\r\n<span data-balloon-length=\"medium\" aria-label=\"5\u00ba ano do Ensino Fundamental + CNH C + 6 meses de atua\u00e7\u00e3o ou curso de capacita\u00e7\u00e3o\" data-balloon-pos=\"up\">Operador de M\u00e1quina - Retroescavadeira<\/span><\/td>\r\n<td class=\"cvagas\">CR<\/td>\r\n<td class=\"cremuneracao\">R$ 1.455,59 \/40h<\/td>\r\n<\/tr><td class=\"ccargos\">\r\n<span data-balloon-length=\"medium\" aria-label=\"5\u00ba ano do Ensino Fundamental + CNH C + 6 meses de atua\u00e7\u00e3o ou curso de capacita\u00e7\u00e3o\" data-balloon-pos=\"up\">Operador de M\u00e1quina - Trator Esteira<\/span><\/td>\r\n<td class=\"cvagas\">CR<\/td>\r\n<td class=\"cremuneracao\">R$ 1.455,59 \/40h<\/td>\r\n<\/tr><td class=\"ccargos\">\r\n<span data-balloon-length=\"medium\" aria-label=\"5\u00ba ano do Ensino Fundamental + CNH C + 6 meses de atua\u00e7\u00e3o ou curso de capacita\u00e7\u00e3o\" data-balloon-pos=\"up\">Operador de M\u00e1quina - Trator de Pneus<\/span><\/td>\r\n<td class=\"cvagas\">CR<\/td>\r\n<td class=\"cremuneracao\">R$ 1.455,59 \/40h<\/td>\r\n<\/tr><td class=\"ccargos\">\r\n<span data-balloon-length=\"medium\" aria-label=\"5\u00ba ano do Ensino Fundamental + CNH C + 6 meses de atua\u00e7\u00e3o ou curso de capacita\u00e7\u00e3o\" data-balloon-pos=\"up\">Operador de M\u00e1quina - Escavadeira Hidr\u00e1ulica<\/span><\/td>\r\n<td class=\"cvagas\">CR<\/td>\r\n<td class=\"cremuneracao\">R$ 1.455,59 \/40h<\/td>\r\n<\/tr>\r\n    <\/tbody>\r\n  <\/table>\r\n<\/div>","_fund_completo":"<div>\r\n<table class=\"quadro\">\r\n<thead>\r\n<tr>\r\n<th class=\"hcargo\">Cargo<\/th>\r\n<th class=\"hvagas\">Vagas<\/th>\r\n<th class=\"hremuneracao\">Remunera\u00e7\u00e3o<\/th>\r\n<\/tr>\r\n<\/thead>\r\n    <tbody>\r\n      <td class=\"ccargos\">\r\n<span data-balloon-length=\"medium\" aria-label=\"Ensino Fundamental completo ou equivalente\" data-balloon-pos=\"up\">Auxiliar de Servi\u00e7os Gerais<\/span><\/td>\r\n<td class=\"cvagas\">CR<\/td>\r\n<td class=\"cremuneracao\">R$ 1.111,11 \/40h<\/td>\r\n<\/tr><td class=\"ccargos\">\r\n<span data-balloon-length=\"medium\" aria-label=\"Ensino Fundamental completo ou equivalente\" data-balloon-pos=\"up\">Vigia<\/span><\/td>\r\n<td class=\"cvagas\">CR<\/td>\r\n<td class=\"cremuneracao\">R$ 893,15 \/40h<\/td>\r\n<\/tr><td class=\"ccargos\">\r\n<span data-balloon-length=\"medium\" aria-label=\"Ensino Fundamental completo + CNH Categoria D ou acima\" data-balloon-pos=\"up\">Motorista<\/span><\/td>\r\n<td class=\"cvagas\">CR<\/td>\r\n<td class=\"cremuneracao\">R$ 1.455,59 \/40h<\/td>\r\n<\/tr><td class=\"ccargos\">\r\n<span data-balloon-length=\"medium\" aria-label=\"Ensino Fundamental completo + Curso de artesanato (m\u00edn. 40h)\" data-balloon-pos=\"up\">Artes\u00e3o<\/span><\/td>\r\n<td class=\"cvagas\">CR<\/td>\r\n<td class=\"cremuneracao\">R$ 893,15 \/40h<\/td>\r\n<\/tr>\r\n    <\/tbody>\r\n  <\/table>\r\n<\/div>","_medio":"<div>\r\n<table class=\"quadro\">\r\n<thead>\r\n<tr>\r\n<th class=\"hcargo\">Cargo<\/th>\r\n<th class=\"hvagas\">Vagas<\/th>\r\n<th class=\"hremuneracao\">Remunera\u00e7\u00e3o<\/th>\r\n<\/tr>\r\n<\/thead>\r\n    <tbody>\r\n      <td class=\"ccargos\">\r\n<span data-balloon-length=\"medium\" aria-label=\"Ensino M\u00e9dio Completo + Inform\u00e1tica B\u00e1sica\" data-balloon-pos=\"up\">Recepcionista<\/span><\/td>\r\n<td class=\"cvagas\">CR<\/td>\r\n<td class=\"cremuneracao\">R$ 1.111,11 \/40h<\/td>\r\n<\/tr><td class=\"ccargos\">\r\n<span data-balloon-length=\"medium\" aria-label=\"Ensino M\u00e9dio Completo\" data-balloon-pos=\"up\">Visitador do Programa Crian\u00e7a Feliz<\/span><\/td>\r\n<td class=\"cvagas\">CR<\/td>\r\n<td class=\"cremuneracao\">R$ 1.781,76 \/30h<\/td>\r\n<\/tr><td class=\"ccargos\">\r\n<span data-balloon-length=\"medium\" aria-label=\"Ensino M\u00e9dio Completo + Curso T\u00e9cnico + Registro Profissional\" data-balloon-pos=\"up\">T\u00e9cnico de Enfermagem<\/span><\/td>\r\n<td class=\"cvagas\">CR<\/td>\r\n<td class=\"cremuneracao\">R$ 1.891,69 \/40h<\/td>\r\n<\/tr><td class=\"ccargos\">\r\n<span data-balloon-length=\"medium\" aria-label=\"Ensino M\u00e9dio Completo + Inform\u00e1tica B\u00e1sica\" data-balloon-pos=\"up\">Auxiliar Administrativo<\/span><\/td>\r\n<td class=\"cvagas\">CR<\/td>\r\n<td class=\"cremuneracao\">R$ 1.120,30 \/40h<\/td>\r\n<\/tr><td class=\"ccargos\">\r\n<span data-balloon-length=\"medium\" aria-label=\"Ensino M\u00e9dio Completo (Normal ou Superior em Pedagogia)\" data-balloon-pos=\"up\">T\u00e9cnico Educacional<\/span><\/td>\r\n<td class=\"cvagas\">CR<\/td>\r\n<td class=\"cremuneracao\">R$ 901,35 \/40h<\/td>\r\n<\/tr><td class=\"ccargos\">\r\n<span data-balloon-length=\"medium\" aria-label=\"Ensino M\u00e9dio Completo + Registro no Conselho + Inform\u00e1tica B\u00e1sica\" data-balloon-pos=\"up\">Auxiliar de Sa\u00fade Bucal<\/span><\/td>\r\n<td class=\"cvagas\">CR<\/td>\r\n<td class=\"cremuneracao\">R$ 1.291,41 \/40h<\/td>\r\n<\/tr><td class=\"ccargos\">\r\n<span data-balloon-length=\"medium\" aria-label=\"Ensino M\u00e9dio Completo\" data-balloon-pos=\"up\">Auxiliar de Posto de Correios<\/span><\/td>\r\n<td class=\"cvagas\">CR<\/td>\r\n<td class=\"cremuneracao\">R$ 573,58 \/40h<\/td>\r\n<\/tr><td class=\"ccargos\">\r\n<span data-balloon-length=\"medium\" aria-label=\"Ensino M\u00e9dio Completo\" data-balloon-pos=\"up\">Atendente<\/span><\/td>\r\n<td class=\"cvagas\">CR<\/td>\r\n<td class=\"cremuneracao\">R$ 1.120,30 \/40h<\/td>\r\n<\/tr><td class=\"ccargos\">\r\n<span data-balloon-length=\"medium\" aria-label=\"Ensino M\u00e9dio Completo + Curso de Capacita\u00e7\u00e3o\" data-balloon-pos=\"up\">Auxiliar de Farm\u00e1cia<\/span><\/td>\r\n<td class=\"cvagas\">CR<\/td>\r\n<td class=\"cremuneracao\">R$ 1.120,30 \/40h<\/td>\r\n<\/tr><td class=\"ccargos\">\r\n<span data-balloon-length=\"medium\" aria-label=\"Ensino M\u00e9dio Completo + Curso de Capacita\u00e7\u00e3o\" data-balloon-pos=\"up\">Auxiliar de Odontologia<\/span><\/td>\r\n<td class=\"cvagas\">CR<\/td>\r\n<td class=\"cremuneracao\">R$ 1.120,30 \/40h<\/td>\r\n<\/tr><td class=\"ccargos\">\r\n<span data-balloon-length=\"medium\" aria-label=\"Ensino M\u00e9dio Completo + Curso de Capacita\u00e7\u00e3o + Registro Profissional\" data-balloon-pos=\"up\">Auxiliar de Enfermagem<\/span><\/td>\r\n<td class=\"cvagas\">CR<\/td>\r\n<td class=\"cremuneracao\">R$ 1.120,30 \/40h<\/td>\r\n<\/tr><td class=\"ccargos\">\r\n<span data-balloon-length=\"medium\" aria-label=\"Ensino M\u00e9dio Completo\" data-balloon-pos=\"up\">Auxiliar de Servi\u00e7os Educacionais<\/span><\/td>\r\n<td class=\"cvagas\">CR<\/td>\r\n<td class=\"cremuneracao\">R$ 1.120,30 \/40h<\/td>\r\n<\/tr><td class=\"ccargos\">\r\n<span data-balloon-length=\"medium\" aria-label=\"Ensino M\u00e9dio Completo\" data-balloon-pos=\"up\">Agente Fiscal<\/span><\/td>\r\n<td class=\"cvagas\">CR<\/td>\r\n<td class=\"cremuneracao\">R$ 1.659,38 \/40h<\/td>\r\n<\/tr><td class=\"ccargos\">\r\n<span data-balloon-length=\"medium\" aria-label=\"Ensino M\u00e9dio Completo + Cursos na \u00e1rea + CNH\" data-balloon-pos=\"up\">Agente de Defesa Civil<\/span><\/td>\r\n<td class=\"cvagas\">CR<\/td>\r\n<td class=\"cremuneracao\">R$ 1.659,38 \/40h<\/td>\r\n<\/tr><td class=\"ccargos\">\r\n<span data-balloon-length=\"medium\" aria-label=\"Ensino M\u00e9dio Completo\" data-balloon-pos=\"up\">Fiscal Sanit\u00e1rio<\/span><\/td>\r\n<td class=\"cvagas\">CR<\/td>\r\n<td class=\"cremuneracao\">R$ 1.659,38 \/40h<\/td>\r\n<\/tr><td class=\"ccargos\">\r\n<span data-balloon-length=\"medium\" aria-label=\"Ensino M\u00e9dio Completo + CNH B\" data-balloon-pos=\"up\">Fiscal Ambiental<\/span><\/td>\r\n<td class=\"cvagas\">CR<\/td>\r\n<td class=\"cremuneracao\">R$ 1.659,38 \/40h<\/td>\r\n<\/tr><td class=\"ccargos\">\r\n<span data-balloon-length=\"medium\" aria-label=\"Ensino M\u00e9dio Completo + Curso de Eletricista (m\u00edn. 140h)\" data-balloon-pos=\"up\">Eletricista<\/span><\/td>\r\n<td class=\"cvagas\">CR<\/td>\r\n<td class=\"cremuneracao\">R$ 1.659,38 \/40h<\/td>\r\n<\/tr><td class=\"ccargos\">\r\n<span data-balloon-length=\"medium\" aria-label=\"Ensino M\u00e9dio Completo + Inform\u00e1tica Avan\u00e7ada\" data-balloon-pos=\"up\">Oficial Administrativo<\/span><\/td>\r\n<td class=\"cvagas\">CR<\/td>\r\n<td class=\"cremuneracao\">R$ 1.659,38 \/40h<\/td>\r\n<\/tr><td class=\"ccargos\">\r\n<span data-balloon-length=\"medium\" aria-label=\"Ensino M\u00e9dio Completo + Inform\u00e1tica Avan\u00e7ada\" data-balloon-pos=\"up\">Operador de Dados<\/span><\/td>\r\n<td class=\"cvagas\">CR<\/td>\r\n<td class=\"cremuneracao\">R$ 1.659,38 \/40h<\/td>\r\n<\/tr><td class=\"ccargos\">\r\n<span data-balloon-length=\"medium\" aria-label=\"Ensino M\u00e9dio Completo + Curso T\u00e9cnico + Registro no CFTA\" data-balloon-pos=\"up\">T\u00e9cnico Agr\u00edcola<\/span><\/td>\r\n<td class=\"cvagas\">CR<\/td>\r\n<td class=\"cremuneracao\">R$ 1.891,69 \/40h<\/td>\r\n<\/tr><td class=\"ccargos\">\r\n<span data-balloon-length=\"medium\" aria-label=\"Ensino M\u00e9dio Completo + Curso T\u00e9cnico + Registro no CRC\" data-balloon-pos=\"up\">T\u00e9cnico de Contabilidade<\/span><\/td>\r\n<td class=\"cvagas\">CR<\/td>\r\n<td class=\"cremuneracao\">R$ 1.891,69 \/40h<\/td>\r\n<\/tr><td class=\"ccargos\">\r\n<span data-balloon-length=\"medium\" aria-label=\"Ensino M\u00e9dio Completo + Curso T\u00e9cnico + Registro Profissional\" data-balloon-pos=\"up\">T\u00e9cnico de Edifica\u00e7\u00f5es<\/span><\/td>\r\n<td class=\"cvagas\">CR<\/td>\r\n<td class=\"cremuneracao\">R$ 1.891,69 \/40h<\/td>\r\n<\/tr><td class=\"ccargos\">\r\n<span data-balloon-length=\"medium\" aria-label=\"Ensino M\u00e9dio Completo + Curso T\u00e9cnico\" data-balloon-pos=\"up\">T\u00e9cnico de Inform\u00e1tica<\/span><\/td>\r\n<td class=\"cvagas\">CR<\/td>\r\n<td class=\"cremuneracao\">R$ 1.891,69 \/40h<\/td>\r\n<\/tr><td class=\"ccargos\">\r\n<span data-balloon-length=\"medium\" aria-label=\"Ensino M\u00e9dio Completo + Curso T\u00e9cnico + Registro no Minist\u00e9rio do Trabalho\" data-balloon-pos=\"up\">T\u00e9cnico de Seguran\u00e7a do Trabalho<\/span><\/td>\r\n<td class=\"cvagas\">CR<\/td>\r\n<td class=\"cremuneracao\">R$ 1.891,69 \/40h<\/td>\r\n<\/tr>\r\n    <\/tbody>\r\n  <\/table>\r\n<\/div>","_superior":"<div>\r\n<table class=\"quadro\">\r\n<thead>\r\n<tr>\r\n<th class=\"hcargo\">Cargo<\/th>\r\n<th class=\"hvagas\">Vagas<\/th>\r\n<th class=\"hremuneracao\">Remunera\u00e7\u00e3o<\/th>\r\n<\/tr>\r\n<\/thead>\r\n    <tbody>\r\n      <tr>\r\n<td class=\"ccargos\">\r\n<span data-balloon-length=\"medium\" aria-label=\"Ensino Superior na \u00e1rea de Educa\u00e7\u00e3o\" data-balloon-pos=\"up\">Educador<\/span><\/td>\r\n<td class=\"cvagas\">CR<\/td>\r\n<td class=\"cremuneracao\">R$ 1.229,15 \/20h<\/td>\r\n<\/tr><tr>\r\n<td class=\"ccargos\">\r\n<span data-balloon-length=\"medium\" aria-label=\"Ensino Superior em Servi\u00e7o Social + Registro Profissional\" data-balloon-pos=\"up\">Assistente Social<\/span><\/td>\r\n<td class=\"cvagas\">CR<\/td>\r\n<td class=\"cremuneracao\">R$ 2.382,83 \/30h<\/td>\r\n<\/tr><tr>\r\n<td class=\"ccargos\">\r\n<span data-balloon-length=\"medium\" aria-label=\"Ensino Superior em Psicologia + Registro Profissional\" data-balloon-pos=\"up\">Psic\u00f3logo<\/span><\/td>\r\n<td class=\"cvagas\">CR<\/td>\r\n<td class=\"cremuneracao\">R$ 4.250,77 \/40h<\/td>\r\n<\/tr><tr>\r\n<td class=\"ccargos\">\r\n<span data-balloon-length=\"medium\" aria-label=\"Ensino Superior em Psicologia, Servi\u00e7o Social ou Pedagogia\" data-balloon-pos=\"up\">Coordenador do Programa Crian\u00e7a Feliz<\/span><\/td>\r\n<td class=\"cvagas\">CR<\/td>\r\n<td class=\"cremuneracao\">R$ 1.781,07 \/20h<\/td>\r\n<\/tr><tr>\r\n<td class=\"ccargos\">\r\n<span data-balloon-length=\"medium\" aria-label=\"Ensino Superior em Psicologia, Servi\u00e7o Social ou Pedagogia\" data-balloon-pos=\"up\">Supervisor do Programa Crian\u00e7a Feliz<\/span><\/td>\r\n<td class=\"cvagas\">CR<\/td>\r\n<td class=\"cremuneracao\">R$ 2.771,40 \/30h<\/td>\r\n<\/tr><tr>\r\n<td class=\"ccargos\">\r\n<span data-balloon-length=\"medium\" aria-label=\"Ensino Superior em Medicina + Registro CRM + Especializa\u00e7\u00e3o\" data-balloon-pos=\"up\">M\u00e9dico - Depend\u00eancia Qu\u00edmica<\/span><\/td>\r\n<td class=\"cvagas\">CR<\/td>\r\n<td class=\"cremuneracao\">R$ 2.156,54 \/20h<\/td>\r\n<\/tr><tr>\r\n<td class=\"ccargos\">\r\n<span data-balloon-length=\"medium\" aria-label=\"Ensino Superior em Medicina + Registro CRM + Especializa\u00e7\u00e3o\" data-balloon-pos=\"up\">M\u00e9dico - Psiquiatra<\/span><\/td>\r\n<td class=\"cvagas\">CR<\/td>\r\n<td class=\"cremuneracao\">R$ 7.042,55 \/20h<\/td>\r\n<\/tr><tr>\r\n<td class=\"ccargos\">\r\n<span data-balloon-length=\"medium\" aria-label=\"Ensino Superior em Enfermagem + Registro COREN\" data-balloon-pos=\"up\">Enfermeiro<\/span><\/td>\r\n<td class=\"cvagas\">CR<\/td>\r\n<td class=\"cremuneracao\">R$ 4.785,51 \/40h<\/td>\r\n<\/tr><tr>\r\n<td class=\"ccargos\">\r\n<span data-balloon-length=\"medium\" aria-label=\"Ensino Superior em Terapia Ocupacional + Registro Profissional\" data-balloon-pos=\"up\">Terapeuta Ocupacional<\/span><\/td>\r\n<td class=\"cvagas\">CR<\/td>\r\n<td class=\"cremuneracao\">R$ 2.156,54 \/20h<\/td>\r\n<\/tr><tr>\r\n<td class=\"ccargos\">\r\n<span data-balloon-length=\"medium\" aria-label=\"Ensino Superior em Fisioterapia + Registro Profissional\" data-balloon-pos=\"up\">Fisioterapeuta<\/span><\/td>\r\n<td class=\"cvagas\">CR<\/td>\r\n<td class=\"cremuneracao\">R$ 3.188,07 \/30h<\/td>\r\n<\/tr><tr>\r\n<td class=\"ccargos\">\r\n<span data-balloon-length=\"medium\" aria-label=\"Ensino Superior em Nutri\u00e7\u00e3o + Registro CRN\" data-balloon-pos=\"up\">Nutricionista<\/span><\/td>\r\n<td class=\"cvagas\">CR<\/td>\r\n<td class=\"cremuneracao\">R$ 4.250,77 \/40h<\/td>\r\n<\/tr><tr>\r\n<td class=\"ccargos\">\r\n<span data-balloon-length=\"medium\" aria-label=\"Ensino Superior em Pedagogia\" data-balloon-pos=\"up\">Pedagogo<\/span><\/td>\r\n<td class=\"cvagas\">CR<\/td>\r\n<td class=\"cremuneracao\">R$ 2.580,97 \/25h<\/td>\r\n<\/tr><tr>\r\n<td class=\"ccargos\">\r\n<span data-balloon-length=\"medium\" aria-label=\"Ensino Superior em Medicina + Registro CRM\" data-balloon-pos=\"up\">M\u00e9dico<\/span><\/td>\r\n<td class=\"cvagas\">CR<\/td>\r\n<td class=\"cremuneracao\">R$ 12.002,10 \/40h<\/td>\r\n<\/tr><tr>\r\n<td class=\"ccargos\">\r\n<span data-balloon-length=\"medium\" aria-label=\"Ensino Superior em Odontologia + Registro CRO\" data-balloon-pos=\"up\">Odont\u00f3logo<\/span><\/td>\r\n<td class=\"cvagas\">CR<\/td>\r\n<td class=\"cremuneracao\">R$ 4.785,51 \/40h<\/td>\r\n<\/tr><tr>\r\n<td class=\"ccargos\">\r\n<span data-balloon-length=\"medium\" aria-label=\"Gradua\u00e7\u00e3o em Farm\u00e1cia + Registro CRF\" data-balloon-pos=\"up\">Farmac\u00eautico(a) Cl\u00ednico(a)<\/span><\/td>\r\n<td class=\"cvagas\">CR<\/td>\r\n<td class=\"cremuneracao\">R$ 4.250,77 \/40h<\/td>\r\n<\/tr><tr>\r\n<td class=\"ccargos\">\r\n<span data-balloon-length=\"medium\" aria-label=\"Ensino Superior em Medicina + Registro CRM + Especializa\u00e7\u00e3o\" data-balloon-pos=\"up\">M\u00e9dico - Ginecologia e Obstetr\u00edcia<\/span><\/td>\r\n<td class=\"cvagas\">CR<\/td>\r\n<td class=\"cremuneracao\">R$ 8.340,80 \/20h<\/td>\r\n<\/tr><tr>\r\n<td class=\"ccargos\">\r\n<span data-balloon-length=\"medium\" aria-label=\"Gradua\u00e7\u00e3o em Educa\u00e7\u00e3o F\u00edsica + Registro CREF\" data-balloon-pos=\"up\">Profissional de Educa\u00e7\u00e3o F\u00edsica<\/span><\/td>\r\n<td class=\"cvagas\">CR<\/td>\r\n<td class=\"cremuneracao\">R$ 4.250,77 \/40h<\/td>\r\n<\/tr><tr>\r\n<td class=\"ccargos\">\r\n<span data-balloon-length=\"medium\" aria-label=\"Ensino Superior em Farm\u00e1cia ou Bioqu\u00edmica + Registro Profissional\" data-balloon-pos=\"up\">Farmac\u00eautico\/Bioqu\u00edmico<\/span><\/td>\r\n<td class=\"cvagas\">CR<\/td>\r\n<td class=\"cremuneracao\">R$ 2.156,54 \/20h<\/td>\r\n<\/tr><tr>\r\n<td class=\"ccargos\">\r\n<span data-balloon-length=\"medium\" aria-label=\"Ensino Superior em Fonoaudiologia + Registro Profissional\" data-balloon-pos=\"up\">Fonoaudi\u00f3logo<\/span><\/td>\r\n<td class=\"cvagas\">CR<\/td>\r\n<td class=\"cremuneracao\">R$ 2.802,68 \/30h<\/td>\r\n<\/tr><tr>\r\n<td class=\"ccargos\">\r\n<span data-balloon-length=\"medium\" aria-label=\"Ensino Superior em Medicina Veterin\u00e1ria + Registro CRMV\" data-balloon-pos=\"up\">M\u00e9dico Veterin\u00e1rio<\/span><\/td>\r\n<td class=\"cvagas\">CR<\/td>\r\n<td class=\"cremuneracao\">R$ 2.156,54 \/30h<\/td>\r\n<\/tr><tr>\r\n<td class=\"ccargos\">\r\n<span data-balloon-length=\"medium\" aria-label=\"Ensino Superior em Administra\u00e7\u00e3o + Registro Profissional\" data-balloon-pos=\"up\">Administrador<\/span><\/td>\r\n<td class=\"cvagas\">CR<\/td>\r\n<td class=\"cremuneracao\">R$ 2.458,49 \/40h<\/td>\r\n<\/tr><tr>\r\n<td class=\"ccargos\">\r\n<span data-balloon-length=\"medium\" aria-label=\"Ensino Superior em Arquitetura e Urbanismo + Registro CAU\" data-balloon-pos=\"up\">Arquiteto Urbanista<\/span><\/td>\r\n<td class=\"cvagas\">CR<\/td>\r\n<td class=\"cremuneracao\">R$ 2.458,49 \/40h<\/td>\r\n<\/tr><tr>\r\n<td class=\"ccargos\">\r\n<span data-balloon-length=\"medium\" aria-label=\"Ensino Superior em Economia, Direito, Administra\u00e7\u00e3o ou Cont\u00e1beis + Registro\" data-balloon-pos=\"up\">Auditor Fiscal de Tributos<\/span><\/td>\r\n<td class=\"cvagas\">CR<\/td>\r\n<td class=\"cremuneracao\">R$ 2.458,49 \/40h<\/td>\r\n<\/tr><tr>\r\n<td class=\"ccargos\">\r\n<span data-balloon-length=\"medium\" aria-label=\"Ensino Superior em Ci\u00eancias Cont\u00e1beis + Registro CRC\" data-balloon-pos=\"up\">Contador<\/span><\/td>\r\n<td class=\"cvagas\">CR<\/td>\r\n<td class=\"cremuneracao\">R$ 2.458,49 \/30h<\/td>\r\n<\/tr><tr>\r\n<td class=\"ccargos\">\r\n<span data-balloon-length=\"medium\" aria-label=\"Ensino Superior em Administra\u00e7\u00e3o, Cont\u00e1beis, Direito ou Economia + Registro\" data-balloon-pos=\"up\">Gerente Fiscaliza\u00e7\u00e3o<\/span><\/td>\r\n<td class=\"cvagas\">CR<\/td>\r\n<td class=\"cremuneracao\">R$ 2.458,49 \/40h<\/td>\r\n<\/tr><tr>\r\n<td class=\"ccargos\">\r\n<span data-balloon-length=\"medium\" aria-label=\"Ensino Superior em Ci\u00eancias Cont\u00e1beis + Registro Profissional\" data-balloon-pos=\"up\">Auditor P\u00fablico Interno<\/span><\/td>\r\n<td class=\"cvagas\">CR<\/td>\r\n<td class=\"cremuneracao\">R$ 2.458,49 \/40h<\/td>\r\n<\/tr><tr>\r\n<td class=\"ccargos\">\r\n<span data-balloon-length=\"medium\" aria-label=\"Ensino Superior em Agronomia, Eng. Florestal, Eng. Ambiental, Biologia ou Saneamento\" data-balloon-pos=\"up\">Analista Ambiental<\/span><\/td>\r\n<td class=\"cvagas\">CR<\/td>\r\n<td class=\"cremuneracao\">R$ 2.802,68 \/40h<\/td>\r\n<\/tr><tr>\r\n<td class=\"ccargos\">\r\n<span data-balloon-length=\"medium\" aria-label=\"Ensino Superior em Engenharia Agron\u00f4mica + Registro CREA\" data-balloon-pos=\"up\">Engenheiro Agr\u00f4nomo<\/span><\/td>\r\n<td class=\"cvagas\">CR<\/td>\r\n<td class=\"cremuneracao\">R$ 2.802,68 \/40h<\/td>\r\n<\/tr><tr>\r\n<td class=\"ccargos\">\r\n<span data-balloon-length=\"medium\" aria-label=\"Ensino Superior em Engenharia Civil + Registro CREA\" data-balloon-pos=\"up\">Engenheiro Civil<\/span><\/td>\r\n<td class=\"cvagas\">CR<\/td>\r\n<td class=\"cremuneracao\">R$ 2.802,68 \/40h<\/td>\r\n<\/tr><tr>\r\n<td class=\"ccargos\">\r\n<span data-balloon-length=\"medium\" aria-label=\"Ensino Superior em Servi\u00e7o Social + Registro Profissional\" data-balloon-pos=\"up\">Assistente Social Educacional<\/span><\/td>\r\n<td class=\"cvagas\">CR<\/td>\r\n<td class=\"cremuneracao\">R$ 2.802,68 \/40h<\/td>\r\n<\/tr><tr>\r\n<td class=\"ccargos\">\r\n<span data-balloon-length=\"medium\" aria-label=\"Ensino Superior em Psicologia + Registro Profissional\" data-balloon-pos=\"up\">Psic\u00f3logo Educacional<\/span><\/td>\r\n<td class=\"cvagas\">CR<\/td>\r\n<td class=\"cremuneracao\">R$ 2.802,68 \/40h<\/td>\r\n<\/tr><tr>\r\n<td class=\"ccargos\">\r\n<span data-balloon-length=\"medium\" aria-label=\"Ensino Superior em Medicina + Registro CRM + Especializa\u00e7\u00e3o\" data-balloon-pos=\"up\">M\u00e9dico - Cardiologia<\/span><\/td>\r\n<td class=\"cvagas\">CR<\/td>\r\n<td class=\"cremuneracao\">R$ 7.042,55 \/20h<\/td>\r\n<\/tr><tr>\r\n<td class=\"ccargos\">\r\n<span data-balloon-length=\"medium\" aria-label=\"Ensino Superior em Medicina + Registro CRM + Especializa\u00e7\u00e3o\" data-balloon-pos=\"up\">M\u00e9dico - Ortopedia<\/span><\/td>\r\n<td class=\"cvagas\">CR<\/td>\r\n<td class=\"cremuneracao\">R$ 7.042,55 \/20h<\/td>\r\n<\/tr><tr>\r\n<td class=\"ccargos\">\r\n<span data-balloon-length=\"medium\" aria-label=\"Ensino Superior em Medicina + Registro CRM + Especializa\u00e7\u00e3o\" data-balloon-pos=\"up\">M\u00e9dico - Pediatria<\/span><\/td>\r\n<td class=\"cvagas\">CR<\/td>\r\n<td class=\"cremuneracao\">R$ 7.042,55 \/20h<\/td>\r\n<\/tr><tr>\r\n<td class=\"ccargos\">\r\n<span data-balloon-length=\"medium\" aria-label=\"Ensino Superior em Medicina + Registro CRM + Especializa\u00e7\u00e3o\" data-balloon-pos=\"up\">M\u00e9dico - Geriatria<\/span><\/td>\r\n<td class=\"cvagas\">CR<\/td>\r\n<td class=\"cremuneracao\">R$ 7.042,55 \/20h<\/td>\r\n<\/tr><tr>\r\n<td class=\"ccargos\">\r\n<span data-balloon-length=\"medium\" aria-label=\"Ensino Superior em Medicina + Registro CRM + Especializa\u00e7\u00e3o\" data-balloon-pos=\"up\">M\u00e9dico - Radiologia<\/span><\/td>\r\n<td class=\"cvagas\">CR<\/td>\r\n<td class=\"cremuneracao\">R$ 7.042,55 \/20h<\/td>\r\n<\/tr>\r\n    <\/tbody>\r\n  <\/table>\r\n<\/div>"},"_links":{"self":[{"href":"https:\/\/www.agrobase.com.br\/concursos\/wp-json\/wp\/v2\/posts\/280539","targetHints":{"allow":["GET"]}}],"collection":[{"href":"https:\/\/www.agrobase.com.br\/concursos\/wp-json\/wp\/v2\/posts"}],"about":[{"href":"https:\/\/www.agrobase.com.br\/concursos\/wp-json\/wp\/v2\/types\/post"}],"author":[{"embeddable":true,"href":"https:\/\/www.agrobase.com.br\/concursos\/wp-json\/wp\/v2\/users\/7"}],"replies":[{"embeddable":true,"href":"https:\/\/www.agrobase.com.br\/concursos\/wp-json\/wp\/v2\/comments?post=280539"}],"version-history":[{"count":2,"href":"https:\/\/www.agrobase.com.br\/concursos\/wp-json\/wp\/v2\/posts\/280539\/revisions"}],"predecessor-version":[{"id":280543,"href":"https:\/\/www.agrobase.com.br\/concursos\/wp-json\/wp\/v2\/posts\/280539\/revisions\/280543"}],"wp:featuredmedia":[{"embeddable":true,"href":"https:\/\/www.agrobase.com.br\/concursos\/wp-json\/wp\/v2\/media\/280538"}],"wp:attachment":[{"href":"https:\/\/www.agrobase.com.br\/concursos\/wp-json\/wp\/v2\/media?parent=280539"}],"wp:term":[{"taxonomy":"category","embeddable":true,"href":"https:\/\/www.agrobase.com.br\/concursos\/wp-json\/wp\/v2\/categories?post=280539"},{"taxonomy":"post_tag","embeddable":true,"href":"https:\/\/www.agrobase.com.br\/concursos\/wp-json\/wp\/v2\/tags?post=280539"},{"taxonomy":"_amplo","embeddable":true,"href":"https:\/\/www.agrobase.com.br\/concursos\/wp-json\/wp\/v2\/_amplo?post=280539"},{"taxonomy":"destaque","embeddable":true,"href":"https:\/\/www.agrobase.com.br\/concursos\/wp-json\/wp\/v2\/destaque?post=280539"},{"taxonomy":"instituicoes","embeddable":true,"href":"https:\/\/www.agrobase.com.br\/concursos\/wp-json\/wp\/v2\/instituicoes?post=280539"}],"curies":[{"name":"wp","href":"https:\/\/api.w.org\/{rel}","templated":true}]}}