{"id":280435,"date":"2026-04-17T08:10:43","date_gmt":"2026-04-17T11:10:43","guid":{"rendered":"https:\/\/www.agrobase.com.br\/concursos\/?p=280435"},"modified":"2026-04-16T13:14:11","modified_gmt":"2026-04-16T16:14:11","slug":"prefeitura-jaicos-pi-selecao-simplificada-01-2026","status":"publish","type":"post","link":"https:\/\/www.agrobase.com.br\/concursos\/2026\/prefeitura-jaicos-pi-selecao-simplificada-01-2026\/","title":{"rendered":"Prefeitura Jaic\u00f3s (PI) &#8211; Sele\u00e7\u00e3o Simplificada 01\/2026"},"content":{"rendered":"<h2>Informa\u00e7\u00f5es Gerais<\/h2>\n<p>A <strong>Prefeitura Municipal de Jaic\u00f3s, no Piau\u00ed<\/strong>, por meio da Secretaria Municipal de Educa\u00e7\u00e3o, tornou p\u00fablica a abertura do <strong>Processo Seletivo Simplificado<\/strong> destinado \u00e0 contrata\u00e7\u00e3o tempor\u00e1ria de profissionais para suprir necessidades da rede municipal de ensino. O certame \u00e9 regido pela Lei Org\u00e2nica do Munic\u00edpio e pela Lei Municipal n\u00ba 926, de 30 de abril de 2013.<\/p>\n<p>Ao todo, s\u00e3o ofertadas <strong>85 vagas imediatas, al\u00e9m de cadastro reserva (CR)<\/strong>, distribu\u00eddas entre os n\u00edveis <strong>Fundamental Completo, M\u00e9dio e Superior<\/strong>. O regime de contrata\u00e7\u00e3o \u00e9 <strong>tempor\u00e1rio<\/strong>, com remunera\u00e7\u00f5es que variam de <strong>R$ 1.621,00 a R$ 2.565,63<\/strong>.<\/p>\n<p>As oportunidades abrangem cargos como <strong>Auxiliar de Servi\u00e7os Gerais<\/strong>, <strong>Motorista (categorias B e D)<\/strong>, <strong>Monitor de Inclus\u00e3o Escolar<\/strong> e diversas vagas para <strong>Professor<\/strong> em \u00e1reas como Educa\u00e7\u00e3o Infantil, Matem\u00e1tica, Portugu\u00eas, Ingl\u00eas, Hist\u00f3ria, Geografia, Educa\u00e7\u00e3o F\u00edsica e Ci\u00eancias. Destaque para o cargo de <strong>Professor de Ci\u00eancias<\/strong>, que aceita graduados em <strong>Ci\u00eancias da Natureza, Biologia ou Qu\u00edmica<\/strong> \u2014 \u00e1reas de grande interesse para profissionais das ci\u00eancias biol\u00f3gicas e naturais.<\/p>\n<h2>Inscri\u00e7\u00f5es<\/h2>\n<p>As inscri\u00e7\u00f5es para o Processo Seletivo Simplificado da Prefeitura de Jaic\u00f3s-PI ser\u00e3o realizadas <strong>exclusivamente pela internet<\/strong>, por meio do site do <strong>Instituto IBED<\/strong>, no endere\u00e7o <strong>https:\/\/institutoibed.org\/<\/strong>.<\/p>\n<p>O per\u00edodo de inscri\u00e7\u00f5es vai do dia <strong>13 de abril de 2026<\/strong> at\u00e9 o dia <strong>21 de abril de 2026<\/strong>, conforme cronograma previsto no edital.<\/p>\n<p>As <strong>taxas de inscri\u00e7\u00e3o<\/strong> variam de acordo com o n\u00edvel de escolaridade do cargo pretendido:<\/p>\n<ul>\n<li><strong>N\u00edvel Superior:<\/strong> R$ 100,00<\/li>\n<li><strong>N\u00edvel M\u00e9dio:<\/strong> R$ 80,00<\/li>\n<li><strong>N\u00edvel Fundamental:<\/strong> R$ 70,00<\/li>\n<\/ul>\n<p>Para se inscrever, o candidato dever\u00e1 acessar o site do Instituto IBED, preencher o formul\u00e1rio de inscri\u00e7\u00e3o com seus dados pessoais e escolher o cargo desejado. Ap\u00f3s a conclus\u00e3o do cadastro, ser\u00e1 gerado um <strong>boleto banc\u00e1rio<\/strong> para pagamento da taxa de inscri\u00e7\u00e3o. O pagamento do boleto \u00e9 indispens\u00e1vel para a efetiva\u00e7\u00e3o da inscri\u00e7\u00e3o.<\/p>\n<p>Recomenda-se que o candidato acompanhe o status da sua inscri\u00e7\u00e3o diretamente no site da organizadora, verificando se o pagamento foi confirmado e se a inscri\u00e7\u00e3o foi deferida.<\/p>\n<p>Para informa\u00e7\u00f5es completas sobre procedimentos de inscri\u00e7\u00e3o, possibilidade de isen\u00e7\u00e3o da taxa e demais orienta\u00e7\u00f5es, consulte o <strong>edital na \u00edntegra<\/strong> no site do Instituto IBED.<\/p>\n<h2>Etapas e Provas<\/h2>\n<p>O Processo Seletivo Simplificado da Prefeitura de Jaic\u00f3s-PI ser\u00e1 composto por uma \u00fanica etapa de avalia\u00e7\u00e3o:<\/p>\n<ul>\n<li><strong>Prova Objetiva<\/strong> \u2014 de car\u00e1ter <strong>eliminat\u00f3rio e classificat\u00f3rio<\/strong>\n<ul>\n<li><strong>Data prevista de aplica\u00e7\u00e3o:<\/strong> 03 de maio de 2026<\/li>\n<li><strong>Turno:<\/strong> tarde, das 14h00 \u00e0s 17h30<\/li>\n<li><strong>Dura\u00e7\u00e3o:<\/strong> 3 horas e 30 minutos<\/li>\n<li><strong>Formato:<\/strong> quest\u00f5es objetivas (m\u00faltipla escolha)<\/li>\n<li><strong>Aplic\u00e1vel a:<\/strong> todos os cargos ofertados (n\u00edveis Fundamental, M\u00e9dio e Superior)<\/li>\n<\/ul>\n<\/li>\n<\/ul>\n<p>A prova objetiva avaliar\u00e1 os conhecimentos dos candidatos em disciplinas compat\u00edveis com o n\u00edvel de escolaridade e a \u00e1rea de atua\u00e7\u00e3o de cada cargo. O conte\u00fado program\u00e1tico detalhado, a quantidade de quest\u00f5es por disciplina, a pontua\u00e7\u00e3o total e os crit\u00e9rios de aprova\u00e7\u00e3o (nota m\u00ednima) est\u00e3o descritos no edital completo.<\/p>\n<p>Para obter informa\u00e7\u00f5es sobre o <strong>conte\u00fado program\u00e1tico completo<\/strong>, crit\u00e9rios de pontua\u00e7\u00e3o e demais detalhes sobre a aplica\u00e7\u00e3o da prova, consulte o edital na \u00edntegra dispon\u00edvel no site do Instituto IBED (<strong>https:\/\/institutoibed.org\/<\/strong>).<\/p>\n<h2>Resultados e Gabarito<\/h2>\n<p>Os resultados do Processo Seletivo Simplificado da Prefeitura de Jaic\u00f3s-PI ser\u00e3o divulgados por meio do <strong>Di\u00e1rio Oficial do Munic\u00edpio<\/strong> e do site do Instituto IBED (<strong>https:\/\/institutoibed.org\/<\/strong>).<\/p>\n<p>Conforme o cronograma previsto no edital, a divulga\u00e7\u00e3o do <strong>resultado final das provas objetivas<\/strong> e o envio ao Di\u00e1rio Oficial est\u00e3o previstos para o dia <strong>22 de maio de 2026<\/strong>.<\/p>\n<p>O candidato dever\u00e1 acompanhar todas as publica\u00e7\u00f5es referentes ao certame nos canais oficiais indicados, incluindo:<\/p>\n<ul>\n<li>Gabarito preliminar e gabarito definitivo da prova objetiva<\/li>\n<li>Resultado preliminar e resultado definitivo<\/li>\n<li>Classifica\u00e7\u00e3o final e homologa\u00e7\u00e3o do processo seletivo<\/li>\n<\/ul>\n<p>A <strong>homologa\u00e7\u00e3o<\/strong> \u00e9 o ato administrativo que oficializa o encerramento do processo seletivo e valida a lista final de aprovados, autorizando a convoca\u00e7\u00e3o dos candidatos para contrata\u00e7\u00e3o tempor\u00e1ria conforme a necessidade da Secretaria Municipal de Educa\u00e7\u00e3o.<\/p>\n<p>Os crit\u00e9rios de classifica\u00e7\u00e3o final e de desempate entre candidatos com a mesma pontua\u00e7\u00e3o est\u00e3o detalhados no edital completo, devendo o candidato consult\u00e1-lo para conhecer todas as regras aplic\u00e1veis.<\/p>\n<p><strong>Aten\u00e7\u00e3o:<\/strong> o acompanhamento de todas as etapas, publica\u00e7\u00f5es, convoca\u00e7\u00f5es e prazos do processo seletivo \u00e9 de <strong>responsabilidade exclusiva do candidato<\/strong>. Mantenha seus dados atualizados e consulte regularmente o site do Instituto IBED e o Di\u00e1rio Oficial do Munic\u00edpio de Jaic\u00f3s-PI para n\u00e3o perder nenhuma informa\u00e7\u00e3o importante.<\/p>\n","protected":false},"excerpt":{"rendered":"<p>Sel. Simplificada Pref. Jaic\u00f3s (PI) com edital publicado! Vagas p\/ Professor e Aux. Serv. Gerais (Fund. a Sup.). Inscri\u00e7\u00f5es a partir de 13\/04. Confira detalhes!<\/p>\n","protected":false},"author":7,"featured_media":280434,"comment_status":"open","ping_status":"open","sticky":false,"template":"","format":"standard","meta":{"_acf_changed":false,"_breakdance_hide_in_design_set":false,"_breakdance_tags":"","footnotes":""},"categories":[6433,6434,111,100,20,6871,116,25,6435],"tags":[55],"_amplo":[],"destaque":[],"instituicoes":[],"class_list":["post-280435","post","type-post","status-publish","format-standard","has-post-thumbnail","hentry","category-biologia-licenciatura","category-educacao-fisica-licenciatura","category-geografia","category-historia","category-letras","category-letras-ingles","category-matematica","category-pedagogia","category-quimica-licenciatura","tag-piaui"],"acf":{"_tipo_vagas":"vagas","_numero_vagas":"","_quadro_vagas":"","_cargos":"diversos","_cargos_especificos":"","_salario_max":"R$ 2565.63","_abertura":"20260413","_encerramento":"20260421","_inscricoes":"https:\/\/institutoibed.org\/","_executora_concurso":"","_instituicao_concurso":[],"_link_adicional":null,"_anexos":null,"_produtos":null,"_vagas":"85 vagas + CR","_salario_min":"R$ 1621","_instituicao":"Prefeitura de Jaic\u00f3s","_edital":"https:\/\/www.agrobase.com.br\/concursos\/wp-content\/uploads\/sites\/4\/2026\/04\/edital-01-2026-da-prefeitura-de-jaicos-pi.pdf","_anexos_edital":"","_fund_incompleto":"","_fund_completo":"<div>\r\n<table class=\"quadro\">\r\n<thead>\r\n<tr>\r\n<th class=\"hcargo\">Cargo<\/th>\r\n<th class=\"hvagas\">Vagas<\/th>\r\n<th class=\"hremuneracao\">Remunera\u00e7\u00e3o<\/th>\r\n<\/tr>\r\n<\/thead>\r\n    <tbody>\r\n      <td class=\"ccargos\">\r\n<span data-balloon-length=\"medium\" aria-label=\"Ensino Fundamental\" data-balloon-pos=\"up\">Auxiliar de Servi\u00e7os Gerais<\/span><\/td>\r\n<td class=\"cvagas\">15 + CR<\/td>\r\n<td class=\"cremuneracao\">R$ 1.621,00 \/40h<\/td>\r\n<\/tr><td class=\"ccargos\">\r\n<span data-balloon-length=\"medium\" aria-label=\"Ensino Fundamental\" data-balloon-pos=\"up\">Motorista - CNH B<\/span><\/td>\r\n<td class=\"cvagas\">02 + CR<\/td>\r\n<td class=\"cremuneracao\">R$ 1.621,00 \/40h<\/td>\r\n<\/tr><td class=\"ccargos\">\r\n<span data-balloon-length=\"medium\" aria-label=\"Ensino Fundamental\" data-balloon-pos=\"up\">Motorista - CNH D<\/span><\/td>\r\n<td class=\"cvagas\">09 + CR<\/td>\r\n<td class=\"cremuneracao\">R$ 1.621,00 \/40h<\/td>\r\n<\/tr>\r\n    <\/tbody>\r\n  <\/table>\r\n<\/div>","_medio":"<div>\r\n<table class=\"quadro\">\r\n<thead>\r\n<tr>\r\n<th class=\"hcargo\">Cargo<\/th>\r\n<th class=\"hvagas\">Vagas<\/th>\r\n<th class=\"hremuneracao\">Remunera\u00e7\u00e3o<\/th>\r\n<\/tr>\r\n<\/thead>\r\n    <tbody>\r\n      <td class=\"ccargos\">\r\n<span data-balloon-length=\"medium\" aria-label=\"Ensino M\u00e9dio\" data-balloon-pos=\"up\">Monitor de Inclus\u00e3o Escolar<\/span><\/td>\r\n<td class=\"cvagas\">08 + CR<\/td>\r\n<td class=\"cremuneracao\">R$ 1.621,00 \/40h<\/td>\r\n<\/tr>\r\n    <\/tbody>\r\n  <\/table>\r\n<\/div>","_superior":"<div>\r\n<table class=\"quadro\">\r\n<thead>\r\n<tr>\r\n<th class=\"hcargo\">Cargo<\/th>\r\n<th class=\"hvagas\">Vagas<\/th>\r\n<th class=\"hremuneracao\">Remunera\u00e7\u00e3o<\/th>\r\n<\/tr>\r\n<\/thead>\r\n    <tbody>\r\n      <tr>\r\n<td class=\"ccargos\">\r\n<span data-balloon-length=\"medium\" aria-label=\"Licenciatura Plena em Pedagogia ou Normal Superior\" data-balloon-pos=\"up\">Professor - Educa\u00e7\u00e3o Infantil<\/span><\/td>\r\n<td class=\"cvagas\">20 + CR<\/td>\r\n<td class=\"cremuneracao\">R$ 2.565,63 \/20h<\/td>\r\n<\/tr><tr>\r\n<td class=\"ccargos\">\r\n<span data-balloon-length=\"medium\" aria-label=\"Licenciatura Plena em Ci\u00eancias da natureza, Biologia ou Qu\u00edmica\" data-balloon-pos=\"up\">Professor - Ci\u00eancias<\/span><\/td>\r\n<td class=\"cvagas\">02 + CR<\/td>\r\n<td class=\"cremuneracao\">R$ 2.565,63 \/20h<\/td>\r\n<\/tr><tr>\r\n<td class=\"ccargos\">\r\n<span data-balloon-length=\"medium\" aria-label=\"Licenciatura Plena em Educa\u00e7\u00e3o F\u00edsica + Registro no Conselho de Classe\" data-balloon-pos=\"up\">Professor - Educa\u00e7\u00e3o F\u00edsica<\/span><\/td>\r\n<td class=\"cvagas\">01 + CR<\/td>\r\n<td class=\"cremuneracao\">R$ 2.565,63 \/20h<\/td>\r\n<\/tr><tr>\r\n<td class=\"ccargos\">\r\n<span data-balloon-length=\"medium\" aria-label=\"Licenciatura Plena em Geografia\" data-balloon-pos=\"up\">Professor - Geografia<\/span><\/td>\r\n<td class=\"cvagas\">01 + CR<\/td>\r\n<td class=\"cremuneracao\">R$ 2.565,63 \/20h<\/td>\r\n<\/tr><tr>\r\n<td class=\"ccargos\">\r\n<span data-balloon-length=\"medium\" aria-label=\"Licenciatura Plena em Hist\u00f3ria\" data-balloon-pos=\"up\">Professor - Hist\u00f3ria<\/span><\/td>\r\n<td class=\"cvagas\">01 + CR<\/td>\r\n<td class=\"cremuneracao\">R$ 2.565,63 \/20h<\/td>\r\n<\/tr><tr>\r\n<td class=\"ccargos\">\r\n<span data-balloon-length=\"medium\" aria-label=\"Licenciatura Plena em Letras Inglesa\" data-balloon-pos=\"up\">Professor - Ingl\u00eas<\/span><\/td>\r\n<td class=\"cvagas\">02 + CR<\/td>\r\n<td class=\"cremuneracao\">R$ 2.565,63 \/20h<\/td>\r\n<\/tr><tr>\r\n<td class=\"ccargos\">\r\n<span data-balloon-length=\"medium\" aria-label=\"Licenciatura Plena em Matem\u00e1tica\" data-balloon-pos=\"up\">Professor - Matem\u00e1tica<\/span><\/td>\r\n<td class=\"cvagas\">05 + CR<\/td>\r\n<td class=\"cremuneracao\">R$ 2.565,63 \/20h<\/td>\r\n<\/tr><tr>\r\n<td class=\"ccargos\">\r\n<span data-balloon-length=\"medium\" aria-label=\"Licenciatura Plena em Letras Portuguesa\" data-balloon-pos=\"up\">Professor - Portugu\u00eas<\/span><\/td>\r\n<td class=\"cvagas\">06 + CR<\/td>\r\n<td class=\"cremuneracao\">R$ 2.565,63 \/20h<\/td>\r\n<\/tr><tr>\r\n<td class=\"ccargos\">\r\n<span data-balloon-length=\"medium\" aria-label=\"Licenciatura Plena Pedagogia\" data-balloon-pos=\"up\">Professor - Substituto Ensino Fundamental Anos Iniciais<\/span><\/td>\r\n<td class=\"cvagas\">20 + CR<\/td>\r\n<td class=\"cremuneracao\">R$ 2.565,63 \/20h<\/td>\r\n<\/tr>\r\n    <\/tbody>\r\n  <\/table>\r\n<\/div>"},"_links":{"self":[{"href":"https:\/\/www.agrobase.com.br\/concursos\/wp-json\/wp\/v2\/posts\/280435","targetHints":{"allow":["GET"]}}],"collection":[{"href":"https:\/\/www.agrobase.com.br\/concursos\/wp-json\/wp\/v2\/posts"}],"about":[{"href":"https:\/\/www.agrobase.com.br\/concursos\/wp-json\/wp\/v2\/types\/post"}],"author":[{"embeddable":true,"href":"https:\/\/www.agrobase.com.br\/concursos\/wp-json\/wp\/v2\/users\/7"}],"replies":[{"embeddable":true,"href":"https:\/\/www.agrobase.com.br\/concursos\/wp-json\/wp\/v2\/comments?post=280435"}],"version-history":[{"count":2,"href":"https:\/\/www.agrobase.com.br\/concursos\/wp-json\/wp\/v2\/posts\/280435\/revisions"}],"predecessor-version":[{"id":280440,"href":"https:\/\/www.agrobase.com.br\/concursos\/wp-json\/wp\/v2\/posts\/280435\/revisions\/280440"}],"wp:featuredmedia":[{"embeddable":true,"href":"https:\/\/www.agrobase.com.br\/concursos\/wp-json\/wp\/v2\/media\/280434"}],"wp:attachment":[{"href":"https:\/\/www.agrobase.com.br\/concursos\/wp-json\/wp\/v2\/media?parent=280435"}],"wp:term":[{"taxonomy":"category","embeddable":true,"href":"https:\/\/www.agrobase.com.br\/concursos\/wp-json\/wp\/v2\/categories?post=280435"},{"taxonomy":"post_tag","embeddable":true,"href":"https:\/\/www.agrobase.com.br\/concursos\/wp-json\/wp\/v2\/tags?post=280435"},{"taxonomy":"_amplo","embeddable":true,"href":"https:\/\/www.agrobase.com.br\/concursos\/wp-json\/wp\/v2\/_amplo?post=280435"},{"taxonomy":"destaque","embeddable":true,"href":"https:\/\/www.agrobase.com.br\/concursos\/wp-json\/wp\/v2\/destaque?post=280435"},{"taxonomy":"instituicoes","embeddable":true,"href":"https:\/\/www.agrobase.com.br\/concursos\/wp-json\/wp\/v2\/instituicoes?post=280435"}],"curies":[{"name":"wp","href":"https:\/\/api.w.org\/{rel}","templated":true}]}}