{"id":280372,"date":"2026-04-16T08:00:33","date_gmt":"2026-04-16T11:00:33","guid":{"rendered":"https:\/\/www.agrobase.com.br\/concursos\/?p=280372"},"modified":"2026-04-15T13:16:26","modified_gmt":"2026-04-15T16:16:26","slug":"prefeitura-esteio-rs-concurso-01-2026","status":"publish","type":"post","link":"https:\/\/www.agrobase.com.br\/concursos\/2026\/prefeitura-esteio-rs-concurso-01-2026\/","title":{"rendered":"Prefeitura Esteio (RS) &#8211; Concurso 01\/2026"},"content":{"rendered":"<h2>Informa\u00e7\u00f5es Gerais<\/h2>\n<p>O <strong>Concurso P\u00fablico da Prefeitura Municipal de Esteio \u2013 RS<\/strong> est\u00e1 com edital publicado para forma\u00e7\u00e3o de <strong>cadastro de reserva (CR)<\/strong> em 14 cargos da \u00e1rea do Magist\u00e9rio P\u00fablico Municipal. O certame \u00e9 organizado pela <strong>Funda\u00e7\u00e3o La Salle<\/strong> e destina-se ao provimento de vagas sob <strong>Regime Estatut\u00e1rio<\/strong>, conforme legisla\u00e7\u00e3o municipal vigente.<\/p>\n<p>Todas as oportunidades s\u00e3o de <strong>n\u00edvel superior<\/strong>, exigindo Licenciatura Plena na respectiva \u00e1rea de atua\u00e7\u00e3o. As remunera\u00e7\u00f5es variam de <strong>R$ 3.102,52<\/strong> (carga hor\u00e1ria de 24h semanais) a <strong>R$ 4.940,94<\/strong> (carga hor\u00e1ria de 36h semanais), a depender do cargo escolhido.<\/p>\n<p>As vagas abrangem diversas disciplinas do magist\u00e9rio, incluindo Professor de Anos Iniciais, Educa\u00e7\u00e3o Infantil, Educa\u00e7\u00e3o F\u00edsica, Artes, M\u00fasica, Matem\u00e1tica, Portugu\u00eas, Ingl\u00eas, Espanhol, Filosofia, Geografia, Hist\u00f3ria, Libras e <strong>Professor de Ci\u00eancias<\/strong> \u2014 cargo que exige <strong>Licenciatura Plena em Ci\u00eancias Biol\u00f3gicas ou Biologia<\/strong>, \u00e1rea de grande interesse para profissionais das ci\u00eancias da vida.<\/p>\n<p>O processo seletivo contar\u00e1 com Provas Objetivas, Provas de Desempenho Did\u00e1tico, Provas de T\u00edtulos e Avalia\u00e7\u00e3o Psicol\u00f3gica.<\/p>\n<h2>Inscri\u00e7\u00f5es<\/h2>\n<p>As inscri\u00e7\u00f5es para o Concurso P\u00fablico da Prefeitura de Esteio \u2013 RS estar\u00e3o abertas <strong>das 09h do dia 09 de abril de 2026 at\u00e9 as 17h do dia 04 de maio de 2026<\/strong>, exclusivamente pela internet.<\/p>\n<p>Para se inscrever, o candidato dever\u00e1 acessar o site da <strong>Funda\u00e7\u00e3o La Salle<\/strong> no endere\u00e7o <strong>fundacaolasalle.org.br\/concursos<\/strong>, localizar o link espec\u00edfico deste edital e preencher todas as informa\u00e7\u00f5es solicitadas, incluindo a escolha do cargo pretendido e, se for o caso, a op\u00e7\u00e3o pelo modo de acesso como Pessoa Com Defici\u00eancia.<\/p>\n<p>O valor da taxa de inscri\u00e7\u00e3o \u00e9 de <strong>R$ 150,00<\/strong> para todos os cargos (n\u00edvel superior). O pagamento dever\u00e1 ser efetuado por meio de boleto banc\u00e1rio dentro do prazo estabelecido no edital.<\/p>\n<p>Candidatos que se enquadrem nos crit\u00e9rios previstos na <strong>Lei Municipal n\u00ba 6.237\/2015<\/strong> poder\u00e3o solicitar isen\u00e7\u00e3o da taxa de inscri\u00e7\u00e3o. Recomenda-se a leitura atenta do edital para verificar os requisitos, os documentos necess\u00e1rios e o prazo para o pedido de isen\u00e7\u00e3o.<\/p>\n<p>Ap\u00f3s a inscri\u00e7\u00e3o, \u00e9 fundamental que o candidato acompanhe o status do seu cadastro e a confirma\u00e7\u00e3o do pagamento diretamente no site da Funda\u00e7\u00e3o La Salle, na \u00e1rea restrita do candidato.<\/p>\n<h2>Etapas e Provas<\/h2>\n<p>O Concurso P\u00fablico da Prefeitura de Esteio \u2013 RS ser\u00e1 composto por <strong>quatro etapas<\/strong>, aplic\u00e1veis a todos os cargos. Confira abaixo o detalhamento de cada uma:<\/p>\n<ul>\n<li><strong>Prova Objetiva<\/strong> \u2014 Car\u00e1ter <strong>eliminat\u00f3rio e classificat\u00f3rio<\/strong>. Ser\u00e1 aplicada a todos os cargos, com data prov\u00e1vel de realiza\u00e7\u00e3o em <strong>21 de junho de 2026<\/strong>. A prova avaliar\u00e1 os conhecimentos do candidato por meio de quest\u00f5es de m\u00faltipla escolha, abrangendo disciplinas e conte\u00fados definidos no edital. Consulte o conte\u00fado program\u00e1tico completo no documento oficial.<\/li>\n<li><strong>Prova de Desempenho Did\u00e1tico<\/strong> \u2014 Car\u00e1ter <strong>eliminat\u00f3rio e classificat\u00f3rio<\/strong>. Aplicada a todos os cargos, com datas prov\u00e1veis de realiza\u00e7\u00e3o em <strong>25 e 26 de julho, 01 e 02 de agosto e\/ou 08 e 09 de agosto de 2026<\/strong>. Nesta etapa, o candidato dever\u00e1 demonstrar suas compet\u00eancias pedag\u00f3gicas e did\u00e1ticas em situa\u00e7\u00e3o pr\u00e1tica de ensino.<\/li>\n<li><strong>Prova de T\u00edtulos<\/strong> \u2014 Car\u00e1ter exclusivamente <strong>classificat\u00f3rio<\/strong>. Aplicada a todos os cargos, permite ao candidato pontuar com base em sua forma\u00e7\u00e3o acad\u00eamica e qualifica\u00e7\u00f5es complementares, conforme crit\u00e9rios estabelecidos no edital.<\/li>\n<li><strong>Avalia\u00e7\u00e3o Psicol\u00f3gica<\/strong> \u2014 Car\u00e1ter <strong>eliminat\u00f3rio<\/strong>. Aplicada a todos os cargos, tem como objetivo verificar a aptid\u00e3o psicol\u00f3gica do candidato para o exerc\u00edcio das atribui\u00e7\u00f5es do cargo.<\/li>\n<\/ul>\n<p>Para informa\u00e7\u00f5es completas sobre pontua\u00e7\u00e3o total, crit\u00e9rios de aprova\u00e7\u00e3o, nota m\u00ednima em cada etapa e conte\u00fado program\u00e1tico detalhado, consulte o edital oficial do concurso e o cronograma atualizado no site da Funda\u00e7\u00e3o La Salle.<\/p>\n<h2>Resultados e Gabarito<\/h2>\n<p>A divulga\u00e7\u00e3o dos resultados do Concurso P\u00fablico da Prefeitura de Esteio \u2013 RS seguir\u00e1 o cronograma previsto no edital. Ap\u00f3s a aplica\u00e7\u00e3o das Provas Objetivas, ser\u00e1 publicado o <strong>gabarito preliminar<\/strong>, seguido do per\u00edodo para interposi\u00e7\u00e3o de recursos. Na sequ\u00eancia, ser\u00e1 divulgado o <strong>gabarito definitivo<\/strong> e os resultados preliminares desta etapa.<\/p>\n<p>Os resultados de cada fase \u2014 Prova Objetiva, Prova de Desempenho Did\u00e1tico, Prova de T\u00edtulos e Avalia\u00e7\u00e3o Psicol\u00f3gica \u2014 ser\u00e3o divulgados de forma progressiva, sempre com abertura de prazo recursal antes da publica\u00e7\u00e3o dos resultados definitivos de cada etapa.<\/p>\n<p>A <strong>classifica\u00e7\u00e3o final<\/strong> dos candidatos aprovados ser\u00e1 organizada em <strong>ordem decrescente da nota final<\/strong> obtida no concurso, considerando o somat\u00f3rio das pontua\u00e7\u00f5es de todas as etapas, conforme pesos e crit\u00e9rios definidos no edital. Em caso de empate, ser\u00e3o aplicados os crit\u00e9rios de desempate previstos no documento oficial.<\/p>\n<p>A publica\u00e7\u00e3o do <strong>Edital de Homologa\u00e7\u00e3o dos resultados finais<\/strong>, com a classifica\u00e7\u00e3o definitiva por cargo e modo de acesso, est\u00e1 prevista para <strong>03 de setembro de 2026<\/strong>. A homologa\u00e7\u00e3o representa o ato oficial que valida todo o processo seletivo e autoriza a convoca\u00e7\u00e3o dos aprovados conforme a necessidade da administra\u00e7\u00e3o municipal.<\/p>\n<p>Todos os resultados, editais complementares e avisos ser\u00e3o publicados no site da <strong>Funda\u00e7\u00e3o La Salle<\/strong> (<strong>fundacaolasalle.org.br\/concursos<\/strong>) e nos canais oficiais da <strong>Prefeitura Municipal de Esteio<\/strong>. A validade do concurso e a possibilidade de prorroga\u00e7\u00e3o seguir\u00e3o o disposto na legisla\u00e7\u00e3o municipal e no edital de abertura.<\/p>\n<p><strong>Aten\u00e7\u00e3o:<\/strong> o acompanhamento de todas as publica\u00e7\u00f5es, prazos, convoca\u00e7\u00f5es e demais comunicados referentes a este concurso \u00e9 de <strong>responsabilidade exclusiva do candidato<\/strong>. Mantenha seus dados atualizados e consulte regularmente os canais oficiais de divulga\u00e7\u00e3o.<\/p>\n","protected":false},"excerpt":{"rendered":"<p>Concurso Pref. Esteio (RS) com edital publicado! Vagas p\/ Professores (Superior). Inscri\u00e7\u00f5es a partir de 09\/04. Sal\u00e1rios at\u00e9 R$ 4.9k. Confira detalhes!<\/p>\n","protected":false},"author":7,"featured_media":280371,"comment_status":"open","ping_status":"open","sticky":false,"template":"","format":"standard","meta":{"_acf_changed":false,"_breakdance_hide_in_design_set":false,"_breakdance_tags":"","footnotes":""},"categories":[6433,141,6434,112,111,100,20,6872,6871,116,119,25,6435],"tags":[58],"_amplo":[],"destaque":[],"instituicoes":[],"class_list":["post-280372","post","type-post","status-publish","format-standard","has-post-thumbnail","hentry","category-biologia-licenciatura","category-educacao-artistica","category-educacao-fisica-licenciatura","category-filosofia","category-geografia","category-historia","category-letras","category-letras-espanhol","category-letras-ingles","category-matematica","category-musica","category-pedagogia","category-quimica-licenciatura","tag-rio-grande-sul"],"acf":{"_tipo_vagas":"vagas","_numero_vagas":"","_quadro_vagas":"","_cargos":"diversos","_cargos_especificos":"","_salario_max":"R$ 4940.94","_abertura":"20260409","_encerramento":"20260504","_inscricoes":"https:\/\/fundacaolasalle.org.br\/concursos","_executora_concurso":"","_instituicao_concurso":[],"_link_adicional":null,"_anexos":null,"_produtos":null,"_vagas":"Cadastro Reserva","_salario_min":"R$ 3102.52","_instituicao":"Prefeitura de Esteio","_edital":"https:\/\/www.agrobase.com.br\/concursos\/wp-content\/uploads\/sites\/4\/2026\/04\/edital-01-2026-da-prefeitura-de-esteio-rs.pdf","_anexos_edital":"https:\/\/www.agrobase.com.br\/concursos\/wp-content\/uploads\/sites\/4\/2026\/04\/anexos-edital-01-2026-da-prefeitura-de-esteio-rs.pdf","_fund_incompleto":"","_fund_completo":"","_medio":"","_superior":"<div>\r\n<table class=\"quadro\">\r\n<thead>\r\n<tr>\r\n<th class=\"hcargo\">Cargo<\/th>\r\n<th class=\"hvagas\">Vagas<\/th>\r\n<th class=\"hremuneracao\">Remunera\u00e7\u00e3o<\/th>\r\n<\/tr>\r\n<\/thead>\r\n    <tbody>\r\n      <tr>\r\n<td class=\"ccargos\">\r\n<span data-balloon-length=\"medium\" aria-label=\"Ensino Superior Completo com Licenciatura Plena em Pedagogia ou Curso Normal Superior\" data-balloon-pos=\"up\">Professor de Anos Iniciais<\/span><\/td>\r\n<td class=\"cvagas\">CR<\/td>\r\n<td class=\"cremuneracao\">R$ 3.102,52 \/24h<\/td>\r\n<\/tr><tr>\r\n<td class=\"ccargos\">\r\n<span data-balloon-length=\"medium\" aria-label=\"Ensino Superior Completo com Licenciatura Plena em Artes\" data-balloon-pos=\"up\">Professor de Artes<\/span><\/td>\r\n<td class=\"cvagas\">CR<\/td>\r\n<td class=\"cremuneracao\">R$ 3.102,52 \/24h<\/td>\r\n<\/tr><tr>\r\n<td class=\"ccargos\">\r\n<span data-balloon-length=\"medium\" aria-label=\"Ensino Superior Completo com Licenciatura Plena em Ci\u00eancias Biol\u00f3gicas ou Biologia\" data-balloon-pos=\"up\">Professor de Ci\u00eancias<\/span><\/td>\r\n<td class=\"cvagas\">CR<\/td>\r\n<td class=\"cremuneracao\">R$ 3.102,52 \/24h<\/td>\r\n<\/tr><tr>\r\n<td class=\"ccargos\">\r\n<span data-balloon-length=\"medium\" aria-label=\"Ensino Superior Completo com Licenciatura Plena em Educa\u00e7\u00e3o F\u00edsica e registro no conselho de classe\" data-balloon-pos=\"up\">Professor de Educa\u00e7\u00e3o F\u00edsica<\/span><\/td>\r\n<td class=\"cvagas\">CR<\/td>\r\n<td class=\"cremuneracao\">R$ 3.102,52 \/24h<\/td>\r\n<\/tr><tr>\r\n<td class=\"ccargos\">\r\n<span data-balloon-length=\"medium\" aria-label=\"Ensino Superior Completo com Licenciatura Plena em Pedagogia ou Curso Normal Superior\" data-balloon-pos=\"up\">Professor de Educa\u00e7\u00e3o Infantil<\/span><\/td>\r\n<td class=\"cvagas\">CR<\/td>\r\n<td class=\"cremuneracao\">R$ 4.940,94 \/36h<\/td>\r\n<\/tr><tr>\r\n<td class=\"ccargos\">\r\n<span data-balloon-length=\"medium\" aria-label=\"Ensino Superior Completo com Licenciatura Plena em Letras com habilita\u00e7\u00e3o em Espanhol\" data-balloon-pos=\"up\">Professor de Espanhol<\/span><\/td>\r\n<td class=\"cvagas\">CR<\/td>\r\n<td class=\"cremuneracao\">R$ 3.102,52 \/24h<\/td>\r\n<\/tr><tr>\r\n<td class=\"ccargos\">\r\n<span data-balloon-length=\"medium\" aria-label=\"Ensino Superior Completo com Licenciatura Plena em Filosofia\" data-balloon-pos=\"up\">Professor de Filosofia<\/span><\/td>\r\n<td class=\"cvagas\">CR<\/td>\r\n<td class=\"cremuneracao\">R$ 3.102,52 \/24h<\/td>\r\n<\/tr><tr>\r\n<td class=\"ccargos\">\r\n<span data-balloon-length=\"medium\" aria-label=\"Ensino Superior Completo com Licenciatura Plena em Geografia\" data-balloon-pos=\"up\">Professor de Geografia<\/span><\/td>\r\n<td class=\"cvagas\">CR<\/td>\r\n<td class=\"cremuneracao\">R$ 3.102,52 \/24h<\/td>\r\n<\/tr><tr>\r\n<td class=\"ccargos\">\r\n<span data-balloon-length=\"medium\" aria-label=\"Ensino Superior Completo com Licenciatura Plena em Hist\u00f3ria\" data-balloon-pos=\"up\">Professor de Hist\u00f3ria<\/span><\/td>\r\n<td class=\"cvagas\">CR<\/td>\r\n<td class=\"cremuneracao\">R$ 3.102,52 \/24h<\/td>\r\n<\/tr><tr>\r\n<td class=\"ccargos\">\r\n<span data-balloon-length=\"medium\" aria-label=\"Ensino Superior Completo com Licenciatura Plena em Letras com habilita\u00e7\u00e3o em Ingl\u00eas\" data-balloon-pos=\"up\">Professor de Ingl\u00eas<\/span><\/td>\r\n<td class=\"cvagas\">CR<\/td>\r\n<td class=\"cremuneracao\">R$ 3.102,52 \/24h<\/td>\r\n<\/tr><tr>\r\n<td class=\"ccargos\">\r\n<span data-balloon-length=\"medium\" aria-label=\"Ensino Superior Completo com Licenciatura Plena em Letras\/Libras ou Pedagogia com especializa\u00e7\u00e3o em Libras\" data-balloon-pos=\"up\">Professor de Libras<\/span><\/td>\r\n<td class=\"cvagas\">CR<\/td>\r\n<td class=\"cremuneracao\">R$ 3.102,52 \/24h<\/td>\r\n<\/tr><tr>\r\n<td class=\"ccargos\">\r\n<span data-balloon-length=\"medium\" aria-label=\"Ensino Superior Completo com Licenciatura Plena em Matem\u00e1tica\" data-balloon-pos=\"up\">Professor de Matem\u00e1tica<\/span><\/td>\r\n<td class=\"cvagas\">CR<\/td>\r\n<td class=\"cremuneracao\">R$ 3.102,52 \/24h<\/td>\r\n<\/tr><tr>\r\n<td class=\"ccargos\">\r\n<span data-balloon-length=\"medium\" aria-label=\"Ensino Superior Completo com Licenciatura Plena em M\u00fasica\" data-balloon-pos=\"up\">Professor de M\u00fasica<\/span><\/td>\r\n<td class=\"cvagas\">CR<\/td>\r\n<td class=\"cremuneracao\">R$ 3.102,52 \/24h<\/td>\r\n<\/tr><tr>\r\n<td class=\"ccargos\">\r\n<span data-balloon-length=\"medium\" aria-label=\"Ensino Superior Completo com Licenciatura Plena em Letras com habilita\u00e7\u00e3o em L\u00edngua Portuguesa\" data-balloon-pos=\"up\">Professor de Portugu\u00eas<\/span><\/td>\r\n<td class=\"cvagas\">CR<\/td>\r\n<td class=\"cremuneracao\">R$ 3.102,52 \/24h<\/td>\r\n<\/tr>\r\n    <\/tbody>\r\n  <\/table>\r\n<\/div>"},"_links":{"self":[{"href":"https:\/\/www.agrobase.com.br\/concursos\/wp-json\/wp\/v2\/posts\/280372","targetHints":{"allow":["GET"]}}],"collection":[{"href":"https:\/\/www.agrobase.com.br\/concursos\/wp-json\/wp\/v2\/posts"}],"about":[{"href":"https:\/\/www.agrobase.com.br\/concursos\/wp-json\/wp\/v2\/types\/post"}],"author":[{"embeddable":true,"href":"https:\/\/www.agrobase.com.br\/concursos\/wp-json\/wp\/v2\/users\/7"}],"replies":[{"embeddable":true,"href":"https:\/\/www.agrobase.com.br\/concursos\/wp-json\/wp\/v2\/comments?post=280372"}],"version-history":[{"count":2,"href":"https:\/\/www.agrobase.com.br\/concursos\/wp-json\/wp\/v2\/posts\/280372\/revisions"}],"predecessor-version":[{"id":280376,"href":"https:\/\/www.agrobase.com.br\/concursos\/wp-json\/wp\/v2\/posts\/280372\/revisions\/280376"}],"wp:featuredmedia":[{"embeddable":true,"href":"https:\/\/www.agrobase.com.br\/concursos\/wp-json\/wp\/v2\/media\/280371"}],"wp:attachment":[{"href":"https:\/\/www.agrobase.com.br\/concursos\/wp-json\/wp\/v2\/media?parent=280372"}],"wp:term":[{"taxonomy":"category","embeddable":true,"href":"https:\/\/www.agrobase.com.br\/concursos\/wp-json\/wp\/v2\/categories?post=280372"},{"taxonomy":"post_tag","embeddable":true,"href":"https:\/\/www.agrobase.com.br\/concursos\/wp-json\/wp\/v2\/tags?post=280372"},{"taxonomy":"_amplo","embeddable":true,"href":"https:\/\/www.agrobase.com.br\/concursos\/wp-json\/wp\/v2\/_amplo?post=280372"},{"taxonomy":"destaque","embeddable":true,"href":"https:\/\/www.agrobase.com.br\/concursos\/wp-json\/wp\/v2\/destaque?post=280372"},{"taxonomy":"instituicoes","embeddable":true,"href":"https:\/\/www.agrobase.com.br\/concursos\/wp-json\/wp\/v2\/instituicoes?post=280372"}],"curies":[{"name":"wp","href":"https:\/\/api.w.org\/{rel}","templated":true}]}}