{"id":280273,"date":"2026-04-15T07:20:37","date_gmt":"2026-04-15T10:20:37","guid":{"rendered":"https:\/\/www.agrobase.com.br\/concursos\/?p=280273"},"modified":"2026-04-14T11:30:48","modified_gmt":"2026-04-14T14:30:48","slug":"prefeitura-medeiros-mg-selecao-simplificada-01-2026","status":"publish","type":"post","link":"https:\/\/www.agrobase.com.br\/concursos\/2026\/prefeitura-medeiros-mg-selecao-simplificada-01-2026\/","title":{"rendered":"Prefeitura Medeiros (MG) &#8211; Sele\u00e7\u00e3o Simplificada 01\/2026"},"content":{"rendered":"<h2>Informa\u00e7\u00f5es Gerais<\/h2>\n<p>O <strong>Munic\u00edpio de Medeiros\/MG<\/strong>, em parceria com o <strong>Instituto Brasileiro de Gest\u00e3o e Pesquisa (IBGP)<\/strong>, publicou edital de <strong>Processo Seletivo Simplificado<\/strong> destinado \u00e0 forma\u00e7\u00e3o de <strong>cadastro reserva (CR)<\/strong> para contrata\u00e7\u00e3o tempor\u00e1ria em diversos cargos do quadro de pessoal municipal. O certame visa suprir a necessidade de admiss\u00e3o de contingente extraordin\u00e1rio de pessoal, com contrata\u00e7\u00e3o por tempo determinado sob regime de Direito Administrativo, nos termos da Lei Municipal n\u00ba 459\/2019.<\/p>\n<p>O processo seletivo contempla oportunidades para os n\u00edveis de escolaridade <strong>Fundamental Incompleto<\/strong>, <strong>Fundamental Completo<\/strong>, <strong>M\u00e9dio\/T\u00e9cnico<\/strong> e <strong>Superior<\/strong>, abrangendo mais de 30 cargos distintos. As remunera\u00e7\u00f5es variam de <strong>R$ 1.621,00<\/strong> a <strong>R$ 16.928,09<\/strong>, com cargas hor\u00e1rias que v\u00e3o de 18 a 40 horas semanais.<\/p>\n<p>Entre as vagas de n\u00edvel fundamental, destacam-se cargos como Auxiliar de Servi\u00e7os Gerais, Motorista, Operador de M\u00e1quinas Pesadas e Pedreiro. No n\u00edvel m\u00e9dio\/t\u00e9cnico, h\u00e1 oportunidades para Auxiliar Administrativo, T\u00e9cnico em Enfermagem, T\u00e9cnico em Sa\u00fade Bucal e Professor de Educa\u00e7\u00e3o B\u00e1sica dos Anos Iniciais (PEB I). J\u00e1 no n\u00edvel superior, o processo seletivo oferece cadastro reserva para M\u00e9dico, Enfermeiro, Psic\u00f3logo, Assistente Social, Fonoaudi\u00f3logo, Coordenador Pedag\u00f3gico e diversas especialidades de <strong>Professor de Educa\u00e7\u00e3o B\u00e1sica dos Anos Finais (PEB II)<\/strong>, incluindo \u00e1reas como <strong>Ci\u00eancias<\/strong>, Geografia, Hist\u00f3ria, Matem\u00e1tica, L\u00edngua Portuguesa, entre outras.<\/p>\n<h2>Inscri\u00e7\u00f5es<\/h2>\n<p>As inscri\u00e7\u00f5es para o Processo Seletivo Simplificado do Munic\u00edpio de Medeiros\/MG encontram-se dispon\u00edveis e devem ser realizadas <strong>exclusivamente pela internet<\/strong>, por meio do site do IBGP. O per\u00edodo de inscri\u00e7\u00e3o vai das <strong>09h do dia 09 de abril de 2026<\/strong> at\u00e9 as <strong>16h do dia 16 de abril de 2026<\/strong>.<\/p>\n<p>Para se inscrever, o candidato deve acessar o endere\u00e7o eletr\u00f4nico <strong>www.novo.ibgpconcursos.com.br<\/strong>, localizar o link correspondente ao certame e preencher o formul\u00e1rio de inscri\u00e7\u00e3o conforme as orienta\u00e7\u00f5es do edital.<\/p>\n<p>A <strong>participa\u00e7\u00e3o \u00e9 gratuita<\/strong> \u2014 n\u00e3o h\u00e1 cobran\u00e7a de taxa de inscri\u00e7\u00e3o e n\u00e3o ser\u00e1 gerado boleto para pagamento.<\/p>\n<p><strong>Aten\u00e7\u00e3o:<\/strong> durante o per\u00edodo de inscri\u00e7\u00e3o, o candidato dever\u00e1 obrigatoriamente anexar, em arquivo PDF, todos os documentos referentes \u00e0 An\u00e1lise Curricular (Prova de T\u00edtulos). Para isso, \u00e9 necess\u00e1rio:<\/p>\n<ul>\n<li>Acessar o site <strong>www.ibgpconcursos.com.br<\/strong> e realizar o download do <strong>Anexo IV \u2014 Crit\u00e9rios de Avalia\u00e7\u00e3o da Prova de T\u00edtulos<\/strong>;<\/li>\n<li>Preencher o documento corretamente conforme as instru\u00e7\u00f5es, utilizando-o como folha de rosto dos documentos a serem enviados;<\/li>\n<li>Anexar o arquivo PDF com a folha de rosto e toda a documenta\u00e7\u00e3o comprobat\u00f3ria no ato da inscri\u00e7\u00e3o.<\/li>\n<\/ul>\n<p>\u00c9 fundamental que o candidato confira todos os documentos antes do envio, pois a avalia\u00e7\u00e3o ser\u00e1 feita com base exclusivamente no material anexado durante o per\u00edodo de inscri\u00e7\u00e3o.<\/p>\n<h2>Etapas e Provas<\/h2>\n<p>O Processo Seletivo Simplificado do Munic\u00edpio de Medeiros\/MG ser\u00e1 composto por <strong>uma \u00fanica etapa<\/strong>, aplic\u00e1vel a todos os cargos oferecidos:<\/p>\n<ul>\n<li><strong>Avalia\u00e7\u00e3o Curricular (Prova de T\u00edtulos)<\/strong> \u2014 car\u00e1ter <strong>classificat\u00f3rio<\/strong><\/li>\n<\/ul>\n<p>A Prova de T\u00edtulos consiste na an\u00e1lise da documenta\u00e7\u00e3o comprobat\u00f3ria de forma\u00e7\u00e3o acad\u00eamica e experi\u00eancia profissional apresentada pelo candidato no momento da inscri\u00e7\u00e3o. Os principais pontos sobre esta etapa s\u00e3o:<\/p>\n<ul>\n<li><strong>Valor total:<\/strong> a Avalia\u00e7\u00e3o Curricular ter\u00e1 pontua\u00e7\u00e3o m\u00e1xima de <strong>10,0 (dez) pontos<\/strong>;<\/li>\n<li><strong>Formato:<\/strong> an\u00e1lise documental dos t\u00edtulos e certificados anexados em PDF durante o per\u00edodo de inscri\u00e7\u00e3o;<\/li>\n<li><strong>Crit\u00e9rios de pontua\u00e7\u00e3o:<\/strong> definidos no Anexo IV do edital (Crit\u00e9rios de Avalia\u00e7\u00e3o da Prova de T\u00edtulos), que deve ser baixado, preenchido e utilizado como folha de rosto da documenta\u00e7\u00e3o;<\/li>\n<li><strong>Envio dos documentos:<\/strong> exclusivamente durante o per\u00edodo de inscri\u00e7\u00e3o, das 09h do dia 09\/04\/2026 \u00e0s 16h do dia 16\/04\/2026, pelo site do IBGP.<\/li>\n<\/ul>\n<p>Por se tratar de etapa de car\u00e1ter exclusivamente classificat\u00f3rio, n\u00e3o h\u00e1 nota m\u00ednima para aprova\u00e7\u00e3o \u2014 todos os candidatos inscritos ser\u00e3o classificados conforme a pontua\u00e7\u00e3o obtida na an\u00e1lise curricular.<\/p>\n<h2>Resultados e Gabarito<\/h2>\n<p>O resultado final do Processo Seletivo Simplificado do Munic\u00edpio de Medeiros\/MG ser\u00e1 divulgado no endere\u00e7o eletr\u00f4nico <strong>www.ibgpconcursos.com.br<\/strong>, em <strong>duas listas<\/strong> contendo as notas finais e a classifica\u00e7\u00e3o obtida pelos candidatos aprovados.<\/p>\n<p>A previs\u00e3o para a divulga\u00e7\u00e3o da <strong>Classifica\u00e7\u00e3o Final e Homologa\u00e7\u00e3o<\/strong> \u00e9 o dia <strong>04 de maio de 2026<\/strong>.<\/p>\n<p>Sobre a homologa\u00e7\u00e3o e publica\u00e7\u00e3o oficial:<\/p>\n<ul>\n<li>O resultado final ser\u00e1 <strong>homologado por ato pr\u00f3prio do Prefeito do Munic\u00edpio de Medeiros\/MG<\/strong>;<\/li>\n<li>O ato de homologa\u00e7\u00e3o, contra o qual <strong>n\u00e3o caber\u00e1 recurso<\/strong>, ser\u00e1 publicado no <strong>Di\u00e1rio Oficial de Minas Gerais<\/strong>, no <strong>Quadro de Avisos do Pa\u00e7o Municipal<\/strong> e no site <strong>www.medeiros.mg.gov.br<\/strong>.<\/li>\n<\/ul>\n<p>Os candidatos podem acompanhar todas as publica\u00e7\u00f5es, resultados e eventuais convoca\u00e7\u00f5es pelos seguintes canais:<\/p>\n<ul>\n<li>Site da banca organizadora: <strong>www.ibgpconcursos.com.br<\/strong><\/li>\n<li>Site oficial do munic\u00edpio: <strong>www.medeiros.mg.gov.br<\/strong><\/li>\n<li>Di\u00e1rio Oficial de Minas Gerais<\/li>\n<\/ul>\n<p>\u00c9 de <strong>responsabilidade exclusiva do candidato<\/strong> acompanhar todas as publica\u00e7\u00f5es oficiais referentes ao processo seletivo, incluindo resultados, convoca\u00e7\u00f5es e eventuais retifica\u00e7\u00f5es do edital. Mantenha seus dados atualizados e consulte regularmente os canais oficiais para n\u00e3o perder nenhum prazo importante.<\/p>\n","protected":false},"excerpt":{"rendered":"<p>Sel. Simplificada Pref. Medeiros (MG) com edital publicado! Vagas p\/ M\u00e9dico e Professor (Fund. a Sup.). Inscri\u00e7\u00f5es a partir de 09\/04. Sal\u00e1rios at\u00e9 R$16.9k. Confira!<\/p>\n","protected":false},"author":7,"featured_media":280272,"comment_status":"open","ping_status":"open","sticky":false,"template":"","format":"standard","meta":{"_acf_changed":false,"_breakdance_hide_in_design_set":false,"_breakdance_tags":"","footnotes":""},"categories":[6433,6434,12,19,111,100,20,6871,116,21,25,26,101,108,143],"tags":[50],"_amplo":[],"destaque":[],"instituicoes":[],"class_list":["post-280273","post","type-post","status-publish","format-standard","has-post-thumbnail","hentry","category-biologia-licenciatura","category-educacao-fisica-licenciatura","category-enfermagem","category-fonoaudiologia","category-geografia","category-historia","category-letras","category-letras-ingles","category-matematica","category-medicina","category-pedagogia","category-psicologia","category-servico-social","category-tecnico-enfermagem","category-tecnico-odontologia","tag-minas-gerais"],"acf":{"_tipo_vagas":"vagas","_numero_vagas":"","_quadro_vagas":"","_cargos":"diversos","_cargos_especificos":"","_salario_max":"R$ 16928.09","_abertura":"20260409","_encerramento":"20260416","_inscricoes":"http:\/\/www.novo.ibgpconcursos.com.br","_executora_concurso":"","_instituicao_concurso":[],"_link_adicional":null,"_anexos":null,"_produtos":null,"_vagas":"Cadastro Reserva","_salario_min":"R$ 1621","_instituicao":"Prefeitura de Medeiros","_edital":"https:\/\/www.agrobase.com.br\/concursos\/wp-content\/uploads\/sites\/4\/2026\/04\/edital-01-2026-da-prefeitura-de-medeiros-mg.pdf","_anexos_edital":"https:\/\/www.agrobase.com.br\/concursos\/wp-content\/uploads\/sites\/4\/2026\/04\/anexos-edital-01-2026-da-prefeitura-de-medeiros-mg.pdf","_fund_incompleto":"<div>\r\n<table class=\"quadro\">\r\n<thead>\r\n<tr>\r\n<th class=\"hcargo\">Cargo<\/th>\r\n<th class=\"hvagas\">Vagas<\/th>\r\n<th class=\"hremuneracao\">Remunera\u00e7\u00e3o<\/th>\r\n<\/tr>\r\n<\/thead>\r\n    <tbody>\r\n      <td class=\"ccargos\">\r\n<span data-balloon-length=\"medium\" aria-label=\"Ensino Fundamental Incompleto\" data-balloon-pos=\"up\">Auxiliar de Servi\u00e7os Gerais<\/span><\/td>\r\n<td class=\"cvagas\">CR<\/td>\r\n<td class=\"cremuneracao\">R$ 1.621,00 \/40h<\/td>\r\n<\/tr><td class=\"ccargos\">\r\n<span data-balloon-length=\"medium\" aria-label=\"Ensino Fundamental Incompleto\" data-balloon-pos=\"up\">Auxiliar de Servi\u00e7os Gerais da Educa\u00e7\u00e3o<\/span><\/td>\r\n<td class=\"cvagas\">CR<\/td>\r\n<td class=\"cremuneracao\">R$ 1.621,00 \/40h<\/td>\r\n<\/tr><td class=\"ccargos\">\r\n<span data-balloon-length=\"medium\" aria-label=\"Ensino Fundamental Incompleto\" data-balloon-pos=\"up\">Gari<\/span><\/td>\r\n<td class=\"cvagas\">CR<\/td>\r\n<td class=\"cremuneracao\">R$ 1.621,00 \/40h<\/td>\r\n<\/tr><td class=\"ccargos\">\r\n<span data-balloon-length=\"medium\" aria-label=\"Ensino Fundamental Incompleto\" data-balloon-pos=\"up\">Lavador de Ve\u00edculos<\/span><\/td>\r\n<td class=\"cvagas\">CR<\/td>\r\n<td class=\"cremuneracao\">R$ 1.754,62 \/40h<\/td>\r\n<\/tr><td class=\"ccargos\">\r\n<span data-balloon-length=\"medium\" aria-label=\"Ensino Fundamental Incompleto; habilita\u00e7\u00e3o categoria \u201cD\u201d ou superior\" data-balloon-pos=\"up\">Motorista<\/span><\/td>\r\n<td class=\"cvagas\">CR<\/td>\r\n<td class=\"cremuneracao\">R$ 1.862,02 \/40h<\/td>\r\n<\/tr><td class=\"ccargos\">\r\n<span data-balloon-length=\"medium\" aria-label=\"Ensino Fundamental Incompleto; habilita\u00e7\u00e3o categoria \u201cD\u201d ou superior\" data-balloon-pos=\"up\">Operador de M\u00e1quinas Pesadas<\/span><\/td>\r\n<td class=\"cvagas\">CR<\/td>\r\n<td class=\"cremuneracao\">R$ 2.015,51 \/40h<\/td>\r\n<\/tr><td class=\"ccargos\">\r\n<span data-balloon-length=\"medium\" aria-label=\"Ensino Fundamental Incompleto\" data-balloon-pos=\"up\">Oper\u00e1rio<\/span><\/td>\r\n<td class=\"cvagas\">CR<\/td>\r\n<td class=\"cremuneracao\">R$ 1.754,62 \/40h<\/td>\r\n<\/tr><td class=\"ccargos\">\r\n<span data-balloon-length=\"medium\" aria-label=\"Ensino Fundamental Incompleto; expertise na execu\u00e7\u00e3o de obras e servi\u00e7os de natureza civil\" data-balloon-pos=\"up\">Pedreiro<\/span><\/td>\r\n<td class=\"cvagas\">CR<\/td>\r\n<td class=\"cremuneracao\">R$ 1.862,02 \/40h<\/td>\r\n<\/tr><td class=\"ccargos\">\r\n<span data-balloon-length=\"medium\" aria-label=\"Ensino Fundamental Incompleto\" data-balloon-pos=\"up\">Pintor<\/span><\/td>\r\n<td class=\"cvagas\">CR<\/td>\r\n<td class=\"cremuneracao\">R$ 1.653,42 \/40h<\/td>\r\n<\/tr>\r\n    <\/tbody>\r\n  <\/table>\r\n<\/div>","_fund_completo":"<div>\r\n<table class=\"quadro\">\r\n<thead>\r\n<tr>\r\n<th class=\"hcargo\">Cargo<\/th>\r\n<th class=\"hvagas\">Vagas<\/th>\r\n<th class=\"hremuneracao\">Remunera\u00e7\u00e3o<\/th>\r\n<\/tr>\r\n<\/thead>\r\n    <tbody>\r\n      <td class=\"ccargos\">\r\n<span data-balloon-length=\"medium\" aria-label=\"Ensino Fundamental Completo\" data-balloon-pos=\"up\">Auxiliar de Biblioteca<\/span><\/td>\r\n<td class=\"cvagas\">CR<\/td>\r\n<td class=\"cremuneracao\">R$ 2.118,53 \/30h<\/td>\r\n<\/tr><td class=\"ccargos\">\r\n<span data-balloon-length=\"medium\" aria-label=\"Ensino Fundamental Completo\" data-balloon-pos=\"up\">Disciplinador de Aluno - DE<\/span><\/td>\r\n<td class=\"cvagas\">CR<\/td>\r\n<td class=\"cremuneracao\">R$ 2.118,53 \/30h<\/td>\r\n<\/tr><td class=\"ccargos\">\r\n<span data-balloon-length=\"medium\" aria-label=\"Ensino Fundamental\" data-balloon-pos=\"up\">Monitor de Transporte Escolar<\/span><\/td>\r\n<td class=\"cvagas\">CR<\/td>\r\n<td class=\"cremuneracao\">R$ 1.621,00 \/40h<\/td>\r\n<\/tr>\r\n    <\/tbody>\r\n  <\/table>\r\n<\/div>","_medio":"<div>\r\n<table class=\"quadro\">\r\n<thead>\r\n<tr>\r\n<th class=\"hcargo\">Cargo<\/th>\r\n<th class=\"hvagas\">Vagas<\/th>\r\n<th class=\"hremuneracao\">Remunera\u00e7\u00e3o<\/th>\r\n<\/tr>\r\n<\/thead>\r\n    <tbody>\r\n      <td class=\"ccargos\">\r\n<span data-balloon-length=\"medium\" aria-label=\"Magist\u00e9rio de n\u00edvel m\u00e9dio\" data-balloon-pos=\"up\">Assistente Educacional<\/span><\/td>\r\n<td class=\"cvagas\">CR<\/td>\r\n<td class=\"cremuneracao\">R$ 2.307,12 \/30h<\/td>\r\n<\/tr><td class=\"ccargos\">\r\n<span data-balloon-length=\"medium\" aria-label=\"Ensino M\u00e9dio; conhecimento b\u00e1sico de inform\u00e1tica, digita\u00e7\u00e3o\" data-balloon-pos=\"up\">Auxiliar Administrativo<\/span><\/td>\r\n<td class=\"cvagas\">CR<\/td>\r\n<td class=\"cremuneracao\">R$ 1.686,49 \/40h<\/td>\r\n<\/tr><td class=\"ccargos\">\r\n<span data-balloon-length=\"medium\" aria-label=\"Ensino M\u00e9dio Completo e Conhecimentos em inform\u00e1tica\" data-balloon-pos=\"up\">Auxiliar de Inform\u00e1tica<\/span><\/td>\r\n<td class=\"cvagas\">CR<\/td>\r\n<td class=\"cremuneracao\">R$ 2.118,53 \/30h<\/td>\r\n<\/tr><td class=\"ccargos\">\r\n<span data-balloon-length=\"medium\" aria-label=\"Ensino M\u00e9dio Completo\" data-balloon-pos=\"up\">Monitor de Apoio da Educa\u00e7\u00e3o<\/span><\/td>\r\n<td class=\"cvagas\">CR<\/td>\r\n<td class=\"cremuneracao\">R$ 2.118,53 \/24h<\/td>\r\n<\/tr><td class=\"ccargos\">\r\n<span data-balloon-length=\"medium\" aria-label=\"Magist\u00e9rio de N\u00edvel M\u00e9dio\" data-balloon-pos=\"up\">Professor de Educa\u00e7\u00e3o B\u00e1sica dos Anos Iniciais (PEB \u2013I)<\/span><\/td>\r\n<td class=\"cvagas\">CR<\/td>\r\n<td class=\"cremuneracao\">R$ 2.307,12 \/24h aulas<\/td>\r\n<\/tr><td class=\"ccargos\">\r\n<span data-balloon-length=\"medium\" aria-label=\"Ensino M\u00e9dio; Conhecimento de inform\u00e1tica e digita\u00e7\u00e3o\" data-balloon-pos=\"up\">Recepcionista<\/span><\/td>\r\n<td class=\"cvagas\">CR<\/td>\r\n<td class=\"cremuneracao\">R$ 1.861,98 \/40h<\/td>\r\n<\/tr><td class=\"ccargos\">\r\n<span data-balloon-length=\"medium\" aria-label=\"Ensino m\u00e9dio completo, conhecimentos em inform\u00e1tica\" data-balloon-pos=\"up\">Secret\u00e1rio Escolar<\/span><\/td>\r\n<td class=\"cvagas\">CR<\/td>\r\n<td class=\"cremuneracao\">R$ 1.841,03 \/30h<\/td>\r\n<\/tr><td class=\"ccargos\">\r\n<span data-balloon-length=\"medium\" aria-label=\"Forma\u00e7\u00e3o t\u00e9cnica em enfermagem, registro no COREN\" data-balloon-pos=\"up\">T\u00e9cnico em Enfermagem<\/span><\/td>\r\n<td class=\"cvagas\">CR<\/td>\r\n<td class=\"cremuneracao\">R$ 1.975,94 \/40h ou 12x36<\/td>\r\n<\/tr><td class=\"ccargos\">\r\n<span data-balloon-length=\"medium\" aria-label=\"Ensino M\u00e9dio com curso de T\u00e9cnico em Sa\u00fade Bucal e Registro no CRO\" data-balloon-pos=\"up\">T\u00e9cnico em Sa\u00fade Bucal<\/span><\/td>\r\n<td class=\"cvagas\">CR<\/td>\r\n<td class=\"cremuneracao\">R$ 1.975,94 \/40h<\/td>\r\n<\/tr>\r\n    <\/tbody>\r\n  <\/table>\r\n<\/div>","_superior":"<div>\r\n<table class=\"quadro\">\r\n<thead>\r\n<tr>\r\n<th class=\"hcargo\">Cargo<\/th>\r\n<th class=\"hvagas\">Vagas<\/th>\r\n<th class=\"hremuneracao\">Remunera\u00e7\u00e3o<\/th>\r\n<\/tr>\r\n<\/thead>\r\n    <tbody>\r\n      <tr>\r\n<td class=\"ccargos\">\r\n<span data-balloon-length=\"medium\" aria-label=\"Ensino superior em assist\u00eancia\/servi\u00e7o social, registro no conselho\" data-balloon-pos=\"up\">Assistente Social<\/span><\/td>\r\n<td class=\"cvagas\">CR<\/td>\r\n<td class=\"cremuneracao\">R$ 2.921,53 \/30h<\/td>\r\n<\/tr><tr>\r\n<td class=\"ccargos\">\r\n<span data-balloon-length=\"medium\" aria-label=\"Curso Superior de Licenciatura em Pedagogia\" data-balloon-pos=\"up\">Coordenador Pedag\u00f3gico \u2013 CPE<\/span><\/td>\r\n<td class=\"cvagas\">CR<\/td>\r\n<td class=\"cremuneracao\">R$ 3.468,86 \/30h<\/td>\r\n<\/tr><tr>\r\n<td class=\"ccargos\">\r\n<span data-balloon-length=\"medium\" aria-label=\"Forma\u00e7\u00e3o superior em enfermagem, registro no COREN\" data-balloon-pos=\"up\">Enfermeiro<\/span><\/td>\r\n<td class=\"cvagas\">CR<\/td>\r\n<td class=\"cremuneracao\">R$ 3.895,38 \/40h ou 12x36<\/td>\r\n<\/tr><tr>\r\n<td class=\"ccargos\">\r\n<span data-balloon-length=\"medium\" aria-label=\"Ensino superior em fonoaudiologia, registro no conselho\" data-balloon-pos=\"up\">Fonoaudi\u00f3logo<\/span><\/td>\r\n<td class=\"cvagas\">CR<\/td>\r\n<td class=\"cremuneracao\">R$ 2.921,53 \/30h<\/td>\r\n<\/tr><tr>\r\n<td class=\"ccargos\">\r\n<span data-balloon-length=\"medium\" aria-label=\"Ensino superior em medicina, registro no CRM\" data-balloon-pos=\"up\">M\u00e9dico<\/span><\/td>\r\n<td class=\"cvagas\">CR<\/td>\r\n<td class=\"cremuneracao\">R$ 16.928,09 \/40h<\/td>\r\n<\/tr><tr>\r\n<td class=\"ccargos\">\r\n<span data-balloon-length=\"medium\" aria-label=\"Ensino superior em educa\u00e7\u00e3o f\u00edsica, registro no conselho\" data-balloon-pos=\"up\">Preparador F\u00edsico<\/span><\/td>\r\n<td class=\"cvagas\">CR<\/td>\r\n<td class=\"cremuneracao\">R$ 2.921,53 \/30h<\/td>\r\n<\/tr><tr>\r\n<td class=\"ccargos\">\r\n<span data-balloon-length=\"medium\" aria-label=\"Ensino Superior Completo com Licenciatura Plena na \u00e1rea\" data-balloon-pos=\"up\">Professor de Educa\u00e7\u00e3o B\u00e1sica \u2013 Anos Finais (PEB II) \u2013 Arte<\/span><\/td>\r\n<td class=\"cvagas\">CR<\/td>\r\n<td class=\"cremuneracao\">R$ 2.307,12 \/18h aulas<\/td>\r\n<\/tr><tr>\r\n<td class=\"ccargos\">\r\n<span data-balloon-length=\"medium\" aria-label=\"Ensino Superior Completo com Licenciatura Plena na \u00e1rea\" data-balloon-pos=\"up\">Professor de Educa\u00e7\u00e3o B\u00e1sica \u2013 Anos Finais (PEB II) \u2013 Ci\u00eancias<\/span><\/td>\r\n<td class=\"cvagas\">CR<\/td>\r\n<td class=\"cremuneracao\">R$ 2.307,12 \/18h aulas<\/td>\r\n<\/tr><tr>\r\n<td class=\"ccargos\">\r\n<span data-balloon-length=\"medium\" aria-label=\"Ensino Superior Completo com Licenciatura Plena na \u00e1rea\" data-balloon-pos=\"up\">Professor de Educa\u00e7\u00e3o B\u00e1sica \u2013 Anos Finais (PEB II) \u2013 Educa\u00e7\u00e3o F\u00edsica<\/span><\/td>\r\n<td class=\"cvagas\">CR<\/td>\r\n<td class=\"cremuneracao\">R$ 2.307,12 \/18h aulas<\/td>\r\n<\/tr><tr>\r\n<td class=\"ccargos\">\r\n<span data-balloon-length=\"medium\" aria-label=\"Ensino Superior Completo com Licenciatura Plena na \u00e1rea\" data-balloon-pos=\"up\">Professor de Educa\u00e7\u00e3o B\u00e1sica \u2013 Anos Finais (PEB II) \u2013 Ensino Religioso<\/span><\/td>\r\n<td class=\"cvagas\">CR<\/td>\r\n<td class=\"cremuneracao\">R$ 2.307,12 \/18h aulas<\/td>\r\n<\/tr><tr>\r\n<td class=\"ccargos\">\r\n<span data-balloon-length=\"medium\" aria-label=\"Ensino Superior Completo com Licenciatura Plena na \u00e1rea\" data-balloon-pos=\"up\">Professor de Educa\u00e7\u00e3o B\u00e1sica \u2013 Anos Finais (PEB II) \u2013 Geografia<\/span><\/td>\r\n<td class=\"cvagas\">CR<\/td>\r\n<td class=\"cremuneracao\">R$ 2.307,12 \/18h aulas<\/td>\r\n<\/tr><tr>\r\n<td class=\"ccargos\">\r\n<span data-balloon-length=\"medium\" aria-label=\"Ensino Superior Completo com Licenciatura Plena na \u00e1rea\" data-balloon-pos=\"up\">Professor de Educa\u00e7\u00e3o B\u00e1sica \u2013 Anos Finais (PEB II) \u2013 Hist\u00f3ria<\/span><\/td>\r\n<td class=\"cvagas\">CR<\/td>\r\n<td class=\"cremuneracao\">R$ 2.307,12 \/18h aulas<\/td>\r\n<\/tr><tr>\r\n<td class=\"ccargos\">\r\n<span data-balloon-length=\"medium\" aria-label=\"Ensino Superior Completo com Licenciatura Plena na \u00e1rea\" data-balloon-pos=\"up\">Professor de Educa\u00e7\u00e3o B\u00e1sica \u2013 Anos Finais (PEB II) \u2013 L\u00edngua Inglesa<\/span><\/td>\r\n<td class=\"cvagas\">CR<\/td>\r\n<td class=\"cremuneracao\">R$ 2.307,12 \/18h aulas<\/td>\r\n<\/tr><tr>\r\n<td class=\"ccargos\">\r\n<span data-balloon-length=\"medium\" aria-label=\"Ensino Superior Completo com Licenciatura Plena na \u00e1rea\" data-balloon-pos=\"up\">Professor de Educa\u00e7\u00e3o B\u00e1sica \u2013 Anos Finais (PEB II) \u2013 L\u00edngua Portuguesa<\/span><\/td>\r\n<td class=\"cvagas\">CR<\/td>\r\n<td class=\"cremuneracao\">R$ 2.307,12 \/18h aulas<\/td>\r\n<\/tr><tr>\r\n<td class=\"ccargos\">\r\n<span data-balloon-length=\"medium\" aria-label=\"Ensino Superior Completo com Licenciatura Plena na \u00e1rea\" data-balloon-pos=\"up\">Professor de Educa\u00e7\u00e3o B\u00e1sica \u2013 Anos Finais (PEB II) \u2013 Matem\u00e1tica<\/span><\/td>\r\n<td class=\"cvagas\">CR<\/td>\r\n<td class=\"cremuneracao\">R$ 2.307,12 \/18h aulas<\/td>\r\n<\/tr><tr>\r\n<td class=\"ccargos\">\r\n<span data-balloon-length=\"medium\" aria-label=\"Ensino superior em psicologia, registro no conselho\" data-balloon-pos=\"up\">Psic\u00f3logo<\/span><\/td>\r\n<td class=\"cvagas\">CR<\/td>\r\n<td class=\"cremuneracao\">R$ 3.895,38 \/40h<\/td>\r\n<\/tr>\r\n    <\/tbody>\r\n  <\/table>\r\n<\/div>"},"_links":{"self":[{"href":"https:\/\/www.agrobase.com.br\/concursos\/wp-json\/wp\/v2\/posts\/280273","targetHints":{"allow":["GET"]}}],"collection":[{"href":"https:\/\/www.agrobase.com.br\/concursos\/wp-json\/wp\/v2\/posts"}],"about":[{"href":"https:\/\/www.agrobase.com.br\/concursos\/wp-json\/wp\/v2\/types\/post"}],"author":[{"embeddable":true,"href":"https:\/\/www.agrobase.com.br\/concursos\/wp-json\/wp\/v2\/users\/7"}],"replies":[{"embeddable":true,"href":"https:\/\/www.agrobase.com.br\/concursos\/wp-json\/wp\/v2\/comments?post=280273"}],"version-history":[{"count":2,"href":"https:\/\/www.agrobase.com.br\/concursos\/wp-json\/wp\/v2\/posts\/280273\/revisions"}],"predecessor-version":[{"id":280278,"href":"https:\/\/www.agrobase.com.br\/concursos\/wp-json\/wp\/v2\/posts\/280273\/revisions\/280278"}],"wp:featuredmedia":[{"embeddable":true,"href":"https:\/\/www.agrobase.com.br\/concursos\/wp-json\/wp\/v2\/media\/280272"}],"wp:attachment":[{"href":"https:\/\/www.agrobase.com.br\/concursos\/wp-json\/wp\/v2\/media?parent=280273"}],"wp:term":[{"taxonomy":"category","embeddable":true,"href":"https:\/\/www.agrobase.com.br\/concursos\/wp-json\/wp\/v2\/categories?post=280273"},{"taxonomy":"post_tag","embeddable":true,"href":"https:\/\/www.agrobase.com.br\/concursos\/wp-json\/wp\/v2\/tags?post=280273"},{"taxonomy":"_amplo","embeddable":true,"href":"https:\/\/www.agrobase.com.br\/concursos\/wp-json\/wp\/v2\/_amplo?post=280273"},{"taxonomy":"destaque","embeddable":true,"href":"https:\/\/www.agrobase.com.br\/concursos\/wp-json\/wp\/v2\/destaque?post=280273"},{"taxonomy":"instituicoes","embeddable":true,"href":"https:\/\/www.agrobase.com.br\/concursos\/wp-json\/wp\/v2\/instituicoes?post=280273"}],"curies":[{"name":"wp","href":"https:\/\/api.w.org\/{rel}","templated":true}]}}