{"id":280088,"date":"2026-04-10T07:00:22","date_gmt":"2026-04-10T10:00:22","guid":{"rendered":"https:\/\/www.agrobase.com.br\/concursos\/?p=280088"},"modified":"2026-04-09T10:46:24","modified_gmt":"2026-04-09T13:46:24","slug":"prefeitura-dracena-sp-concurso-01-2026","status":"publish","type":"post","link":"https:\/\/www.agrobase.com.br\/concursos\/2026\/prefeitura-dracena-sp-concurso-01-2026\/","title":{"rendered":"Prefeitura Dracena (SP) &#8211; Concurso 01\/2026"},"content":{"rendered":"<h2>Informa\u00e7\u00f5es Gerais<\/h2>\n<p>A <strong>Prefeitura Municipal de Dracena\/SP<\/strong> publicou o <strong>Edital n\u00ba 001\/2026<\/strong> referente ao <strong>Concurso P\u00fablico de Provas e de Provas e T\u00edtulos<\/strong>, destinado ao provimento de vagas efetivas em seu quadro de pessoal. A execu\u00e7\u00e3o t\u00e9cnico-administrativa do certame ficar\u00e1 a cargo da <strong>GL Consultoria em Desenvolvimento Social e A\u00e7\u00e3o Educativa<\/strong>.<\/p>\n<p>O concurso oferece <strong>11 vagas imediatas + cadastro reserva (CR)<\/strong>, distribu\u00eddas entre cargos de n\u00edveis <strong>Fundamental Incompleto, Fundamental Completo, M\u00e9dio\/T\u00e9cnico e Superior<\/strong>. As contrata\u00e7\u00f5es ser\u00e3o regidas pelo <strong>regime estatut\u00e1rio<\/strong>, conforme o Estatuto dos Funcion\u00e1rios P\u00fablicos de Dracena (Lei Complementar Municipal n\u00ba 002\/1992).<\/p>\n<p>As remunera\u00e7\u00f5es variam de <strong>R$ 1.625,14<\/strong> a <strong>R$ 4.400,01<\/strong>, com cargas hor\u00e1rias de 20h a 40h semanais, dependendo do cargo. H\u00e1 ainda cargos de Professor e Diretor de EMEI com remunera\u00e7\u00e3o calculada por hora-aula.<\/p>\n<p>Entre as oportunidades dispon\u00edveis, destacam-se vagas nas \u00e1reas de <strong>Sa\u00fade<\/strong> (Enfermeiro e Farmac\u00eautico), <strong>Educa\u00e7\u00e3o<\/strong> (Professor de Educa\u00e7\u00e3o B\u00e1sica, Professor de Pr\u00e9-escola e Diretor de EMEI), <strong>Administra\u00e7\u00e3o e Finan\u00e7as<\/strong> (Analista Administrativo, Analista Or\u00e7ament\u00e1rio e Financeiro, Analista em Planejamento de Compras e Licita\u00e7\u00f5es), <strong>Direito<\/strong> (Advogado), al\u00e9m de cargos operacionais como Ajudante de Servi\u00e7os Gerais, Coletor de Lixo, Pedreiro e Motorista, e cargos de n\u00edvel m\u00e9dio como Auxiliar de Desenvolvimento Educacional, Editor de Comunica\u00e7\u00e3o Visual e T\u00e9cnico de Assuntos Vi\u00e1rios.<\/p>\n<h2>Inscri\u00e7\u00f5es<\/h2>\n<p>As inscri\u00e7\u00f5es para o <strong>Concurso P\u00fablico n\u00ba 001\/2026 da Prefeitura de Dracena\/SP<\/strong> estar\u00e3o abertas exclusivamente pela internet, no per\u00edodo das <strong>13h do dia 10 de abril de 2026<\/strong> at\u00e9 as <strong>13h do dia 30 de abril de 2026<\/strong>.<\/p>\n<p>Para se inscrever, o candidato dever\u00e1 acessar o site da <strong>GL Consultoria<\/strong> no endere\u00e7o eletr\u00f4nico <strong>www.glconsultoria.com.br<\/strong> e seguir os passos abaixo:<\/p>\n<ul>\n<li>Acessar o site da GL Consultoria e localizar o concurso da Prefeitura de Dracena\/SP;<\/li>\n<li>Preencher completamente o formul\u00e1rio de inscri\u00e7\u00e3o on-line;<\/li>\n<li>Ap\u00f3s a conclus\u00e3o do preenchimento, imprimir o boleto banc\u00e1rio dispon\u00edvel na <em>\u00e1rea do candidato<\/em>;<\/li>\n<li>Efetuar o pagamento do boleto na rede banc\u00e1ria dentro do prazo estabelecido no edital.<\/li>\n<\/ul>\n<p>A inscri\u00e7\u00e3o somente ser\u00e1 confirmada ap\u00f3s a compensa\u00e7\u00e3o banc\u00e1ria do pagamento do boleto. Recomenda-se que o candidato acompanhe o status da sua inscri\u00e7\u00e3o diretamente na <strong>\u00e1rea do candidato<\/strong> no site da GL Consultoria, verificando se o pagamento foi devidamente processado.<\/p>\n<p>Para informa\u00e7\u00f5es detalhadas sobre os <strong>valores das taxas de inscri\u00e7\u00e3o<\/strong> por n\u00edvel de escolaridade, <strong>crit\u00e9rios e procedimentos para solicita\u00e7\u00e3o de isen\u00e7\u00e3o da taxa<\/strong> e <strong>prazo-limite para pagamento do boleto<\/strong>, consulte o edital completo, pois esses dados s\u00e3o essenciais para garantir a efetiva\u00e7\u00e3o da sua inscri\u00e7\u00e3o.<\/p>\n<h2>Etapas e Provas<\/h2>\n<p>O <strong>Concurso P\u00fablico n\u00ba 001\/2026 da Prefeitura de Dracena\/SP<\/strong> ser\u00e1 composto por at\u00e9 quatro etapas de avalia\u00e7\u00e3o, aplicadas conforme o cargo pretendido pelo candidato. Confira abaixo os detalhes de cada uma:<\/p>\n<ul>\n<li>\n<p><strong>Prova Objetiva de M\u00faltipla Escolha (PVO)<\/strong> \u2014 Car\u00e1ter <strong>classificat\u00f3rio e eliminat\u00f3rio<\/strong>. Ser\u00e1 aplicada a <strong>todos os candidatos inscritos<\/strong>, com o objetivo de verificar o dom\u00ednio te\u00f3rico sobre os conte\u00fados previstos no programa do edital. A prova est\u00e1 prevista para o dia <strong>24 de maio de 2026<\/strong> e ter\u00e1 dura\u00e7\u00e3o de <strong>3 horas<\/strong>. As quest\u00f5es ser\u00e3o no formato de m\u00faltipla escolha, abrangendo disciplinas e conte\u00fados espec\u00edficos de acordo com o cargo.<\/p>\n<\/li>\n<li>\n<p><strong>Avalia\u00e7\u00e3o de T\u00edtulos (AVT)<\/strong> \u2014 Car\u00e1ter <strong>exclusivamente classificat\u00f3rio<\/strong>. Tem como objetivo atribuir pontua\u00e7\u00e3o adicional com base na forma\u00e7\u00e3o acad\u00eamica comprovadamente compat\u00edvel com as atribui\u00e7\u00f5es do cargo. Esta etapa \u00e9 destinada aos cargos que exigem essa modalidade de avalia\u00e7\u00e3o, conforme especificado no edital.<\/p>\n<\/li>\n<li>\n<p><strong>Prova Pr\u00e1tica de Habilidades Operacionais e T\u00e9cnicas (PVP)<\/strong> \u2014 Car\u00e1ter <strong>classificat\u00f3rio e\/ou eliminat\u00f3rio<\/strong>. Destina-se a verificar as habilidades pr\u00e1ticas, operacionais e t\u00e9cnicas espec\u00edficas exigidas para o desempenho das atribui\u00e7\u00f5es de determinados cargos. Os cargos que participam desta etapa e os crit\u00e9rios de avalia\u00e7\u00e3o est\u00e3o detalhados no edital.<\/p>\n<\/li>\n<li>\n<p><strong>Teste de Aptid\u00e3o F\u00edsica (TAF)<\/strong> \u2014 Car\u00e1ter <strong>eliminat\u00f3rio<\/strong>. Visa verificar se o candidato possui as condi\u00e7\u00f5es f\u00edsicas m\u00ednimas necess\u00e1rias para o exerc\u00edcio das atribui\u00e7\u00f5es do cargo. Os cargos sujeitos a esta etapa, os exerc\u00edcios exigidos e os \u00edndices m\u00ednimos de aprova\u00e7\u00e3o constam no edital.<\/p>\n<\/li>\n<\/ul>\n<p>Cada etapa possui crit\u00e9rios pr\u00f3prios de pontua\u00e7\u00e3o, nota m\u00ednima para aprova\u00e7\u00e3o e regras de participa\u00e7\u00e3o que variam conforme o cargo. Para conhecer o <strong>conte\u00fado program\u00e1tico completo<\/strong>, a <strong>pontua\u00e7\u00e3o detalhada de cada etapa<\/strong>, os <strong>crit\u00e9rios de aprova\u00e7\u00e3o<\/strong> e o <strong>cronograma atualizado<\/strong>, consulte o Edital n\u00ba 001\/2026 na \u00edntegra.<\/p>\n<h2>Resultados e Gabarito<\/h2>\n<p>Os candidatos aprovados no <strong>Concurso P\u00fablico n\u00ba 001\/2026 da Prefeitura de Dracena\/SP<\/strong> ser\u00e3o classificados por <strong>ordem decrescente da pontua\u00e7\u00e3o final<\/strong>. A composi\u00e7\u00e3o da nota final levar\u00e1 em considera\u00e7\u00e3o os pontos obtidos na <strong>Prova Objetiva de M\u00faltipla Escolha (PVO)<\/strong>, somados, conforme o cargo, \u00e0s pontua\u00e7\u00f5es da <strong>Avalia\u00e7\u00e3o de T\u00edtulos (AVT)<\/strong> e da <strong>Prova Pr\u00e1tica de Habilidades Operacionais e T\u00e9cnicas (PVP)<\/strong>.<\/p>\n<p>A divulga\u00e7\u00e3o dos resultados seguir\u00e1 o cronograma previsto no edital, incluindo:<\/p>\n<ul>\n<li>Publica\u00e7\u00e3o do <strong>gabarito preliminar<\/strong> da Prova Objetiva;<\/li>\n<li>Per\u00edodo para interposi\u00e7\u00e3o de recursos contra o gabarito preliminar;<\/li>\n<li>Divulga\u00e7\u00e3o do <strong>gabarito definitivo<\/strong>;<\/li>\n<li>Publica\u00e7\u00e3o dos <strong>resultados preliminares<\/strong> de cada etapa, com abertura de prazo recursal;<\/li>\n<li>Divulga\u00e7\u00e3o dos <strong>resultados definitivos<\/strong> por etapa;<\/li>\n<li>Publica\u00e7\u00e3o da <strong>classifica\u00e7\u00e3o final<\/strong> do concurso.<\/li>\n<\/ul>\n<p>O <strong>resultado final<\/strong> do Concurso P\u00fablico ser\u00e1 <strong>homologado pela Prefeita Municipal de Dracena\/SP<\/strong>. A homologa\u00e7\u00e3o \u00e9 o ato oficial que valida todo o certame e autoriza a convoca\u00e7\u00e3o dos aprovados para posse. Ap\u00f3s a homologa\u00e7\u00e3o, o resultado ser\u00e1 publicado no <strong>Di\u00e1rio Oficial do Munic\u00edpio<\/strong>.<\/p>\n<p>Os crit\u00e9rios de desempate entre candidatos com a mesma pontua\u00e7\u00e3o final est\u00e3o previstos no edital e devem ser consultados pelo candidato para pleno conhecimento das regras aplic\u00e1veis.<\/p>\n<p>Os candidatos poder\u00e3o acompanhar todas as publica\u00e7\u00f5es, resultados e convoca\u00e7\u00f5es por meio do site da <strong>GL Consultoria<\/strong> (<strong>www.glconsultoria.com.br<\/strong>) e do <strong>Di\u00e1rio Oficial do Munic\u00edpio de Dracena\/SP<\/strong>. \u00c9 importante destacar que <strong>n\u00e3o ser\u00e1 fornecido ao candidato qualquer documento comprobat\u00f3rio de classifica\u00e7\u00e3o<\/strong>, valendo para esse fim exclusivamente o resultado final homologado e publicado oficialmente.<\/p>\n<p><strong>O acompanhamento de todas as publica\u00e7\u00f5es, convoca\u00e7\u00f5es e prazos \u00e9 de responsabilidade exclusiva do candidato.<\/strong> Recomenda-se consultar regularmente os canais oficiais para n\u00e3o perder nenhuma etapa ou prazo importante do certame.<\/p>\n","protected":false},"excerpt":{"rendered":"<p>Concurso Pref. Dracena (SP) com edital publicado! Vagas p\/ Advogado e Professor (Fund. a Sup.). Inscri\u00e7\u00f5es a partir de 10\/04. Sal\u00e1rios at\u00e9 R$ 4.4k. Confira!<\/p>\n","protected":false},"author":7,"featured_media":280087,"comment_status":"open","ping_status":"open","sticky":false,"template":"","format":"standard","meta":{"_acf_changed":false,"_breakdance_hide_in_design_set":false,"_breakdance_tags":"","footnotes":""},"categories":[3,9,10,12,17,25],"tags":[62],"_amplo":[],"destaque":[],"instituicoes":[],"class_list":["post-280088","post","type-post","status-publish","format-standard","has-post-thumbnail","hentry","category-administracao","category-ciencias-contabeis","category-direito","category-enfermagem","category-farmacia","category-pedagogia","tag-sao-paulo"],"acf":{"_tipo_vagas":"vagas","_numero_vagas":"","_quadro_vagas":"","_cargos":"diversos","_cargos_especificos":"","_salario_max":"R$ 4400.01","_abertura":"20260410","_encerramento":"20260430","_inscricoes":"https:\/\/www.glconsultoria.com.br","_executora_concurso":"","_instituicao_concurso":[],"_link_adicional":null,"_anexos":null,"_produtos":null,"_vagas":"11 vagas + CR","_salario_min":"R$ 1625.14","_instituicao":"Prefeitura de Dracena","_edital":"https:\/\/www.agrobase.com.br\/concursos\/wp-content\/uploads\/sites\/4\/2026\/04\/edital-01-2026-prefeitura-de-dracena-sp.pdf","_anexos_edital":"https:\/\/www.agrobase.com.br\/concursos\/wp-content\/uploads\/sites\/4\/2026\/04\/anexos-edital-01-2026-prefeitura-de-dracena-sp.pdf","_fund_incompleto":"<div>\r\n<table class=\"quadro\">\r\n<thead>\r\n<tr>\r\n<th class=\"hcargo\">Cargo<\/th>\r\n<th class=\"hvagas\">Vagas<\/th>\r\n<th class=\"hremuneracao\">Remunera\u00e7\u00e3o<\/th>\r\n<\/tr>\r\n<\/thead>\r\n    <tbody>\r\n      <td class=\"ccargos\">\r\n<span data-balloon-length=\"medium\" aria-label=\"Fundamental incompleto (Alfabetizado).\" data-balloon-pos=\"up\">Ajudante de Servi\u00e7os Gerais<\/span><\/td>\r\n<td class=\"cvagas\">CR<\/td>\r\n<td class=\"cremuneracao\">R$ 1.625,14 \/40 h<\/td>\r\n<\/tr><td class=\"ccargos\">\r\n<span data-balloon-length=\"medium\" aria-label=\"Fundamental incompleto (Alfabetizado).\" data-balloon-pos=\"up\">Coletor de Lixo<\/span><\/td>\r\n<td class=\"cvagas\">01<\/td>\r\n<td class=\"cremuneracao\">R$ 1.673,89 \/40 h<\/td>\r\n<\/tr><td class=\"ccargos\">\r\n<span data-balloon-length=\"medium\" aria-label=\"4\u00aa S\u00e9rie do Ensino Fundamental e comprova\u00e7\u00e3o m\u00ednima de 2 anos de experi\u00eancia.\" data-balloon-pos=\"up\">Pedreiro<\/span><\/td>\r\n<td class=\"cvagas\">01<\/td>\r\n<td class=\"cremuneracao\">R$ 1.775,83 \/40 h<\/td>\r\n<\/tr>\r\n    <\/tbody>\r\n  <\/table>\r\n<\/div>","_fund_completo":"<div>\r\n<table class=\"quadro\">\r\n<thead>\r\n<tr>\r\n<th class=\"hcargo\">Cargo<\/th>\r\n<th class=\"hvagas\">Vagas<\/th>\r\n<th class=\"hremuneracao\">Remunera\u00e7\u00e3o<\/th>\r\n<\/tr>\r\n<\/thead>\r\n    <tbody>\r\n      <td class=\"ccargos\">\r\n<span data-balloon-length=\"medium\" aria-label=\"Ensino Fundamental Completo, CNH D e experi\u00eancia de 02 anos.\" data-balloon-pos=\"up\">Motorista<\/span><\/td>\r\n<td class=\"cvagas\">CR<\/td>\r\n<td class=\"cremuneracao\">R$ 1.775,83 \/40 h<\/td>\r\n<\/tr>\r\n    <\/tbody>\r\n  <\/table>\r\n<\/div>","_medio":"<div>\r\n<table class=\"quadro\">\r\n<thead>\r\n<tr>\r\n<th class=\"hcargo\">Cargo<\/th>\r\n<th class=\"hvagas\">Vagas<\/th>\r\n<th class=\"hremuneracao\">Remunera\u00e7\u00e3o<\/th>\r\n<\/tr>\r\n<\/thead>\r\n    <tbody>\r\n      <td class=\"ccargos\">\r\n<span data-balloon-length=\"medium\" aria-label=\"Ensino M\u00e9dio Completo.\" data-balloon-pos=\"up\">Auxiliar de Desenvolvimento Educacional<\/span><\/td>\r\n<td class=\"cvagas\">01<\/td>\r\n<td class=\"cremuneracao\">R$ 1.890,84 \/40 h<\/td>\r\n<\/tr><td class=\"ccargos\">\r\n<span data-balloon-length=\"medium\" aria-label=\"Superior em publicidade ou M\u00e9dio com experi\u00eancia e registro em \u00f3rg\u00e3o de classe.\" data-balloon-pos=\"up\">Editor de Comunica\u00e7\u00e3o Visual<\/span><\/td>\r\n<td class=\"cvagas\">01<\/td>\r\n<td class=\"cremuneracao\">R$ 2.875,73 \/30 h<\/td>\r\n<\/tr><td class=\"ccargos\">\r\n<span data-balloon-length=\"medium\" aria-label=\"Ensino M\u00e9dio completo e conhecimentos em Inform\u00e1tica.\" data-balloon-pos=\"up\">T\u00e9cnico de Assuntos Vi\u00e1rios<\/span><\/td>\r\n<td class=\"cvagas\">01<\/td>\r\n<td class=\"cremuneracao\">R$ 1.890,84 \/40 h<\/td>\r\n<\/tr>\r\n    <\/tbody>\r\n  <\/table>\r\n<\/div>","_superior":"<div>\r\n<table class=\"quadro\">\r\n<thead>\r\n<tr>\r\n<th class=\"hcargo\">Cargo<\/th>\r\n<th class=\"hvagas\">Vagas<\/th>\r\n<th class=\"hremuneracao\">Remunera\u00e7\u00e3o<\/th>\r\n<\/tr>\r\n<\/thead>\r\n    <tbody>\r\n      <tr>\r\n<td class=\"ccargos\">\r\n<span data-balloon-length=\"medium\" aria-label=\"Superior em Direito, registro na OAB e exerc\u00edcio efetivo de 2 anos.\" data-balloon-pos=\"up\">Advogado<\/span><\/td>\r\n<td class=\"cvagas\">CR<\/td>\r\n<td class=\"cremuneracao\">R$ 4.400,01 \/20 h<\/td>\r\n<\/tr><tr>\r\n<td class=\"ccargos\">\r\n<span data-balloon-length=\"medium\" aria-label=\"Superior em Administra\u00e7\u00e3o, Ci\u00eancias Cont\u00e1beis ou Direito.\" data-balloon-pos=\"up\">Analista Administrativo<\/span><\/td>\r\n<td class=\"cvagas\">01<\/td>\r\n<td class=\"cremuneracao\">R$ 2.174,37 \/40 h<\/td>\r\n<\/tr><tr>\r\n<td class=\"ccargos\">\r\n<span data-balloon-length=\"medium\" aria-label=\"Superior em Administra\u00e7\u00e3o e conhecimentos espec\u00edficos na \u00e1rea.\" data-balloon-pos=\"up\">Analista em Planejamento de Compras e Licita\u00e7\u00f5es<\/span><\/td>\r\n<td class=\"cvagas\">01<\/td>\r\n<td class=\"cremuneracao\">R$ 2.174,37 \/40 h<\/td>\r\n<\/tr><tr>\r\n<td class=\"ccargos\">\r\n<span data-balloon-length=\"medium\" aria-label=\"Superior em Ci\u00eancias Cont\u00e1beis.\" data-balloon-pos=\"up\">Analista Or\u00e7ament\u00e1rio e Financeiro<\/span><\/td>\r\n<td class=\"cvagas\">01<\/td>\r\n<td class=\"cremuneracao\">R$ 2.174,37 \/40 h<\/td>\r\n<\/tr><tr>\r\n<td class=\"ccargos\">\r\n<span data-balloon-length=\"medium\" aria-label=\"Licenciatura em Pedagogia, 5 anos de doc\u00eancia e inform\u00e1tica b\u00e1sica.\" data-balloon-pos=\"up\">Diretor de EMEI<\/span><\/td>\r\n<td class=\"cvagas\">01<\/td>\r\n<td class=\"cremuneracao\">R$ 24,75 \/40 h<\/td>\r\n<\/tr><tr>\r\n<td class=\"ccargos\">\r\n<span data-balloon-length=\"medium\" aria-label=\"Superior em Enfermagem com registro no COREN.\" data-balloon-pos=\"up\">Enfermeiro<\/span><\/td>\r\n<td class=\"cvagas\">CR<\/td>\r\n<td class=\"cremuneracao\">R$ 2.500,58 \/40 h<\/td>\r\n<\/tr><tr>\r\n<td class=\"ccargos\">\r\n<span data-balloon-length=\"medium\" aria-label=\"Superior em Farm\u00e1cia com registro no CRF.\" data-balloon-pos=\"up\">Farmac\u00eautico<\/span><\/td>\r\n<td class=\"cvagas\">CR<\/td>\r\n<td class=\"cremuneracao\">R$ 2.500,58 \/40 h<\/td>\r\n<\/tr><tr>\r\n<td class=\"ccargos\">\r\n<span data-balloon-length=\"medium\" aria-label=\"Licenciatura Plena em Pedagogia (1\u00ba ao 5\u00ba ano).\" data-balloon-pos=\"up\">Professor - Educa\u00e7\u00e3o B\u00e1sica I (PEB I)<\/span><\/td>\r\n<td class=\"cvagas\">01<\/td>\r\n<td class=\"cremuneracao\">R$ 23,22 \/30 h\/a + 3 HTPC<\/td>\r\n<\/tr><tr>\r\n<td class=\"ccargos\">\r\n<span data-balloon-length=\"medium\" aria-label=\"Magist\u00e9rio, Normal Superior ou Pedagogia com habilita\u00e7\u00e3o para Pr\u00e9-Escola.\" data-balloon-pos=\"up\">Professor - Pr\u00e9-escola I e II (PEB I)<\/span><\/td>\r\n<td class=\"cvagas\">01<\/td>\r\n<td class=\"cremuneracao\">R$ 22,21 \/25 h\/a + HTPC<\/td>\r\n<\/tr>\r\n    <\/tbody>\r\n  <\/table>\r\n<\/div>"},"_links":{"self":[{"href":"https:\/\/www.agrobase.com.br\/concursos\/wp-json\/wp\/v2\/posts\/280088","targetHints":{"allow":["GET"]}}],"collection":[{"href":"https:\/\/www.agrobase.com.br\/concursos\/wp-json\/wp\/v2\/posts"}],"about":[{"href":"https:\/\/www.agrobase.com.br\/concursos\/wp-json\/wp\/v2\/types\/post"}],"author":[{"embeddable":true,"href":"https:\/\/www.agrobase.com.br\/concursos\/wp-json\/wp\/v2\/users\/7"}],"replies":[{"embeddable":true,"href":"https:\/\/www.agrobase.com.br\/concursos\/wp-json\/wp\/v2\/comments?post=280088"}],"version-history":[{"count":2,"href":"https:\/\/www.agrobase.com.br\/concursos\/wp-json\/wp\/v2\/posts\/280088\/revisions"}],"predecessor-version":[{"id":280092,"href":"https:\/\/www.agrobase.com.br\/concursos\/wp-json\/wp\/v2\/posts\/280088\/revisions\/280092"}],"wp:featuredmedia":[{"embeddable":true,"href":"https:\/\/www.agrobase.com.br\/concursos\/wp-json\/wp\/v2\/media\/280087"}],"wp:attachment":[{"href":"https:\/\/www.agrobase.com.br\/concursos\/wp-json\/wp\/v2\/media?parent=280088"}],"wp:term":[{"taxonomy":"category","embeddable":true,"href":"https:\/\/www.agrobase.com.br\/concursos\/wp-json\/wp\/v2\/categories?post=280088"},{"taxonomy":"post_tag","embeddable":true,"href":"https:\/\/www.agrobase.com.br\/concursos\/wp-json\/wp\/v2\/tags?post=280088"},{"taxonomy":"_amplo","embeddable":true,"href":"https:\/\/www.agrobase.com.br\/concursos\/wp-json\/wp\/v2\/_amplo?post=280088"},{"taxonomy":"destaque","embeddable":true,"href":"https:\/\/www.agrobase.com.br\/concursos\/wp-json\/wp\/v2\/destaque?post=280088"},{"taxonomy":"instituicoes","embeddable":true,"href":"https:\/\/www.agrobase.com.br\/concursos\/wp-json\/wp\/v2\/instituicoes?post=280088"}],"curies":[{"name":"wp","href":"https:\/\/api.w.org\/{rel}","templated":true}]}}