{"id":280067,"date":"2026-04-09T08:00:15","date_gmt":"2026-04-09T11:00:15","guid":{"rendered":"https:\/\/www.agrobase.com.br\/concursos\/?p=280067"},"modified":"2026-04-08T14:44:30","modified_gmt":"2026-04-08T17:44:30","slug":"prefeitura-comercinho-mg-selecao-publica-20-2026","status":"publish","type":"post","link":"https:\/\/www.agrobase.com.br\/concursos\/2026\/prefeitura-comercinho-mg-selecao-publica-20-2026\/","title":{"rendered":"Prefeitura Comercinho (MG) &#8211; Sele\u00e7\u00e3o P\u00fablica 20\/2026"},"content":{"rendered":"<h2>Informa\u00e7\u00f5es Gerais<\/h2>\n<p>A <strong>Prefeitura Municipal de Comercinho<\/strong>, no estado de Minas Gerais, publicou o <strong>Edital n\u00ba 003\/2024<\/strong>, que regulamenta a realiza\u00e7\u00e3o de um <strong>Processo Seletivo P\u00fablico<\/strong> destinado \u00e0 contrata\u00e7\u00e3o tempor\u00e1ria de profissionais para compor as Equipes Multiprofissionais dos Programas Federais de Sa\u00fade e Assist\u00eancia Social do munic\u00edpio. A contrata\u00e7\u00e3o ser\u00e1 feita sob a forma de <strong>Contrato Administrativo<\/strong>, com fundamento no Art. 37, inciso IX, da Constitui\u00e7\u00e3o Federal.<\/p>\n<p>O certame oferece um total de <strong>26 vagas<\/strong>, distribu\u00eddas entre os n\u00edveis de escolaridade <strong>Fundamental Completo<\/strong>, <strong>M\u00e9dio\/T\u00e9cnico<\/strong> e <strong>Superior<\/strong>, com remunera\u00e7\u00f5es que variam de <strong>R$ 1.621,00<\/strong> a <strong>R$ 6.632,41<\/strong>.<\/p>\n<p>As oportunidades abrangem diversas \u00e1reas de atua\u00e7\u00e3o. No n\u00edvel fundamental, h\u00e1 vaga para Auxiliar de Odontologia. No n\u00edvel m\u00e9dio\/t\u00e9cnico, destacam-se vagas para T\u00e9cnico em Enfermagem (5 vagas), Visitador do PCF (3 vagas), Facilitador de Oficina, Orientador Social e Entrevistador do Programa Bolsa Fam\u00edlia. J\u00e1 no n\u00edvel superior, as vagas contemplam cargos como Enfermeiro (2 vagas), Odont\u00f3logo (3 vagas), Assistente Social (3 vagas em diferentes unidades), Psic\u00f3logo (2 vagas), Coordenador do CRAS-PAIF e Gestor do PBF. Merece destaque especial a vaga para <strong>Nutricionista<\/strong> na \u00e1rea de Educa\u00e7\u00e3o, com remunera\u00e7\u00e3o de R$ 2.178,08 e carga hor\u00e1ria de 40 horas semanais \u2014 uma excelente oportunidade para profissionais da \u00e1rea.<\/p>\n<h2>Inscri\u00e7\u00f5es<\/h2>\n<p>As inscri\u00e7\u00f5es para o Processo Seletivo da Prefeitura de Comercinho-MG estar\u00e3o abertas no per\u00edodo de <strong>08h do dia 17 de abril de 2026 at\u00e9 as 23h59 do dia 27 de abril de 2026<\/strong>, observado o hor\u00e1rio oficial de Bras\u00edlia-DF.<\/p>\n<p>As inscri\u00e7\u00f5es ser\u00e3o realizadas <strong>exclusivamente pela internet<\/strong>, por meio do site da banca organizadora: <strong>www.jmsbhz.com.br\/concurso<\/strong>. O procedimento de inscri\u00e7\u00e3o segue os seguintes passos:<\/p>\n<ul>\n<li>Acessar a p\u00e1gina eletr\u00f4nica do Processo Seletivo no endere\u00e7o indicado;<\/li>\n<li>Realizar o cadastro como candidato na plataforma;<\/li>\n<li>Efetuar a inscri\u00e7\u00e3o, selecionando o cargo desejado;<\/li>\n<li>Gerar e imprimir o <strong>Boleto Banc\u00e1rio<\/strong> correspondente \u00e0 taxa de inscri\u00e7\u00e3o do cargo escolhido;<\/li>\n<li>Efetuar o pagamento do boleto dentro do prazo estabelecido.<\/li>\n<\/ul>\n<p>O candidato deve atentar-se para que o pagamento do boleto seja realizado dentro do per\u00edodo de inscri\u00e7\u00f5es, garantindo assim a confirma\u00e7\u00e3o de sua participa\u00e7\u00e3o no certame.<\/p>\n<p>Recomenda-se que o candidato acompanhe o status de sua inscri\u00e7\u00e3o diretamente no site da banca organizadora, verificando se o pagamento foi devidamente processado e a inscri\u00e7\u00e3o confirmada.<\/p>\n<p>Para informa\u00e7\u00f5es completas sobre valores das taxas de inscri\u00e7\u00e3o, possibilidades de isen\u00e7\u00e3o e demais procedimentos, consulte o <strong>Edital n\u00ba 003\/2024<\/strong> na \u00edntegra, dispon\u00edvel nos endere\u00e7os eletr\u00f4nicos <strong>www.jmsbhz.com.br\/concurso<\/strong> e <strong>www.comercinho.mg.gov.br<\/strong>.<\/p>\n<h2>Etapas e Provas<\/h2>\n<p>O Processo Seletivo da Prefeitura de Comercinho-MG ser\u00e1 composto por at\u00e9 duas etapas de avalia\u00e7\u00e3o, conforme o n\u00edvel de escolaridade exigido para o cargo. Confira os detalhes de cada fase:<\/p>\n<ul>\n<li><strong>1\u00aa Etapa \u2014 Prova Objetiva de M\u00faltipla Escolha (car\u00e1ter eliminat\u00f3rio e classificat\u00f3rio)<\/strong>\n<p>Aplic\u00e1vel a <strong>todos os cargos<\/strong>. A prova ser\u00e1 composta por <strong>20 quest\u00f5es de m\u00faltipla escolha<\/strong>, cada uma com 4 alternativas de resposta, sendo apenas uma correta. Cada quest\u00e3o vale <strong>5,0 pontos<\/strong>, totalizando <strong>100 pontos<\/strong>.<\/p>\n<p>Ser\u00e1 <strong>eliminado<\/strong> o candidato que n\u00e3o obtiver o m\u00ednimo de <strong>50% de acertos<\/strong> (50 pontos) no total da prova.<\/p>\n<p>A data prevista para a realiza\u00e7\u00e3o da Prova Objetiva \u00e9 o dia <strong>10 de maio de 2026, \u00e0s 09h<\/strong>. O local de aplica\u00e7\u00e3o ser\u00e1 divulgado oportunamente no Quadro de Avisos da Prefeitura de Comercinho e nos sites <strong>www.jmsbhz.com.br\/concurso<\/strong> e <strong>www.comercinho.mg.gov.br<\/strong>.<\/p>\n<\/li>\n<li><strong>2\u00aa Etapa \u2014 Prova de T\u00edtulos por Forma\u00e7\u00e3o Acad\u00eamica (car\u00e1ter classificat\u00f3rio)<\/strong>\n<p>Aplic\u00e1vel exclusivamente aos candidatos inscritos em cargos de <strong>N\u00edvel Superior<\/strong>. Esta etapa avaliar\u00e1 a forma\u00e7\u00e3o acad\u00eamica e o tempo de servi\u00e7o do candidato.<\/p>\n<p>A apresenta\u00e7\u00e3o da documenta\u00e7\u00e3o referente \u00e0 Prova de T\u00edtulos dever\u00e1 ser realizada no per\u00edodo de <strong>14 a 19 de maio de 2026<\/strong>.<\/p>\n<\/li>\n<\/ul>\n<p>Para informa\u00e7\u00f5es detalhadas sobre o conte\u00fado program\u00e1tico de cada cargo, crit\u00e9rios de pontua\u00e7\u00e3o da Prova de T\u00edtulos e cronograma completo, consulte o <strong>Edital n\u00ba 003\/2024<\/strong> na \u00edntegra.<\/p>\n<h2>Resultados e Gabarito<\/h2>\n<p>O <strong>Resultado Final<\/strong> do Processo Seletivo da Prefeitura de Comercinho-MG ser\u00e1 calculado pelo <strong>somat\u00f3rio dos pontos obtidos na Prova Objetiva de M\u00faltipla Escolha e na Prova de T\u00edtulos<\/strong> (esta \u00faltima aplic\u00e1vel apenas aos cargos de n\u00edvel superior). Para os demais cargos, a classifica\u00e7\u00e3o final ser\u00e1 baseada exclusivamente na pontua\u00e7\u00e3o da Prova Objetiva.<\/p>\n<p>O cronograma previsto para divulga\u00e7\u00e3o dos resultados \u00e9 o seguinte:<\/p>\n<ul>\n<li><strong>Resultado final dos candidatos classificados<\/strong> (considerando Prova Objetiva e T\u00edtulos): previs\u00e3o para <strong>20 de maio de 2026<\/strong>;<\/li>\n<li><strong>Homologa\u00e7\u00e3o do Resultado Final<\/strong> do Processo Seletivo: previs\u00e3o para <strong>25 de maio de 2026<\/strong>.<\/li>\n<\/ul>\n<p>Todas as publica\u00e7\u00f5es referentes ao certame \u2014 incluindo resultados preliminares, definitivos e homologa\u00e7\u00e3o \u2014 ser\u00e3o divulgadas nos seguintes canais oficiais:<\/p>\n<ul>\n<li>Quadro de Avisos da Prefeitura de Comercinho;<\/li>\n<li>Site da banca organizadora: <strong>www.jmsbhz.com.br\/concurso<\/strong>;<\/li>\n<li>Site oficial do munic\u00edpio: <strong>www.comercinho.mg.gov.br<\/strong>.<\/li>\n<\/ul>\n<p>A homologa\u00e7\u00e3o \u00e9 o ato administrativo pelo qual a Prefeitura de Comercinho valida oficialmente o resultado do Processo Seletivo, autorizando a convoca\u00e7\u00e3o dos candidatos aprovados para contrata\u00e7\u00e3o.<\/p>\n<p><strong>\u00c9 de responsabilidade exclusiva do candidato acompanhar todas as publica\u00e7\u00f5es oficiais referentes ao Processo Seletivo<\/strong>, incluindo eventuais retifica\u00e7\u00f5es, convoca\u00e7\u00f5es e prazos. Mantenha seus dados atualizados e consulte regularmente os canais de divulga\u00e7\u00e3o indicados para n\u00e3o perder nenhuma informa\u00e7\u00e3o importante.<\/p>\n","protected":false},"excerpt":{"rendered":"<p>Aguardando in\u00edcio! Sel. P\u00fablica Pref. Comercinho (MG) p\/ Enfermeiro e Odont\u00f3logo (Fund. a Sup.). Sal\u00e1rios at\u00e9 R$6.6k. Inscri\u00e7\u00f5es a partir de 17\/04. Confira!<\/p>\n","protected":false},"author":7,"featured_media":280066,"comment_status":"open","ping_status":"open","sticky":false,"template":"","format":"standard","meta":{"_acf_changed":false,"_breakdance_hide_in_design_set":false,"_breakdance_tags":"","footnotes":""},"categories":[12,23,24,25,26,101,108],"tags":[50],"_amplo":[],"destaque":[],"instituicoes":[],"class_list":["post-280067","post","type-post","status-publish","format-standard","has-post-thumbnail","hentry","category-enfermagem","category-nutricao","category-odontologia","category-pedagogia","category-psicologia","category-servico-social","category-tecnico-enfermagem","tag-minas-gerais"],"acf":{"_tipo_vagas":"vagas","_numero_vagas":"","_quadro_vagas":"","_cargos":"diversos","_cargos_especificos":"","_salario_max":"R$ 6632.41","_abertura":"20260417","_encerramento":"20260427","_inscricoes":"https:\/\/www.jmsbhz.com.br\/concurso","_executora_concurso":"","_instituicao_concurso":[],"_link_adicional":null,"_anexos":null,"_produtos":null,"_vagas":"26 vagas","_salario_min":"R$ 1621","_instituicao":"Prefeitura de Comercinho","_edital":"https:\/\/www.agrobase.com.br\/concursos\/wp-content\/uploads\/sites\/4\/2026\/04\/edital-20-2026-prefeitura-de-comercinho-mg.pdf","_anexos_edital":"https:\/\/www.agrobase.com.br\/concursos\/wp-content\/uploads\/sites\/4\/2026\/04\/anexos-edital-20-2026-prefeitura-de-comercinho-mg.pdf","_fund_incompleto":"","_fund_completo":"<div>\r\n<table class=\"quadro\">\r\n<thead>\r\n<tr>\r\n<th class=\"hcargo\">Cargo<\/th>\r\n<th class=\"hvagas\">Vagas<\/th>\r\n<th class=\"hremuneracao\">Remunera\u00e7\u00e3o<\/th>\r\n<\/tr>\r\n<\/thead>\r\n    <tbody>\r\n      <td class=\"ccargos\">\r\n<span data-balloon-length=\"medium\" aria-label=\"Ensino Fundamental Completo\" data-balloon-pos=\"up\">Auxiliar de Odontologia<\/span><\/td>\r\n<td class=\"cvagas\">01<\/td>\r\n<td class=\"cremuneracao\">R$ 1.621,00 \/40h<\/td>\r\n<\/tr>\r\n    <\/tbody>\r\n  <\/table>\r\n<\/div>","_medio":"<div>\r\n<table class=\"quadro\">\r\n<thead>\r\n<tr>\r\n<th class=\"hcargo\">Cargo<\/th>\r\n<th class=\"hvagas\">Vagas<\/th>\r\n<th class=\"hremuneracao\">Remunera\u00e7\u00e3o<\/th>\r\n<\/tr>\r\n<\/thead>\r\n    <tbody>\r\n      <td class=\"ccargos\">\r\n<span data-balloon-length=\"medium\" aria-label=\"Ensino M\u00e9dio\" data-balloon-pos=\"up\">Entrevistador - PBF<\/span><\/td>\r\n<td class=\"cvagas\">01<\/td>\r\n<td class=\"cremuneracao\">R$ 1.621,00 \/40h<\/td>\r\n<\/tr><td class=\"ccargos\">\r\n<span data-balloon-length=\"medium\" aria-label=\"Ensino M\u00e9dio\" data-balloon-pos=\"up\">Facilitador de Oficina - SCFV<\/span><\/td>\r\n<td class=\"cvagas\">02<\/td>\r\n<td class=\"cremuneracao\">R$ 1.621,00 \/40h<\/td>\r\n<\/tr><td class=\"ccargos\">\r\n<span data-balloon-length=\"medium\" aria-label=\"Ensino M\u00e9dio\" data-balloon-pos=\"up\">Orientador Social - SCFV<\/span><\/td>\r\n<td class=\"cvagas\">01<\/td>\r\n<td class=\"cremuneracao\">R$ 1.621,00 \/40h<\/td>\r\n<\/tr><td class=\"ccargos\">\r\n<span data-balloon-length=\"medium\" aria-label=\"Ensino M\u00e9dio T\u00e9cnico em Enfermagem e Registro no Conselho de Classe\" data-balloon-pos=\"up\">T\u00e9cnico em Enfermagem<\/span><\/td>\r\n<td class=\"cvagas\">05<\/td>\r\n<td class=\"cremuneracao\">R$ 1.621,00 \/40h<\/td>\r\n<\/tr><td class=\"ccargos\">\r\n<span data-balloon-length=\"medium\" aria-label=\"Ensino M\u00e9dio\" data-balloon-pos=\"up\">Visitador - PCF<\/span><\/td>\r\n<td class=\"cvagas\">03<\/td>\r\n<td class=\"cremuneracao\">R$ 1.621,00 \/40h<\/td>\r\n<\/tr>\r\n    <\/tbody>\r\n  <\/table>\r\n<\/div>","_superior":"<div>\r\n<table class=\"quadro\">\r\n<thead>\r\n<tr>\r\n<th class=\"hcargo\">Cargo<\/th>\r\n<th class=\"hvagas\">Vagas<\/th>\r\n<th class=\"hremuneracao\">Remunera\u00e7\u00e3o<\/th>\r\n<\/tr>\r\n<\/thead>\r\n    <tbody>\r\n      <tr>\r\n<td class=\"ccargos\">\r\n<span data-balloon-length=\"medium\" aria-label=\"Ensino Superior em Assist\u00eancia Social e Registro no Conselho de Classe\" data-balloon-pos=\"up\">Assistente Social - Prote\u00e7\u00e3o Social Especial<\/span><\/td>\r\n<td class=\"cvagas\">01<\/td>\r\n<td class=\"cremuneracao\">R$ 3.684,68 \/30h<\/td>\r\n<\/tr><tr>\r\n<td class=\"ccargos\">\r\n<span data-balloon-length=\"medium\" aria-label=\"Ensino Superior em Assist\u00eancia Social e Registro no Conselho de Classe\" data-balloon-pos=\"up\">Assistente Social - CRAS - PAIF<\/span><\/td>\r\n<td class=\"cvagas\">01<\/td>\r\n<td class=\"cremuneracao\">R$ 3.684,68 \/30h<\/td>\r\n<\/tr><tr>\r\n<td class=\"ccargos\">\r\n<span data-balloon-length=\"medium\" aria-label=\"Ensino Superior em Assist\u00eancia Social e Registro no Conselho de Classe\" data-balloon-pos=\"up\">Assistente Social - Sa\u00fade<\/span><\/td>\r\n<td class=\"cvagas\">01<\/td>\r\n<td class=\"cremuneracao\">R$ 3.684,68 \/30h<\/td>\r\n<\/tr><tr>\r\n<td class=\"ccargos\">\r\n<span data-balloon-length=\"medium\" aria-label=\"Ensino Superior em Assist\u00eancia Social ou Ci\u00eancias Humanas e Registro no Conselho de Classe\" data-balloon-pos=\"up\">Coordenador - CRAS - PAIF<\/span><\/td>\r\n<td class=\"cvagas\">01<\/td>\r\n<td class=\"cremuneracao\">R$ 2.139,92 \/40h<\/td>\r\n<\/tr><tr>\r\n<td class=\"ccargos\">\r\n<span data-balloon-length=\"medium\" aria-label=\"Ensino Superior em Enfermagem e Registro no Conselho de Classe\" data-balloon-pos=\"up\">Enfermeiro<\/span><\/td>\r\n<td class=\"cvagas\">02<\/td>\r\n<td class=\"cremuneracao\">R$ 6.632,41 \/40h<\/td>\r\n<\/tr><tr>\r\n<td class=\"ccargos\">\r\n<span data-balloon-length=\"medium\" aria-label=\"Curso Superior e Registro no Conselho de Classe\" data-balloon-pos=\"up\">Gestor - PBF<\/span><\/td>\r\n<td class=\"cvagas\">01<\/td>\r\n<td class=\"cremuneracao\">R$ 2.088,54 \/40h<\/td>\r\n<\/tr><tr>\r\n<td class=\"ccargos\">\r\n<span data-balloon-length=\"medium\" aria-label=\"Ensino Superior em Nutri\u00e7\u00e3o e Registro no Conselho de Classe\" data-balloon-pos=\"up\">Nutricionista - Educa\u00e7\u00e3o<\/span><\/td>\r\n<td class=\"cvagas\">01<\/td>\r\n<td class=\"cremuneracao\">R$ 2.178,08 \/40h<\/td>\r\n<\/tr><tr>\r\n<td class=\"ccargos\">\r\n<span data-balloon-length=\"medium\" aria-label=\"Ensino Superior em Odontologia e Registro no Conselho de Classe\" data-balloon-pos=\"up\">Odont\u00f3logo<\/span><\/td>\r\n<td class=\"cvagas\">03<\/td>\r\n<td class=\"cremuneracao\">R$ 6.632,41 \/40h<\/td>\r\n<\/tr><tr>\r\n<td class=\"ccargos\">\r\n<span data-balloon-length=\"medium\" aria-label=\"Ensino Superior em Psicologia e Registro no Conselho de Classe\" data-balloon-pos=\"up\">Psic\u00f3logo - Prote\u00e7\u00e3o Social Especial<\/span><\/td>\r\n<td class=\"cvagas\">01<\/td>\r\n<td class=\"cremuneracao\">R$ 3.684,68 \/30h<\/td>\r\n<\/tr><tr>\r\n<td class=\"ccargos\">\r\n<span data-balloon-length=\"medium\" aria-label=\"Ensino Superior em Psicologia e Registro no Conselho de Classe\" data-balloon-pos=\"up\">Psic\u00f3logo - CRAS - PAIF<\/span><\/td>\r\n<td class=\"cvagas\">01<\/td>\r\n<td class=\"cremuneracao\">R$ 3.684,68 \/40h<\/td>\r\n<\/tr>\r\n    <\/tbody>\r\n  <\/table>\r\n<\/div>"},"_links":{"self":[{"href":"https:\/\/www.agrobase.com.br\/concursos\/wp-json\/wp\/v2\/posts\/280067","targetHints":{"allow":["GET"]}}],"collection":[{"href":"https:\/\/www.agrobase.com.br\/concursos\/wp-json\/wp\/v2\/posts"}],"about":[{"href":"https:\/\/www.agrobase.com.br\/concursos\/wp-json\/wp\/v2\/types\/post"}],"author":[{"embeddable":true,"href":"https:\/\/www.agrobase.com.br\/concursos\/wp-json\/wp\/v2\/users\/7"}],"replies":[{"embeddable":true,"href":"https:\/\/www.agrobase.com.br\/concursos\/wp-json\/wp\/v2\/comments?post=280067"}],"version-history":[{"count":2,"href":"https:\/\/www.agrobase.com.br\/concursos\/wp-json\/wp\/v2\/posts\/280067\/revisions"}],"predecessor-version":[{"id":280071,"href":"https:\/\/www.agrobase.com.br\/concursos\/wp-json\/wp\/v2\/posts\/280067\/revisions\/280071"}],"wp:featuredmedia":[{"embeddable":true,"href":"https:\/\/www.agrobase.com.br\/concursos\/wp-json\/wp\/v2\/media\/280066"}],"wp:attachment":[{"href":"https:\/\/www.agrobase.com.br\/concursos\/wp-json\/wp\/v2\/media?parent=280067"}],"wp:term":[{"taxonomy":"category","embeddable":true,"href":"https:\/\/www.agrobase.com.br\/concursos\/wp-json\/wp\/v2\/categories?post=280067"},{"taxonomy":"post_tag","embeddable":true,"href":"https:\/\/www.agrobase.com.br\/concursos\/wp-json\/wp\/v2\/tags?post=280067"},{"taxonomy":"_amplo","embeddable":true,"href":"https:\/\/www.agrobase.com.br\/concursos\/wp-json\/wp\/v2\/_amplo?post=280067"},{"taxonomy":"destaque","embeddable":true,"href":"https:\/\/www.agrobase.com.br\/concursos\/wp-json\/wp\/v2\/destaque?post=280067"},{"taxonomy":"instituicoes","embeddable":true,"href":"https:\/\/www.agrobase.com.br\/concursos\/wp-json\/wp\/v2\/instituicoes?post=280067"}],"curies":[{"name":"wp","href":"https:\/\/api.w.org\/{rel}","templated":true}]}}