{"id":279946,"date":"2026-04-07T08:10:46","date_gmt":"2026-04-07T11:10:46","guid":{"rendered":"https:\/\/www.agrobase.com.br\/concursos\/?p=279946"},"modified":"2026-04-06T13:56:34","modified_gmt":"2026-04-06T16:56:34","slug":"prefeitura-parisi-sp-concurso-01-2026","status":"publish","type":"post","link":"https:\/\/www.agrobase.com.br\/concursos\/2026\/prefeitura-parisi-sp-concurso-01-2026\/","title":{"rendered":"Prefeitura Parisi (SP) &#8211; Concurso 01\/2026"},"content":{"rendered":"<h2>Informa\u00e7\u00f5es Gerais<\/h2>\n<p>A <strong>Prefeitura Municipal de Parisi<\/strong>, no interior do Estado de S\u00e3o Paulo, publicou o <strong>Edital n\u00ba 001\/2026<\/strong> referente ao <strong>Concurso P\u00fablico<\/strong> destinado ao preenchimento de <strong>09 vagas imediatas<\/strong>, al\u00e9m de forma\u00e7\u00e3o de <strong>cadastro reserva<\/strong> em diversas \u00e1reas do quadro de pessoal do munic\u00edpio.<\/p>\n<p>O certame contempla oportunidades para candidatos com <strong>Ensino Fundamental Completo<\/strong>, <strong>Ensino M\u00e9dio\/T\u00e9cnico<\/strong> e <strong>Ensino Superior<\/strong>, com remunera\u00e7\u00f5es que variam de <strong>R$ 1.662,86<\/strong> a <strong>R$ 5.512,80<\/strong>, para jornadas de trabalho de 30h a 40h semanais. O regime de contrata\u00e7\u00e3o \u00e9 <strong>estatut\u00e1rio<\/strong>, regido pelo Estatuto dos Servidores P\u00fablicos da Prefeitura de Parisi e pela Lei Org\u00e2nica do Munic\u00edpio.<\/p>\n<p>Entre os cargos oferecidos est\u00e3o vagas para <strong>Agente de Servi\u00e7os Gerais<\/strong>, <strong>Tratorista\/Operador de Equipamento<\/strong>, <strong>Auxiliar de Consult\u00f3rio Dent\u00e1rio<\/strong>, <strong>Operador de M\u00e1quina Pesada<\/strong>, <strong>Analista Previdenci\u00e1rio<\/strong>, <strong>Analista de Conv\u00eanios<\/strong>, <strong>Contador<\/strong>, <strong>Coordenador Pedag\u00f3gico de Educa\u00e7\u00e3o B\u00e1sica<\/strong>, <strong>Fonoaudi\u00f3logo<\/strong> e <strong>Terapeuta Ocupacional<\/strong>. As vagas abrangem \u00e1reas como administra\u00e7\u00e3o p\u00fablica, sa\u00fade, educa\u00e7\u00e3o e opera\u00e7\u00e3o de m\u00e1quinas.<\/p>\n<h2>Inscri\u00e7\u00f5es<\/h2>\n<p>As inscri\u00e7\u00f5es para o Concurso P\u00fablico da Prefeitura de Parisi (Edital n\u00ba 001\/2026) estar\u00e3o abertas <strong>a partir do dia 02 de abril de 2026 at\u00e9 as 23h59 do dia 06 de maio de 2026<\/strong>. As inscri\u00e7\u00f5es ser\u00e3o realizadas <strong>exclusivamente pela internet<\/strong>, por meio do site da banca organizadora.<\/p>\n<p>Para se inscrever, o candidato dever\u00e1 acessar o endere\u00e7o eletr\u00f4nico <strong>www.abconcursospublicos.org<\/strong> e seguir os passos abaixo:<\/p>\n<ul>\n<li>Acessar a se\u00e7\u00e3o <strong>&#8216;Abertos para Inscri\u00e7\u00e3o&#8217;<\/strong> e localizar o edital desejado;<\/li>\n<li>Clicar sobre o edital e selecionar a op\u00e7\u00e3o <strong>&#8216;INSCRI\u00c7\u00c3O ONLINE&#8217;<\/strong>;<\/li>\n<li>Inserir o n\u00famero do CPF;<\/li>\n<li>Realizar o cadastro (primeiro acesso) ou efetuar login com dados j\u00e1 registrados;<\/li>\n<li>Preencher integralmente o Requerimento de Inscri\u00e7\u00e3o, conferindo todos os dados informados;<\/li>\n<li>Gerar e imprimir o boleto banc\u00e1rio referente \u00e0 taxa de inscri\u00e7\u00e3o.<\/li>\n<\/ul>\n<p><strong>Aten\u00e7\u00e3o:<\/strong> o pagamento do boleto banc\u00e1rio dever\u00e1 ser efetuado at\u00e9 o dia <strong>07 de maio de 2026<\/strong>, data-limite que \u00e9 posterior ao encerramento das inscri\u00e7\u00f5es. Certifique-se de gerar o boleto com anteced\u00eancia para evitar imprevistos.<\/p>\n<p>Recomenda-se que o candidato acompanhe o status da sua inscri\u00e7\u00e3o diretamente na plataforma da banca organizadora, verificando a confirma\u00e7\u00e3o do pagamento e a regularidade dos dados cadastrados.<\/p>\n<p>Para informa\u00e7\u00f5es completas sobre valores das taxas de inscri\u00e7\u00e3o, crit\u00e9rios e procedimentos para solicita\u00e7\u00e3o de isen\u00e7\u00e3o, consulte o edital na \u00edntegra no site <strong>www.abconcursospublicos.org<\/strong>.<\/p>\n<h2>Etapas e Provas<\/h2>\n<p>O Concurso P\u00fablico da Prefeitura de Parisi\/SP ser\u00e1 composto por at\u00e9 <strong>quatro etapas<\/strong>, variando conforme o cargo pretendido. Todas as etapas presenciais ser\u00e3o realizadas no <strong>munic\u00edpio de Parisi\/SP<\/strong>. Confira abaixo o detalhamento de cada fase:<\/p>\n<ul>\n<li><strong>Prova Objetiva<\/strong> \u2014 Car\u00e1ter <strong>classificat\u00f3rio e eliminat\u00f3rio<\/strong>. Ser\u00e1 aplicada a todos os cargos, no formato de quest\u00f5es de m\u00faltipla escolha, abrangendo conhecimentos b\u00e1sicos e conhecimentos espec\u00edficos exigidos para cada cargo. A dura\u00e7\u00e3o da prova ser\u00e1 de no m\u00ednimo <strong>1 hora<\/strong> e no m\u00e1ximo <strong>2 horas e 30 minutos<\/strong>.<\/li>\n<li><strong>Prova de T\u00edtulos<\/strong> \u2014 Car\u00e1ter <strong>exclusivamente classificat\u00f3rio<\/strong>. Aplic\u00e1vel apenas a determinados cargos, conforme especificado no edital. Nesta etapa, o candidato poder\u00e1 apresentar documenta\u00e7\u00e3o comprobat\u00f3ria de forma\u00e7\u00e3o acad\u00eamica e qualifica\u00e7\u00e3o profissional para obter pontua\u00e7\u00e3o adicional na classifica\u00e7\u00e3o.<\/li>\n<li><strong>Prova Pr\u00e1tica<\/strong> \u2014 Car\u00e1ter <strong>eliminat\u00f3rio<\/strong>. Destinada a cargos espec\u00edficos que exigem demonstra\u00e7\u00e3o de habilidades pr\u00e1ticas para o exerc\u00edcio da fun\u00e7\u00e3o. O candidato dever\u00e1 atingir o desempenho m\u00ednimo estabelecido no edital para ser considerado aprovado nesta etapa.<\/li>\n<li><strong>Teste de Aptid\u00e3o F\u00edsica (TAF)<\/strong> \u2014 Car\u00e1ter <strong>eliminat\u00f3rio<\/strong>. Aplic\u00e1vel a cargos espec\u00edficos, conforme previsto no edital. O candidato ser\u00e1 submetido a avalia\u00e7\u00e3o f\u00edsica e dever\u00e1 alcan\u00e7ar os \u00edndices m\u00ednimos exigidos para prosseguir no certame.<\/li>\n<\/ul>\n<p>Para informa\u00e7\u00f5es detalhadas sobre o conte\u00fado program\u00e1tico de cada cargo, crit\u00e9rios de pontua\u00e7\u00e3o, notas m\u00ednimas para aprova\u00e7\u00e3o e cronograma de aplica\u00e7\u00e3o das provas, consulte o edital completo dispon\u00edvel no site <strong>www.abconcursospublicos.org<\/strong>.<\/p>\n<h2>Resultados e Gabarito<\/h2>\n<p>O cronograma de divulga\u00e7\u00e3o dos resultados do Concurso P\u00fablico da Prefeitura de Parisi\/SP (Edital n\u00ba 001\/2026) est\u00e1 previsto da seguinte forma:<\/p>\n<ul>\n<li><strong>Gabaritos preliminares<\/strong> das Provas Objetivas: <strong>01 de junho de 2026<\/strong>;<\/li>\n<li><strong>Gabaritos oficiais (definitivos)<\/strong> das Provas Objetivas: <strong>09 de junho de 2026<\/strong>;<\/li>\n<li><strong>Listas provis\u00f3rias de resultados<\/strong>: <strong>09 de junho de 2026<\/strong>;<\/li>\n<li><strong>Listas de classifica\u00e7\u00e3o final<\/strong>: <strong>25 de junho de 2026<\/strong>;<\/li>\n<li><strong>Homologa\u00e7\u00e3o do concurso<\/strong>: <strong>25 de junho de 2026<\/strong>.<\/li>\n<\/ul>\n<p>Ser\u00e1 elaborada uma <strong>lista de classifica\u00e7\u00e3o geral<\/strong>, contendo todos os candidatos aprovados, bem como uma <strong>lista espec\u00edfica para candidatos com defici\u00eancia (PcD)<\/strong>. A classifica\u00e7\u00e3o final levar\u00e1 em considera\u00e7\u00e3o o desempenho do candidato em todas as etapas aplic\u00e1veis ao seu cargo.<\/p>\n<p>A <strong>homologa\u00e7\u00e3o<\/strong> \u00e9 o ato oficial que encerra o processo do concurso e valida os resultados finais. A partir dessa data, a convoca\u00e7\u00e3o dos candidatos aprovados obedecer\u00e1 <strong>rigorosamente \u00e0 ordem de classifica\u00e7\u00e3o final<\/strong>.<\/p>\n<p>Todos os resultados, gabaritos, listas de classifica\u00e7\u00e3o e demais publica\u00e7\u00f5es oficiais estar\u00e3o dispon\u00edveis no site da banca organizadora <strong>www.abconcursospublicos.org<\/strong>, podendo tamb\u00e9m ser divulgados no site oficial da Prefeitura de Parisi e no Di\u00e1rio Oficial do Munic\u00edpio.<\/p>\n<p><strong>Importante:<\/strong> o acompanhamento de todas as publica\u00e7\u00f5es, convoca\u00e7\u00f5es e prazos relativos ao concurso \u00e9 de <strong>responsabilidade exclusiva do candidato<\/strong>. Recomenda-se consultar periodicamente os canais oficiais para n\u00e3o perder nenhum prazo ou etapa do certame.<\/p>\n","protected":false},"excerpt":{"rendered":"<p>Concurso Pref. Parisi (SP) com edital publicado! Vagas p\/ Coord. Pedag\u00f3gico e Contador (Fund. a Sup.). Inscri\u00e7\u00f5es a partir de 02\/04. Confira detalhes!<\/p>\n","protected":false},"author":7,"featured_media":279945,"comment_status":"open","ping_status":"open","sticky":false,"template":"","format":"standard","meta":{"_acf_changed":false,"_breakdance_hide_in_design_set":false,"_breakdance_tags":"","footnotes":""},"categories":[3,9,10,117,19,25,143,134],"tags":[62],"_amplo":[],"destaque":[],"instituicoes":[],"class_list":["post-279946","post","type-post","status-publish","format-standard","has-post-thumbnail","hentry","category-administracao","category-ciencias-contabeis","category-direito","category-economia","category-fonoaudiologia","category-pedagogia","category-tecnico-odontologia","category-terapia-ocupacional","tag-sao-paulo"],"acf":{"_tipo_vagas":"vagas","_numero_vagas":"","_quadro_vagas":"","_cargos":"diversos","_cargos_especificos":"","_salario_max":"R$ 5512.8","_abertura":"20260402","_encerramento":"20260506","_inscricoes":"https:\/\/www.abconcursospublicos.org","_executora_concurso":"","_instituicao_concurso":[],"_link_adicional":null,"_anexos":null,"_produtos":null,"_vagas":"09 vagas + CR","_salario_min":"R$ 1662.86","_instituicao":"Prefeitura de Parisi","_edital":"https:\/\/www.agrobase.com.br\/concursos\/wp-content\/uploads\/sites\/4\/2026\/04\/edital-01-2026-da-prefeitura-de-parisi-sp.pdf","_anexos_edital":"https:\/\/www.agrobase.com.br\/concursos\/wp-content\/uploads\/sites\/4\/2026\/04\/anexos-edital-01-2026-da-prefeitura-de-parisi-sp.pdf","_fund_incompleto":"","_fund_completo":"<div>\r\n<table class=\"quadro\">\r\n<thead>\r\n<tr>\r\n<th class=\"hcargo\">Cargo<\/th>\r\n<th class=\"hvagas\">Vagas<\/th>\r\n<th class=\"hremuneracao\">Remunera\u00e7\u00e3o<\/th>\r\n<\/tr>\r\n<\/thead>\r\n    <tbody>\r\n      <td class=\"ccargos\">\r\n<span data-balloon-length=\"medium\" aria-label=\"Ensino Fundamental Completo\" data-balloon-pos=\"up\">Agente de Servi\u00e7os Gerais (Masculino)<\/span><\/td>\r\n<td class=\"cvagas\">01 + CR<\/td>\r\n<td class=\"cremuneracao\">R$ 1.662,86 \/40h<\/td>\r\n<\/tr><td class=\"ccargos\">\r\n<span data-balloon-length=\"medium\" aria-label=\"Ensino Fundamental Completo\" data-balloon-pos=\"up\">Agente de Servi\u00e7os Gerais (Feminino)<\/span><\/td>\r\n<td class=\"cvagas\">01 + CR<\/td>\r\n<td class=\"cremuneracao\">R$ 1.662,86 \/40h<\/td>\r\n<\/tr><td class=\"ccargos\">\r\n<span data-balloon-length=\"medium\" aria-label=\"Ensino Fundamental Completo + CNH Categoria C\" data-balloon-pos=\"up\">Tratorista\/Operador de Equipamento<\/span><\/td>\r\n<td class=\"cvagas\">01 + CR<\/td>\r\n<td class=\"cremuneracao\">R$ 2.002,79 \/40h<\/td>\r\n<\/tr>\r\n    <\/tbody>\r\n  <\/table>\r\n<\/div>","_medio":"<div>\r\n<table class=\"quadro\">\r\n<thead>\r\n<tr>\r\n<th class=\"hcargo\">Cargo<\/th>\r\n<th class=\"hvagas\">Vagas<\/th>\r\n<th class=\"hremuneracao\">Remunera\u00e7\u00e3o<\/th>\r\n<\/tr>\r\n<\/thead>\r\n    <tbody>\r\n      <td class=\"ccargos\">\r\n<span data-balloon-length=\"medium\" aria-label=\"Ensino M\u00e9dio Completo e Curso T\u00e9cnico de Sa\u00fade Bucal\" data-balloon-pos=\"up\">Auxiliar de Consult\u00f3rio Dent\u00e1rio<\/span><\/td>\r\n<td class=\"cvagas\">01 + CR<\/td>\r\n<td class=\"cremuneracao\">R$ 2.002,79 \/40h<\/td>\r\n<\/tr><td class=\"ccargos\">\r\n<span data-balloon-length=\"medium\" aria-label=\"Ensino M\u00e9dio Completo + CNH D + curso de Operador de M\u00e1quina Pesada\" data-balloon-pos=\"up\">Operador de M\u00e1quina Pesada<\/span><\/td>\r\n<td class=\"cvagas\">CR<\/td>\r\n<td class=\"cremuneracao\">R$ 2.173,61 \/40h<\/td>\r\n<\/tr>\r\n    <\/tbody>\r\n  <\/table>\r\n<\/div>","_superior":"<div>\r\n<table class=\"quadro\">\r\n<thead>\r\n<tr>\r\n<th class=\"hcargo\">Cargo<\/th>\r\n<th class=\"hvagas\">Vagas<\/th>\r\n<th class=\"hremuneracao\">Remunera\u00e7\u00e3o<\/th>\r\n<\/tr>\r\n<\/thead>\r\n    <tbody>\r\n      <tr>\r\n<td class=\"ccargos\">\r\n<span data-balloon-length=\"medium\" aria-label=\"Ensino Superior em Administra\u00e7\u00e3o ou Contabilidade ou Economia e registro no respectivo Conselho\" data-balloon-pos=\"up\">Analista Previdenci\u00e1rio<\/span><\/td>\r\n<td class=\"cvagas\">01 + CR<\/td>\r\n<td class=\"cremuneracao\">R$ 2.973,89 \/40h<\/td>\r\n<\/tr><tr>\r\n<td class=\"ccargos\">\r\n<span data-balloon-length=\"medium\" aria-label=\"Ensino Superior em Sistemas de Informa\u00e7\u00e3o ou \u00e1reas correlatas \u00e0 administra\u00e7\u00e3o p\u00fablica + P\u00f3s-gradua\u00e7\u00e3o lato ou stricto sensu\" data-balloon-pos=\"up\">Analista de Conv\u00eanios<\/span><\/td>\r\n<td class=\"cvagas\">01 + CR<\/td>\r\n<td class=\"cremuneracao\">R$ 2.488,35 \/40h<\/td>\r\n<\/tr><tr>\r\n<td class=\"ccargos\">\r\n<span data-balloon-length=\"medium\" aria-label=\"Ensino Superior em Contabilidade + Registro no CRC\" data-balloon-pos=\"up\">Contador<\/span><\/td>\r\n<td class=\"cvagas\">01 + CR<\/td>\r\n<td class=\"cremuneracao\">R$ 3.497,52 \/40h<\/td>\r\n<\/tr><tr>\r\n<td class=\"ccargos\">\r\n<span data-balloon-length=\"medium\" aria-label=\"Licenciatura em Pedagogia ou t\u00edtulo de mestre ou doutor + no m\u00ednimo 03 anos de experi\u00eancia docente na Educa\u00e7\u00e3o B\u00e1sica\" data-balloon-pos=\"up\">Coordenador Pedag\u00f3gico de Educa\u00e7\u00e3o B\u00e1sica<\/span><\/td>\r\n<td class=\"cvagas\">01 + CR<\/td>\r\n<td class=\"cremuneracao\">R$ 5.512,80 \/40h<\/td>\r\n<\/tr><tr>\r\n<td class=\"ccargos\">\r\n<span data-balloon-length=\"medium\" aria-label=\"Ensino Superior em Fonoaudiologia + Registro no respectivo Conselho\" data-balloon-pos=\"up\">Fonoaudi\u00f3logo<\/span><\/td>\r\n<td class=\"cvagas\">CR<\/td>\r\n<td class=\"cremuneracao\">R$ 2.488,35 \/30h<\/td>\r\n<\/tr><tr>\r\n<td class=\"ccargos\">\r\n<span data-balloon-length=\"medium\" aria-label=\"Ensino Superior em Terapia Ocupacional com o respectivo registro junto ao conselho de classe\" data-balloon-pos=\"up\">Terapeuta Ocupacional<\/span><\/td>\r\n<td class=\"cvagas\">01 + CR<\/td>\r\n<td class=\"cremuneracao\">R$ 2.488,35 \/30h<\/td>\r\n<\/tr>\r\n    <\/tbody>\r\n  <\/table>\r\n<\/div>"},"_links":{"self":[{"href":"https:\/\/www.agrobase.com.br\/concursos\/wp-json\/wp\/v2\/posts\/279946","targetHints":{"allow":["GET"]}}],"collection":[{"href":"https:\/\/www.agrobase.com.br\/concursos\/wp-json\/wp\/v2\/posts"}],"about":[{"href":"https:\/\/www.agrobase.com.br\/concursos\/wp-json\/wp\/v2\/types\/post"}],"author":[{"embeddable":true,"href":"https:\/\/www.agrobase.com.br\/concursos\/wp-json\/wp\/v2\/users\/7"}],"replies":[{"embeddable":true,"href":"https:\/\/www.agrobase.com.br\/concursos\/wp-json\/wp\/v2\/comments?post=279946"}],"version-history":[{"count":2,"href":"https:\/\/www.agrobase.com.br\/concursos\/wp-json\/wp\/v2\/posts\/279946\/revisions"}],"predecessor-version":[{"id":279950,"href":"https:\/\/www.agrobase.com.br\/concursos\/wp-json\/wp\/v2\/posts\/279946\/revisions\/279950"}],"wp:featuredmedia":[{"embeddable":true,"href":"https:\/\/www.agrobase.com.br\/concursos\/wp-json\/wp\/v2\/media\/279945"}],"wp:attachment":[{"href":"https:\/\/www.agrobase.com.br\/concursos\/wp-json\/wp\/v2\/media?parent=279946"}],"wp:term":[{"taxonomy":"category","embeddable":true,"href":"https:\/\/www.agrobase.com.br\/concursos\/wp-json\/wp\/v2\/categories?post=279946"},{"taxonomy":"post_tag","embeddable":true,"href":"https:\/\/www.agrobase.com.br\/concursos\/wp-json\/wp\/v2\/tags?post=279946"},{"taxonomy":"_amplo","embeddable":true,"href":"https:\/\/www.agrobase.com.br\/concursos\/wp-json\/wp\/v2\/_amplo?post=279946"},{"taxonomy":"destaque","embeddable":true,"href":"https:\/\/www.agrobase.com.br\/concursos\/wp-json\/wp\/v2\/destaque?post=279946"},{"taxonomy":"instituicoes","embeddable":true,"href":"https:\/\/www.agrobase.com.br\/concursos\/wp-json\/wp\/v2\/instituicoes?post=279946"}],"curies":[{"name":"wp","href":"https:\/\/api.w.org\/{rel}","templated":true}]}}