{"id":279933,"date":"2026-04-07T07:52:30","date_gmt":"2026-04-07T10:52:30","guid":{"rendered":"https:\/\/www.agrobase.com.br\/concursos\/?p=279933"},"modified":"2026-04-06T12:56:21","modified_gmt":"2026-04-06T15:56:21","slug":"ale-rr-rr-concurso-01-2026","status":"publish","type":"post","link":"https:\/\/www.agrobase.com.br\/concursos\/2026\/ale-rr-rr-concurso-01-2026\/","title":{"rendered":"ALE-RR (RR) &#8211; Concurso 01\/2026"},"content":{"rendered":"<h2>Informa\u00e7\u00f5es Gerais<\/h2>\n<p>A <strong>Assembleia Legislativa do Estado de Roraima (ALE-RR)<\/strong> publicou o edital do <strong>IV Concurso P\u00fablico<\/strong> para provimento de <strong>220 vagas imediatas, al\u00e9m de cadastro reserva<\/strong>, nos cargos efetivos de Consultor Legislativo, Analista Legislativo, T\u00e9cnico Legislativo Especializado e T\u00e9cnico Legislativo. O certame \u00e9 organizado pela <strong>Funda\u00e7\u00e3o Carlos Chagas (FCC)<\/strong> e o regime jur\u00eddico \u00e9 o <strong>Estatut\u00e1rio<\/strong>, conforme a Lei Complementar Estadual n\u00ba 053\/2001.<\/p>\n<p>As oportunidades contemplam candidatos com <strong>n\u00edvel m\u00e9dio\/t\u00e9cnico<\/strong> e <strong>n\u00edvel superior<\/strong>, com remunera\u00e7\u00f5es que variam de <strong>R$ 5.815,15<\/strong> (T\u00e9cnico Legislativo) a <strong>R$ 19.486,95<\/strong> (Consultor Legislativo), para jornada de 40 horas semanais. Todas as vagas s\u00e3o para lota\u00e7\u00e3o na cidade de <strong>Boa Vista \u2013 RR<\/strong>.<\/p>\n<p>No n\u00edvel superior, o concurso da Assembleia Legislativa de Roraima oferece vagas para diversas especialidades, incluindo Administra\u00e7\u00e3o, Contabilidade, Direito, Engenharia Civil, Engenharia El\u00e9trica, Enfermagem, Medicina, Psicologia, Servi\u00e7o Social, Jornalismo, Biblioteconomia, Pedagogia, entre outras \u00e1reas. Os cargos de Consultor Legislativo aceitam gradua\u00e7\u00e3o em qualquer \u00e1rea de forma\u00e7\u00e3o, representando uma excelente oportunidade para profissionais de diferentes campos do conhecimento.<\/p>\n<p>Para o n\u00edvel m\u00e9dio\/t\u00e9cnico, h\u00e1 expressivo volume de vagas, com destaque para o cargo de <strong>T\u00e9cnico Legislativo \u2013 Assistente Legislativo<\/strong>, que concentra <strong>132 vagas imediatas<\/strong> mais cadastro reserva. Tamb\u00e9m h\u00e1 oportunidades para Programador, Taqu\u00edgrafo, T\u00e9cnico em Edifica\u00e7\u00f5es, T\u00e9cnico em Enfermagem, T\u00e9cnico em Inform\u00e1tica, T\u00e9cnico em Seguran\u00e7a do Trabalho, Designer Gr\u00e1fico, Rep\u00f3rter Cinematogr\u00e1fico e Rep\u00f3rter Fotogr\u00e1fico.<\/p>\n<h2>Inscri\u00e7\u00f5es<\/h2>\n<p>As inscri\u00e7\u00f5es para o <strong>IV Concurso P\u00fablico da Assembleia Legislativa do Estado de Roraima<\/strong> ser\u00e3o realizadas <strong>exclusivamente pela Internet<\/strong>, no site da Funda\u00e7\u00e3o Carlos Chagas (<strong>www.concursosfcc.com.br<\/strong>), no per\u00edodo das <strong>10h do dia 16 de mar\u00e7o de 2026<\/strong> at\u00e9 as <strong>23h59min do dia 21 de abril de 2026<\/strong> (hor\u00e1rio de Bras\u00edlia).<\/p>\n<p>Para se inscrever, o candidato dever\u00e1 acessar o site da FCC, ler integralmente o Edital de Abertura de Inscri\u00e7\u00f5es, preencher o Requerimento de Inscri\u00e7\u00e3o no formul\u00e1rio eletr\u00f4nico e transmitir os dados pela Internet. A inscri\u00e7\u00e3o somente ser\u00e1 confirmada ap\u00f3s a comprova\u00e7\u00e3o do pagamento da respectiva taxa.<\/p>\n<p>Os <strong>valores das taxas de inscri\u00e7\u00e3o<\/strong> variam conforme o cargo pretendido:<\/p>\n<ul>\n<li><strong>R$ 200,00<\/strong> \u2013 Consultor Legislativo (n\u00edvel superior);<\/li>\n<li><strong>R$ 150,00<\/strong> \u2013 Analista Legislativo e T\u00e9cnico Legislativo Especializado;<\/li>\n<li><strong>R$ 100,00<\/strong> \u2013 T\u00e9cnico Legislativo (n\u00edvel m\u00e9dio).<\/li>\n<\/ul>\n<p>O pagamento da taxa de inscri\u00e7\u00e3o dever\u00e1 ser efetuado <strong>at\u00e9 o dia 22 de abril de 2026<\/strong>, por meio de <strong>boleto banc\u00e1rio ou PIX<\/strong>, conforme instru\u00e7\u00f5es dispon\u00edveis no site da Funda\u00e7\u00e3o Carlos Chagas. Aten\u00e7\u00e3o: a data-limite para pagamento \u00e9 um dia ap\u00f3s o encerramento das inscri\u00e7\u00f5es.<\/p>\n<p>Recomenda-se que o candidato acompanhe o status de sua inscri\u00e7\u00e3o diretamente na \u00e1rea do candidato no site da FCC, verificando a confirma\u00e7\u00e3o do pagamento e a regularidade dos dados informados.<\/p>\n<h2>Etapas e Provas<\/h2>\n<p>O concurso da Assembleia Legislativa de Roraima ser\u00e1 composto por diferentes etapas, conforme o cargo pretendido. As <strong>Provas Objetivas e Discursivas<\/strong> est\u00e3o previstas para o dia <strong>14 de junho de 2026<\/strong>, na cidade de <strong>Boa Vista \u2013 RR<\/strong>, em dois turnos distintos.<\/p>\n<p><strong>Distribui\u00e7\u00e3o dos turnos de prova:<\/strong><\/p>\n<ul>\n<li><strong>Per\u00edodo da Manh\u00e3:<\/strong> T\u00e9cnico Legislativo e Consultor Legislativo;<\/li>\n<li><strong>Per\u00edodo da Tarde:<\/strong> Analista Legislativo e T\u00e9cnico Legislativo Especializado.<\/li>\n<\/ul>\n<p>Confira abaixo as etapas previstas para cada cargo:<\/p>\n<p><strong>Consultor Legislativo (n\u00edvel superior):<\/strong><\/p>\n<ul>\n<li><strong>Provas Objetivas<\/strong> de Conhecimentos Gerais e Conhecimentos Espec\u00edficos \u2013 car\u00e1ter <em>eliminat\u00f3rio e classificat\u00f3rio<\/em>, com quest\u00f5es de m\u00faltipla escolha (cinco alternativas cada);<\/li>\n<li><strong>Prova Discursiva \u2013 Estudo de Caso<\/strong> \u2013 car\u00e1ter <em>eliminat\u00f3rio e classificat\u00f3rio<\/em>, aplicada no mesmo dia e per\u00edodo das Provas Objetivas;<\/li>\n<li><strong>Prova de T\u00edtulos<\/strong> \u2013 car\u00e1ter exclusivamente <em>classificat\u00f3rio<\/em>, destinada aos candidatos habilitados nas etapas anteriores.<\/li>\n<\/ul>\n<p><strong>Analista Legislativo (n\u00edvel superior):<\/strong><\/p>\n<ul>\n<li><strong>Provas Objetivas<\/strong> de Conhecimentos Gerais e Conhecimentos Espec\u00edficos \u2013 car\u00e1ter <em>eliminat\u00f3rio e classificat\u00f3rio<\/em>, com quest\u00f5es de m\u00faltipla escolha;<\/li>\n<li><strong>Prova Discursiva \u2013 Reda\u00e7\u00e3o<\/strong> \u2013 car\u00e1ter <em>eliminat\u00f3rio e classificat\u00f3rio<\/em>, aplicada no mesmo dia e per\u00edodo das Provas Objetivas;<\/li>\n<li><strong>Prova de T\u00edtulos<\/strong> \u2013 car\u00e1ter exclusivamente <em>classificat\u00f3rio<\/em>, para os candidatos habilitados nas etapas anteriores.<\/li>\n<\/ul>\n<p><strong>T\u00e9cnico Legislativo Especializado (n\u00edvel m\u00e9dio\/t\u00e9cnico):<\/strong><\/p>\n<ul>\n<li><strong>Provas Objetivas<\/strong> de Conhecimentos Gerais e Conhecimentos Espec\u00edficos \u2013 car\u00e1ter <em>eliminat\u00f3rio e classificat\u00f3rio<\/em>, com quest\u00f5es de m\u00faltipla escolha;<\/li>\n<li><strong>Prova Discursiva \u2013 Reda\u00e7\u00e3o<\/strong> \u2013 car\u00e1ter <em>eliminat\u00f3rio e classificat\u00f3rio<\/em>, aplicada no mesmo dia e per\u00edodo das Provas Objetivas.<\/li>\n<\/ul>\n<p><strong>T\u00e9cnico Legislativo (n\u00edvel m\u00e9dio):<\/strong><\/p>\n<ul>\n<li><strong>Provas Objetivas<\/strong> de Conhecimentos Gerais e Conhecimentos Espec\u00edficos \u2013 car\u00e1ter <em>eliminat\u00f3rio e classificat\u00f3rio<\/em>, com quest\u00f5es de m\u00faltipla escolha;<\/li>\n<li><strong>Prova Discursiva \u2013 Reda\u00e7\u00e3o<\/strong> \u2013 car\u00e1ter <em>eliminat\u00f3rio e classificat\u00f3rio<\/em>, aplicada no mesmo dia e per\u00edodo das Provas Objetivas.<\/li>\n<\/ul>\n<p><strong>Crit\u00e9rios de aprova\u00e7\u00e3o nas Provas Objetivas:<\/strong> ser\u00e1 considerado habilitado o candidato que obtiver o <strong>m\u00ednimo de 50% de acertos<\/strong> na prova de Conhecimentos Gerais <strong>e<\/strong> o <strong>m\u00ednimo de 50% de acertos<\/strong> na prova de Conhecimentos Espec\u00edficos. A nota ser\u00e1 atribu\u00edda na escala de 0 a 10.<\/p>\n<p>Para informa\u00e7\u00f5es detalhadas sobre o conte\u00fado program\u00e1tico de cada cargo, n\u00famero de quest\u00f5es por disciplina e crit\u00e9rios completos de avalia\u00e7\u00e3o das provas discursivas e de t\u00edtulos, consulte o edital na \u00edntegra no site da Funda\u00e7\u00e3o Carlos Chagas.<\/p>\n<h2>Resultados e Gabarito<\/h2>\n<p>Os <strong>gabaritos e as quest\u00f5es das Provas Objetivas<\/strong> do concurso da Assembleia Legislativa de Roraima ser\u00e3o divulgados no dia <strong>16 de junho de 2026<\/strong>, a partir das <strong>17h<\/strong>, no site da Funda\u00e7\u00e3o Carlos Chagas (<strong>www.concursosfcc.com.br<\/strong>).<\/p>\n<p>Confira as principais datas previstas no cronograma de resultados:<\/p>\n<ul>\n<li><strong>Divulga\u00e7\u00e3o do Gabarito Preliminar:<\/strong> 16\/06\/2026;<\/li>\n<li><strong>Divulga\u00e7\u00e3o do Resultado Preliminar:<\/strong> 24\/07\/2026;<\/li>\n<li><strong>Vista das Folhas de Respostas e das Provas Discursivas:<\/strong> 27\/07 a 28\/07\/2026;<\/li>\n<li><strong>Publica\u00e7\u00e3o do Resultado Final:<\/strong> 10\/12\/2026.<\/li>\n<\/ul>\n<p>Em caso de <strong>empate na classifica\u00e7\u00e3o final<\/strong>, ser\u00e3o aplicados os seguintes crit\u00e9rios de desempate, nesta ordem:<\/p>\n<ul>\n<li>1\u00ba \u2013 Candidato com idade igual ou superior a 60 anos, conforme o Estatuto da Pessoa Idosa (Lei Federal n\u00ba 10.741\/2003);<\/li>\n<li>2\u00ba \u2013 Maior nota na Prova Objetiva de Conhecimentos Espec\u00edficos;<\/li>\n<li>3\u00ba \u2013 Maior nota na Prova Discursiva;<\/li>\n<li>4\u00ba \u2013 Maior nota na Prova Objetiva de Conhecimentos Gerais;<\/li>\n<li>5\u00ba \u2013 Maior idade;<\/li>\n<li>6\u00ba \u2013 Ter exercido a fun\u00e7\u00e3o de jurado.<\/li>\n<\/ul>\n<p>A <strong>homologa\u00e7\u00e3o do concurso<\/strong> ser\u00e1 realizada por Ato da Mesa Diretora da Assembleia Legislativa do Estado de Roraima, ap\u00f3s a conclus\u00e3o de todas as etapas do certame. A homologa\u00e7\u00e3o representa o encerramento oficial do processo seletivo e autoriza a convoca\u00e7\u00e3o dos aprovados para posse.<\/p>\n<p>O concurso ter\u00e1 <strong>validade de 2 (dois) anos<\/strong>, contados a partir da data de publica\u00e7\u00e3o da homologa\u00e7\u00e3o do resultado final, podendo ser <strong>prorrogado uma \u00fanica vez, por igual per\u00edodo<\/strong>, a crit\u00e9rio da Assembleia Legislativa do Estado de Roraima.<\/p>\n<p>Os resultados e demais publica\u00e7\u00f5es oficiais estar\u00e3o dispon\u00edveis no site da <strong>Funda\u00e7\u00e3o Carlos Chagas<\/strong> e nos canais oficiais da <strong>Assembleia Legislativa do Estado de Roraima<\/strong>. <strong>O acompanhamento de todas as etapas, convoca\u00e7\u00f5es, prazos e publica\u00e7\u00f5es \u00e9 de responsabilidade exclusiva do candidato.<\/strong> Recomenda-se consultar regularmente os sites oficiais para n\u00e3o perder nenhum prazo importante.<\/p>\n","protected":false},"excerpt":{"rendered":"<p>Concurso ALERR (RR) com edital publicado! Vagas p\/ Consultor e Analista (M\u00e9dio\/T\u00e9c. e Sup.). Inscri\u00e7\u00f5es a partir de 16\/03. Sal\u00e1rios at\u00e9 R$19.4k. Confira detalhes!<\/p>\n","protected":false},"author":7,"featured_media":279932,"comment_status":"open","ping_status":"open","sticky":false,"template":"","format":"standard","meta":{"_acf_changed":false,"_breakdance_hide_in_design_set":false,"_breakdance_tags":"","footnotes":""},"categories":[3,94,9,120,117,12,14,103,99,20,25,26,124,101,108,130,157],"tags":[60],"_amplo":[],"destaque":[],"instituicoes":[],"class_list":["post-279933","post","type-post","status-publish","format-standard","has-post-thumbnail","hentry","category-administracao","category-biblioteconomia","category-ciencias-contabeis","category-comunicacao-social","category-economia","category-enfermagem","category-engenharia","category-engenharia-eletrica","category-jornalismo","category-letras","category-pedagogia","category-psicologia","category-publicidade","category-servico-social","category-tecnico-enfermagem","category-tecnico-informatica","category-tecnico-seguranca-trabalho","tag-roraima"],"acf":{"_tipo_vagas":"vagas","_numero_vagas":"","_quadro_vagas":"","_cargos":"diversos","_cargos_especificos":"","_salario_max":"R$ 19486.95","_abertura":"20260316","_encerramento":"20260421","_inscricoes":"https:\/\/www.concursosfcc.com.br","_executora_concurso":"","_instituicao_concurso":[],"_link_adicional":null,"_anexos":null,"_produtos":null,"_vagas":"220 vagas + CR","_salario_min":"R$ 5815.15","_instituicao":"Assembleia Legislativa do Estado de Roraima","_edital":"https:\/\/www.agrobase.com.br\/concursos\/wp-content\/uploads\/sites\/4\/2026\/04\/edital-01-2026-da-ale-rr.pdf","_anexos_edital":"https:\/\/www.agrobase.com.br\/concursos\/wp-content\/uploads\/sites\/4\/2026\/04\/anexos-edital-01-2026-da-ale-rr.pdf","_fund_incompleto":"","_fund_completo":"","_medio":"<div>\r\n<table class=\"quadro\">\r\n<thead>\r\n<tr>\r\n<th class=\"hcargo\">Cargo<\/th>\r\n<th class=\"hvagas\">Vagas<\/th>\r\n<th class=\"hremuneracao\">Remunera\u00e7\u00e3o<\/th>\r\n<\/tr>\r\n<\/thead>\r\n    <tbody>\r\n      <td class=\"ccargos\">\r\n<span data-balloon-length=\"medium\" aria-label=\"Ensino m\u00e9dio profissionalizante na \u00e1rea ou m\u00e9dio completo acrescido de curso t\u00e9cnico em Programa\u00e7\u00e3o\" data-balloon-pos=\"up\">T\u00e9cnico Legislativo Especializado - Programador<\/span><\/td>\r\n<td class=\"cvagas\">05 + CR<\/td>\r\n<td class=\"cremuneracao\">R$ 7.464,35 \/40h<\/td>\r\n<\/tr><td class=\"ccargos\">\r\n<span data-balloon-length=\"medium\" aria-label=\"Ensino m\u00e9dio profissionalizante na \u00e1rea ou m\u00e9dio completo acrescido de curso t\u00e9cnico em Taquigrafia\" data-balloon-pos=\"up\">T\u00e9cnico Legislativo Especializado - Taqu\u00edgrafo<\/span><\/td>\r\n<td class=\"cvagas\">04 + CR<\/td>\r\n<td class=\"cremuneracao\">R$ 7.464,35 \/40h<\/td>\r\n<\/tr><td class=\"ccargos\">\r\n<span data-balloon-length=\"medium\" aria-label=\"Ensino m\u00e9dio e curso t\u00e9cnico em Edifica\u00e7\u00f5es com registro no \u00f3rg\u00e3o fiscalizador\" data-balloon-pos=\"up\">T\u00e9cnico Legislativo Especializado - T\u00e9cnico em Edifica\u00e7\u00f5es<\/span><\/td>\r\n<td class=\"cvagas\">01 + CR<\/td>\r\n<td class=\"cremuneracao\">R$ 7.464,35 \/40h<\/td>\r\n<\/tr><td class=\"ccargos\">\r\n<span data-balloon-length=\"medium\" aria-label=\"Ensino m\u00e9dio e curso t\u00e9cnico em Enfermagem com registro no \u00f3rg\u00e3o fiscalizador\" data-balloon-pos=\"up\">T\u00e9cnico Legislativo Especializado - T\u00e9cnico em Enfermagem<\/span><\/td>\r\n<td class=\"cvagas\">02 + CR<\/td>\r\n<td class=\"cremuneracao\">R$ 7.464,35 \/40h<\/td>\r\n<\/tr><td class=\"ccargos\">\r\n<span data-balloon-length=\"medium\" aria-label=\"Ensino m\u00e9dio profissionalizante na \u00e1rea ou m\u00e9dio completo acrescido de curso t\u00e9cnico em Inform\u00e1tica\" data-balloon-pos=\"up\">T\u00e9cnico Legislativo Especializado - T\u00e9cnico em Inform\u00e1tica<\/span><\/td>\r\n<td class=\"cvagas\">01 + CR<\/td>\r\n<td class=\"cremuneracao\">R$ 7.464,35 \/40h<\/td>\r\n<\/tr><td class=\"ccargos\">\r\n<span data-balloon-length=\"medium\" aria-label=\"Ensino m\u00e9dio profissionalizante na \u00e1rea ou m\u00e9dio completo acrescido de curso t\u00e9cnico em Seguran\u00e7a do Trabalho com registro no \u00f3rg\u00e3o fiscalizador\" data-balloon-pos=\"up\">T\u00e9cnico Legislativo Especializado - T\u00e9cnico em Seguran\u00e7a do Trabalho<\/span><\/td>\r\n<td class=\"cvagas\">02 + CR<\/td>\r\n<td class=\"cremuneracao\">R$ 7.464,35 \/40h<\/td>\r\n<\/tr><td class=\"ccargos\">\r\n<span data-balloon-length=\"medium\" aria-label=\"Ensino m\u00e9dio profissionalizante na \u00e1rea ou m\u00e9dio completo acrescido de curso t\u00e9cnico em Design gr\u00e1fico\" data-balloon-pos=\"up\">T\u00e9cnico Legislativo Especializado - Designer Gr\u00e1fico<\/span><\/td>\r\n<td class=\"cvagas\">02 + CR<\/td>\r\n<td class=\"cremuneracao\">R$ 7.464,35 \/40h<\/td>\r\n<\/tr><td class=\"ccargos\">\r\n<span data-balloon-length=\"medium\" aria-label=\"Ensino m\u00e9dio completo\" data-balloon-pos=\"up\">T\u00e9cnico Legislativo - Assistente Legislativo<\/span><\/td>\r\n<td class=\"cvagas\">132 + CR<\/td>\r\n<td class=\"cremuneracao\">R$ 5.815,15 \/40h<\/td>\r\n<\/tr><td class=\"ccargos\">\r\n<span data-balloon-length=\"medium\" aria-label=\"Ensino m\u00e9dio profissionalizante na \u00e1rea ou m\u00e9dio completo acrescido de curso t\u00e9cnico e registro no \u00f3rg\u00e3o fiscalizador\" data-balloon-pos=\"up\">T\u00e9cnico Legislativo - Rep\u00f3rter Cinematogr\u00e1fico<\/span><\/td>\r\n<td class=\"cvagas\">04 + CR<\/td>\r\n<td class=\"cremuneracao\">R$ 5.815,15 \/40h<\/td>\r\n<\/tr><td class=\"ccargos\">\r\n<span data-balloon-length=\"medium\" aria-label=\"Ensino m\u00e9dio completo e registro no \u00f3rg\u00e3o fiscalizador\" data-balloon-pos=\"up\">T\u00e9cnico Legislativo - Rep\u00f3rter Fotogr\u00e1fico<\/span><\/td>\r\n<td class=\"cvagas\">04 + CR<\/td>\r\n<td class=\"cremuneracao\">R$ 5.815,15 \/40h<\/td>\r\n<\/tr>\r\n    <\/tbody>\r\n  <\/table>\r\n<\/div>","_superior":"<div>\r\n<table class=\"quadro\">\r\n<thead>\r\n<tr>\r\n<th class=\"hcargo\">Cargo<\/th>\r\n<th class=\"hvagas\">Vagas<\/th>\r\n<th class=\"hremuneracao\">Remunera\u00e7\u00e3o<\/th>\r\n<\/tr>\r\n<\/thead>\r\n    <tbody>\r\n      <tr>\r\n<td class=\"ccargos\">\r\n<span data-balloon-length=\"medium\" aria-label=\"Diploma de gradua\u00e7\u00e3o de n\u00edvel superior em qualquer \u00e1rea de forma\u00e7\u00e3o\" data-balloon-pos=\"up\">Consultor Legislativo - \u00c1rea 1<\/span><\/td>\r\n<td class=\"cvagas\">01 + CR<\/td>\r\n<td class=\"cremuneracao\">R$ 19.486,95 \/40h<\/td>\r\n<\/tr><tr>\r\n<td class=\"ccargos\">\r\n<span data-balloon-length=\"medium\" aria-label=\"Diploma de gradua\u00e7\u00e3o de n\u00edvel superior em qualquer \u00e1rea de forma\u00e7\u00e3o\" data-balloon-pos=\"up\">Consultor Legislativo - \u00c1rea 2<\/span><\/td>\r\n<td class=\"cvagas\">01 + CR<\/td>\r\n<td class=\"cremuneracao\">R$ 19.486,95 \/40h<\/td>\r\n<\/tr><tr>\r\n<td class=\"ccargos\">\r\n<span data-balloon-length=\"medium\" aria-label=\"Diploma de gradua\u00e7\u00e3o de n\u00edvel superior em qualquer \u00e1rea de forma\u00e7\u00e3o\" data-balloon-pos=\"up\">Consultor Legislativo - \u00c1rea 3<\/span><\/td>\r\n<td class=\"cvagas\">01 + CR<\/td>\r\n<td class=\"cremuneracao\">R$ 19.486,95 \/40h<\/td>\r\n<\/tr><tr>\r\n<td class=\"ccargos\">\r\n<span data-balloon-length=\"medium\" aria-label=\"Diploma de gradua\u00e7\u00e3o de n\u00edvel superior em qualquer \u00e1rea de forma\u00e7\u00e3o\" data-balloon-pos=\"up\">Consultor Legislativo - \u00c1rea 4<\/span><\/td>\r\n<td class=\"cvagas\">01 + CR<\/td>\r\n<td class=\"cremuneracao\">R$ 19.486,95 \/40h<\/td>\r\n<\/tr><tr>\r\n<td class=\"ccargos\">\r\n<span data-balloon-length=\"medium\" aria-label=\"Diploma de gradua\u00e7\u00e3o de n\u00edvel superior em qualquer \u00e1rea de forma\u00e7\u00e3o\" data-balloon-pos=\"up\">Consultor Legislativo - \u00c1rea 5<\/span><\/td>\r\n<td class=\"cvagas\">01 + CR<\/td>\r\n<td class=\"cremuneracao\">R$ 19.486,95 \/40h<\/td>\r\n<\/tr><tr>\r\n<td class=\"ccargos\">\r\n<span data-balloon-length=\"medium\" aria-label=\"Gradua\u00e7\u00e3o em Administra\u00e7\u00e3o e registro no \u00f3rg\u00e3o fiscalizador\" data-balloon-pos=\"up\">Analista Legislativo - Administrador<\/span><\/td>\r\n<td class=\"cvagas\">01 + CR<\/td>\r\n<td class=\"cremuneracao\">R$ 11.076,33 \/40h<\/td>\r\n<\/tr><tr>\r\n<td class=\"ccargos\">\r\n<span data-balloon-length=\"medium\" aria-label=\"Gradua\u00e7\u00e3o em Administra\u00e7\u00e3o Legislativa ou Administra\u00e7\u00e3o P\u00fablica e registro no \u00f3rg\u00e3o fiscalizador\" data-balloon-pos=\"up\">Analista Legislativo - Administrador Legislativo<\/span><\/td>\r\n<td class=\"cvagas\">02 + CR<\/td>\r\n<td class=\"cremuneracao\">R$ 11.076,33 \/40h<\/td>\r\n<\/tr><tr>\r\n<td class=\"ccargos\">\r\n<span data-balloon-length=\"medium\" aria-label=\"Gradua\u00e7\u00e3o em Hist\u00f3ria ou Museologia\" data-balloon-pos=\"up\">Analista Legislativo - Analista de Acervo<\/span><\/td>\r\n<td class=\"cvagas\">02 + CR<\/td>\r\n<td class=\"cremuneracao\">R$ 11.076,33 \/40h<\/td>\r\n<\/tr><tr>\r\n<td class=\"ccargos\">\r\n<span data-balloon-length=\"medium\" aria-label=\"Gradua\u00e7\u00e3o de n\u00edvel superior em qualquer \u00e1rea de forma\u00e7\u00e3o\" data-balloon-pos=\"up\">Analista Legislativo - Analista de Controle Interno<\/span><\/td>\r\n<td class=\"cvagas\">05 + CR<\/td>\r\n<td class=\"cremuneracao\">R$ 11.076,33 \/40h<\/td>\r\n<\/tr><tr>\r\n<td class=\"ccargos\">\r\n<span data-balloon-length=\"medium\" aria-label=\"Gradua\u00e7\u00e3o de n\u00edvel superior na \u00e1rea de Tecnologia da Informa\u00e7\u00e3o\" data-balloon-pos=\"up\">Analista Legislativo - Analista de Infraestrutura de Rede e Tecnologia da Informa\u00e7\u00e3o<\/span><\/td>\r\n<td class=\"cvagas\">02 + CR<\/td>\r\n<td class=\"cremuneracao\">R$ 11.076,33 \/40h<\/td>\r\n<\/tr><tr>\r\n<td class=\"ccargos\">\r\n<span data-balloon-length=\"medium\" aria-label=\"Gradua\u00e7\u00e3o de n\u00edvel superior em qualquer \u00e1rea de forma\u00e7\u00e3o\" data-balloon-pos=\"up\">Analista Legislativo - Analista de Planejamento e Or\u00e7amento<\/span><\/td>\r\n<td class=\"cvagas\">05 + CR<\/td>\r\n<td class=\"cremuneracao\">R$ 11.076,33 \/40h<\/td>\r\n<\/tr><tr>\r\n<td class=\"ccargos\">\r\n<span data-balloon-length=\"medium\" aria-label=\"Gradua\u00e7\u00e3o de n\u00edvel superior na \u00e1rea de Tecnologia da Informa\u00e7\u00e3o\" data-balloon-pos=\"up\">Analista Legislativo - Analista de Seguran\u00e7a da Informa\u00e7\u00e3o<\/span><\/td>\r\n<td class=\"cvagas\">02 + CR<\/td>\r\n<td class=\"cremuneracao\">R$ 11.076,33 \/40h<\/td>\r\n<\/tr><tr>\r\n<td class=\"ccargos\">\r\n<span data-balloon-length=\"medium\" aria-label=\"Gradua\u00e7\u00e3o em Servi\u00e7o Social e registro no \u00f3rg\u00e3o fiscalizador\" data-balloon-pos=\"up\">Analista Legislativo - Assistente Social<\/span><\/td>\r\n<td class=\"cvagas\">04 + CR<\/td>\r\n<td class=\"cremuneracao\">R$ 11.076,33 \/40h<\/td>\r\n<\/tr><tr>\r\n<td class=\"ccargos\">\r\n<span data-balloon-length=\"medium\" aria-label=\"Gradua\u00e7\u00e3o em Biblioteconomia e registro no \u00f3rg\u00e3o fiscalizador\" data-balloon-pos=\"up\">Analista Legislativo - Biblioteconomista<\/span><\/td>\r\n<td class=\"cvagas\">02 + CR<\/td>\r\n<td class=\"cremuneracao\">R$ 11.076,33 \/40h<\/td>\r\n<\/tr><tr>\r\n<td class=\"ccargos\">\r\n<span data-balloon-length=\"medium\" aria-label=\"Gradua\u00e7\u00e3o em Ci\u00eancias Cont\u00e1beis e registro no \u00f3rg\u00e3o fiscalizador\" data-balloon-pos=\"up\">Analista Legislativo - Contador<\/span><\/td>\r\n<td class=\"cvagas\">05 + CR<\/td>\r\n<td class=\"cremuneracao\">R$ 11.076,33 \/40h<\/td>\r\n<\/tr><tr>\r\n<td class=\"ccargos\">\r\n<span data-balloon-length=\"medium\" aria-label=\"Gradua\u00e7\u00e3o em Ci\u00eancias Econ\u00f4micas e registro no \u00f3rg\u00e3o fiscalizador\" data-balloon-pos=\"up\">Analista Legislativo - Economista<\/span><\/td>\r\n<td class=\"cvagas\">01 + CR<\/td>\r\n<td class=\"cremuneracao\">R$ 11.076,33 \/40h<\/td>\r\n<\/tr><tr>\r\n<td class=\"ccargos\">\r\n<span data-balloon-length=\"medium\" aria-label=\"Gradua\u00e7\u00e3o em Enfermagem e registro no \u00f3rg\u00e3o fiscalizador\" data-balloon-pos=\"up\">Analista Legislativo - Enfermeiro<\/span><\/td>\r\n<td class=\"cvagas\">03 + CR<\/td>\r\n<td class=\"cremuneracao\">R$ 11.076,33 \/40h<\/td>\r\n<\/tr><tr>\r\n<td class=\"ccargos\">\r\n<span data-balloon-length=\"medium\" aria-label=\"Gradua\u00e7\u00e3o em Engenharia Civil e registro no \u00f3rg\u00e3o fiscalizador\" data-balloon-pos=\"up\">Analista Legislativo - Engenheiro Civil<\/span><\/td>\r\n<td class=\"cvagas\">01 + CR<\/td>\r\n<td class=\"cremuneracao\">R$ 11.076,33 \/40h<\/td>\r\n<\/tr><tr>\r\n<td class=\"ccargos\">\r\n<span data-balloon-length=\"medium\" aria-label=\"Gradua\u00e7\u00e3o em Engenharia El\u00e9trica e registro no \u00f3rg\u00e3o fiscalizador\" data-balloon-pos=\"up\">Analista Legislativo - Engenheiro El\u00e9trico<\/span><\/td>\r\n<td class=\"cvagas\">01 + CR<\/td>\r\n<td class=\"cremuneracao\">R$ 11.076,33 \/40h<\/td>\r\n<\/tr><tr>\r\n<td class=\"ccargos\">\r\n<span data-balloon-length=\"medium\" aria-label=\"Gradua\u00e7\u00e3o em Gest\u00e3o P\u00fablica e registro no \u00f3rg\u00e3o fiscalizador\" data-balloon-pos=\"up\">Analista Legislativo - Gestor P\u00fablico<\/span><\/td>\r\n<td class=\"cvagas\">01 + CR<\/td>\r\n<td class=\"cremuneracao\">R$ 11.076,33 \/40h<\/td>\r\n<\/tr><tr>\r\n<td class=\"ccargos\">\r\n<span data-balloon-length=\"medium\" aria-label=\"Gradua\u00e7\u00e3o em Comunica\u00e7\u00e3o Social com habilita\u00e7\u00e3o em Jornalismo e registro no \u00f3rg\u00e3o fiscalizador\" data-balloon-pos=\"up\">Analista Legislativo - Jornalista<\/span><\/td>\r\n<td class=\"cvagas\">06 + CR<\/td>\r\n<td class=\"cremuneracao\">R$ 11.076,33 \/40h<\/td>\r\n<\/tr><tr>\r\n<td class=\"ccargos\">\r\n<span data-balloon-length=\"medium\" aria-label=\"Gradua\u00e7\u00e3o em Medicina e registro no \u00f3rg\u00e3o fiscalizador\" data-balloon-pos=\"up\">Analista Legislativo - M\u00e9dico Cl\u00ednico Geral<\/span><\/td>\r\n<td class=\"cvagas\">02 + CR<\/td>\r\n<td class=\"cremuneracao\">R$ 11.076,33 \/40h<\/td>\r\n<\/tr><tr>\r\n<td class=\"ccargos\">\r\n<span data-balloon-length=\"medium\" aria-label=\"Gradua\u00e7\u00e3o em Medicina, Resid\u00eancia ou T\u00edtulo de especialista em Medicina do Trabalho e registro no \u00f3rg\u00e3o fiscalizador\" data-balloon-pos=\"up\">Analista Legislativo - M\u00e9dico do Trabalho<\/span><\/td>\r\n<td class=\"cvagas\">01 + CR<\/td>\r\n<td class=\"cremuneracao\">R$ 11.076,33 \/40h<\/td>\r\n<\/tr><tr>\r\n<td class=\"ccargos\">\r\n<span data-balloon-length=\"medium\" aria-label=\"Gradua\u00e7\u00e3o em Pedagogia\" data-balloon-pos=\"up\">Analista Legislativo - Pedagogo<\/span><\/td>\r\n<td class=\"cvagas\">01 + CR<\/td>\r\n<td class=\"cremuneracao\">R$ 11.076,33 \/40h<\/td>\r\n<\/tr><tr>\r\n<td class=\"ccargos\">\r\n<span data-balloon-length=\"medium\" aria-label=\"Gradua\u00e7\u00e3o em Psicologia e registro no \u00f3rg\u00e3o fiscalizador\" data-balloon-pos=\"up\">Analista Legislativo - Psic\u00f3logo<\/span><\/td>\r\n<td class=\"cvagas\">03 + CR<\/td>\r\n<td class=\"cremuneracao\">R$ 11.076,33 \/40h<\/td>\r\n<\/tr><tr>\r\n<td class=\"ccargos\">\r\n<span data-balloon-length=\"medium\" aria-label=\"Gradua\u00e7\u00e3o em Medicina, Resid\u00eancia ou T\u00edtulo de especialista em Psiquiatria e registro no \u00f3rg\u00e3o fiscalizador\" data-balloon-pos=\"up\">Analista Legislativo - Psiquiatra<\/span><\/td>\r\n<td class=\"cvagas\">01 + CR<\/td>\r\n<td class=\"cremuneracao\">R$ 11.076,33 \/40h<\/td>\r\n<\/tr><tr>\r\n<td class=\"ccargos\">\r\n<span data-balloon-length=\"medium\" aria-label=\"Gradua\u00e7\u00e3o em Comunica\u00e7\u00e3o Social com habilita\u00e7\u00e3o em Publicidade, Propaganda ou Marketing e registro no \u00f3rg\u00e3o fiscalizador\" data-balloon-pos=\"up\">Analista Legislativo - Publicit\u00e1rio<\/span><\/td>\r\n<td class=\"cvagas\">01 + CR<\/td>\r\n<td class=\"cremuneracao\">R$ 11.076,33 \/40h<\/td>\r\n<\/tr><tr>\r\n<td class=\"ccargos\">\r\n<span data-balloon-length=\"medium\" aria-label=\"Gradua\u00e7\u00e3o em Comunica\u00e7\u00e3o Social com habilita\u00e7\u00e3o em Rela\u00e7\u00f5es P\u00fablicas e certificado de conclus\u00e3o de curso em Cerimonial P\u00fablico\" data-balloon-pos=\"up\">Analista Legislativo - Rela\u00e7\u00f5es P\u00fablicas e Cerimonial<\/span><\/td>\r\n<td class=\"cvagas\">02 + CR<\/td>\r\n<td class=\"cremuneracao\">R$ 11.076,33 \/40h<\/td>\r\n<\/tr><tr>\r\n<td class=\"ccargos\">\r\n<span data-balloon-length=\"medium\" aria-label=\"Gradua\u00e7\u00e3o em Letras com habilita\u00e7\u00e3o em L\u00edngua Portuguesa\" data-balloon-pos=\"up\">Analista Legislativo - Revisor<\/span><\/td>\r\n<td class=\"cvagas\">04 + CR<\/td>\r\n<td class=\"cremuneracao\">R$ 11.076,33 \/40h<\/td>\r\n<\/tr>\r\n    <\/tbody>\r\n  <\/table>\r\n<\/div>"},"_links":{"self":[{"href":"https:\/\/www.agrobase.com.br\/concursos\/wp-json\/wp\/v2\/posts\/279933","targetHints":{"allow":["GET"]}}],"collection":[{"href":"https:\/\/www.agrobase.com.br\/concursos\/wp-json\/wp\/v2\/posts"}],"about":[{"href":"https:\/\/www.agrobase.com.br\/concursos\/wp-json\/wp\/v2\/types\/post"}],"author":[{"embeddable":true,"href":"https:\/\/www.agrobase.com.br\/concursos\/wp-json\/wp\/v2\/users\/7"}],"replies":[{"embeddable":true,"href":"https:\/\/www.agrobase.com.br\/concursos\/wp-json\/wp\/v2\/comments?post=279933"}],"version-history":[{"count":3,"href":"https:\/\/www.agrobase.com.br\/concursos\/wp-json\/wp\/v2\/posts\/279933\/revisions"}],"predecessor-version":[{"id":279938,"href":"https:\/\/www.agrobase.com.br\/concursos\/wp-json\/wp\/v2\/posts\/279933\/revisions\/279938"}],"wp:featuredmedia":[{"embeddable":true,"href":"https:\/\/www.agrobase.com.br\/concursos\/wp-json\/wp\/v2\/media\/279932"}],"wp:attachment":[{"href":"https:\/\/www.agrobase.com.br\/concursos\/wp-json\/wp\/v2\/media?parent=279933"}],"wp:term":[{"taxonomy":"category","embeddable":true,"href":"https:\/\/www.agrobase.com.br\/concursos\/wp-json\/wp\/v2\/categories?post=279933"},{"taxonomy":"post_tag","embeddable":true,"href":"https:\/\/www.agrobase.com.br\/concursos\/wp-json\/wp\/v2\/tags?post=279933"},{"taxonomy":"_amplo","embeddable":true,"href":"https:\/\/www.agrobase.com.br\/concursos\/wp-json\/wp\/v2\/_amplo?post=279933"},{"taxonomy":"destaque","embeddable":true,"href":"https:\/\/www.agrobase.com.br\/concursos\/wp-json\/wp\/v2\/destaque?post=279933"},{"taxonomy":"instituicoes","embeddable":true,"href":"https:\/\/www.agrobase.com.br\/concursos\/wp-json\/wp\/v2\/instituicoes?post=279933"}],"curies":[{"name":"wp","href":"https:\/\/api.w.org\/{rel}","templated":true}]}}