{"id":279869,"date":"2026-04-06T07:40:16","date_gmt":"2026-04-06T10:40:16","guid":{"rendered":"https:\/\/www.agrobase.com.br\/concursos\/?p=279869"},"modified":"2026-04-02T14:04:08","modified_gmt":"2026-04-02T17:04:08","slug":"prefeitura-feira-nova-do-maranhao-ma-concurso-01-2026","status":"publish","type":"post","link":"https:\/\/www.agrobase.com.br\/concursos\/2026\/prefeitura-feira-nova-do-maranhao-ma-concurso-01-2026\/","title":{"rendered":"Prefeitura Feira Nova do Maranh\u00e3o (MA) &#8211; Concurso 01\/2026"},"content":{"rendered":"<h2>Informa\u00e7\u00f5es Gerais<\/h2>\n<p>A <strong>Prefeitura Municipal de Feira Nova do Maranh\u00e3o<\/strong>, no estado do Maranh\u00e3o, publicou edital de <strong>Concurso P\u00fablico<\/strong> destinado ao provimento de <strong>28 vagas<\/strong> em cargos efetivos de n\u00edveis fundamental, m\u00e9dio\/t\u00e9cnico e superior. O certame \u00e9 organizado pelo <strong>ICAP \u2013 Instituto de Capacita\u00e7\u00e3o, Assessoria e Pesquisa<\/strong> e tem como base legal o Projeto de Lei n\u00ba 018\/2025, que autoriza a cria\u00e7\u00e3o dos cargos e a realiza\u00e7\u00e3o do concurso.<\/p>\n<p>As oportunidades abrangem diversas \u00e1reas da administra\u00e7\u00e3o municipal, com remunera\u00e7\u00f5es que chegam a <strong>R$ 3.500,00<\/strong>. No n\u00edvel fundamental, h\u00e1 vagas para Auxiliar de Servi\u00e7os Gerais e Vigia. No n\u00edvel m\u00e9dio\/t\u00e9cnico, o concurso contempla cargos como Auxiliar Administrativo, Digitador, Orientador Social, <strong>Fiscal de Meio Ambiente<\/strong> (com exig\u00eancia de Curso T\u00e9cnico em Meio Ambiente), Fiscal de Vigil\u00e2ncia Sanit\u00e1ria, T\u00e9cnico em Sa\u00fade Bucal e T\u00e9cnico em Enfermagem. J\u00e1 no n\u00edvel superior, as vagas incluem Auditor Fiscal, Controlador Interno, Enfermeiro Padr\u00e3o, Farmac\u00eautico, Fiscal de Tributos, Procurador, Professor \u2013 Educa\u00e7\u00e3o B\u00e1sica e Agente de Contrata\u00e7\u00e3o.<\/p>\n<p>Destaque para o cargo de <strong>Fiscal de Meio Ambiente<\/strong>, que exige forma\u00e7\u00e3o t\u00e9cnica na \u00e1rea ambiental \u2014 uma excelente oportunidade para profissionais ligados \u00e0s ci\u00eancias ambientais e agr\u00e1rias que buscam estabilidade no servi\u00e7o p\u00fablico.<\/p>\n<p>O regime de contrata\u00e7\u00e3o \u00e9 <strong>estatut\u00e1rio<\/strong>, com carga hor\u00e1ria variando entre 20h e 40h semanais, conforme o cargo.<\/p>\n<h2>Inscri\u00e7\u00f5es<\/h2>\n<p>As inscri\u00e7\u00f5es para o Concurso P\u00fablico da Prefeitura de Feira Nova do Maranh\u00e3o estar\u00e3o abertas no per\u00edodo de <strong>30 de mar\u00e7o de 2026 at\u00e9 as 23h59 do dia 27 de abril de 2026<\/strong>, observado o hor\u00e1rio local. O procedimento \u00e9 realizado <strong>exclusivamente pela internet<\/strong>, por meio do site do ICAP.<\/p>\n<p>Para se inscrever, o candidato deve acessar o endere\u00e7o eletr\u00f4nico <strong>www.icapto.com.br<\/strong>, localizar o concurso da Prefeitura de Feira Nova do Maranh\u00e3o, preencher o formul\u00e1rio de inscri\u00e7\u00e3o com seus dados pessoais e escolher o cargo desejado. Ap\u00f3s o preenchimento, ser\u00e1 gerado o boleto banc\u00e1rio referente \u00e0 taxa de inscri\u00e7\u00e3o, que dever\u00e1 ser pago dentro do prazo estabelecido no edital.<\/p>\n<p>Os valores das taxas de inscri\u00e7\u00e3o variam conforme o n\u00edvel de escolaridade do cargo:<\/p>\n<ul>\n<li><strong>N\u00edvel Fundamental:<\/strong> R$ 90,00<\/li>\n<li><strong>N\u00edvel M\u00e9dio e T\u00e9cnico:<\/strong> R$ 120,00<\/li>\n<li><strong>N\u00edvel Superior:<\/strong> R$ 140,00<\/li>\n<\/ul>\n<p>A inscri\u00e7\u00e3o somente ser\u00e1 confirmada ap\u00f3s a compensa\u00e7\u00e3o banc\u00e1ria do pagamento da taxa. O candidato deve acompanhar o status da sua inscri\u00e7\u00e3o diretamente na \u00e1rea do candidato no site do ICAP, verificando se o pagamento foi devidamente processado.<\/p>\n<p>\u00c9 importante ressaltar que a efetiva\u00e7\u00e3o da inscri\u00e7\u00e3o implica o <strong>conhecimento e a aceita\u00e7\u00e3o integral<\/strong> de todas as condi\u00e7\u00f5es estabelecidas no edital, incluindo eventuais aditamentos e instru\u00e7\u00f5es complementares. Para informa\u00e7\u00f5es sobre crit\u00e9rios e procedimentos de isen\u00e7\u00e3o da taxa de inscri\u00e7\u00e3o, consulte o edital completo, dispon\u00edvel no site da banca organizadora.<\/p>\n<h2>Etapas e Provas<\/h2>\n<p>O Concurso P\u00fablico da Prefeitura de Feira Nova do Maranh\u00e3o ser\u00e1 composto por at\u00e9 duas etapas, conforme o cargo pretendido:<\/p>\n<ul>\n<li><strong>Prova Objetiva<\/strong> \u2014 aplicada a <strong>todos os cargos<\/strong> (n\u00edveis fundamental, m\u00e9dio\/t\u00e9cnico e superior), com car\u00e1ter <strong>eliminat\u00f3rio e classificat\u00f3rio<\/strong>.<\/li>\n<li><strong>Prova de T\u00edtulos<\/strong> \u2014 aplicada exclusivamente ao cargo de <strong>Professor \u2013 Educa\u00e7\u00e3o B\u00e1sica<\/strong>, com car\u00e1ter <strong>classificat\u00f3rio<\/strong>.<\/li>\n<\/ul>\n<p><strong>Prova Objetiva<\/strong><\/p>\n<p>As provas objetivas ser\u00e3o aplicadas nos dias <strong>30 e 31 de maio de 2026<\/strong>, nos turnos matutino e vespertino, com dura\u00e7\u00e3o de <strong>4 (quatro) horas<\/strong> contadas a partir do efetivo in\u00edcio. As quest\u00f5es ser\u00e3o no formato de <strong>m\u00faltipla escolha<\/strong>, abrangendo disciplinas e conte\u00fados espec\u00edficos de acordo com o n\u00edvel de escolaridade e o cargo escolhido pelo candidato.<\/p>\n<p>De modo geral, os conte\u00fados cobrados nas provas objetivas incluem \u00e1reas como L\u00edngua Portuguesa, Matem\u00e1tica, Conhecimentos Gerais e Conhecimentos Espec\u00edficos, variando conforme o cargo. A pontua\u00e7\u00e3o total e os crit\u00e9rios de aprova\u00e7\u00e3o (nota m\u00ednima) est\u00e3o detalhados no edital para cada cargo.<\/p>\n<p><strong>Prova de T\u00edtulos<\/strong><\/p>\n<p>A Prova de T\u00edtulos ser\u00e1 aplicada somente aos candidatos ao cargo de <strong>Professor \u2013 Educa\u00e7\u00e3o B\u00e1sica<\/strong> que forem aprovados na Prova Objetiva. Essa etapa possui car\u00e1ter exclusivamente classificat\u00f3rio, ou seja, n\u00e3o elimina o candidato, mas pode melhorar sua posi\u00e7\u00e3o na classifica\u00e7\u00e3o final. Os crit\u00e9rios de pontua\u00e7\u00e3o e os t\u00edtulos aceitos est\u00e3o descritos no edital.<\/p>\n<p>Para informa\u00e7\u00f5es completas sobre o <strong>conte\u00fado program\u00e1tico detalhado<\/strong>, a distribui\u00e7\u00e3o de quest\u00f5es por disciplina, os crit\u00e9rios de pontua\u00e7\u00e3o e o cronograma atualizado de cada etapa, recomendamos a consulta integral ao edital no site do ICAP (<strong>www.icapto.com.br<\/strong>).<\/p>\n<h2>Resultados e Gabarito<\/h2>\n<p>A divulga\u00e7\u00e3o oficial de todas as etapas, resultados e demais comunica\u00e7\u00f5es referentes ao Concurso P\u00fablico da Prefeitura de Feira Nova do Maranh\u00e3o ser\u00e1 realizada por meio de editais, aditivos e avisos publicados no site da banca organizadora: <strong>www.icapto.com.br<\/strong>.<\/p>\n<p>Confira as datas previstas para as principais divulga\u00e7\u00f5es:<\/p>\n<ul>\n<li><strong>Divulga\u00e7\u00e3o final da classifica\u00e7\u00e3o da Prova Objetiva:<\/strong> 07 de julho de 2026 (data prov\u00e1vel)<\/li>\n<li><strong>Divulga\u00e7\u00e3o final do Concurso P\u00fablico:<\/strong> 27 de julho de 2026 (data prov\u00e1vel)<\/li>\n<li><strong>Homologa\u00e7\u00e3o do Concurso P\u00fablico:<\/strong> 28 de julho de 2026 (data prov\u00e1vel, a crit\u00e9rio da Administra\u00e7\u00e3o P\u00fablica)<\/li>\n<\/ul>\n<p>A classifica\u00e7\u00e3o final dos candidatos ser\u00e1 elaborada com base no desempenho obtido nas etapas do certame. Para o cargo de Professor \u2013 Educa\u00e7\u00e3o B\u00e1sica, a pontua\u00e7\u00e3o da Prova de T\u00edtulos ser\u00e1 somada \u00e0 nota da Prova Objetiva. Os crit\u00e9rios de desempate est\u00e3o previstos no edital e devem ser consultados pelo candidato para conhecimento completo das regras aplic\u00e1veis.<\/p>\n<p>A <strong>homologa\u00e7\u00e3o<\/strong> \u00e9 o ato administrativo que oficializa o resultado definitivo do concurso, autorizando a convoca\u00e7\u00e3o dos aprovados para posse. Ap\u00f3s homologado, o concurso ter\u00e1 sua validade definida conforme o edital, podendo haver prorroga\u00e7\u00e3o a crit\u00e9rio da Administra\u00e7\u00e3o P\u00fablica Municipal.<\/p>\n<p>Os candidatos devem acompanhar todas as publica\u00e7\u00f5es oficiais diretamente no site do ICAP e, quando aplic\u00e1vel, no Di\u00e1rio Oficial do Munic\u00edpio de Feira Nova do Maranh\u00e3o. <strong>O acompanhamento das publica\u00e7\u00f5es, prazos e convoca\u00e7\u00f5es \u00e9 de responsabilidade exclusiva do candidato<\/strong>, n\u00e3o cabendo alega\u00e7\u00e3o de desconhecimento sobre qualquer ato divulgado nos canais oficiais do certame.<\/p>\n","protected":false},"excerpt":{"rendered":"<p>Concurso Pref. Feira Nova do MA com edital publicado! Vagas p\/ Professor e T\u00e9cnico Enfermagem (Fund. a Sup.). Inscri\u00e7\u00f5es a partir de 30\/03. Confira detalhes!<\/p>\n","protected":false},"author":7,"featured_media":279868,"comment_status":"open","ping_status":"open","sticky":false,"template":"","format":"standard","meta":{"_acf_changed":false,"_breakdance_hide_in_design_set":false,"_breakdance_tags":"","footnotes":""},"categories":[3,9,10,117,12,17,25,31,108,143],"tags":[49],"_amplo":[],"destaque":[],"instituicoes":[],"class_list":["post-279869","post","type-post","status-publish","format-standard","has-post-thumbnail","hentry","category-administracao","category-ciencias-contabeis","category-direito","category-economia","category-enfermagem","category-farmacia","category-pedagogia","category-tecnico-ambiental","category-tecnico-enfermagem","category-tecnico-odontologia","tag-maranhao"],"acf":{"_tipo_vagas":"vagas","_numero_vagas":"","_quadro_vagas":"","_cargos":"diversos","_cargos_especificos":"","_salario_max":"R$ 3500","_abertura":"20260330","_encerramento":"20260427","_inscricoes":"https:\/\/www.icapto.com.br","_executora_concurso":"","_instituicao_concurso":[],"_link_adicional":null,"_anexos":null,"_produtos":null,"_vagas":"28 vagas","_salario_min":"R$ 0","_instituicao":"Prefeitura Municipal de Feira Nova do Maranh\u00e3o","_edital":"https:\/\/www.agrobase.com.br\/concursos\/wp-content\/uploads\/sites\/4\/2026\/04\/edital-01-2026-da-prefeitura-de-feira-nova-do-maranhao-ma.pdf","_anexos_edital":"https:\/\/www.agrobase.com.br\/concursos\/wp-content\/uploads\/sites\/4\/2026\/04\/anexos-edital-01-2026-da-prefei.-feira-nova-do-maranhao-ma.pdf","_fund_incompleto":"","_fund_completo":"<div>\r\n<table class=\"quadro\">\r\n<thead>\r\n<tr>\r\n<th class=\"hcargo\">Cargo<\/th>\r\n<th class=\"hvagas\">Vagas<\/th>\r\n<th class=\"hremuneracao\">Remunera\u00e7\u00e3o<\/th>\r\n<\/tr>\r\n<\/thead>\r\n    <tbody>\r\n      <td class=\"ccargos\">\r\n<span data-balloon-length=\"medium\" aria-label=\"Ensino Fundamental\" data-balloon-pos=\"up\">Auxiliar de Servi\u00e7os Gerais - ASG<\/span><\/td>\r\n<td class=\"cvagas\">02<\/td>\r\n<td class=\"cremuneracao\">R$ 0,00 \/40h<\/td>\r\n<\/tr><td class=\"ccargos\">\r\n<span data-balloon-length=\"medium\" aria-label=\"Ensino Fundamental\" data-balloon-pos=\"up\">Vigia<\/span><\/td>\r\n<td class=\"cvagas\">02<\/td>\r\n<td class=\"cremuneracao\">R$ 0,00 \/40h<\/td>\r\n<\/tr>\r\n    <\/tbody>\r\n  <\/table>\r\n<\/div>","_medio":"<div>\r\n<table class=\"quadro\">\r\n<thead>\r\n<tr>\r\n<th class=\"hcargo\">Cargo<\/th>\r\n<th class=\"hvagas\">Vagas<\/th>\r\n<th class=\"hremuneracao\">Remunera\u00e7\u00e3o<\/th>\r\n<\/tr>\r\n<\/thead>\r\n    <tbody>\r\n      <td class=\"ccargos\">\r\n<span data-balloon-length=\"medium\" aria-label=\"Ensino M\u00e9dio completo\" data-balloon-pos=\"up\">Auxiliar Administrativo<\/span><\/td>\r\n<td class=\"cvagas\">02<\/td>\r\n<td class=\"cremuneracao\">R$ 0,00 \/40h<\/td>\r\n<\/tr><td class=\"ccargos\">\r\n<span data-balloon-length=\"medium\" aria-label=\"Ensino M\u00e9dio completo\" data-balloon-pos=\"up\">Digitador<\/span><\/td>\r\n<td class=\"cvagas\">01<\/td>\r\n<td class=\"cremuneracao\">R$ 0,00 \/40h<\/td>\r\n<\/tr><td class=\"ccargos\">\r\n<span data-balloon-length=\"medium\" aria-label=\"Ensino M\u00e9dio completo\" data-balloon-pos=\"up\">Orientador Social<\/span><\/td>\r\n<td class=\"cvagas\">02<\/td>\r\n<td class=\"cremuneracao\">R$ 0,00 \/40h<\/td>\r\n<\/tr><td class=\"ccargos\">\r\n<span data-balloon-length=\"medium\" aria-label=\"N\u00edvel M\u00e9dio + Curso T\u00e9cnico em Meio Ambiente\" data-balloon-pos=\"up\">Fiscal de Meio Ambiente<\/span><\/td>\r\n<td class=\"cvagas\">01<\/td>\r\n<td class=\"cremuneracao\">R$ 0,00 \/40h<\/td>\r\n<\/tr><td class=\"ccargos\">\r\n<span data-balloon-length=\"medium\" aria-label=\"N\u00edvel M\u00e9dio + Curso T\u00e9cnico em Vigil\u00e2ncia Sanit\u00e1ria\" data-balloon-pos=\"up\">Fiscal de Vigil\u00e2ncia Sanit\u00e1ria<\/span><\/td>\r\n<td class=\"cvagas\">02<\/td>\r\n<td class=\"cremuneracao\">R$ 0,00 \/40h<\/td>\r\n<\/tr><td class=\"ccargos\">\r\n<span data-balloon-length=\"medium\" aria-label=\"N\u00edvel M\u00e9dio + Curso T\u00e9cnico de Auxiliar\/T\u00e9cnico em Sa\u00fade Bucal + Registro no CRO\" data-balloon-pos=\"up\">T\u00e9cnico em Sa\u00fade Bucal<\/span><\/td>\r\n<td class=\"cvagas\">02<\/td>\r\n<td class=\"cremuneracao\">R$ 0,00 \/40h<\/td>\r\n<\/tr><td class=\"ccargos\">\r\n<span data-balloon-length=\"medium\" aria-label=\"N\u00edvel M\u00e9dio + Curso T\u00e9cnico de Enfermagem + Registro no COREN\" data-balloon-pos=\"up\">T\u00e9cnico em Enfermagem<\/span><\/td>\r\n<td class=\"cvagas\">03<\/td>\r\n<td class=\"cremuneracao\">R$ 0,00 \/40h<\/td>\r\n<\/tr>\r\n    <\/tbody>\r\n  <\/table>\r\n<\/div>","_superior":"<div>\r\n<table class=\"quadro\">\r\n<thead>\r\n<tr>\r\n<th class=\"hcargo\">Cargo<\/th>\r\n<th class=\"hvagas\">Vagas<\/th>\r\n<th class=\"hremuneracao\">Remunera\u00e7\u00e3o<\/th>\r\n<\/tr>\r\n<\/thead>\r\n    <tbody>\r\n      <tr>\r\n<td class=\"ccargos\">\r\n<span data-balloon-length=\"medium\" aria-label=\"N\u00edvel Superior em Ci\u00eancias Cont\u00e1beis, Administra\u00e7\u00e3o ou Direito com registro ativo\" data-balloon-pos=\"up\">Auditor Fiscal<\/span><\/td>\r\n<td class=\"cvagas\">01<\/td>\r\n<td class=\"cremuneracao\">R$ 2.000,00 \/40h<\/td>\r\n<\/tr><tr>\r\n<td class=\"ccargos\">\r\n<span data-balloon-length=\"medium\" aria-label=\"Gradua\u00e7\u00e3o em Ci\u00eancias Cont\u00e1beis, Administra\u00e7\u00e3o, Economia ou Direito, com registro ativo\" data-balloon-pos=\"up\">Controlador Interno<\/span><\/td>\r\n<td class=\"cvagas\">01<\/td>\r\n<td class=\"cremuneracao\">R$ 2.000,00 \/40h<\/td>\r\n<\/tr><tr>\r\n<td class=\"ccargos\">\r\n<span data-balloon-length=\"medium\" aria-label=\"Gradua\u00e7\u00e3o em Enfermagem, com registro ativo no COREN\" data-balloon-pos=\"up\">Enfermeiro Padr\u00e3o<\/span><\/td>\r\n<td class=\"cvagas\">02<\/td>\r\n<td class=\"cremuneracao\">R$ 0,00 \/40h<\/td>\r\n<\/tr><tr>\r\n<td class=\"ccargos\">\r\n<span data-balloon-length=\"medium\" aria-label=\"Gradua\u00e7\u00e3o em Farm\u00e1cia, com registro ativo no CRF\" data-balloon-pos=\"up\">Farmac\u00eautico<\/span><\/td>\r\n<td class=\"cvagas\">01<\/td>\r\n<td class=\"cremuneracao\">R$ 2.000,00 \/40h<\/td>\r\n<\/tr><tr>\r\n<td class=\"ccargos\">\r\n<span data-balloon-length=\"medium\" aria-label=\"Gradua\u00e7\u00e3o em Ci\u00eancias Cont\u00e1beis, Administra\u00e7\u00e3o ou Direito, com registro ativo\" data-balloon-pos=\"up\">Fiscal de Tributos<\/span><\/td>\r\n<td class=\"cvagas\">01<\/td>\r\n<td class=\"cremuneracao\">R$ 2.000,00 \/40h<\/td>\r\n<\/tr><tr>\r\n<td class=\"ccargos\">\r\n<span data-balloon-length=\"medium\" aria-label=\"Gradua\u00e7\u00e3o em Direito, com inscri\u00e7\u00e3o e registro ativo na OAB\" data-balloon-pos=\"up\">Procurador<\/span><\/td>\r\n<td class=\"cvagas\">01<\/td>\r\n<td class=\"cremuneracao\">R$ 3.500,00 \/20h<\/td>\r\n<\/tr><tr>\r\n<td class=\"ccargos\">\r\n<span data-balloon-length=\"medium\" aria-label=\"Gradua\u00e7\u00e3o em Pedagogia ou Licenciatura Plena em \u00e1reas afins da Educa\u00e7\u00e3o\" data-balloon-pos=\"up\">Professor - Educa\u00e7\u00e3o B\u00e1sica<\/span><\/td>\r\n<td class=\"cvagas\">04<\/td>\r\n<td class=\"cremuneracao\">R$ 0,00 \/30h<\/td>\r\n<\/tr><tr>\r\n<td class=\"ccargos\">\r\n<span data-balloon-length=\"medium\" aria-label=\"Gradua\u00e7\u00e3o em Administra\u00e7\u00e3o ou Ci\u00eancias Cont\u00e1beis ou Sistemas de Informa\u00e7\u00e3o ou Direito ou Tecn\u00f3logo em Servi\u00e7os Jur\u00eddicos e Notariais\" data-balloon-pos=\"up\">Agente de Contrata\u00e7\u00e3o<\/span><\/td>\r\n<td class=\"cvagas\">01<\/td>\r\n<td class=\"cremuneracao\">R$ 2.000,00 \/20h<\/td>\r\n<\/tr>\r\n    <\/tbody>\r\n  <\/table>\r\n<\/div>"},"_links":{"self":[{"href":"https:\/\/www.agrobase.com.br\/concursos\/wp-json\/wp\/v2\/posts\/279869","targetHints":{"allow":["GET"]}}],"collection":[{"href":"https:\/\/www.agrobase.com.br\/concursos\/wp-json\/wp\/v2\/posts"}],"about":[{"href":"https:\/\/www.agrobase.com.br\/concursos\/wp-json\/wp\/v2\/types\/post"}],"author":[{"embeddable":true,"href":"https:\/\/www.agrobase.com.br\/concursos\/wp-json\/wp\/v2\/users\/7"}],"replies":[{"embeddable":true,"href":"https:\/\/www.agrobase.com.br\/concursos\/wp-json\/wp\/v2\/comments?post=279869"}],"version-history":[{"count":2,"href":"https:\/\/www.agrobase.com.br\/concursos\/wp-json\/wp\/v2\/posts\/279869\/revisions"}],"predecessor-version":[{"id":279873,"href":"https:\/\/www.agrobase.com.br\/concursos\/wp-json\/wp\/v2\/posts\/279869\/revisions\/279873"}],"wp:featuredmedia":[{"embeddable":true,"href":"https:\/\/www.agrobase.com.br\/concursos\/wp-json\/wp\/v2\/media\/279868"}],"wp:attachment":[{"href":"https:\/\/www.agrobase.com.br\/concursos\/wp-json\/wp\/v2\/media?parent=279869"}],"wp:term":[{"taxonomy":"category","embeddable":true,"href":"https:\/\/www.agrobase.com.br\/concursos\/wp-json\/wp\/v2\/categories?post=279869"},{"taxonomy":"post_tag","embeddable":true,"href":"https:\/\/www.agrobase.com.br\/concursos\/wp-json\/wp\/v2\/tags?post=279869"},{"taxonomy":"_amplo","embeddable":true,"href":"https:\/\/www.agrobase.com.br\/concursos\/wp-json\/wp\/v2\/_amplo?post=279869"},{"taxonomy":"destaque","embeddable":true,"href":"https:\/\/www.agrobase.com.br\/concursos\/wp-json\/wp\/v2\/destaque?post=279869"},{"taxonomy":"instituicoes","embeddable":true,"href":"https:\/\/www.agrobase.com.br\/concursos\/wp-json\/wp\/v2\/instituicoes?post=279869"}],"curies":[{"name":"wp","href":"https:\/\/api.w.org\/{rel}","templated":true}]}}