{"id":279826,"date":"2026-04-06T07:00:02","date_gmt":"2026-04-06T10:00:02","guid":{"rendered":"https:\/\/www.agrobase.com.br\/concursos\/?p=279826"},"modified":"2026-04-02T11:22:41","modified_gmt":"2026-04-02T14:22:41","slug":"prefeitura-sao-joao-dalianca-go-selecao-simplificada-01-2026","status":"publish","type":"post","link":"https:\/\/www.agrobase.com.br\/concursos\/2026\/prefeitura-sao-joao-dalianca-go-selecao-simplificada-01-2026\/","title":{"rendered":"Prefeitura S\u00e3o Jo\u00e3o d&#8217;Alian\u00e7a (GO) &#8211; Sele\u00e7\u00e3o Simplificada 01\/2026"},"content":{"rendered":"<h2>Informa\u00e7\u00f5es Gerais<\/h2>\n<p>O <strong>Munic\u00edpio de S\u00e3o Jo\u00e3o d&#8217;Alian\u00e7a, no Estado de Goi\u00e1s<\/strong>, por meio da Comiss\u00e3o Organizadora institu\u00edda pelo Decreto n\u00ba 3.363\/2026, tornou p\u00fablico o edital do <strong>Processo Seletivo Simplificado<\/strong> destinado \u00e0 contrata\u00e7\u00e3o tempor\u00e1ria de profissionais para atender ao excepcional interesse p\u00fablico. O certame oferece <strong>86 vagas imediatas, al\u00e9m de forma\u00e7\u00e3o de cadastro de reserva<\/strong>, distribu\u00eddas em cargos de n\u00edveis Fundamental Incompleto, Fundamental Completo, M\u00e9dio\/T\u00e9cnico e Superior.<\/p>\n<p>As remunera\u00e7\u00f5es variam de <strong>R$ 1.631,00 a R$ 4.312,50<\/strong>, com cargas hor\u00e1rias de 30h ou 40h semanais, conforme o cargo. O regime de contrata\u00e7\u00e3o \u00e9 <strong>tempor\u00e1rio<\/strong>, fundamentado no art. 37, inciso IX, da Constitui\u00e7\u00e3o Federal e na legisla\u00e7\u00e3o municipal.<\/p>\n<p>Entre as oportunidades de n\u00edvel superior, destaca-se a vaga para <strong>Nutricionista<\/strong>, com remunera\u00e7\u00e3o de R$ 4.312,50, exigindo curso superior em Nutri\u00e7\u00e3o, registro no conselho de classe e experi\u00eancia m\u00ednima de tr\u00eas anos em alimenta\u00e7\u00e3o escolar \u2014 uma excelente oportunidade para profissionais da \u00e1rea.<\/p>\n<p>O processo seletivo contempla ainda vagas para Assistente Social, Psic\u00f3logo, Professor, Professor de Educa\u00e7\u00e3o F\u00edsica, Neuropsicopedagogo e Psicopedagogo no n\u00edvel superior; T\u00e9cnico de Enfermagem, Monitor Educacional, Orientador Social, Entrevistador de Cadastro \u00danico e Operador de M\u00e1quinas no n\u00edvel m\u00e9dio\/t\u00e9cnico; Motorista no n\u00edvel fundamental completo; e Auxiliar de Servi\u00e7os Gerais, Auxiliar de Servi\u00e7os de Higiene e Alimenta\u00e7\u00e3o, Atendente e Pedreiro no n\u00edvel fundamental incompleto.<\/p>\n<h2>Inscri\u00e7\u00f5es<\/h2>\n<p>As inscri\u00e7\u00f5es para o Processo Seletivo Simplificado de S\u00e3o Jo\u00e3o d&#8217;Alian\u00e7a\/GO ser\u00e3o realizadas <strong>exclusivamente de forma presencial<\/strong>, no per\u00edodo de <strong>06 de abril de 2026 a 10 de abril de 2026<\/strong>, no hor\u00e1rio das <strong>07h00 \u00e0s 16h00<\/strong> (hor\u00e1rio oficial de Bras\u00edlia).<\/p>\n<p>O local de inscri\u00e7\u00e3o \u00e9 a <strong>Sala dos Conselhos<\/strong>, localizada na sede da Secretaria de Assist\u00eancia Social, situada \u00e0 Rua Goi\u00e1s, Q. 47, L. 6, Centro, S\u00e3o Jo\u00e3o d&#8217;Alian\u00e7a\/GO.<\/p>\n<p>As <strong>inscri\u00e7\u00f5es s\u00e3o gratuitas<\/strong>, n\u00e3o havendo cobran\u00e7a de taxa de participa\u00e7\u00e3o.<\/p>\n<p>Para se inscrever, o candidato \u2014 ou seu procurador devidamente habilitado \u2014 dever\u00e1 comparecer ao local indicado e preencher o <strong>Formul\u00e1rio de Inscri\u00e7\u00e3o<\/strong>, indicando em campo espec\u00edfico a op\u00e7\u00e3o pelo cargo desejado. Cada candidato poder\u00e1 se inscrever para <strong>apenas 01 (um) cargo<\/strong>.<\/p>\n<p>No ato da inscri\u00e7\u00e3o, \u00e9 obrigat\u00f3ria a apresenta\u00e7\u00e3o, em anexo ao formul\u00e1rio, de toda a <strong>documenta\u00e7\u00e3o comprobat\u00f3ria de experi\u00eancia profissional<\/strong> e das informa\u00e7\u00f5es prestadas, uma vez que a an\u00e1lise de t\u00edtulos e experi\u00eancia ser\u00e1 realizada com base nos documentos entregues nesse momento.<\/p>\n<h2>Etapas e Provas<\/h2>\n<p>O Processo Seletivo Simplificado do Munic\u00edpio de S\u00e3o Jo\u00e3o d&#8217;Alian\u00e7a\/GO ser\u00e1 composto por <strong>etapa \u00fanica<\/strong>, conforme detalhado a seguir:<\/p>\n<ul>\n<li><strong>An\u00e1lise de T\u00edtulos e Experi\u00eancia Profissional<\/strong> \u2014 etapa de car\u00e1ter <strong>eliminat\u00f3rio e classificat\u00f3rio<\/strong>, aplic\u00e1vel a todos os cargos. A avalia\u00e7\u00e3o ser\u00e1 realizada mediante o somat\u00f3rio dos pontos obtidos em dois crit\u00e9rios: <strong>Forma\u00e7\u00e3o Profissional<\/strong> e <strong>Experi\u00eancia Profissional<\/strong>.<\/li>\n<\/ul>\n<p>Toda a documenta\u00e7\u00e3o referente \u00e0 forma\u00e7\u00e3o acad\u00eamica e \u00e0 experi\u00eancia profissional dever\u00e1 ser apresentada <strong>no momento da inscri\u00e7\u00e3o<\/strong>, presencialmente, junto ao Formul\u00e1rio de Inscri\u00e7\u00e3o. N\u00e3o haver\u00e1 etapa posterior para entrega complementar de documentos.<\/p>\n<p>A pontua\u00e7\u00e3o ser\u00e1 calculada com base nos crit\u00e9rios e na tabela de pontua\u00e7\u00e3o definidos no edital. Para ser considerado <strong>aprovado<\/strong>, o candidato dever\u00e1 alcan\u00e7ar nota igual ou superior a <strong>50,0 (cinquenta) pontos ou 55,0 (cinquenta e cinco) pontos<\/strong>, conforme o cargo, de acordo com o estabelecido no item 9.1 do edital.<\/p>\n<p>Os candidatos que n\u00e3o atingirem a pontua\u00e7\u00e3o m\u00ednima exigida para o respectivo cargo ser\u00e3o <strong>eliminados<\/strong> do processo seletivo.<\/p>\n<p>Por se tratar de etapa \u00fanica baseada em an\u00e1lise documental, <strong>n\u00e3o haver\u00e1 aplica\u00e7\u00e3o de provas objetivas, provas pr\u00e1ticas ou qualquer outra avalia\u00e7\u00e3o presencial<\/strong> al\u00e9m da entrega de documentos no ato da inscri\u00e7\u00e3o.<\/p>\n<p>Recomenda-se a consulta ao edital completo para verificar a tabela detalhada de pontua\u00e7\u00e3o por t\u00edtulos e experi\u00eancia profissional, bem como os documentos aceitos como comprova\u00e7\u00e3o para cada crit\u00e9rio avaliado.<\/p>\n<h2>Resultados e Gabarito<\/h2>\n<p>A divulga\u00e7\u00e3o dos resultados do Processo Seletivo Simplificado de S\u00e3o Jo\u00e3o d&#8217;Alian\u00e7a\/GO seguir\u00e1 as seguintes etapas:<\/p>\n<ul>\n<li><strong>Resultado Preliminar:<\/strong> ser\u00e1 publicado no site oficial do munic\u00edpio (<strong>https:\/\/www.saojoaodalianca.go.gov.br\/<\/strong>), contendo a lista de todas as inscri\u00e7\u00f5es recebidas, organizada por unidade de lota\u00e7\u00e3o e por ordem de classifica\u00e7\u00e3o.<\/li>\n<li><strong>Resultado Final:<\/strong> tamb\u00e9m divulgado no site oficial, conter\u00e1 a rela\u00e7\u00e3o dos candidatos que alcan\u00e7aram a pontua\u00e7\u00e3o m\u00ednima exigida \u2014 <strong>50,0 ou 55,0 pontos<\/strong>, conforme o cargo \u2014, organizados por unidade de lota\u00e7\u00e3o e em ordem decrescente de nota obtida.<\/li>\n<\/ul>\n<p>Ap\u00f3s a publica\u00e7\u00e3o do resultado preliminar, os candidatos poder\u00e3o interpor recursos dentro do prazo e nas condi\u00e7\u00f5es estabelecidas no edital. \u00c9 fundamental que o candidato acompanhe todas as publica\u00e7\u00f5es para n\u00e3o perder os prazos recursais.<\/p>\n<p>A <strong>homologa\u00e7\u00e3o do resultado final<\/strong> ser\u00e1 realizada pelo Prefeito Municipal e publicada no <strong>Di\u00e1rio Oficial do Munic\u00edpio<\/strong>, contendo a lista definitiva dos candidatos aprovados e classificados em ordem decrescente de pontua\u00e7\u00e3o. A homologa\u00e7\u00e3o \u00e9 o ato administrativo que oficializa o encerramento do processo seletivo e autoriza a convoca\u00e7\u00e3o dos aprovados para contrata\u00e7\u00e3o.<\/p>\n<p>Em caso de <strong>empate<\/strong> na pontua\u00e7\u00e3o final, ser\u00e3o aplicados os crit\u00e9rios de desempate previstos no edital, cuja consulta \u00e9 indispens\u00e1vel para conhecimento das regras espec\u00edficas.<\/p>\n<p>Os canais oficiais para acompanhamento de todas as etapas, publica\u00e7\u00f5es e convoca\u00e7\u00f5es s\u00e3o o <strong>site da Prefeitura de S\u00e3o Jo\u00e3o d&#8217;Alian\u00e7a<\/strong> (https:\/\/www.saojoaodalianca.go.gov.br\/) e o <strong>Di\u00e1rio Oficial do Munic\u00edpio<\/strong>.<\/p>\n<p><strong>O acompanhamento de todas as publica\u00e7\u00f5es, convoca\u00e7\u00f5es e prazos \u00e9 de responsabilidade exclusiva do candidato.<\/strong> Recomenda-se consultar regularmente os canais oficiais para n\u00e3o perder nenhuma informa\u00e7\u00e3o relevante sobre o andamento do processo seletivo.<\/p>\n","protected":false},"excerpt":{"rendered":"<p>Inscri\u00e7\u00f5es abrem 06\/04! Sel. Simplificada Pref. S. Jo\u00e3o d\u2019Alian\u00e7a (GO) p\/ Professor e T\u00e9cnico Enfermagem (Fund. a Sup.). Sal\u00e1rios at\u00e9 R$4.3k. Veja o edital!<\/p>\n","protected":false},"author":7,"featured_media":279825,"comment_status":"open","ping_status":"open","sticky":false,"template":"","format":"standard","meta":{"_acf_changed":false,"_breakdance_hide_in_design_set":false,"_breakdance_tags":"","footnotes":""},"categories":[6434,23,25,26,101,108],"tags":[46],"_amplo":[],"destaque":[],"instituicoes":[],"class_list":["post-279826","post","type-post","status-publish","format-standard","has-post-thumbnail","hentry","category-educacao-fisica-licenciatura","category-nutricao","category-pedagogia","category-psicologia","category-servico-social","category-tecnico-enfermagem","tag-goias"],"acf":{"_tipo_vagas":"vagas","_numero_vagas":"","_quadro_vagas":"","_cargos":"diversos","_cargos_especificos":"","_salario_max":"R$ 4312.5","_abertura":"20260406","_encerramento":"20260410","_inscricoes":"https:\/\/www.saojoaodalianca.go.gov.br\/","_executora_concurso":"","_instituicao_concurso":[],"_link_adicional":null,"_anexos":null,"_produtos":null,"_vagas":"86 vagas + CR","_salario_min":"R$ 1631","_instituicao":"Prefeitura de S\u00e3o Jo\u00e3o d'Alian\u00e7a","_edital":"https:\/\/www.agrobase.com.br\/concursos\/wp-content\/uploads\/sites\/4\/2026\/04\/edital-01-2026-da-prefeitura-de-sao-joao-dalianca-go.pdf","_anexos_edital":"https:\/\/www.agrobase.com.br\/concursos\/wp-content\/uploads\/sites\/4\/2026\/04\/anexos-edital-01-2026-da-prefeitura-de-sao-joao-dalianca-go.pdf","_fund_incompleto":"<div>\r\n<table class=\"quadro\">\r\n<thead>\r\n<tr>\r\n<th class=\"hcargo\">Cargo<\/th>\r\n<th class=\"hvagas\">Vagas<\/th>\r\n<th class=\"hremuneracao\">Remunera\u00e7\u00e3o<\/th>\r\n<\/tr>\r\n<\/thead>\r\n    <tbody>\r\n      <td class=\"ccargos\">\r\n<span data-balloon-length=\"medium\" aria-label=\"Ensino Fundamental Incompleto\" data-balloon-pos=\"up\">Atendente<\/span><\/td>\r\n<td class=\"cvagas\">02 + CR<\/td>\r\n<td class=\"cremuneracao\">R$ 1.868,82 \/40h<\/td>\r\n<\/tr><td class=\"ccargos\">\r\n<span data-balloon-length=\"medium\" aria-label=\"Ensino Fundamental Incompleto\" data-balloon-pos=\"up\">Auxiliar de servi\u00e7os de higiene e alimenta\u00e7\u00e3o<\/span><\/td>\r\n<td class=\"cvagas\">08 + CR<\/td>\r\n<td class=\"cremuneracao\">R$ 1.655,24 \/40h<\/td>\r\n<\/tr><td class=\"ccargos\">\r\n<span data-balloon-length=\"medium\" aria-label=\"Ensino Fundamental Incompleto\" data-balloon-pos=\"up\">Auxiliar de servi\u00e7os gerais<\/span><\/td>\r\n<td class=\"cvagas\">15 + CR<\/td>\r\n<td class=\"cremuneracao\">R$ 1.655,24 \/40h<\/td>\r\n<\/tr><td class=\"ccargos\">\r\n<span data-balloon-length=\"medium\" aria-label=\"Ensino Fundamental Incompleto + experi\u00eancia m\u00ednima de 01 ano\" data-balloon-pos=\"up\">Pedreiro<\/span><\/td>\r\n<td class=\"cvagas\">CR<\/td>\r\n<td class=\"cremuneracao\">R$ 3.100,00 \/40h<\/td>\r\n<\/tr>\r\n    <\/tbody>\r\n  <\/table>\r\n<\/div>","_fund_completo":"<div>\r\n<table class=\"quadro\">\r\n<thead>\r\n<tr>\r\n<th class=\"hcargo\">Cargo<\/th>\r\n<th class=\"hvagas\">Vagas<\/th>\r\n<th class=\"hremuneracao\">Remunera\u00e7\u00e3o<\/th>\r\n<\/tr>\r\n<\/thead>\r\n    <tbody>\r\n      <td class=\"ccargos\">\r\n<span data-balloon-length=\"medium\" aria-label=\"Ensino Fundamental Completo + Habilita\u00e7\u00e3o categoria \u201cD\u201d e experi\u00eancia m\u00ednima de 02 anos\" data-balloon-pos=\"up\">Motorista<\/span><\/td>\r\n<td class=\"cvagas\">17 + CR<\/td>\r\n<td class=\"cremuneracao\">R$ 1.975,61 \/40h<\/td>\r\n<\/tr>\r\n    <\/tbody>\r\n  <\/table>\r\n<\/div>","_medio":"<div>\r\n<table class=\"quadro\">\r\n<thead>\r\n<tr>\r\n<th class=\"hcargo\">Cargo<\/th>\r\n<th class=\"hvagas\">Vagas<\/th>\r\n<th class=\"hremuneracao\">Remunera\u00e7\u00e3o<\/th>\r\n<\/tr>\r\n<\/thead>\r\n    <tbody>\r\n      <td class=\"ccargos\">\r\n<span data-balloon-length=\"medium\" aria-label=\"Ensino m\u00e9dio completo\" data-balloon-pos=\"up\">Entrevistador de Cadastro \u00danico<\/span><\/td>\r\n<td class=\"cvagas\">CR<\/td>\r\n<td class=\"cremuneracao\">R$ 1.868,82 \/40h<\/td>\r\n<\/tr><td class=\"ccargos\">\r\n<span data-balloon-length=\"medium\" aria-label=\"Ensino M\u00e9dio Completo\" data-balloon-pos=\"up\">Monitor Educacional<\/span><\/td>\r\n<td class=\"cvagas\">14 + CR<\/td>\r\n<td class=\"cremuneracao\">R$ 1.975,61 \/40h<\/td>\r\n<\/tr><td class=\"ccargos\">\r\n<span data-balloon-length=\"medium\" aria-label=\"Ensino M\u00e9dio Completo + Carteira Profissional categoria \u201cB\u201d, \u201cC\u201d ou \u201cD\u201d + 02 anos de experi\u00eancia profissional\" data-balloon-pos=\"up\">Operador de M\u00e1quinas \u2013 Classe II<\/span><\/td>\r\n<td class=\"cvagas\">CR<\/td>\r\n<td class=\"cremuneracao\">R$ 2.135,80 \/40h<\/td>\r\n<\/tr><td class=\"ccargos\">\r\n<span data-balloon-length=\"medium\" aria-label=\"Ensino M\u00e9dio Completo\" data-balloon-pos=\"up\">Orientador Social\/T\u00e9cnico em abordagem<\/span><\/td>\r\n<td class=\"cvagas\">02 + CR<\/td>\r\n<td class=\"cremuneracao\">R$ 1.868,82 \/40h<\/td>\r\n<\/tr><td class=\"ccargos\">\r\n<span data-balloon-length=\"medium\" aria-label=\"Ensino M\u00e9dio Completo + Curso Profissionalizante + Registro Profissional + experi\u00eancia m\u00ednima de 01 ano\" data-balloon-pos=\"up\">T\u00e9cnico de Enfermagem<\/span><\/td>\r\n<td class=\"cvagas\">09 + CR<\/td>\r\n<td class=\"cremuneracao\">R$ 1.631,00 \/40h<\/td>\r\n<\/tr>\r\n    <\/tbody>\r\n  <\/table>\r\n<\/div>","_superior":"<div>\r\n<table class=\"quadro\">\r\n<thead>\r\n<tr>\r\n<th class=\"hcargo\">Cargo<\/th>\r\n<th class=\"hvagas\">Vagas<\/th>\r\n<th class=\"hremuneracao\">Remunera\u00e7\u00e3o<\/th>\r\n<\/tr>\r\n<\/thead>\r\n    <tbody>\r\n      <tr>\r\n<td class=\"ccargos\">\r\n<span data-balloon-length=\"medium\" aria-label=\"Curso Superior em Servi\u00e7o Social + Registro no Conselho de Classe\" data-balloon-pos=\"up\">Assistente Social<\/span><\/td>\r\n<td class=\"cvagas\">03 + CR<\/td>\r\n<td class=\"cremuneracao\">R$ 4.312,50 \/40h<\/td>\r\n<\/tr><tr>\r\n<td class=\"ccargos\">\r\n<span data-balloon-length=\"medium\" aria-label=\"Licenciatura em Pedagogia ou Psicologia + Especializa\u00e7\u00e3o em Neuropsicopedagogia\" data-balloon-pos=\"up\">Neuropsicopedagogo<\/span><\/td>\r\n<td class=\"cvagas\">01 + CR<\/td>\r\n<td class=\"cremuneracao\">R$ 3.955,00 \/40h<\/td>\r\n<\/tr><tr>\r\n<td class=\"ccargos\">\r\n<span data-balloon-length=\"medium\" aria-label=\"Curso Superior em Nutri\u00e7\u00e3o + registro no Conselho de Classe + Experi\u00eancia m\u00ednima de 03 (tr\u00eas) anos em Alimenta\u00e7\u00e3o Escolar\" data-balloon-pos=\"up\">Nutricionista<\/span><\/td>\r\n<td class=\"cvagas\">01 + CR<\/td>\r\n<td class=\"cremuneracao\">R$ 4.312,50 \/40h<\/td>\r\n<\/tr><tr>\r\n<td class=\"ccargos\">\r\n<span data-balloon-length=\"medium\" aria-label=\"Licenciatura em Pedagogia ou \u00e1reas afins\" data-balloon-pos=\"up\">Professor<\/span><\/td>\r\n<td class=\"cvagas\">09 + CR<\/td>\r\n<td class=\"cremuneracao\">R$ 3.658,50 \/30h<\/td>\r\n<\/tr><tr>\r\n<td class=\"ccargos\">\r\n<span data-balloon-length=\"medium\" aria-label=\"Licenciatura em Educa\u00e7\u00e3o F\u00edsica + Registro no Conselho de Classe\" data-balloon-pos=\"up\">Professor de Educa\u00e7\u00e3o F\u00edsica<\/span><\/td>\r\n<td class=\"cvagas\">01 + CR<\/td>\r\n<td class=\"cremuneracao\">R$ 3.658,50 \/30h<\/td>\r\n<\/tr><tr>\r\n<td class=\"ccargos\">\r\n<span data-balloon-length=\"medium\" aria-label=\"Curso Superior em Psicologia + registro no Conselho de Classe\" data-balloon-pos=\"up\">Psic\u00f3logo<\/span><\/td>\r\n<td class=\"cvagas\">03 + CR<\/td>\r\n<td class=\"cremuneracao\">R$ 4.312,50 \/40h<\/td>\r\n<\/tr><tr>\r\n<td class=\"ccargos\">\r\n<span data-balloon-length=\"medium\" aria-label=\"Licenciatura em Pedagogia + Especializa\u00e7\u00e3o em Psicopedagogia\" data-balloon-pos=\"up\">Psicopedagogo<\/span><\/td>\r\n<td class=\"cvagas\">01 + CR<\/td>\r\n<td class=\"cremuneracao\">R$ 3.955,00 \/40h<\/td>\r\n<\/tr>\r\n    <\/tbody>\r\n  <\/table>\r\n<\/div>"},"_links":{"self":[{"href":"https:\/\/www.agrobase.com.br\/concursos\/wp-json\/wp\/v2\/posts\/279826","targetHints":{"allow":["GET"]}}],"collection":[{"href":"https:\/\/www.agrobase.com.br\/concursos\/wp-json\/wp\/v2\/posts"}],"about":[{"href":"https:\/\/www.agrobase.com.br\/concursos\/wp-json\/wp\/v2\/types\/post"}],"author":[{"embeddable":true,"href":"https:\/\/www.agrobase.com.br\/concursos\/wp-json\/wp\/v2\/users\/7"}],"replies":[{"embeddable":true,"href":"https:\/\/www.agrobase.com.br\/concursos\/wp-json\/wp\/v2\/comments?post=279826"}],"version-history":[{"count":2,"href":"https:\/\/www.agrobase.com.br\/concursos\/wp-json\/wp\/v2\/posts\/279826\/revisions"}],"predecessor-version":[{"id":279830,"href":"https:\/\/www.agrobase.com.br\/concursos\/wp-json\/wp\/v2\/posts\/279826\/revisions\/279830"}],"wp:featuredmedia":[{"embeddable":true,"href":"https:\/\/www.agrobase.com.br\/concursos\/wp-json\/wp\/v2\/media\/279825"}],"wp:attachment":[{"href":"https:\/\/www.agrobase.com.br\/concursos\/wp-json\/wp\/v2\/media?parent=279826"}],"wp:term":[{"taxonomy":"category","embeddable":true,"href":"https:\/\/www.agrobase.com.br\/concursos\/wp-json\/wp\/v2\/categories?post=279826"},{"taxonomy":"post_tag","embeddable":true,"href":"https:\/\/www.agrobase.com.br\/concursos\/wp-json\/wp\/v2\/tags?post=279826"},{"taxonomy":"_amplo","embeddable":true,"href":"https:\/\/www.agrobase.com.br\/concursos\/wp-json\/wp\/v2\/_amplo?post=279826"},{"taxonomy":"destaque","embeddable":true,"href":"https:\/\/www.agrobase.com.br\/concursos\/wp-json\/wp\/v2\/destaque?post=279826"},{"taxonomy":"instituicoes","embeddable":true,"href":"https:\/\/www.agrobase.com.br\/concursos\/wp-json\/wp\/v2\/instituicoes?post=279826"}],"curies":[{"name":"wp","href":"https:\/\/api.w.org\/{rel}","templated":true}]}}