{"id":279750,"date":"2026-04-01T08:10:55","date_gmt":"2026-04-01T11:10:55","guid":{"rendered":"https:\/\/www.agrobase.com.br\/concursos\/?p=279750"},"modified":"2026-03-31T15:36:25","modified_gmt":"2026-03-31T18:36:25","slug":"prefeitura-sao-joao-batista-sc-selecao-publica-01-2026","status":"publish","type":"post","link":"https:\/\/www.agrobase.com.br\/concursos\/2026\/prefeitura-sao-joao-batista-sc-selecao-publica-01-2026\/","title":{"rendered":"Prefeitura S\u00e3o Jo\u00e3o Batista (SC) &#8211; Sele\u00e7\u00e3o P\u00fablica 01\/2026"},"content":{"rendered":"<h2>Informa\u00e7\u00f5es Gerais<\/h2>\n<p>A Prefeitura de S\u00e3o Jo\u00e3o Batista, em Santa Catarina, publicou edital de <strong>Processo Seletivo<\/strong> para contrata\u00e7\u00e3o tempor\u00e1ria por excepcional interesse p\u00fablico, com organiza\u00e7\u00e3o da banca ACESSE CONCURSOS LTDA. O certame destina-se \u00e0 forma\u00e7\u00e3o de <strong>cadastro reserva<\/strong> para diversos cargos do quadro municipal.<\/p>\n<p>As oportunidades contemplam candidatos com escolaridade de <strong>Ensino Fundamental Incompleto, M\u00e9dio\/T\u00e9cnico e Superior<\/strong>, com jornadas de at\u00e9 40 horas semanais. A remunera\u00e7\u00e3o varia de <strong>R$ 555,24 a R$ 5.069,29<\/strong>, conforme o cargo e a carga hor\u00e1ria.<\/p>\n<p>H\u00e1 vagas para \u00e1reas administrativas, operacionais e da educa\u00e7\u00e3o, al\u00e9m de oportunidades para profissionais de n\u00edvel superior, como <strong>Nutricionista<\/strong>, Fonoaudi\u00f3logo, Orientador Educacional e diversos cargos de Professor (Educa\u00e7\u00e3o Infantil, Ensino Fundamental I e II, Artes, Matem\u00e1tica, L\u00edngua Portuguesa, Geografia, Hist\u00f3ria, Ci\u00eancias, Educa\u00e7\u00e3o F\u00edsica, L\u00edngua Inglesa, entre outros).<\/p>\n<h2>Inscri\u00e7\u00f5es<\/h2>\n<p>As inscri\u00e7\u00f5es devem ser realizadas exclusivamente pela internet, no site da banca organizadora <strong>www.acesseconcursossc.com.br<\/strong>, no per\u00edodo <strong>de 27 de mar\u00e7o de 2026 at\u00e9 as 17 horas do dia 25 de abril de 2026<\/strong>.<\/p>\n<p>Para se inscrever, o candidato deve acessar o site, clicar na aba \u201cconcursos\u201d, selecionar o processo seletivo do Munic\u00edpio de S\u00e3o Jo\u00e3o Batista, clicar em \u201cinscrever-se\u201d, realizar o login, escolher o cargo pretendido, preencher as informa\u00e7\u00f5es solicitadas, declarar que leu e aceita as normas do edital e finalizar a inscri\u00e7\u00e3o. Ap\u00f3s a confirma\u00e7\u00e3o, ser\u00e1 poss\u00edvel gerar o boleto banc\u00e1rio e o comprovante de inscri\u00e7\u00e3o. Caso n\u00e3o imprima o boleto no momento do cadastro, \u00e9 poss\u00edvel emitir a <em>2\u00aa via<\/em> durante o per\u00edodo previsto em cronograma.<\/p>\n<h2>Etapas e Provas<\/h2>\n<p>O Processo Seletivo da Prefeitura de S\u00e3o Jo\u00e3o Batista \u2013 SC ser\u00e1 composto pelas seguintes etapas:<\/p>\n<ul>\n<li><strong>Prova Objetiva (PO)<\/strong>: de car\u00e1ter eliminat\u00f3rio e classificat\u00f3rio, aplicada a todos os cargos que exigem prova objetiva. Ser\u00e1 composta por quest\u00f5es de m\u00faltipla escolha, com quatro alternativas e apenas uma correta. A aplica\u00e7\u00e3o est\u00e1 prevista para o dia <strong>17 de maio de 2026<\/strong>.<\/li>\n<li><strong>Prova de T\u00edtulos (PT)<\/strong>: de car\u00e1ter exclusivamente classificat\u00f3rio, destinada aos cargos de Professor. Somente ter\u00e3o os t\u00edtulos avaliados os candidatos aprovados na prova objetiva, conforme crit\u00e9rios estabelecidos no edital.<\/li>\n<li><strong>Prova Pr\u00e1tica (PP)<\/strong>: de car\u00e1ter eliminat\u00f3rio e classificat\u00f3rio, destinada ao cargo de Condutor de Ve\u00edculo Pesado I \u2013 \u00d4nibus Escolar. Apenas os candidatos aprovados na prova objetiva ter\u00e3o a nota da prova pr\u00e1tica computada.<\/li>\n<\/ul>\n<p>Os crit\u00e9rios de pontua\u00e7\u00e3o, notas m\u00ednimas e demais regras de aprova\u00e7\u00e3o est\u00e3o detalhados no edital. Recomenda-se a leitura atenta do documento para compreender todas as exig\u00eancias e o conte\u00fado program\u00e1tico espec\u00edfico de cada cargo.<\/p>\n<h2>Resultados e Gabarito<\/h2>\n<p>A lista de inscritos, o gabarito da prova objetiva, a lista de classificados, as decis\u00f5es de recursos e demais atos do Processo Seletivo ser\u00e3o publicados no quadro oficial de publica\u00e7\u00f5es do Munic\u00edpio de S\u00e3o Jo\u00e3o Batista e nos sites <strong>www.acesseconcursossc.com.br<\/strong> e <strong>www.sjbatista.sc.gov.br<\/strong>.<\/p>\n<p>Ap\u00f3s a an\u00e1lise de eventuais recursos, ser\u00e1 divulgada a classifica\u00e7\u00e3o final dos candidatos. A homologa\u00e7\u00e3o do resultado ocorrer\u00e1 em lista \u00fanica, contendo a classifica\u00e7\u00e3o dos candidatos da ampla concorr\u00eancia e das vagas destinadas \u00e0s Pessoas com Defici\u00eancia, respeitando os crit\u00e9rios previstos no edital.<\/p>\n<p>A homologa\u00e7\u00e3o \u00e9 o ato que confirma oficialmente o resultado final do Processo Seletivo, permitindo as convoca\u00e7\u00f5es conforme a necessidade da administra\u00e7\u00e3o municipal durante o prazo de validade estabelecido.<\/p>\n<p>\u00c9 de responsabilidade exclusiva do candidato acompanhar todas as publica\u00e7\u00f5es oficiais, prazos e convoca\u00e7\u00f5es nos canais informados no edital.<\/p>\n","protected":false},"excerpt":{"rendered":"<p>Proc. Seletivo Pref. S\u00e3o Jo\u00e3o Batista (SC) com edital publicado! Vagas p\/ Professor e Adm. (Fund. a Sup.). Inscri\u00e7\u00f5es a partir de 27\/03. Confira detalhes!<\/p>\n","protected":false},"author":7,"featured_media":279749,"comment_status":"open","ping_status":"open","sticky":false,"template":"","format":"standard","meta":{"_acf_changed":false,"_breakdance_hide_in_design_set":false,"_breakdance_tags":"","footnotes":""},"categories":[6433,126,6434,19,111,100,20,6871,116,23,25],"tags":[61],"_amplo":[],"destaque":[],"instituicoes":[],"class_list":["post-279750","post","type-post","status-publish","format-standard","has-post-thumbnail","hentry","category-biologia-licenciatura","category-ciencia-computacao","category-educacao-fisica-licenciatura","category-fonoaudiologia","category-geografia","category-historia","category-letras","category-letras-ingles","category-matematica","category-nutricao","category-pedagogia","tag-santa-catarina"],"acf":{"_tipo_vagas":"vagas","_numero_vagas":"","_quadro_vagas":"","_cargos":"diversos","_cargos_especificos":"","_salario_max":"R$ 5069.29","_abertura":"20260327","_encerramento":"20260425","_inscricoes":"https:\/\/www.acesseconcursossc.com.br","_executora_concurso":"","_instituicao_concurso":[],"_link_adicional":null,"_anexos":null,"_produtos":null,"_vagas":"Cadastro Reserva","_salario_min":"R$ 555.24","_instituicao":"Prefeitura de S\u00e3o Jo\u00e3o Batista","_edital":"https:\/\/www.agrobase.com.br\/concursos\/wp-content\/uploads\/sites\/4\/2026\/03\/edital-01-2026-da-prefeitura-de-sao-joao-batista-sc.pdf","_anexos_edital":"https:\/\/www.agrobase.com.br\/concursos\/wp-content\/uploads\/sites\/4\/2026\/03\/anexos-edital-01-2026-da-prefeitura-de-sao-joao-batista-sc.pdf","_fund_incompleto":"<div>\r\n<table class=\"quadro\">\r\n<thead>\r\n<tr>\r\n<th class=\"hcargo\">Cargo<\/th>\r\n<th class=\"hvagas\">Vagas<\/th>\r\n<th class=\"hremuneracao\">Remunera\u00e7\u00e3o<\/th>\r\n<\/tr>\r\n<\/thead>\r\n    <tbody>\r\n      <td class=\"ccargos\">\r\n<span data-balloon-length=\"medium\" aria-label=\"Ensino Fundamental Incompleto; Possuir CNH Categoria D, possuir curso espec\u00edfico para transporte escolar de passageiros.\" data-balloon-pos=\"up\">Condutor de Ve\u00edculo Pesado I - \u00d4nibus Escolar<\/span><\/td>\r\n<td class=\"cvagas\">CR<\/td>\r\n<td class=\"cremuneracao\">R$ 2.786,03 \/40h<\/td>\r\n<\/tr><td class=\"ccargos\">\r\n<span data-balloon-length=\"medium\" aria-label=\"Ensino Fundamental Incompleto.\" data-balloon-pos=\"up\">Mestre de Obras<\/span><\/td>\r\n<td class=\"cvagas\">CR<\/td>\r\n<td class=\"cremuneracao\">R$ 1.928,26 \/40h<\/td>\r\n<\/tr><td class=\"ccargos\">\r\n<span data-balloon-length=\"medium\" aria-label=\"Ensino Fundamental Incompleto.\" data-balloon-pos=\"up\">Zelador Vigilante<\/span><\/td>\r\n<td class=\"cvagas\">CR<\/td>\r\n<td class=\"cremuneracao\">R$ 1.518,00 \/40h<\/td>\r\n<\/tr>\r\n    <\/tbody>\r\n  <\/table>\r\n<\/div>","_fund_completo":"","_medio":"<div>\r\n<table class=\"quadro\">\r\n<thead>\r\n<tr>\r\n<th class=\"hcargo\">Cargo<\/th>\r\n<th class=\"hvagas\">Vagas<\/th>\r\n<th class=\"hremuneracao\">Remunera\u00e7\u00e3o<\/th>\r\n<\/tr>\r\n<\/thead>\r\n    <tbody>\r\n      <td class=\"ccargos\">\r\n<span data-balloon-length=\"medium\" aria-label=\"Ensino m\u00e9dio completo.\" data-balloon-pos=\"up\">Assistente Administrativo<\/span><\/td>\r\n<td class=\"cvagas\">CR<\/td>\r\n<td class=\"cremuneracao\">R$ 2.669,92 \/40h<\/td>\r\n<\/tr><td class=\"ccargos\">\r\n<span data-balloon-length=\"medium\" aria-label=\"Ensino M\u00e9dio Completo.\" data-balloon-pos=\"up\">Monitor Escolar<\/span><\/td>\r\n<td class=\"cvagas\">CR<\/td>\r\n<td class=\"cremuneracao\">R$ 2.220,99 \/At\u00e9 40h<\/td>\r\n<\/tr>\r\n    <\/tbody>\r\n  <\/table>\r\n<\/div>","_superior":"<div>\r\n<table class=\"quadro\">\r\n<thead>\r\n<tr>\r\n<th class=\"hcargo\">Cargo<\/th>\r\n<th class=\"hvagas\">Vagas<\/th>\r\n<th class=\"hremuneracao\">Remunera\u00e7\u00e3o<\/th>\r\n<\/tr>\r\n<\/thead>\r\n    <tbody>\r\n      <tr>\r\n<td class=\"ccargos\">\r\n<span data-balloon-length=\"medium\" aria-label=\"Curso Superior de Fonoaudi\u00f3logo com Registro no Conselho respectivo.\" data-balloon-pos=\"up\">Fonoaudi\u00f3logo<\/span><\/td>\r\n<td class=\"cvagas\">CR<\/td>\r\n<td class=\"cremuneracao\">R$ 4.398,77 \/At\u00e9 40h<\/td>\r\n<\/tr><tr>\r\n<td class=\"ccargos\">\r\n<span data-balloon-length=\"medium\" aria-label=\"Curso Superior em Nutri\u00e7\u00e3o com Registro no Conselho profissional competente.\" data-balloon-pos=\"up\">Nutricionista<\/span><\/td>\r\n<td class=\"cvagas\">CR<\/td>\r\n<td class=\"cremuneracao\">R$ 4.398,84 \/At\u00e9 40h<\/td>\r\n<\/tr><tr>\r\n<td class=\"ccargos\">\r\n<span data-balloon-length=\"medium\" aria-label=\"Curso superior em Pedagogia.\" data-balloon-pos=\"up\">Orientador Educacional<\/span><\/td>\r\n<td class=\"cvagas\">CR<\/td>\r\n<td class=\"cremuneracao\">R$ 5.069,29 \/40h<\/td>\r\n<\/tr><tr>\r\n<td class=\"ccargos\">\r\n<span data-balloon-length=\"medium\" aria-label=\"Licenciatura plena em educa\u00e7\u00e3o especial ou pedagogia com habilita\u00e7\u00e3o\/especializa\u00e7\u00e3o em educa\u00e7\u00e3o especial, dom\u00ednio em Libras e Braille.\" data-balloon-pos=\"up\">Professor Bil\u00edngue<\/span><\/td>\r\n<td class=\"cvagas\">CR<\/td>\r\n<td class=\"cremuneracao\">R$ 5.069,29 \/At\u00e9 40h<\/td>\r\n<\/tr><tr>\r\n<td class=\"ccargos\">\r\n<span data-balloon-length=\"medium\" aria-label=\"Curso superior em Artes.\" data-balloon-pos=\"up\">Professor de Ensino Fundamental I 1\u00ba\/9\u00ba ano - Artes<\/span><\/td>\r\n<td class=\"cvagas\">CR<\/td>\r\n<td class=\"cremuneracao\">R$ 5.069,29 \/At\u00e9 40h<\/td>\r\n<\/tr><tr>\r\n<td class=\"ccargos\">\r\n<span data-balloon-length=\"medium\" aria-label=\"Curso Superior em Pedagogia com Habilita\u00e7\u00e3o em Educa\u00e7\u00e3o Infantil.\" data-balloon-pos=\"up\">Professor de Creche<\/span><\/td>\r\n<td class=\"cvagas\">CR<\/td>\r\n<td class=\"cremuneracao\">R$ 5.069,29 \/At\u00e9 40h<\/td>\r\n<\/tr><tr>\r\n<td class=\"ccargos\">\r\n<span data-balloon-length=\"medium\" aria-label=\"Curso Superior em Pedagogia com Habilita\u00e7\u00e3o em Educa\u00e7\u00e3o Infantil.\" data-balloon-pos=\"up\">Professor de Educa\u00e7\u00e3o Infantil<\/span><\/td>\r\n<td class=\"cvagas\">CR<\/td>\r\n<td class=\"cremuneracao\">R$ 5.069,29 \/At\u00e9 40h<\/td>\r\n<\/tr><tr>\r\n<td class=\"ccargos\">\r\n<span data-balloon-length=\"medium\" aria-label=\"Curso Superior em Pedagogia com Habilita\u00e7\u00e3o em Anos Iniciais.\" data-balloon-pos=\"up\">Professor de Ensino Fundamental I - 1\u00aa\/5\u00aa - Geral<\/span><\/td>\r\n<td class=\"cvagas\">CR<\/td>\r\n<td class=\"cremuneracao\">R$ 5.069,29 \/At\u00e9 40h<\/td>\r\n<\/tr><tr>\r\n<td class=\"ccargos\">\r\n<span data-balloon-length=\"medium\" aria-label=\"Curso superior Licenciado em Educa\u00e7\u00e3o F\u00edsica com registro CREF.\" data-balloon-pos=\"up\">Professor de Ensino Fundamental I 1\u00aa\/5\u00aa - Educa\u00e7\u00e3o F\u00edsica<\/span><\/td>\r\n<td class=\"cvagas\">CR<\/td>\r\n<td class=\"cremuneracao\">R$ 5.069,29 \/At\u00e9 40h<\/td>\r\n<\/tr><tr>\r\n<td class=\"ccargos\">\r\n<span data-balloon-length=\"medium\" aria-label=\"Curso superior em letras com Habilita\u00e7\u00e3o em Ingl\u00eas.\" data-balloon-pos=\"up\">Professor de Ensino Fundamental I 1\u00aa\/5\u00aa - L\u00edngua Inglesa<\/span><\/td>\r\n<td class=\"cvagas\">CR<\/td>\r\n<td class=\"cremuneracao\">R$ 5.069,29 \/At\u00e9 40h<\/td>\r\n<\/tr><tr>\r\n<td class=\"ccargos\">\r\n<span data-balloon-length=\"medium\" aria-label=\"Curso superior em Ci\u00eancias.\" data-balloon-pos=\"up\">Professor de Ensino Fundamental II 6\u00aa\/9\u00aa - Ci\u00eancias<\/span><\/td>\r\n<td class=\"cvagas\">CR<\/td>\r\n<td class=\"cremuneracao\">R$ 5.069,29 \/At\u00e9 40h<\/td>\r\n<\/tr><tr>\r\n<td class=\"ccargos\">\r\n<span data-balloon-length=\"medium\" aria-label=\"Curso superior Licenciado em Educa\u00e7\u00e3o F\u00edsica com registro CREF.\" data-balloon-pos=\"up\">Professor de Ensino Fundamental II 6\u00aa\/9\u00aa - Educa\u00e7\u00e3o F\u00edsica<\/span><\/td>\r\n<td class=\"cvagas\">CR<\/td>\r\n<td class=\"cremuneracao\">R$ 5.069,29 \/At\u00e9 40h<\/td>\r\n<\/tr><tr>\r\n<td class=\"ccargos\">\r\n<span data-balloon-length=\"medium\" aria-label=\"Curso superior em letras com Habilita\u00e7\u00e3o em Ingl\u00eas.\" data-balloon-pos=\"up\">Professor de Ensino Fundamental II 6\u00aa\/9\u00aa - L\u00edngua Inglesa<\/span><\/td>\r\n<td class=\"cvagas\">CR<\/td>\r\n<td class=\"cremuneracao\">R$ 5.069,29 \/At\u00e9 40h<\/td>\r\n<\/tr><tr>\r\n<td class=\"ccargos\">\r\n<span data-balloon-length=\"medium\" aria-label=\"Curso superior Licenciado em Geografia.\" data-balloon-pos=\"up\">Professor de Ensino Fundamental II 6\u00aa\/9\u00aa - Geografia<\/span><\/td>\r\n<td class=\"cvagas\">CR<\/td>\r\n<td class=\"cremuneracao\">R$ 5.069,29 \/At\u00e9 40h<\/td>\r\n<\/tr><tr>\r\n<td class=\"ccargos\">\r\n<span data-balloon-length=\"medium\" aria-label=\"Curso superior Licenciado em Hist\u00f3ria.\" data-balloon-pos=\"up\">Professor de Ensino Fundamental II 6\u00aa\/9\u00aa - Hist\u00f3ria<\/span><\/td>\r\n<td class=\"cvagas\">CR<\/td>\r\n<td class=\"cremuneracao\">R$ 5.069,29 \/At\u00e9 40h<\/td>\r\n<\/tr><tr>\r\n<td class=\"ccargos\">\r\n<span data-balloon-length=\"medium\" aria-label=\"Licenciado em ci\u00eancia da computa\u00e7\u00e3o ou sistemas de informa\u00e7\u00e3o.\" data-balloon-pos=\"up\">Professor de Ensino Fundamental II 6\u00aa\/9\u00aa - Inform\u00e1tica<\/span><\/td>\r\n<td class=\"cvagas\">CR<\/td>\r\n<td class=\"cremuneracao\">R$ 5.069,29 \/At\u00e9 40h<\/td>\r\n<\/tr><tr>\r\n<td class=\"ccargos\">\r\n<span data-balloon-length=\"medium\" aria-label=\"Curso superior em letras Portugu\u00eas.\" data-balloon-pos=\"up\">Professor de Ensino Fundamental II 6\u00aa\/9\u00aa - L\u00edngua Portuguesa<\/span><\/td>\r\n<td class=\"cvagas\">CR<\/td>\r\n<td class=\"cremuneracao\">R$ 5.069,29 \/At\u00e9 40h<\/td>\r\n<\/tr><tr>\r\n<td class=\"ccargos\">\r\n<span data-balloon-length=\"medium\" aria-label=\"Curso superior Licenciado em Matem\u00e1tica.\" data-balloon-pos=\"up\">Professor de Ensino Fundamental II 6\u00aa\/9\u00aa - Matem\u00e1tica<\/span><\/td>\r\n<td class=\"cvagas\">CR<\/td>\r\n<td class=\"cremuneracao\">R$ 5.069,29 \/At\u00e9 40h<\/td>\r\n<\/tr>\r\n    <\/tbody>\r\n  <\/table>\r\n<\/div>"},"_links":{"self":[{"href":"https:\/\/www.agrobase.com.br\/concursos\/wp-json\/wp\/v2\/posts\/279750","targetHints":{"allow":["GET"]}}],"collection":[{"href":"https:\/\/www.agrobase.com.br\/concursos\/wp-json\/wp\/v2\/posts"}],"about":[{"href":"https:\/\/www.agrobase.com.br\/concursos\/wp-json\/wp\/v2\/types\/post"}],"author":[{"embeddable":true,"href":"https:\/\/www.agrobase.com.br\/concursos\/wp-json\/wp\/v2\/users\/7"}],"replies":[{"embeddable":true,"href":"https:\/\/www.agrobase.com.br\/concursos\/wp-json\/wp\/v2\/comments?post=279750"}],"version-history":[{"count":2,"href":"https:\/\/www.agrobase.com.br\/concursos\/wp-json\/wp\/v2\/posts\/279750\/revisions"}],"predecessor-version":[{"id":279755,"href":"https:\/\/www.agrobase.com.br\/concursos\/wp-json\/wp\/v2\/posts\/279750\/revisions\/279755"}],"wp:featuredmedia":[{"embeddable":true,"href":"https:\/\/www.agrobase.com.br\/concursos\/wp-json\/wp\/v2\/media\/279749"}],"wp:attachment":[{"href":"https:\/\/www.agrobase.com.br\/concursos\/wp-json\/wp\/v2\/media?parent=279750"}],"wp:term":[{"taxonomy":"category","embeddable":true,"href":"https:\/\/www.agrobase.com.br\/concursos\/wp-json\/wp\/v2\/categories?post=279750"},{"taxonomy":"post_tag","embeddable":true,"href":"https:\/\/www.agrobase.com.br\/concursos\/wp-json\/wp\/v2\/tags?post=279750"},{"taxonomy":"_amplo","embeddable":true,"href":"https:\/\/www.agrobase.com.br\/concursos\/wp-json\/wp\/v2\/_amplo?post=279750"},{"taxonomy":"destaque","embeddable":true,"href":"https:\/\/www.agrobase.com.br\/concursos\/wp-json\/wp\/v2\/destaque?post=279750"},{"taxonomy":"instituicoes","embeddable":true,"href":"https:\/\/www.agrobase.com.br\/concursos\/wp-json\/wp\/v2\/instituicoes?post=279750"}],"curies":[{"name":"wp","href":"https:\/\/api.w.org\/{rel}","templated":true}]}}