{"id":279717,"date":"2026-04-01T07:20:57","date_gmt":"2026-04-01T10:20:57","guid":{"rendered":"https:\/\/www.agrobase.com.br\/concursos\/?p=279717"},"modified":"2026-03-31T13:12:29","modified_gmt":"2026-03-31T16:12:29","slug":"prefeitura-macieira-sc-selecao-simplificada-08-2026","status":"publish","type":"post","link":"https:\/\/www.agrobase.com.br\/concursos\/2026\/prefeitura-macieira-sc-selecao-simplificada-08-2026\/","title":{"rendered":"Prefeitura Macieira (SC) &#8211; Sele\u00e7\u00e3o Simplificada 08\/2026"},"content":{"rendered":"<h2>Informa\u00e7\u00f5es Gerais<\/h2>\n<p>A <strong>Prefeitura Municipal de Macieira<\/strong>, no estado de Santa Catarina, por meio da Secretaria Municipal de Educa\u00e7\u00e3o, tornou p\u00fablico o edital do <strong>Processo Seletivo Simplificado<\/strong> destinado \u00e0 contrata\u00e7\u00e3o tempor\u00e1ria de profissionais para atua\u00e7\u00e3o na Rede Municipal de Ensino. O certame est\u00e1 fundamentado no artigo 37, inciso IX, da Constitui\u00e7\u00e3o Federal, e na Lei Municipal n\u00ba 786\/2015.<\/p>\n<p>S\u00e3o ofertadas <strong>03 vagas imediatas, al\u00e9m de cadastro reserva (CR)<\/strong>, todas para cargos de <strong>n\u00edvel superior<\/strong>. O regime de contrata\u00e7\u00e3o \u00e9 <strong>tempor\u00e1rio<\/strong>, com remunera\u00e7\u00f5es que variam de <strong>R$ 1.460,35 a R$ 4.704,34<\/strong>, conforme o cargo e a carga hor\u00e1ria.<\/p>\n<p>As oportunidades contemplam os seguintes cargos: <strong>Profissional de Educa\u00e7\u00e3o F\u00edsica<\/strong> (Bacharelado, 40h semanais), <strong>Professor de Educa\u00e7\u00e3o F\u00edsica<\/strong> (Licenciatura, 10h semanais) e <strong>Nutricionista<\/strong> (40h semanais). Destaque especial para a vaga de <strong>Nutricionista<\/strong>, \u00e1rea de grande relev\u00e2ncia para profissionais que atuam na interface entre alimenta\u00e7\u00e3o escolar e sa\u00fade p\u00fablica.<\/p>\n<p>A sele\u00e7\u00e3o \u00e9 exclusivamente classificat\u00f3ria, baseada em an\u00e1lise de t\u00edtulos e tempo de servi\u00e7o, sem aplica\u00e7\u00e3o de provas. As inscri\u00e7\u00f5es s\u00e3o <strong>gratuitas<\/strong> e podem ser realizadas de forma presencial ou por e-mail.<\/p>\n<h2>Inscri\u00e7\u00f5es<\/h2>\n<p>As inscri\u00e7\u00f5es para o Processo Seletivo Simplificado da Prefeitura de Macieira\/SC est\u00e3o dispon\u00edveis no per\u00edodo de <strong>31 de mar\u00e7o de 2026 a 09 de abril de 2026<\/strong>, em dias \u00fateis, no hor\u00e1rio das <strong>08h30min \u00e0s 11h00min<\/strong> e das <strong>13h30min \u00e0s 16h30min<\/strong>. O prazo limite para inscri\u00e7\u00e3o \u00e9 at\u00e9 \u00e0s <strong>16h30min do dia 09 de abril de 2026<\/strong>.<\/p>\n<p>A inscri\u00e7\u00e3o \u00e9 <strong>gratuita<\/strong> e pode ser realizada por duas modalidades:<\/p>\n<ul>\n<li><strong>Presencialmente:<\/strong> na recep\u00e7\u00e3o da Secretaria Municipal de Educa\u00e7\u00e3o de Macieira, localizada na Rua Dona Maria Mendes, n\u00ba 356, Centro, CEP 89.518-000, Macieira\/SC.<\/li>\n<li><strong>Por e-mail:<\/strong> enviando a documenta\u00e7\u00e3o para <strong>recepcaoeducacao@macieira.sc.gov.br<\/strong>, respeitando os mesmos hor\u00e1rios definidos para a modalidade presencial.<\/li>\n<\/ul>\n<p>Para efetuar a inscri\u00e7\u00e3o, o candidato dever\u00e1:<\/p>\n<ul>\n<li>Preencher e assinar a ficha de inscri\u00e7\u00e3o;<\/li>\n<li>Anexar c\u00f3pia do documento de identidade (RG);<\/li>\n<li>Apresentar os comprovantes de t\u00edtulos no ato da inscri\u00e7\u00e3o.<\/li>\n<\/ul>\n<p>\u00c9 fundamental que toda a documenta\u00e7\u00e3o \u2014 ficha de inscri\u00e7\u00e3o, c\u00f3pia do RG e comprovantes de t\u00edtulos \u2014 seja entregue dentro do prazo e hor\u00e1rio estabelecidos, seja na modalidade presencial ou por e-mail.<\/p>\n<h2>Etapas e Provas<\/h2>\n<p>O Processo Seletivo Simplificado da Prefeitura de Macieira\/SC possui <strong>car\u00e1ter exclusivamente classificat\u00f3rio<\/strong>, ou seja, n\u00e3o h\u00e1 etapa eliminat\u00f3ria. A sele\u00e7\u00e3o \u00e9 realizada por meio de <strong>an\u00e1lise de t\u00edtulos e crit\u00e9rios objetivos<\/strong>, sem aplica\u00e7\u00e3o de provas escritas, pr\u00e1ticas ou f\u00edsicas.<\/p>\n<p>Os crit\u00e9rios utilizados para a classifica\u00e7\u00e3o dos candidatos s\u00e3o os seguintes:<\/p>\n<ul>\n<li><strong>Diploma de conclus\u00e3o de curso de P\u00f3s-Gradua\u00e7\u00e3o:<\/strong> candidatos que possu\u00edrem titula\u00e7\u00e3o de p\u00f3s-gradua\u00e7\u00e3o ter\u00e3o pontua\u00e7\u00e3o diferenciada na classifica\u00e7\u00e3o.<\/li>\n<li><strong>Diploma de conclus\u00e3o de curso de Gradua\u00e7\u00e3o:<\/strong> comprova\u00e7\u00e3o da forma\u00e7\u00e3o superior exigida para o cargo.<\/li>\n<li><strong>Maior tempo de servi\u00e7o no servi\u00e7o p\u00fablico:<\/strong> experi\u00eancia profissional comprovada em \u00f3rg\u00e3os p\u00fablicos ser\u00e1 considerada como crit\u00e9rio de classifica\u00e7\u00e3o.<\/li>\n<li><strong>Registro no Conselho Profissional competente:<\/strong> comprova\u00e7\u00e3o de registro ativo no conselho de classe correspondente ao cargo pretendido (CREF para Educa\u00e7\u00e3o F\u00edsica, CRN para Nutri\u00e7\u00e3o).<\/li>\n<\/ul>\n<p>Para os candidatos que estejam <strong>cursando licenciatura<\/strong> (aplic\u00e1vel ao cargo de Professor de Educa\u00e7\u00e3o F\u00edsica), ser\u00e1 considerado o <strong>maior tempo de frequ\u00eancia em curso superior<\/strong> como crit\u00e9rio de classifica\u00e7\u00e3o.<\/p>\n<p><strong>Importante:<\/strong> todos os comprovantes de t\u00edtulos devem ser apresentados no ato da inscri\u00e7\u00e3o. Documentos entregues fora do prazo ou em desacordo com as exig\u00eancias do edital poder\u00e3o n\u00e3o ser considerados.<\/p>\n<p>Consulte o edital completo no site <strong>www.macieira.sc.gov.br<\/strong> para verificar os detalhes sobre a pontua\u00e7\u00e3o atribu\u00edda a cada crit\u00e9rio e demais regras de classifica\u00e7\u00e3o.<\/p>\n<h2>Resultados e Gabarito<\/h2>\n<p>A divulga\u00e7\u00e3o dos resultados do Processo Seletivo Simplificado da Prefeitura de Macieira\/SC seguir\u00e1 o cronograma previsto no edital:<\/p>\n<ul>\n<li><strong>Resultado preliminar:<\/strong> ser\u00e1 divulgado no dia <strong>10 de abril de 2026<\/strong>, contendo a lista dos candidatos classificados.<\/li>\n<li><strong>Homologa\u00e7\u00e3o do resultado final:<\/strong> est\u00e1 prevista para o dia <strong>15 de abril de 2026<\/strong>, ap\u00f3s transcorrido o prazo para interposi\u00e7\u00e3o de recursos ou ap\u00f3s o julgamento dos recursos eventualmente apresentados.<\/li>\n<\/ul>\n<p>Ap\u00f3s a publica\u00e7\u00e3o do resultado preliminar, os candidatos ter\u00e3o a oportunidade de interpor recurso dentro do prazo estipulado no edital. Transcorrido esse prazo sem a apresenta\u00e7\u00e3o de recursos, ou ap\u00f3s o julgamento dos mesmos, a Comiss\u00e3o respons\u00e1vel encaminhar\u00e1 o processo \u00e0 <strong>Prefeita Municipal<\/strong> para homologa\u00e7\u00e3o oficial.<\/p>\n<p>Os resultados e demais publica\u00e7\u00f5es oficiais referentes a este certame ser\u00e3o divulgados nos seguintes canais:<\/p>\n<ul>\n<li><strong>Site da Prefeitura Municipal de Macieira:<\/strong> www.macieira.sc.gov.br<\/li>\n<li><strong>Di\u00e1rio Oficial dos Munic\u00edpios de Santa Catarina:<\/strong> www.diariomunicipal.sc.gov.br<\/li>\n<\/ul>\n<p><strong>Aten\u00e7\u00e3o:<\/strong> o acompanhamento de todas as publica\u00e7\u00f5es, comunicados e convoca\u00e7\u00f5es referentes ao Processo Seletivo Simplificado \u00e9 de <strong>responsabilidade exclusiva do candidato<\/strong>. Recomenda-se consultar regularmente os canais oficiais indicados para n\u00e3o perder nenhum prazo ou informa\u00e7\u00e3o relevante.<\/p>\n","protected":false},"excerpt":{"rendered":"<p>Sel. Simplificada Pref. Macieira (SC) com edital publicado! Vagas p\/ Prof. Ed. F\u00edsica e Nutricionista (Superior). Inscri\u00e7\u00f5es a partir de 31\/03. Confira detalhes!<\/p>\n","protected":false},"author":7,"featured_media":279716,"comment_status":"open","ping_status":"open","sticky":false,"template":"","format":"standard","meta":{"_acf_changed":false,"_breakdance_hide_in_design_set":false,"_breakdance_tags":"","footnotes":""},"categories":[11,6434,23],"tags":[61],"_amplo":[],"destaque":[],"instituicoes":[],"class_list":["post-279717","post","type-post","status-publish","format-standard","has-post-thumbnail","hentry","category-educacao-fisica","category-educacao-fisica-licenciatura","category-nutricao","tag-santa-catarina"],"acf":{"_tipo_vagas":"vagas","_numero_vagas":"","_quadro_vagas":"","_cargos":"diversos","_cargos_especificos":"","_salario_max":"R$ 4704.34","_abertura":"20260331","_encerramento":"20260409","_inscricoes":"https:\/\/www.macieira.sc.gov.br","_executora_concurso":"","_instituicao_concurso":[],"_link_adicional":null,"_anexos":null,"_produtos":null,"_vagas":"03 vagas + CR","_salario_min":"R$ 1460.35","_instituicao":"Prefeitura Municipal de Macieira","_edital":"https:\/\/www.agrobase.com.br\/concursos\/wp-content\/uploads\/sites\/4\/2026\/03\/edital-08-2026-da-prefeitura-de-macieira-sc.pdf","_anexos_edital":"","_fund_incompleto":"","_fund_completo":"","_medio":"","_superior":"<div>\r\n<table class=\"quadro\">\r\n<thead>\r\n<tr>\r\n<th class=\"hcargo\">Cargo<\/th>\r\n<th class=\"hvagas\">Vagas<\/th>\r\n<th class=\"hremuneracao\">Remunera\u00e7\u00e3o<\/th>\r\n<\/tr>\r\n<\/thead>\r\n    <tbody>\r\n      <tr>\r\n<td class=\"ccargos\">\r\n<span data-balloon-length=\"medium\" aria-label=\"Curso Superior completo em Educa\u00e7\u00e3o F\u00edsica \u2013 Bacharelado, com registro ativo no Conselho Regional de Educa\u00e7\u00e3o F\u00edsica (CREF)\" data-balloon-pos=\"up\">Profissional de Educa\u00e7\u00e3o F\u00edsica<\/span><\/td>\r\n<td class=\"cvagas\">01 + CR<\/td>\r\n<td class=\"cremuneracao\">R$ 4.704,34 \/40h<\/td>\r\n<\/tr><tr>\r\n<td class=\"ccargos\">\r\n<span data-balloon-length=\"medium\" aria-label=\"Licenciatura na \u00e1rea do cargo ou fase que est\u00e1 cursando licenciatura no cargo\" data-balloon-pos=\"up\">Professor de Educa\u00e7\u00e3o F\u00edsica<\/span><\/td>\r\n<td class=\"cvagas\">01 + CR<\/td>\r\n<td class=\"cremuneracao\">R$ 1.825,44 \/10h<\/td>\r\n<\/tr><tr>\r\n<td class=\"ccargos\">\r\n<span data-balloon-length=\"medium\" aria-label=\"Diploma de Curso Superior espec\u00edfico para a profiss\u00e3o, com registro no respectivo Conselho Profissional\" data-balloon-pos=\"up\">Nutricionista<\/span><\/td>\r\n<td class=\"cvagas\">01 + CR<\/td>\r\n<td class=\"cremuneracao\">R$ 4.512,13 \/40h<\/td>\r\n<\/tr>\r\n    <\/tbody>\r\n  <\/table>\r\n<\/div>"},"_links":{"self":[{"href":"https:\/\/www.agrobase.com.br\/concursos\/wp-json\/wp\/v2\/posts\/279717","targetHints":{"allow":["GET"]}}],"collection":[{"href":"https:\/\/www.agrobase.com.br\/concursos\/wp-json\/wp\/v2\/posts"}],"about":[{"href":"https:\/\/www.agrobase.com.br\/concursos\/wp-json\/wp\/v2\/types\/post"}],"author":[{"embeddable":true,"href":"https:\/\/www.agrobase.com.br\/concursos\/wp-json\/wp\/v2\/users\/7"}],"replies":[{"embeddable":true,"href":"https:\/\/www.agrobase.com.br\/concursos\/wp-json\/wp\/v2\/comments?post=279717"}],"version-history":[{"count":2,"href":"https:\/\/www.agrobase.com.br\/concursos\/wp-json\/wp\/v2\/posts\/279717\/revisions"}],"predecessor-version":[{"id":279720,"href":"https:\/\/www.agrobase.com.br\/concursos\/wp-json\/wp\/v2\/posts\/279717\/revisions\/279720"}],"wp:featuredmedia":[{"embeddable":true,"href":"https:\/\/www.agrobase.com.br\/concursos\/wp-json\/wp\/v2\/media\/279716"}],"wp:attachment":[{"href":"https:\/\/www.agrobase.com.br\/concursos\/wp-json\/wp\/v2\/media?parent=279717"}],"wp:term":[{"taxonomy":"category","embeddable":true,"href":"https:\/\/www.agrobase.com.br\/concursos\/wp-json\/wp\/v2\/categories?post=279717"},{"taxonomy":"post_tag","embeddable":true,"href":"https:\/\/www.agrobase.com.br\/concursos\/wp-json\/wp\/v2\/tags?post=279717"},{"taxonomy":"_amplo","embeddable":true,"href":"https:\/\/www.agrobase.com.br\/concursos\/wp-json\/wp\/v2\/_amplo?post=279717"},{"taxonomy":"destaque","embeddable":true,"href":"https:\/\/www.agrobase.com.br\/concursos\/wp-json\/wp\/v2\/destaque?post=279717"},{"taxonomy":"instituicoes","embeddable":true,"href":"https:\/\/www.agrobase.com.br\/concursos\/wp-json\/wp\/v2\/instituicoes?post=279717"}],"curies":[{"name":"wp","href":"https:\/\/api.w.org\/{rel}","templated":true}]}}