{"id":279697,"date":"2026-03-31T08:20:17","date_gmt":"2026-03-31T11:20:17","guid":{"rendered":"https:\/\/www.agrobase.com.br\/concursos\/?p=279697"},"modified":"2026-03-30T14:13:10","modified_gmt":"2026-03-30T17:13:10","slug":"prefeitura-manoel-urbano-ac-selecao-simplificada-03-2026","status":"publish","type":"post","link":"https:\/\/www.agrobase.com.br\/concursos\/2026\/prefeitura-manoel-urbano-ac-selecao-simplificada-03-2026\/","title":{"rendered":"Prefeitura Manoel Urbano (AC) &#8211; Sele\u00e7\u00e3o Simplificada 03\/2026"},"content":{"rendered":"<h2>Informa\u00e7\u00f5es Gerais<\/h2>\n<p>A Prefeitura Municipal de Manoel Urbano, no Estado do Acre, publicou o Edital n\u00ba 003\/2026\/PMMU, de 24 de mar\u00e7o de 2026, que regulamenta o Processo Seletivo Simplificado para contrata\u00e7\u00e3o tempor\u00e1ria de servidores destinados \u00e0 Secretaria Municipal de Educa\u00e7\u00e3o e Cultura.<\/p>\n<p>O certame oferece <strong>19 vagas imediatas, al\u00e9m de forma\u00e7\u00e3o de cadastro reserva<\/strong>, para cargos de n\u00edvel superior. As oportunidades s\u00e3o para Professor P2 \u2013 Ensino Fundamental Anos Iniciais (Zona Rural), Professor P2 \u2013 Educa\u00e7\u00e3o de Jovens e Adultos (EJA I) e <strong>Nutricionista<\/strong>, com jornadas de 30h e 40h semanais.<\/p>\n<p>A remunera\u00e7\u00e3o varia de <strong>R$ 4.015,91 a R$ 4.213,06<\/strong>, conforme o cargo. A contrata\u00e7\u00e3o ser\u00e1 realizada em car\u00e1ter tempor\u00e1rio, conforme as necessidades da rede municipal de ensino.<\/p>\n<p>Se voc\u00ea possui forma\u00e7\u00e3o em Pedagogia ou <strong>Nutri\u00e7\u00e3o<\/strong> e busca oportunidade no servi\u00e7o p\u00fablico municipal, confira abaixo todos os detalhes sobre inscri\u00e7\u00f5es, etapas e resultados.<\/p>\n<h2>Inscri\u00e7\u00f5es<\/h2>\n<p>As inscri\u00e7\u00f5es estar\u00e3o <strong>abertas nos dias 30 e 31 de mar\u00e7o de 2026<\/strong>, realizadas presencialmente <strong>das 07h \u00e0s 12h e das 14h \u00e0s 17h<\/strong>, na Biblioteca P\u00fablica, situada na Rua Val\u00e9rio Caldas de Magalh\u00e3es, n\u00ba 296 \u2013 Centro, Manoel Urbano\/AC.<\/p>\n<p>N\u00e3o haver\u00e1 cobran\u00e7a de taxa de inscri\u00e7\u00e3o.<\/p>\n<p>Para se inscrever, o candidato (ou procurador) dever\u00e1 entregar, em envelope:<\/p>\n<ul>\n<li>Formul\u00e1rio de inscri\u00e7\u00e3o devidamente preenchido (dispon\u00edvel no edital e no site oficial);<\/li>\n<li>C\u00f3pia da Carteira de Identidade e do CPF;<\/li>\n<li>Comprovante de endere\u00e7o atualizado;<\/li>\n<li>Curr\u00edculo acompanhado dos documentos comprobat\u00f3rios.<\/li>\n<\/ul>\n<p>O formul\u00e1rio e o edital completo est\u00e3o dispon\u00edveis no site da Prefeitura: http:\/\/www.manoelurbano.ac.gov.br.<\/p>\n<p>\u00c9 fundamental que o candidato confira toda a documenta\u00e7\u00e3o antes da entrega, pois a aus\u00eancia de documentos pode comprometer a participa\u00e7\u00e3o. Recomenda-se a leitura integral do edital para evitar inconsist\u00eancias na inscri\u00e7\u00e3o.<\/p>\n<h2>Etapas e Provas<\/h2>\n<p>O Processo Seletivo Simplificado ser\u00e1 composto por duas etapas, aplic\u00e1veis a todos os cargos:<\/p>\n<ul>\n<li><strong>An\u00e1lise Curricular<\/strong> \u2013 de car\u00e1ter eliminat\u00f3rio e classificat\u00f3rio, com pontua\u00e7\u00e3o de 0 a 50 pontos. Nesta fase, ser\u00e3o avaliadas a forma\u00e7\u00e3o acad\u00eamica e as experi\u00eancias profissionais comprovadas no curr\u00edculo entregue no ato da inscri\u00e7\u00e3o.<\/li>\n<li><strong>Entrevista<\/strong> \u2013 de car\u00e1ter classificat\u00f3rio e eliminat\u00f3rio, com pontua\u00e7\u00e3o de 0 a 50 pontos. A entrevista ser\u00e1 realizada no dia <strong>15 de abril de 2026<\/strong>, das 07h \u00e0s 11h e das 13h \u00e0s 17h, na Biblioteca Municipal, localizada na Rua Val\u00e9rio Caldas de Magalh\u00e3es, n\u00ba 296 \u2013 Centro, Manoel Urbano\/AC. A avalia\u00e7\u00e3o incluir\u00e1 quest\u00f5es relacionadas ao perfil profissional e conhecimentos espec\u00edficos do cargo.<\/li>\n<\/ul>\n<p>A pontua\u00e7\u00e3o final ser\u00e1 composta pela soma das notas obtidas nas duas etapas. Para detalhes sobre crit\u00e9rios de avalia\u00e7\u00e3o e documentos aceitos na an\u00e1lise curricular, consulte o edital completo.<\/p>\n<h2>Resultados e Gabarito<\/h2>\n<p>O resultado final do Processo Seletivo Simplificado ser\u00e1 divulgado <strong>a partir de 23 de abril de 2026<\/strong>, na sede da Prefeitura de Manoel Urbano e da Secretaria Municipal de Educa\u00e7\u00e3o, ambas localizadas na Rua Val\u00e9rio Caldas de Magalh\u00e3es, s\/n\u00ba \u2013 Centro.<\/p>\n<p>A publica\u00e7\u00e3o tamb\u00e9m ocorrer\u00e1 no <strong>Di\u00e1rio Oficial do Estado do Acre<\/strong> e no site oficial do Munic\u00edpio.<\/p>\n<p>A classifica\u00e7\u00e3o final considerar\u00e1 a soma das pontua\u00e7\u00f5es obtidas na An\u00e1lise Curricular e na Entrevista. Ap\u00f3s a divulga\u00e7\u00e3o do resultado final, ser\u00e1 realizada a homologa\u00e7\u00e3o do processo seletivo, que \u00e9 o ato administrativo que confirma oficialmente sua validade.<\/p>\n<p>\u00c9 de responsabilidade exclusiva do candidato acompanhar todas as publica\u00e7\u00f5es oficiais, prazos e convoca\u00e7\u00f5es nos canais informados no edital, garantindo que n\u00e3o perca nenhuma etapa do certame.<\/p>\n","protected":false},"excerpt":{"rendered":"<p>Inscri\u00e7\u00f5es abrem 30\/03! Sel. Simplificada Pref. Manoel Urbano (AC) p\/ Professores e Nutricionista (Superior). Sal\u00e1rios at\u00e9 R$4.2k. Veja o edital!<\/p>\n","protected":false},"author":7,"featured_media":279696,"comment_status":"open","ping_status":"open","sticky":false,"template":"","format":"standard","meta":{"_acf_changed":false,"_breakdance_hide_in_design_set":false,"_breakdance_tags":"","footnotes":""},"categories":[23,25],"tags":[38],"_amplo":[],"destaque":[],"instituicoes":[],"class_list":["post-279697","post","type-post","status-publish","format-standard","has-post-thumbnail","hentry","category-nutricao","category-pedagogia","tag-acre"],"acf":{"_tipo_vagas":"vagas","_numero_vagas":"","_quadro_vagas":"","_cargos":"diversos","_cargos_especificos":"","_salario_max":"R$ 4213.06","_abertura":"20260330","_encerramento":"20260331","_inscricoes":"http:\/\/www.manoelurbano.ac.gov.br","_executora_concurso":"","_instituicao_concurso":[],"_link_adicional":null,"_anexos":null,"_produtos":null,"_vagas":"19 vagas + CR","_salario_min":"R$ 4015.91","_instituicao":"Prefeitura Municipal de Manoel Urbano","_edital":"https:\/\/www.agrobase.com.br\/concursos\/wp-content\/uploads\/sites\/4\/2026\/03\/edital-03-2026-da-prefeitura-de-manoel-urbano-ac.pdf","_anexos_edital":"","_fund_incompleto":"","_fund_completo":"","_medio":"","_superior":"<div>\r\n<table class=\"quadro\">\r\n<thead>\r\n<tr>\r\n<th class=\"hcargo\">Cargo<\/th>\r\n<th class=\"hvagas\">Vagas<\/th>\r\n<th class=\"hremuneracao\">Remunera\u00e7\u00e3o<\/th>\r\n<\/tr>\r\n<\/thead>\r\n    <tbody>\r\n      <tr>\r\n<td class=\"ccargos\">\r\n<span data-balloon-length=\"medium\" aria-label=\"Ensino Superior em Pedagogia\" data-balloon-pos=\"up\">Professor P2 - Ensino Fundamental Anos Iniciais (Zona Rural)<\/span><\/td>\r\n<td class=\"cvagas\">16 + CR<\/td>\r\n<td class=\"cremuneracao\">R$ 4.015,91 \/30h<\/td>\r\n<\/tr><tr>\r\n<td class=\"ccargos\">\r\n<span data-balloon-length=\"medium\" aria-label=\"Ensino Superior em Pedagogia\" data-balloon-pos=\"up\">Professor P2 - Educa\u00e7\u00e3o de Jovens e Adultos - EJA I<\/span><\/td>\r\n<td class=\"cvagas\">02 + CR<\/td>\r\n<td class=\"cremuneracao\">R$ 4.015,91 \/30h<\/td>\r\n<\/tr><tr>\r\n<td class=\"ccargos\">\r\n<span data-balloon-length=\"medium\" aria-label=\"Ensino Superior em Nutri\u00e7\u00e3o e Registro no Conselho de Classe\" data-balloon-pos=\"up\">Nutricionista<\/span><\/td>\r\n<td class=\"cvagas\">01 + CR<\/td>\r\n<td class=\"cremuneracao\">R$ 4.213,06 \/40h<\/td>\r\n<\/tr>\r\n    <\/tbody>\r\n  <\/table>\r\n<\/div>"},"_links":{"self":[{"href":"https:\/\/www.agrobase.com.br\/concursos\/wp-json\/wp\/v2\/posts\/279697","targetHints":{"allow":["GET"]}}],"collection":[{"href":"https:\/\/www.agrobase.com.br\/concursos\/wp-json\/wp\/v2\/posts"}],"about":[{"href":"https:\/\/www.agrobase.com.br\/concursos\/wp-json\/wp\/v2\/types\/post"}],"author":[{"embeddable":true,"href":"https:\/\/www.agrobase.com.br\/concursos\/wp-json\/wp\/v2\/users\/7"}],"replies":[{"embeddable":true,"href":"https:\/\/www.agrobase.com.br\/concursos\/wp-json\/wp\/v2\/comments?post=279697"}],"version-history":[{"count":1,"href":"https:\/\/www.agrobase.com.br\/concursos\/wp-json\/wp\/v2\/posts\/279697\/revisions"}],"predecessor-version":[{"id":279699,"href":"https:\/\/www.agrobase.com.br\/concursos\/wp-json\/wp\/v2\/posts\/279697\/revisions\/279699"}],"wp:featuredmedia":[{"embeddable":true,"href":"https:\/\/www.agrobase.com.br\/concursos\/wp-json\/wp\/v2\/media\/279696"}],"wp:attachment":[{"href":"https:\/\/www.agrobase.com.br\/concursos\/wp-json\/wp\/v2\/media?parent=279697"}],"wp:term":[{"taxonomy":"category","embeddable":true,"href":"https:\/\/www.agrobase.com.br\/concursos\/wp-json\/wp\/v2\/categories?post=279697"},{"taxonomy":"post_tag","embeddable":true,"href":"https:\/\/www.agrobase.com.br\/concursos\/wp-json\/wp\/v2\/tags?post=279697"},{"taxonomy":"_amplo","embeddable":true,"href":"https:\/\/www.agrobase.com.br\/concursos\/wp-json\/wp\/v2\/_amplo?post=279697"},{"taxonomy":"destaque","embeddable":true,"href":"https:\/\/www.agrobase.com.br\/concursos\/wp-json\/wp\/v2\/destaque?post=279697"},{"taxonomy":"instituicoes","embeddable":true,"href":"https:\/\/www.agrobase.com.br\/concursos\/wp-json\/wp\/v2\/instituicoes?post=279697"}],"curies":[{"name":"wp","href":"https:\/\/api.w.org\/{rel}","templated":true}]}}