{"id":279046,"date":"2026-03-16T09:52:22","date_gmt":"2026-03-16T12:52:22","guid":{"rendered":"https:\/\/www.agrobase.com.br\/concursos\/?p=279046"},"modified":"2026-03-16T09:52:22","modified_gmt":"2026-03-16T12:52:22","slug":"prefeitura-araquari-sc-selecao-publica-01-2026","status":"publish","type":"post","link":"https:\/\/www.agrobase.com.br\/concursos\/2026\/prefeitura-araquari-sc-selecao-publica-01-2026\/","title":{"rendered":"Prefeitura Araquari (SC) &#8211; Sele\u00e7\u00e3o P\u00fablica 01\/2026"},"content":{"rendered":"<h2>Informa\u00e7\u00f5es Gerais<\/h2>\n<p>A Prefeitura Municipal de <strong>Araquari, em Santa Catarina<\/strong>, publicou edital de <strong>Processo Seletivo Tempor\u00e1rio<\/strong> destinado ao provimento de cargos p\u00fablicos e forma\u00e7\u00e3o de Cadastro Reserva (CR). O certame \u00e9 coordenado pela <strong>Funda\u00e7\u00e3o Universidade Empresa de Tecnologia e Ci\u00eancias \u2013 FUNDATEC<\/strong> e prev\u00ea contrata\u00e7\u00e3o tempor\u00e1ria sob o <strong>Regime Administrativo Especial<\/strong>, conforme a Lei Complementar n\u00ba 215\/2017 e demais legisla\u00e7\u00f5es municipais vigentes.<\/p>\n<p>Ao todo, s\u00e3o ofertadas <strong>226 vagas imediatas, al\u00e9m de Cadastro Reserva<\/strong>, distribu\u00eddas entre cargos de <strong>n\u00edvel superior<\/strong> e <strong>n\u00edvel m\u00e9dio\/t\u00e9cnico<\/strong>. As remunera\u00e7\u00f5es variam de <strong>R$ 3.866,44<\/strong> a <strong>R$ 20.957,28<\/strong>, com cargas hor\u00e1rias de 20h a 40h semanais.<\/p>\n<p>Entre os cargos de n\u00edvel superior, h\u00e1 oportunidades em diversas \u00e1reas da sa\u00fade \u2014 como Medicina (Cl\u00ednico Geral, ESF, Pediatria, Psiquiatria e do Trabalho), Enfermagem, Farm\u00e1cia, Fisioterapia, Fonoaudiologia, Odontologia, Psicologia e Terapia Ocupacional \u2014, al\u00e9m de vagas na Educa\u00e7\u00e3o, incluindo Professores de Educa\u00e7\u00e3o Infantil, S\u00e9ries Iniciais, Artes, Ingl\u00eas e Educa\u00e7\u00e3o F\u00edsica, bem como Orientadores Educacionais e Supervisores Escolares. Tamb\u00e9m h\u00e1 vagas para Arquiteto, Engenheiro Civil, Contador, Assistente Social e Tesoureiro.<\/p>\n<p>Para os profissionais das \u00e1reas de destaque, o processo seletivo contempla os seguintes cargos: <strong>Engenheiro Agr\u00f4nomo<\/strong> (Cadastro Reserva, remunera\u00e7\u00e3o de R$ 10.065,47), <strong>M\u00e9dico Veterin\u00e1rio<\/strong> (1 vaga, remunera\u00e7\u00e3o de R$ 4.815,63), <strong>Nutricionista<\/strong> (1 vaga, remunera\u00e7\u00e3o de R$ 7.223,45) e <strong>T\u00e9cnico Agr\u00edcola<\/strong> (Cadastro Reserva, remunera\u00e7\u00e3o de R$ 5.155,27).<\/p>\n<p>No n\u00edvel m\u00e9dio\/t\u00e9cnico, as vagas abrangem T\u00e9cnico de Enfermagem, Assistente Administrativo, Atendente de Farm\u00e1cia, Auxiliar de Sa\u00fade Bucal e Orientador Social.<\/p>\n<p>Continue a leitura para conferir todos os detalhes sobre inscri\u00e7\u00f5es, etapas do processo seletivo e como acompanhar os resultados.<\/p>\n<h2>Inscri\u00e7\u00f5es<\/h2>\n<p>As inscri\u00e7\u00f5es para o Processo Seletivo Tempor\u00e1rio da Prefeitura de Araquari\/SC ser\u00e3o realizadas <strong>exclusivamente pela internet<\/strong>, no site da FUNDATEC (<strong>www.fundatec.org.br<\/strong>), no per\u00edodo de <strong>10 de mar\u00e7o de 2026 at\u00e9 as 17h do dia 06 de abril de 2026<\/strong>.<\/p>\n<p>Para efetuar a inscri\u00e7\u00e3o, o candidato dever\u00e1 acessar o site da FUNDATEC, localizar o certame da Prefeitura de Araquari e preencher o formul\u00e1rio de inscri\u00e7\u00e3o com seus dados pessoais. \u00c9 <strong>imprescind\u00edvel possuir n\u00famero de CPF (Cadastro de Pessoa F\u00edsica)<\/strong> para realizar o cadastro. O candidato \u00e9 o \u00fanico respons\u00e1vel pelo correto preenchimento das informa\u00e7\u00f5es e pela veracidade dos dados fornecidos, sob as penas da lei.<\/p>\n<p>Aten\u00e7\u00e3o: no \u00faltimo dia de inscri\u00e7\u00f5es, o sistema aceitar\u00e1 cadastros somente <strong>at\u00e9 as 17h<\/strong>. Recomenda-se n\u00e3o deixar para os \u00faltimos momentos, a fim de evitar problemas t\u00e9cnicos ou de conex\u00e3o.<\/p>\n<p>Os valores das taxas de inscri\u00e7\u00e3o, bem como os procedimentos para eventual solicita\u00e7\u00e3o de isen\u00e7\u00e3o e a data-limite para pagamento do boleto banc\u00e1rio, devem ser consultados diretamente no edital completo e no cronograma de execu\u00e7\u00e3o dispon\u00edvel no site da banca organizadora.<\/p>\n<p>Ap\u00f3s a inscri\u00e7\u00e3o, acompanhe o status do seu cadastro e eventuais comunicados pela \u00e1rea restrita do candidato no site da FUNDATEC. Recomendamos a <strong>leitura integral do edital<\/strong> antes de efetuar a inscri\u00e7\u00e3o, para garantir o pleno conhecimento de todas as regras e exig\u00eancias do certame.<\/p>\n<h2>Etapas e Provas<\/h2>\n<p>O Processo Seletivo Tempor\u00e1rio da Prefeitura de Araquari\/SC ser\u00e1 composto por uma \u00fanica etapa de avalia\u00e7\u00e3o: a <strong>Prova Te\u00f3rico-Objetiva<\/strong>, aplic\u00e1vel a todos os cargos, com car\u00e1ter <strong>eliminat\u00f3rio e classificat\u00f3rio<\/strong>.<\/p>\n<ul>\n<li><strong>Prova Te\u00f3rico-Objetiva<\/strong>\n<ul>\n<li><strong>Car\u00e1ter:<\/strong> eliminat\u00f3rio e classificat\u00f3rio.<\/li>\n<li><strong>Formato:<\/strong> quest\u00f5es de m\u00faltipla escolha, elaboradas com base nos programas de conte\u00fado constantes nos Anexos IV e V do edital, e organizadas conforme o Quadro Demonstrativo de Provas (Anexo II).<\/li>\n<li><strong>N\u00edvel de dificuldade:<\/strong> compat\u00edvel com o grau de escolaridade m\u00ednimo exigido para cada cargo.<\/li>\n<li><strong>Dura\u00e7\u00e3o para cargos de N\u00edvel Superior:<\/strong> <strong>3 horas e 30 minutos<\/strong> para resolu\u00e7\u00e3o da prova e preenchimento da Folha Definitiva de Respostas.<\/li>\n<li><strong>Dura\u00e7\u00e3o para cargos de N\u00edvel M\u00e9dio e T\u00e9cnico:<\/strong> <strong>3 horas<\/strong> para resolu\u00e7\u00e3o da prova e preenchimento da Folha Definitiva de Respostas.<\/li>\n<li><strong>Disciplinas e conte\u00fados:<\/strong> as mat\u00e9rias cobradas variam conforme o cargo e est\u00e3o detalhadas nos Anexos IV e V do edital. De modo geral, podem incluir L\u00edngua Portuguesa, Matem\u00e1tica\/Racioc\u00ednio L\u00f3gico, Conhecimentos Gerais\/Legisla\u00e7\u00e3o e Conhecimentos Espec\u00edficos da \u00e1rea de atua\u00e7\u00e3o.<\/li>\n<li><strong>Pontua\u00e7\u00e3o e crit\u00e9rios de aprova\u00e7\u00e3o:<\/strong> a pontua\u00e7\u00e3o total e as notas m\u00ednimas para aprova\u00e7\u00e3o est\u00e3o definidas no Quadro Demonstrativo de Provas (Anexo II do edital).<\/li>\n<\/ul>\n<\/li>\n<\/ul>\n<p>A data prevista para aplica\u00e7\u00e3o da Prova Te\u00f3rico-Objetiva deve ser consultada no <strong>Cronograma de Execu\u00e7\u00e3o<\/strong> dispon\u00edvel no site da FUNDATEC. Recomendamos a consulta ao edital completo para verificar o conte\u00fado program\u00e1tico detalhado de cada cargo, os crit\u00e9rios de aprova\u00e7\u00e3o e todas as regras de aplica\u00e7\u00e3o das provas.<\/p>\n<h2>Resultados e Gabarito<\/h2>\n<p>Ap\u00f3s a realiza\u00e7\u00e3o da Prova Te\u00f3rico-Objetiva, a FUNDATEC divulgar\u00e1 o <strong>gabarito preliminar<\/strong> das quest\u00f5es, oportunidade em que os candidatos poder\u00e3o interpor recursos dentro do prazo estipulado no cronograma. Ap\u00f3s a an\u00e1lise dos recursos, ser\u00e1 publicado o <strong>gabarito definitivo<\/strong>.<\/p>\n<p>Na sequ\u00eancia, ser\u00e3o divulgados os <strong>resultados preliminares<\/strong> da Prova Te\u00f3rico-Objetiva, novamente com abertura de prazo recursal. Ap\u00f3s o julgamento de eventuais recursos, ser\u00e1 publicado o <strong>resultado definitivo<\/strong> da etapa.<\/p>\n<p>A classifica\u00e7\u00e3o final dos candidatos ser\u00e1 elaborada com base no desempenho obtido na Prova Te\u00f3rico-Objetiva. Os crit\u00e9rios de desempate est\u00e3o previstos no edital e devem ser consultados na \u00edntegra pelo candidato.<\/p>\n<p>A publica\u00e7\u00e3o da <strong>homologa\u00e7\u00e3o do resultado final<\/strong> ser\u00e1 realizada por meio do Edital de Homologa\u00e7\u00e3o, que conter\u00e1 uma listagem de classificados na <strong>Ampla Concorr\u00eancia<\/strong>. A homologa\u00e7\u00e3o ser\u00e1 autorizada pelo Prefeito de Araquari\/SC e divulgada em <strong>jornal<\/strong> e no site <strong>www.fundatec.org.br<\/strong>.<\/p>\n<p>A homologa\u00e7\u00e3o representa o ato oficial que encerra o processo seletivo e valida os resultados, autorizando a convoca\u00e7\u00e3o dos aprovados para contrata\u00e7\u00e3o tempor\u00e1ria conforme a necessidade da administra\u00e7\u00e3o municipal.<\/p>\n<p>Os candidatos devem acompanhar todas as publica\u00e7\u00f5es, cronogramas e comunicados pelos seguintes canais:<\/p>\n<ul>\n<li>Site da FUNDATEC: <strong>www.fundatec.org.br<\/strong><\/li>\n<li>Publica\u00e7\u00f5es oficiais da Prefeitura Municipal de Araquari\/SC<\/li>\n<\/ul>\n<p>A validade do processo seletivo e a possibilidade de prorroga\u00e7\u00e3o devem ser verificadas diretamente no edital completo.<\/p>\n<p><strong>Importante:<\/strong> o acompanhamento de todas as etapas, publica\u00e7\u00f5es, convoca\u00e7\u00f5es e prazos \u00e9 de <strong>responsabilidade exclusiva do candidato<\/strong>. N\u00e3o ser\u00e3o aceitas alega\u00e7\u00f5es de desconhecimento das datas e informa\u00e7\u00f5es divulgadas nos canais oficiais do certame.<\/p>\n","protected":false},"excerpt":{"rendered":"<p>Proc. Seletivo Pref. Araquari (SC) com edital publicado! 226+CR vagas p\/ Prof. e M\u00e9dico (M\u00e9dio\/Sup.). Inscri\u00e7\u00f5es a partir de 10\/03. Sal\u00e1rios at\u00e9 R$20.9k. Confira!<\/p>\n","protected":false},"author":7,"featured_media":279045,"comment_status":"open","ping_status":"open","sticky":false,"template":"","format":"standard","meta":{"_acf_changed":false,"_breakdance_hide_in_design_set":false,"_breakdance_tags":"","footnotes":""},"categories":[3,4,5,6,9,117,141,6434,12,14,17,18,19,6871,21,22,23,24,25,26,101,29,108,143,134],"tags":[61],"_amplo":[],"destaque":[],"instituicoes":[],"class_list":["post-279046","post","type-post","status-publish","format-standard","has-post-thumbnail","hentry","category-administracao","category-agronomia","category-arquitetura","category-biologia","category-ciencias-contabeis","category-economia","category-educacao-artistica","category-educacao-fisica-licenciatura","category-enfermagem","category-engenharia","category-farmacia","category-fisioterapia","category-fonoaudiologia","category-letras-ingles","category-medicina","category-veterinaria","category-nutricao","category-odontologia","category-pedagogia","category-psicologia","category-servico-social","category-tecnico-agricola","category-tecnico-enfermagem","category-tecnico-odontologia","category-terapia-ocupacional","tag-santa-catarina"],"acf":{"_tipo_vagas":"vagas","_numero_vagas":"","_quadro_vagas":"","_cargos":"diversos","_cargos_especificos":"","_salario_max":"R$ 20957.28","_abertura":"20260310","_encerramento":"20260406","_inscricoes":"https:\/\/www.fundatec.org.br","_executora_concurso":"","_instituicao_concurso":[],"_link_adicional":null,"_anexos":null,"_produtos":null,"_vagas":"226 vagas + CR","_salario_min":"R$ 3866.44","_instituicao":"Prefeitura de Araquari","_edital":"https:\/\/www.agrobase.com.br\/concursos\/wp-content\/uploads\/sites\/4\/2026\/03\/edital-01-2026-da-prefeitura-de-araquari-sc.pdf","_anexos_edital":"https:\/\/www.agrobase.com.br\/concursos\/wp-content\/uploads\/sites\/4\/2026\/03\/anexos-edital-01-2026-da-prefeitura-de-araquari-sc.pdf","_fund_incompleto":"","_fund_completo":"","_medio":"<div>\r\n<table class=\"quadro\">\r\n<thead>\r\n<tr>\r\n<th class=\"hcargo\">Cargo<\/th>\r\n<th class=\"hvagas\">Vagas<\/th>\r\n<th class=\"hremuneracao\">Remunera\u00e7\u00e3o<\/th>\r\n<\/tr>\r\n<\/thead>\r\n    <tbody>\r\n      <td class=\"ccargos\">\r\n<span data-balloon-length=\"medium\" aria-label=\"T\u00e9cnico Agr\u00edcola de n\u00edvel m\u00e9dio com registro no \u00f3rg\u00e3o competente\" data-balloon-pos=\"up\">T\u00e9cnico Agr\u00edcola<\/span><\/td>\r\n<td class=\"cvagas\">CR<\/td>\r\n<td class=\"cremuneracao\">R$ 5.155,27 \/40h<\/td>\r\n<\/tr><td class=\"ccargos\">\r\n<span data-balloon-length=\"medium\" aria-label=\"T\u00e9cnico em Enfermagem de n\u00edvel m\u00e9dio com registro no conselho\" data-balloon-pos=\"up\">T\u00e9cnico de Enfermagem<\/span><\/td>\r\n<td class=\"cvagas\">05<\/td>\r\n<td class=\"cremuneracao\">R$ 5.155,27 \/40h<\/td>\r\n<\/tr><td class=\"ccargos\">\r\n<span data-balloon-length=\"medium\" aria-label=\"Ensino M\u00e9dio Completo\" data-balloon-pos=\"up\">Assistente Administrativo<\/span><\/td>\r\n<td class=\"cvagas\">05<\/td>\r\n<td class=\"cremuneracao\">R$ 3.866,44 \/40h<\/td>\r\n<\/tr><td class=\"ccargos\">\r\n<span data-balloon-length=\"medium\" aria-label=\"N\u00edvel M\u00e9dio Completo e Curso de Atendente de Farm\u00e1cia\" data-balloon-pos=\"up\">Atendente de Farm\u00e1cia<\/span><\/td>\r\n<td class=\"cvagas\">03<\/td>\r\n<td class=\"cremuneracao\">R$ 3.866,44 \/40h<\/td>\r\n<\/tr><td class=\"ccargos\">\r\n<span data-balloon-length=\"medium\" aria-label=\"Ensino M\u00e9dio Completo e registro no conselho (CFO\/CRO)\" data-balloon-pos=\"up\">Auxiliar de Sa\u00fade Bucal<\/span><\/td>\r\n<td class=\"cvagas\">06<\/td>\r\n<td class=\"cremuneracao\">R$ 5.012,06 \/40h<\/td>\r\n<\/tr><td class=\"ccargos\">\r\n<span data-balloon-length=\"medium\" aria-label=\"Ensino M\u00e9dio Completo\" data-balloon-pos=\"up\">Orientador Social<\/span><\/td>\r\n<td class=\"cvagas\">07<\/td>\r\n<td class=\"cremuneracao\">R$ 3.866,44 \/40h<\/td>\r\n<\/tr>\r\n    <\/tbody>\r\n  <\/table>\r\n<\/div>","_superior":"<div>\r\n<table class=\"quadro\">\r\n<thead>\r\n<tr>\r\n<th class=\"hcargo\">Cargo<\/th>\r\n<th class=\"hvagas\">Vagas<\/th>\r\n<th class=\"hremuneracao\">Remunera\u00e7\u00e3o<\/th>\r\n<\/tr>\r\n<\/thead>\r\n    <tbody>\r\n      <tr>\r\n<td class=\"ccargos\">\r\n<span data-balloon-length=\"medium\" aria-label=\"Gradua\u00e7\u00e3o em Pedagogia com habilita\u00e7\u00e3o em Administra\u00e7\u00e3o Escolar ou p\u00f3s-gradua\u00e7\u00e3o\" data-balloon-pos=\"up\">Administrador Escolar<\/span><\/td>\r\n<td class=\"cvagas\">04<\/td>\r\n<td class=\"cremuneracao\">R$ 6.188,91 \/40h<\/td>\r\n<\/tr><tr>\r\n<td class=\"ccargos\">\r\n<span data-balloon-length=\"medium\" aria-label=\"Superior em Arquitetura com registro no conselho\" data-balloon-pos=\"up\">Arquiteto<\/span><\/td>\r\n<td class=\"cvagas\">01<\/td>\r\n<td class=\"cremuneracao\">R$ 10.065,47 \/40h<\/td>\r\n<\/tr><tr>\r\n<td class=\"ccargos\">\r\n<span data-balloon-length=\"medium\" aria-label=\"Superior em Servi\u00e7o Social com registro no conselho\" data-balloon-pos=\"up\">Assistente Social<\/span><\/td>\r\n<td class=\"cvagas\">02<\/td>\r\n<td class=\"cremuneracao\">R$ 7.223,45 \/30h<\/td>\r\n<\/tr><tr>\r\n<td class=\"ccargos\">\r\n<span data-balloon-length=\"medium\" aria-label=\"Superior em Ci\u00eancias Cont\u00e1beis com registro no conselho\" data-balloon-pos=\"up\">Contador<\/span><\/td>\r\n<td class=\"cvagas\">02<\/td>\r\n<td class=\"cremuneracao\">R$ 8.881,30 \/40h<\/td>\r\n<\/tr><tr>\r\n<td class=\"ccargos\">\r\n<span data-balloon-length=\"medium\" aria-label=\"Superior em Enfermagem com registro no conselho\" data-balloon-pos=\"up\">Enfermeiro<\/span><\/td>\r\n<td class=\"cvagas\">04<\/td>\r\n<td class=\"cremuneracao\">R$ 7.223,45 \/40h<\/td>\r\n<\/tr><tr>\r\n<td class=\"ccargos\">\r\n<span data-balloon-length=\"medium\" aria-label=\"Superior em Agronomia com registro no conselho\" data-balloon-pos=\"up\">Engenheiro Agr\u00f4nomo<\/span><\/td>\r\n<td class=\"cvagas\">CR<\/td>\r\n<td class=\"cremuneracao\">R$ 10.065,47 \/40h<\/td>\r\n<\/tr><tr>\r\n<td class=\"ccargos\">\r\n<span data-balloon-length=\"medium\" aria-label=\"Superior em Engenharia Civil com registro no conselho\" data-balloon-pos=\"up\">Engenheiro Civil<\/span><\/td>\r\n<td class=\"cvagas\">01<\/td>\r\n<td class=\"cremuneracao\">R$ 10.065,47 \/40h<\/td>\r\n<\/tr><tr>\r\n<td class=\"ccargos\">\r\n<span data-balloon-length=\"medium\" aria-label=\"Superior em Farm\u00e1cia com registro no conselho\" data-balloon-pos=\"up\">Farmac\u00eautico<\/span><\/td>\r\n<td class=\"cvagas\">05<\/td>\r\n<td class=\"cremuneracao\">R$ 7.223,45 \/40h<\/td>\r\n<\/tr><tr>\r\n<td class=\"ccargos\">\r\n<span data-balloon-length=\"medium\" aria-label=\"Superior em Fisioterapia com registro no conselho\" data-balloon-pos=\"up\">Fisioterapeuta<\/span><\/td>\r\n<td class=\"cvagas\">01<\/td>\r\n<td class=\"cremuneracao\">R$ 7.223,45 \/30h<\/td>\r\n<\/tr><tr>\r\n<td class=\"ccargos\">\r\n<span data-balloon-length=\"medium\" aria-label=\"Superior em Fonoaudiologia com registro no conselho\" data-balloon-pos=\"up\">Fonoaudi\u00f3logo<\/span><\/td>\r\n<td class=\"cvagas\">01<\/td>\r\n<td class=\"cremuneracao\">R$ 7.223,45 \/40h<\/td>\r\n<\/tr><tr>\r\n<td class=\"ccargos\">\r\n<span data-balloon-length=\"medium\" aria-label=\"Superior em Medicina com registro no conselho\" data-balloon-pos=\"up\">M\u00e9dico Cl\u00ednico Geral<\/span><\/td>\r\n<td class=\"cvagas\">09<\/td>\r\n<td class=\"cremuneracao\">R$ 10.478,62 \/20h<\/td>\r\n<\/tr><tr>\r\n<td class=\"ccargos\">\r\n<span data-balloon-length=\"medium\" aria-label=\"Superior em Medicina com especializa\u00e7\u00e3o em Medicina do Trabalho e registro no conselho\" data-balloon-pos=\"up\">M\u00e9dico do Trabalho<\/span><\/td>\r\n<td class=\"cvagas\">CR<\/td>\r\n<td class=\"cremuneracao\">R$ 10.478,62 \/20h<\/td>\r\n<\/tr><tr>\r\n<td class=\"ccargos\">\r\n<span data-balloon-length=\"medium\" aria-label=\"Superior em Medicina com registro no conselho\" data-balloon-pos=\"up\">M\u00e9dico Estrat\u00e9gia Sa\u00fade da Fam\u00edlia<\/span><\/td>\r\n<td class=\"cvagas\">05<\/td>\r\n<td class=\"cremuneracao\">R$ 20.957,28 \/40h<\/td>\r\n<\/tr><tr>\r\n<td class=\"ccargos\">\r\n<span data-balloon-length=\"medium\" aria-label=\"Superior em Medicina com especializa\u00e7\u00e3o em Pediatria e registro no conselho\" data-balloon-pos=\"up\">M\u00e9dico Pediatra<\/span><\/td>\r\n<td class=\"cvagas\">01<\/td>\r\n<td class=\"cremuneracao\">R$ 10.478,62 \/20h<\/td>\r\n<\/tr><tr>\r\n<td class=\"ccargos\">\r\n<span data-balloon-length=\"medium\" aria-label=\"Superior em Medicina com especializa\u00e7\u00e3o em Psiquiatria e registro no conselho\" data-balloon-pos=\"up\">M\u00e9dico Psiquiatra<\/span><\/td>\r\n<td class=\"cvagas\">CR<\/td>\r\n<td class=\"cremuneracao\">R$ 10.478,62 \/20h<\/td>\r\n<\/tr><tr>\r\n<td class=\"ccargos\">\r\n<span data-balloon-length=\"medium\" aria-label=\"Superior em Medicina Veterin\u00e1ria com registro no conselho\" data-balloon-pos=\"up\">M\u00e9dico Veterin\u00e1rio<\/span><\/td>\r\n<td class=\"cvagas\">01<\/td>\r\n<td class=\"cremuneracao\">R$ 4.815,63 \/20h<\/td>\r\n<\/tr><tr>\r\n<td class=\"ccargos\">\r\n<span data-balloon-length=\"medium\" aria-label=\"Superior em Nutri\u00e7\u00e3o com registro no conselho\" data-balloon-pos=\"up\">Nutricionista<\/span><\/td>\r\n<td class=\"cvagas\">01<\/td>\r\n<td class=\"cremuneracao\">R$ 7.223,45 \/40h<\/td>\r\n<\/tr><tr>\r\n<td class=\"ccargos\">\r\n<span data-balloon-length=\"medium\" aria-label=\"Superior em Odontologia com registro no conselho\" data-balloon-pos=\"up\">Odont\u00f3logo<\/span><\/td>\r\n<td class=\"cvagas\">06<\/td>\r\n<td class=\"cremuneracao\">R$ 7.223,45 \/20h<\/td>\r\n<\/tr><tr>\r\n<td class=\"ccargos\">\r\n<span data-balloon-length=\"medium\" aria-label=\"Gradua\u00e7\u00e3o em Pedagogia com habilita\u00e7\u00e3o em Orienta\u00e7\u00e3o Escolar ou p\u00f3s-gradua\u00e7\u00e3o\" data-balloon-pos=\"up\">Orientador Educacional<\/span><\/td>\r\n<td class=\"cvagas\">07<\/td>\r\n<td class=\"cremuneracao\">R$ 6.188,91 \/40h<\/td>\r\n<\/tr><tr>\r\n<td class=\"ccargos\">\r\n<span data-balloon-length=\"medium\" aria-label=\"Licenciatura em Educa\u00e7\u00e3o Art\u00edstica, Artes Pl\u00e1sticas, Artes Visuais, Dan\u00e7a, M\u00fasica ou Teatro\" data-balloon-pos=\"up\">Professor de Artes<\/span><\/td>\r\n<td class=\"cvagas\">20<\/td>\r\n<td class=\"cremuneracao\">R$ 5.443,19 \/40h<\/td>\r\n<\/tr><tr>\r\n<td class=\"ccargos\">\r\n<span data-balloon-length=\"medium\" aria-label=\"Licenciatura em Educa\u00e7\u00e3o F\u00edsica com registro no conselho\" data-balloon-pos=\"up\">Professor de Educa\u00e7\u00e3o F\u00edsica<\/span><\/td>\r\n<td class=\"cvagas\">01<\/td>\r\n<td class=\"cremuneracao\">R$ 5.269,57 \/40h<\/td>\r\n<\/tr><tr>\r\n<td class=\"ccargos\">\r\n<span data-balloon-length=\"medium\" aria-label=\"Licenciatura em Pedagogia com habilita\u00e7\u00e3o em Educa\u00e7\u00e3o Infantil ou Educa\u00e7\u00e3o Escolar Quilombola\" data-balloon-pos=\"up\">Professor de Educa\u00e7\u00e3o Infantil<\/span><\/td>\r\n<td class=\"cvagas\">63<\/td>\r\n<td class=\"cremuneracao\">R$ 5.443,19 \/40h<\/td>\r\n<\/tr><tr>\r\n<td class=\"ccargos\">\r\n<span data-balloon-length=\"medium\" aria-label=\"Gradua\u00e7\u00e3o em Letras com habilita\u00e7\u00e3o em L\u00edngua Inglesa\" data-balloon-pos=\"up\">Professor de Ingl\u00eas<\/span><\/td>\r\n<td class=\"cvagas\">02<\/td>\r\n<td class=\"cremuneracao\">R$ 5.443,19 \/40h<\/td>\r\n<\/tr><tr>\r\n<td class=\"ccargos\">\r\n<span data-balloon-length=\"medium\" aria-label=\"Licenciatura em Pedagogia com habilita\u00e7\u00e3o em S\u00e9ries Iniciais ou Educa\u00e7\u00e3o Escolar Quilombola\" data-balloon-pos=\"up\">Professor de S\u00e9ries Iniciais<\/span><\/td>\r\n<td class=\"cvagas\">46<\/td>\r\n<td class=\"cremuneracao\">R$ 5.443,19 \/40h<\/td>\r\n<\/tr><tr>\r\n<td class=\"ccargos\">\r\n<span data-balloon-length=\"medium\" aria-label=\"Superior em Educa\u00e7\u00e3o F\u00edsica (Bacharel) com registro no conselho\" data-balloon-pos=\"up\">Profissional de Educa\u00e7\u00e3o F\u00edsica<\/span><\/td>\r\n<td class=\"cvagas\">09<\/td>\r\n<td class=\"cremuneracao\">R$ 5.269,57 \/40h<\/td>\r\n<\/tr><tr>\r\n<td class=\"ccargos\">\r\n<span data-balloon-length=\"medium\" aria-label=\"Superior em Psicologia com registro no conselho\" data-balloon-pos=\"up\">Psic\u00f3logo<\/span><\/td>\r\n<td class=\"cvagas\">01<\/td>\r\n<td class=\"cremuneracao\">R$ 7.223,45 \/30h<\/td>\r\n<\/tr><tr>\r\n<td class=\"ccargos\">\r\n<span data-balloon-length=\"medium\" aria-label=\"Gradua\u00e7\u00e3o em Pedagogia com habilita\u00e7\u00e3o em Supervis\u00e3o Escolar ou p\u00f3s-gradua\u00e7\u00e3o\" data-balloon-pos=\"up\">Supervisor Escolar<\/span><\/td>\r\n<td class=\"cvagas\">04<\/td>\r\n<td class=\"cremuneracao\">R$ 6.188,91 \/40h<\/td>\r\n<\/tr><tr>\r\n<td class=\"ccargos\">\r\n<span data-balloon-length=\"medium\" aria-label=\"Superior em Terapia Ocupacional com registro no conselho\" data-balloon-pos=\"up\">Terapeuta Ocupacional<\/span><\/td>\r\n<td class=\"cvagas\">01<\/td>\r\n<td class=\"cremuneracao\">R$ 7.223,45 \/30h<\/td>\r\n<\/tr><tr>\r\n<td class=\"ccargos\">\r\n<span data-balloon-length=\"medium\" aria-label=\"Superior em Economia, Contabilidade, Administra\u00e7\u00e3o ou Tecn\u00f3logo em Gest\u00e3o P\u00fablica com registro no conselho\" data-balloon-pos=\"up\">Tesoureiro<\/span><\/td>\r\n<td class=\"cvagas\">CR<\/td>\r\n<td class=\"cremuneracao\">R$ 7.223,45 \/40h<\/td>\r\n<\/tr><tr>\r\n<td class=\"ccargos\">\r\n<span data-balloon-length=\"medium\" aria-label=\"Superior em Tradu\u00e7\u00e3o e Interpreta\u00e7\u00e3o com habilita\u00e7\u00e3o em Libras - L\u00edngua Portuguesa\" data-balloon-pos=\"up\">Tradutor e Int\u00e9rprete de Libras<\/span><\/td>\r\n<td class=\"cvagas\">02<\/td>\r\n<td class=\"cremuneracao\">R$ 5.443,19 \/40h<\/td>\r\n<\/tr>\r\n    <\/tbody>\r\n  <\/table>\r\n<\/div>"},"_links":{"self":[{"href":"https:\/\/www.agrobase.com.br\/concursos\/wp-json\/wp\/v2\/posts\/279046","targetHints":{"allow":["GET"]}}],"collection":[{"href":"https:\/\/www.agrobase.com.br\/concursos\/wp-json\/wp\/v2\/posts"}],"about":[{"href":"https:\/\/www.agrobase.com.br\/concursos\/wp-json\/wp\/v2\/types\/post"}],"author":[{"embeddable":true,"href":"https:\/\/www.agrobase.com.br\/concursos\/wp-json\/wp\/v2\/users\/7"}],"replies":[{"embeddable":true,"href":"https:\/\/www.agrobase.com.br\/concursos\/wp-json\/wp\/v2\/comments?post=279046"}],"version-history":[{"count":1,"href":"https:\/\/www.agrobase.com.br\/concursos\/wp-json\/wp\/v2\/posts\/279046\/revisions"}],"predecessor-version":[{"id":279048,"href":"https:\/\/www.agrobase.com.br\/concursos\/wp-json\/wp\/v2\/posts\/279046\/revisions\/279048"}],"wp:featuredmedia":[{"embeddable":true,"href":"https:\/\/www.agrobase.com.br\/concursos\/wp-json\/wp\/v2\/media\/279045"}],"wp:attachment":[{"href":"https:\/\/www.agrobase.com.br\/concursos\/wp-json\/wp\/v2\/media?parent=279046"}],"wp:term":[{"taxonomy":"category","embeddable":true,"href":"https:\/\/www.agrobase.com.br\/concursos\/wp-json\/wp\/v2\/categories?post=279046"},{"taxonomy":"post_tag","embeddable":true,"href":"https:\/\/www.agrobase.com.br\/concursos\/wp-json\/wp\/v2\/tags?post=279046"},{"taxonomy":"_amplo","embeddable":true,"href":"https:\/\/www.agrobase.com.br\/concursos\/wp-json\/wp\/v2\/_amplo?post=279046"},{"taxonomy":"destaque","embeddable":true,"href":"https:\/\/www.agrobase.com.br\/concursos\/wp-json\/wp\/v2\/destaque?post=279046"},{"taxonomy":"instituicoes","embeddable":true,"href":"https:\/\/www.agrobase.com.br\/concursos\/wp-json\/wp\/v2\/instituicoes?post=279046"}],"curies":[{"name":"wp","href":"https:\/\/api.w.org\/{rel}","templated":true}]}}