{"id":279037,"date":"2026-03-16T08:10:03","date_gmt":"2026-03-16T11:10:03","guid":{"rendered":"https:\/\/www.agrobase.com.br\/concursos\/?p=279037"},"modified":"2026-03-13T13:58:35","modified_gmt":"2026-03-13T16:58:35","slug":"prefeitura-jaragua-do-sul-sc-selecao-publica-02-2026","status":"publish","type":"post","link":"https:\/\/www.agrobase.com.br\/concursos\/2026\/prefeitura-jaragua-do-sul-sc-selecao-publica-02-2026\/","title":{"rendered":"Prefeitura Jaragu\u00e1 do Sul (SC) &#8211; Sele\u00e7\u00e3o P\u00fablica 02\/2026"},"content":{"rendered":"<h2>Informa\u00e7\u00f5es Gerais<\/h2>\n<p>O <strong>Processo Seletivo da Prefeitura de Jaragu\u00e1 do Sul \u2013 SC<\/strong>, promovido pela Secretaria Municipal de Educa\u00e7\u00e3o, est\u00e1 com inscri\u00e7\u00f5es abertas para a contrata\u00e7\u00e3o de servidores em car\u00e1ter tempor\u00e1rio (ACT). O certame visa atender necessidades tempor\u00e1rias de excepcional interesse p\u00fablico, conforme previsto na Lei Complementar n\u00ba 102\/2010, e oferece <strong>11 vagas<\/strong> para cargos ligados \u00e0 \u00e1rea da Educa\u00e7\u00e3o.<\/p>\n<p>As oportunidades contemplam os n\u00edveis de escolaridade <strong>Fundamental, M\u00e9dio\/T\u00e9cnico e Superior<\/strong>, com remunera\u00e7\u00f5es que variam de <strong>R$ 1.672,41 a R$ 5.130,63<\/strong>, para cargas hor\u00e1rias de 20h a 40h semanais. O regime de contrata\u00e7\u00e3o \u00e9 por <strong>Admiss\u00e3o em Car\u00e1ter Tempor\u00e1rio (ACT)<\/strong>.<\/p>\n<p>Entre os cargos dispon\u00edveis, destacam-se diversas fun\u00e7\u00f5es na \u00e1rea de doc\u00eancia, como <strong>Professor de Educa\u00e7\u00e3o Infantil<\/strong>, <strong>Professor de Ensino Fundamental<\/strong> (nas disciplinas de Arte, Ci\u00eancias, Educa\u00e7\u00e3o F\u00edsica, Geografia, Hist\u00f3ria, L\u00edngua Inglesa, L\u00edngua Portuguesa, Matem\u00e1tica e M\u00fasica), al\u00e9m de <strong>Coordenador Pedag\u00f3gico<\/strong>, <strong>Pedagogo para Atendimento Educacional Especializado (AEE)<\/strong>, <strong>Pedagogo para Sala de Atendimento Pedag\u00f3gico (SAP)<\/strong>, <strong>Professor de Apoio Escolar<\/strong>, <strong>Auxiliar de Sala<\/strong> e <strong>Agente de Alimenta\u00e7\u00e3o e Nutri\u00e7\u00e3o<\/strong>.<\/p>\n<p>A organiza\u00e7\u00e3o do processo seletivo est\u00e1 a cargo do <strong>Instituto Tupy<\/strong>. Continue a leitura para conferir todos os detalhes sobre inscri\u00e7\u00f5es, etapas de sele\u00e7\u00e3o e como acompanhar os resultados.<\/p>\n<h2>Inscri\u00e7\u00f5es<\/h2>\n<p>As inscri\u00e7\u00f5es para o Processo Seletivo da Prefeitura de Jaragu\u00e1 do Sul \u2013 SC est\u00e3o <strong>abertas<\/strong> e devem ser realizadas exclusivamente pela internet. O per\u00edodo de inscri\u00e7\u00e3o vai das <strong>10h do dia 11 de mar\u00e7o de 2026<\/strong> at\u00e9 as <strong>20h do dia 31 de mar\u00e7o de 2026<\/strong>.<\/p>\n<p>Para se inscrever, o candidato deve acessar o site do <strong>Instituto Tupy<\/strong> (<a href=\"https:\/\/institutotupy.com.br\" target=\"_blank\" rel=\"noopener\">institutotupy.com.br<\/a>), clicar no link <em>&#8220;Realizar inscri\u00e7\u00e3o&#8221;<\/em> na p\u00e1gina do certame e seguir os passos abaixo:<\/p>\n<ul>\n<li>Cadastrar ou atualizar suas informa\u00e7\u00f5es pessoais no formul\u00e1rio eletr\u00f4nico;<\/li>\n<li>Selecionar o cargo\/vaga para o qual deseja concorrer;<\/li>\n<li>Finalizar a inscri\u00e7\u00e3o e imprimir ou salvar o <strong>boleto banc\u00e1rio<\/strong> e o <strong>comprovante provis\u00f3rio de inscri\u00e7\u00e3o<\/strong> gerados pelo sistema.<\/li>\n<\/ul>\n<p>Os valores da <strong>taxa de inscri\u00e7\u00e3o<\/strong> variam conforme o n\u00edvel de escolaridade do cargo:<\/p>\n<ul>\n<li><strong>N\u00edvel Superior:<\/strong> R$ 90,00<\/li>\n<li><strong>N\u00edvel M\u00e9dio:<\/strong> R$ 70,00<\/li>\n<li><strong>N\u00edvel Fundamental:<\/strong> R$ 50,00<\/li>\n<\/ul>\n<p>Recomenda-se que o candidato acompanhe o status da sua inscri\u00e7\u00e3o diretamente na \u00e1rea restrita do candidato, no site do Instituto Tupy, para confirmar a efetiva\u00e7\u00e3o do pagamento e a homologa\u00e7\u00e3o da inscri\u00e7\u00e3o. Para informa\u00e7\u00f5es completas sobre prazos de pagamento, possibilidade de isen\u00e7\u00e3o da taxa e demais procedimentos, consulte o <strong>edital na \u00edntegra<\/strong>.<\/p>\n<h2>Etapas e Provas<\/h2>\n<p>O Processo Seletivo da Prefeitura de Jaragu\u00e1 do Sul \u2013 SC ser\u00e1 composto por <strong>uma \u00fanica fase<\/strong>, aplic\u00e1vel a todos os cargos:<\/p>\n<ul>\n<li><strong>Prova Objetiva<\/strong> \u2014 de car\u00e1ter <strong>eliminat\u00f3rio e classificat\u00f3rio<\/strong>.<\/li>\n<\/ul>\n<p>Confira os principais detalhes sobre a prova:<\/p>\n<ul>\n<li><strong>Data prevista de aplica\u00e7\u00e3o:<\/strong> 12 de abril de 2026;<\/li>\n<li><strong>Formato:<\/strong> 30 quest\u00f5es objetivas (m\u00faltipla escolha);<\/li>\n<li><strong>Dura\u00e7\u00e3o m\u00e1xima:<\/strong> 2 horas e 30 minutos;<\/li>\n<li>A distribui\u00e7\u00e3o das quest\u00f5es por disciplina\/conte\u00fado est\u00e1 detalhada nos Quadros 04 e 05 do edital.<\/li>\n<\/ul>\n<p>Para conhecer o conte\u00fado program\u00e1tico completo de cada cargo, os crit\u00e9rios de aprova\u00e7\u00e3o, a nota m\u00ednima exigida e o cronograma detalhado, consulte o <strong>edital na \u00edntegra<\/strong> dispon\u00edvel no site do Instituto Tupy.<\/p>\n<h2>Resultados e Gabarito<\/h2>\n<p>Ap\u00f3s a aplica\u00e7\u00e3o da prova objetiva, os candidatos aprovados ser\u00e3o classificados <strong>por cargo\/fun\u00e7\u00e3o<\/strong>, em ordem decrescente de pontua\u00e7\u00e3o final.<\/p>\n<p>A <strong>Lista Preliminar dos Candidatos Aprovados<\/strong> ser\u00e1 publicada na p\u00e1gina do certame no site do Instituto Tupy (<a href=\"https:\/\/institutotupy.com.br\" target=\"_blank\" rel=\"noopener\">institutotupy.com.br<\/a>), podendo ser divulgada por cargo ou por grupos, a crit\u00e9rio da banca organizadora. A lista conter\u00e1 as seguintes informa\u00e7\u00f5es: cargo, n\u00famero de inscri\u00e7\u00e3o, nome do candidato, pontua\u00e7\u00e3o e classifica\u00e7\u00e3o.<\/p>\n<p>A <strong>homologa\u00e7\u00e3o do resultado final<\/strong> ser\u00e1 realizada pelo Prefeito Municipal de Jaragu\u00e1 do Sul, tamb\u00e9m podendo ocorrer por cargo ou por grupos. A homologa\u00e7\u00e3o representa o ato oficial que valida o resultado do processo seletivo e autoriza a convoca\u00e7\u00e3o dos aprovados para contrata\u00e7\u00e3o.<\/p>\n<p>Os resumos do edital e das <strong>Portarias de Homologa\u00e7\u00e3o<\/strong> ser\u00e3o publicados no <strong>Di\u00e1rio Oficial dos Munic\u00edpios de Santa Catarina<\/strong> (<a href=\"https:\/\/www.diariomunicipal.sc.gov.br\" target=\"_blank\" rel=\"noopener\">diariomunicipal.sc.gov.br<\/a>).<\/p>\n<p><strong>Importante:<\/strong> o acompanhamento de todas as publica\u00e7\u00f5es oficiais \u2014 incluindo gabaritos, resultados preliminares, definitivos e convoca\u00e7\u00f5es \u2014 \u00e9 de <strong>responsabilidade exclusiva do candidato<\/strong>. Consulte regularmente a p\u00e1gina do certame e o Di\u00e1rio Oficial para n\u00e3o perder nenhum prazo.<\/p>\n","protected":false},"excerpt":{"rendered":"<p>Processo Seletivo Pref. Jaragu\u00e1 do Sul (SC) com edital publicado! Vagas p\/ Professor e Pedagogo (Fund. a Sup.). Inscri\u00e7\u00f5es a partir de 11\/03. Confira detalhes!<\/p>\n","protected":false},"author":7,"featured_media":279036,"comment_status":"open","ping_status":"open","sticky":false,"template":"","format":"standard","meta":{"_acf_changed":false,"_breakdance_hide_in_design_set":false,"_breakdance_tags":"","footnotes":""},"categories":[6433,6434,6436,111,100,20,6871,116,119,25,6435],"tags":[61],"_amplo":[],"destaque":[],"instituicoes":[],"class_list":["post-279037","post","type-post","status-publish","format-standard","has-post-thumbnail","hentry","category-biologia-licenciatura","category-educacao-fisica-licenciatura","category-fisica-licenciatura","category-geografia","category-historia","category-letras","category-letras-ingles","category-matematica","category-musica","category-pedagogia","category-quimica-licenciatura","tag-santa-catarina"],"acf":{"_tipo_vagas":"vagas","_numero_vagas":"","_quadro_vagas":"","_cargos":"diversos","_cargos_especificos":"","_salario_max":"R$ 5130.63","_abertura":"20260311","_encerramento":"20260331","_inscricoes":"https:\/\/institutotupy.com.br","_executora_concurso":"","_instituicao_concurso":[],"_link_adicional":null,"_anexos":null,"_produtos":null,"_vagas":"11 vagas","_salario_min":"R$ 1672.41","_instituicao":"Prefeitura de Jaragu\u00e1 do Sul","_edital":"https:\/\/www.agrobase.com.br\/concursos\/wp-content\/uploads\/sites\/4\/2026\/03\/edital-02-2026-da-prefeitura-de-jaragua-do-sul-sc.pdf","_anexos_edital":"https:\/\/www.agrobase.com.br\/concursos\/wp-content\/uploads\/sites\/4\/2026\/03\/anexos-edital-02-2026-da-prefeitura-de-jaragua-do-sul-sc.pdf","_fund_incompleto":"<div>\r\n<table class=\"quadro\">\r\n<thead>\r\n<tr>\r\n<th class=\"hcargo\">Cargo<\/th>\r\n<th class=\"hvagas\">Vagas<\/th>\r\n<th class=\"hremuneracao\">Remunera\u00e7\u00e3o<\/th>\r\n<\/tr>\r\n<\/thead>\r\n    <tbody>\r\n      <td class=\"ccargos\">\r\n<span data-balloon-length=\"medium\" aria-label=\"Ensino Fundamental Completo e Curso de Manipula\u00e7\u00e3o de Alimentos\" data-balloon-pos=\"up\">Agente de Alimenta\u00e7\u00e3o e Nutri\u00e7\u00e3o - REDA<\/span><\/td>\r\n<td class=\"cvagas\">01<\/td>\r\n<td class=\"cremuneracao\">R$ 2.276,81 \/30h<\/td>\r\n<\/tr>\r\n    <\/tbody>\r\n  <\/table>\r\n<\/div>","_fund_completo":"","_medio":"<div>\r\n<table class=\"quadro\">\r\n<thead>\r\n<tr>\r\n<th class=\"hcargo\">Cargo<\/th>\r\n<th class=\"hvagas\">Vagas<\/th>\r\n<th class=\"hremuneracao\">Remunera\u00e7\u00e3o<\/th>\r\n<\/tr>\r\n<\/thead>\r\n    <tbody>\r\n      <td class=\"ccargos\">\r\n<span data-balloon-length=\"medium\" aria-label=\"Ensino M\u00e9dio completo com habilita\u00e7\u00e3o em Magist\u00e9rio; Licenciatura Plena em Pedagogia ou Curso Normal Superior completo (voltado a forma\u00e7\u00e3o de professores para a educa\u00e7\u00e3o infantil e anos iniciais), completo.\" data-balloon-pos=\"up\">Auxiliar de Sala - REDA<\/span><\/td>\r\n<td class=\"cvagas\">01<\/td>\r\n<td class=\"cremuneracao\">R$ 2.950,94 \/30h<\/td>\r\n<\/tr><td class=\"ccargos\">\r\n<span data-balloon-length=\"medium\" aria-label=\"Ensino M\u00e9dio completo com habilita\u00e7\u00e3o em Magist\u00e9rio; ou Pedagogia completo; ou Curso Normal Superior completo (forma\u00e7\u00e3o de professores para os anos iniciais e educa\u00e7\u00e3o infantil); ou Educa\u00e7\u00e3o Especial completo; ou Licenciatura Plena completo, em um dos componentes curriculares que comp\u00f5em a grade curricular da Rede Municipal de Ensino de Jaragu\u00e1 do Sul (arte, ci\u00eancias, educa\u00e7\u00e3o f\u00edsica, ensino religioso, geografia, hist\u00f3ria, l\u00edngua inglesa, l\u00edngua portuguesa, matem\u00e1tica, m\u00fasica).\" data-balloon-pos=\"up\">Professor de Apoio Escolar - REDA<\/span><\/td>\r\n<td class=\"cvagas\">01<\/td>\r\n<td class=\"cremuneracao\">R$ 1.672,41 \/20h<\/td>\r\n<\/tr><td class=\"ccargos\">\r\n<span data-balloon-length=\"medium\" aria-label=\"Ensino M\u00e9dio completo com habilita\u00e7\u00e3o em Magist\u00e9rio; ou Pedagogia completo; ou Curso Normal Superior completo (forma\u00e7\u00e3o de professores para os anos iniciais e educa\u00e7\u00e3o infantil); ou Educa\u00e7\u00e3o Especial completo; ou Licenciatura Plena completo, em um dos componentes curriculares que comp\u00f5em a grade curricular da Rede Municipal de Ensino de Jaragu\u00e1 do Sul (arte, ci\u00eancias, educa\u00e7\u00e3o f\u00edsica, ensino religioso, geografia, hist\u00f3ria, l\u00edngua inglesa, l\u00edngua portuguesa, matem\u00e1tica, m\u00fasica).\" data-balloon-pos=\"up\">Professor de Apoio Escolar - REDA<\/span><\/td>\r\n<td class=\"cvagas\">01<\/td>\r\n<td class=\"cremuneracao\">R$ 3.344,82 \/40h<\/td>\r\n<\/tr>\r\n    <\/tbody>\r\n  <\/table>\r\n<\/div>","_superior":"<div>\r\n<table class=\"quadro\">\r\n<thead>\r\n<tr>\r\n<th class=\"hcargo\">Cargo<\/th>\r\n<th class=\"hvagas\">Vagas<\/th>\r\n<th class=\"hremuneracao\">Remunera\u00e7\u00e3o<\/th>\r\n<\/tr>\r\n<\/thead>\r\n    <tbody>\r\n      <tr>\r\n<td class=\"ccargos\">\r\n<span data-balloon-length=\"medium\" aria-label=\"Licenciatura Plena em Pedagogia completo ou Curso Normal Superior completo (voltado a forma\u00e7\u00e3o de professores para a educa\u00e7\u00e3o infantil e anos iniciais); ou Licenciatura Plena em Pedagogia com Habilita\u00e7\u00e3o em Orienta\u00e7\u00e3o Educacional ou Supervis\u00e3o Educacional (Escolar) ou Gest\u00e3o Educacional (Escolar); ou Licenciatura Plena (curso voltado \u00e0 doc\u00eancia), completo, com P\u00f3s-Gradua\u00e7\u00e3o em Orienta\u00e7\u00e3o Educacional ou Supervis\u00e3o Educacional (Escolar) ou Gest\u00e3o Educacional (Escolar).\" data-balloon-pos=\"up\">Coordenador Pedag\u00f3gico - REDA (para atua\u00e7\u00e3o em CMEIs e EMEBS)<\/span><\/td>\r\n<td class=\"cvagas\">01<\/td>\r\n<td class=\"cremuneracao\">R$ 5.130,63 \/40h<\/td>\r\n<\/tr><tr>\r\n<td class=\"ccargos\">\r\n<span data-balloon-length=\"medium\" aria-label=\"Licenciatura Plena em Pedagogia ou Curso Normal Superior completo (voltado a forma\u00e7\u00e3o de professores para a educa\u00e7\u00e3o infantil e anos iniciais); ou licenciatura plena em Educa\u00e7\u00e3o Especial.\" data-balloon-pos=\"up\">Pedagogo - AEE (Atendimento Educacional Especializado) - REDA<\/span><\/td>\r\n<td class=\"cvagas\">01<\/td>\r\n<td class=\"cremuneracao\">R$ 4.721,56 \/40h<\/td>\r\n<\/tr><tr>\r\n<td class=\"ccargos\">\r\n<span data-balloon-length=\"medium\" aria-label=\"Licenciatura Plena em Pedagogia completo ou Curso Normal Superior completo (voltado a forma\u00e7\u00e3o de professores para a educa\u00e7\u00e3o infantil e anos iniciais), com P\u00f3s-gradua\u00e7\u00e3o em Psicopedagogia Institucional; ou P\u00f3s-gradua\u00e7\u00e3o em Alfabetiza\u00e7\u00e3o; ou P\u00f3s-gradua\u00e7\u00e3o em Neuropsicopedagogia.\" data-balloon-pos=\"up\">Pedagogo - SAP (Sala de Atendimento Pedag\u00f3gico) - REDA<\/span><\/td>\r\n<td class=\"cvagas\">01<\/td>\r\n<td class=\"cremuneracao\">R$ 4.721,56 \/40h<\/td>\r\n<\/tr><tr>\r\n<td class=\"ccargos\">\r\n<span data-balloon-length=\"medium\" aria-label=\"Licenciatura em Pedagogia completo com habilita\u00e7\u00e3o em Educa\u00e7\u00e3o Infantil ou Curso Normal Superior completo (voltado a forma\u00e7\u00e3o de professores para a educa\u00e7\u00e3o infantil) com habilita\u00e7\u00e3o em Educa\u00e7\u00e3o Infantil.\" data-balloon-pos=\"up\">Professor de Educa\u00e7\u00e3o Infantil - REDA (para atua\u00e7\u00e3o em reg\u00eancia de turma ou com aulas de literatura infantil em EMEBS e CMEIs, conforme disponibilidade das vagas)<\/span><\/td>\r\n<td class=\"cvagas\">01<\/td>\r\n<td class=\"cremuneracao\">R$ 5.130,63 \/40h<\/td>\r\n<\/tr><tr>\r\n<td class=\"ccargos\">\r\n<span data-balloon-length=\"medium\" aria-label=\"Licenciatura em Pedagogia completo com habilita\u00e7\u00e3o em Anos Iniciais ou S\u00e9ries Iniciais ou Curso Normal Superior completo (voltado a forma\u00e7\u00e3o de professores para os anos iniciais) com habilita\u00e7\u00e3o em Anos Iniciais ou S\u00e9ries Iniciais.\" data-balloon-pos=\"up\">Professor de Ensino Fundamental - REDA - Anos Iniciais (para atua\u00e7\u00e3o em reg\u00eancia de turma, ou Educa\u00e7\u00e3o Financeira ou Letramento Lingu\u00edstico\/Letramento Matem\u00e1tico, conforme disponibilidade das vagas)<\/span><\/td>\r\n<td class=\"cvagas\">01<\/td>\r\n<td class=\"cremuneracao\">R$ 5.130,63 \/40h<\/td>\r\n<\/tr><tr>\r\n<td class=\"ccargos\">\r\n<span data-balloon-length=\"medium\" aria-label=\"Licenciatura Plena na \u00e1rea de atua\u00e7\u00e3o, completo (Arte).\" data-balloon-pos=\"up\">Professor de Ensino Fundamental - REDA - Arte<\/span><\/td>\r\n<td class=\"cvagas\">01<\/td>\r\n<td class=\"cremuneracao\">R$ 5.130,63 \/40h<\/td>\r\n<\/tr><tr>\r\n<td class=\"ccargos\">\r\n<span data-balloon-length=\"medium\" aria-label=\"Licenciatura Plena na \u00e1rea de atua\u00e7\u00e3o, completo (Ci\u00eancias).\" data-balloon-pos=\"up\">Professor de Ensino Fundamental - REDA - Ci\u00eancias<\/span><\/td>\r\n<td class=\"cvagas\">01<\/td>\r\n<td class=\"cremuneracao\">R$ 5.130,63 \/40h<\/td>\r\n<\/tr><tr>\r\n<td class=\"ccargos\">\r\n<span data-balloon-length=\"medium\" aria-label=\"Licenciatura Plena em Educa\u00e7\u00e3o F\u00edsica completo (Resolu\u00e7\u00f5es n\u00b0 01 e 02\/2002\/CNE, Resolu\u00e7\u00e3o CNE 06\/2018 ou Resolu\u00e7\u00e3o n\u00ba 03\/87\/CFE) e respectivo registro no CREF3\/SC.\" data-balloon-pos=\"up\">Professor de Ensino Fundamental - REDA - Educa\u00e7\u00e3o F\u00edsica (atua\u00e7\u00e3o EMEBs e CMEIs)<\/span><\/td>\r\n<td class=\"cvagas\">01<\/td>\r\n<td class=\"cremuneracao\">R$ 5.130,63 \/40h<\/td>\r\n<\/tr><tr>\r\n<td class=\"ccargos\">\r\n<span data-balloon-length=\"medium\" aria-label=\"Licenciatura Plena na \u00e1rea de atua\u00e7\u00e3o, completo (Geografia).\" data-balloon-pos=\"up\">Professor de Ensino Fundamental - REDA - Geografia<\/span><\/td>\r\n<td class=\"cvagas\">01<\/td>\r\n<td class=\"cremuneracao\">R$ 5.130,63 \/40h<\/td>\r\n<\/tr><tr>\r\n<td class=\"ccargos\">\r\n<span data-balloon-length=\"medium\" aria-label=\"Licenciatura Plena na \u00e1rea de atua\u00e7\u00e3o, completo (Hist\u00f3ria).\" data-balloon-pos=\"up\">Professor de Ensino Fundamental - REDA - Hist\u00f3ria<\/span><\/td>\r\n<td class=\"cvagas\">01<\/td>\r\n<td class=\"cremuneracao\">R$ 5.130,63 \/40h<\/td>\r\n<\/tr><tr>\r\n<td class=\"ccargos\">\r\n<span data-balloon-length=\"medium\" aria-label=\"Licenciatura Plena na \u00e1rea de atua\u00e7\u00e3o, completo (L\u00edngua Inglesa).\" data-balloon-pos=\"up\">Professor de Ensino Fundamental - REDA - L\u00edngua Inglesa<\/span><\/td>\r\n<td class=\"cvagas\">01<\/td>\r\n<td class=\"cremuneracao\">R$ 5.130,63 \/40h<\/td>\r\n<\/tr><tr>\r\n<td class=\"ccargos\">\r\n<span data-balloon-length=\"medium\" aria-label=\"Licenciatura Plena na \u00e1rea de atua\u00e7\u00e3o, completo (L\u00edngua Portuguesa).\" data-balloon-pos=\"up\">Professor de Ensino Fundamental - REDA - L\u00edngua Portuguesa<\/span><\/td>\r\n<td class=\"cvagas\">01<\/td>\r\n<td class=\"cremuneracao\">R$ 5.130,63 \/40h<\/td>\r\n<\/tr><tr>\r\n<td class=\"ccargos\">\r\n<span data-balloon-length=\"medium\" aria-label=\"Licenciatura Plena na \u00e1rea de atua\u00e7\u00e3o, completo (Matem\u00e1tica).\" data-balloon-pos=\"up\">Professor de Ensino Fundamental - REDA - Matem\u00e1tica<\/span><\/td>\r\n<td class=\"cvagas\">01<\/td>\r\n<td class=\"cremuneracao\">R$ 5.130,63 \/40h<\/td>\r\n<\/tr><tr>\r\n<td class=\"ccargos\">\r\n<span data-balloon-length=\"medium\" aria-label=\"Licenciatura Plena na \u00e1rea de atua\u00e7\u00e3o, completo (M\u00fasica). *proporcional \u00e0 carga hor\u00e1ria assumida.\" data-balloon-pos=\"up\">Professor de Ensino Fundamental - REDA - M\u00fasica<\/span><\/td>\r\n<td class=\"cvagas\">01<\/td>\r\n<td class=\"cremuneracao\">R$ 5.130,63 \/40h<\/td>\r\n<\/tr>\r\n    <\/tbody>\r\n  <\/table>\r\n<\/div>"},"_links":{"self":[{"href":"https:\/\/www.agrobase.com.br\/concursos\/wp-json\/wp\/v2\/posts\/279037","targetHints":{"allow":["GET"]}}],"collection":[{"href":"https:\/\/www.agrobase.com.br\/concursos\/wp-json\/wp\/v2\/posts"}],"about":[{"href":"https:\/\/www.agrobase.com.br\/concursos\/wp-json\/wp\/v2\/types\/post"}],"author":[{"embeddable":true,"href":"https:\/\/www.agrobase.com.br\/concursos\/wp-json\/wp\/v2\/users\/7"}],"replies":[{"embeddable":true,"href":"https:\/\/www.agrobase.com.br\/concursos\/wp-json\/wp\/v2\/comments?post=279037"}],"version-history":[{"count":1,"href":"https:\/\/www.agrobase.com.br\/concursos\/wp-json\/wp\/v2\/posts\/279037\/revisions"}],"predecessor-version":[{"id":279039,"href":"https:\/\/www.agrobase.com.br\/concursos\/wp-json\/wp\/v2\/posts\/279037\/revisions\/279039"}],"wp:featuredmedia":[{"embeddable":true,"href":"https:\/\/www.agrobase.com.br\/concursos\/wp-json\/wp\/v2\/media\/279036"}],"wp:attachment":[{"href":"https:\/\/www.agrobase.com.br\/concursos\/wp-json\/wp\/v2\/media?parent=279037"}],"wp:term":[{"taxonomy":"category","embeddable":true,"href":"https:\/\/www.agrobase.com.br\/concursos\/wp-json\/wp\/v2\/categories?post=279037"},{"taxonomy":"post_tag","embeddable":true,"href":"https:\/\/www.agrobase.com.br\/concursos\/wp-json\/wp\/v2\/tags?post=279037"},{"taxonomy":"_amplo","embeddable":true,"href":"https:\/\/www.agrobase.com.br\/concursos\/wp-json\/wp\/v2\/_amplo?post=279037"},{"taxonomy":"destaque","embeddable":true,"href":"https:\/\/www.agrobase.com.br\/concursos\/wp-json\/wp\/v2\/destaque?post=279037"},{"taxonomy":"instituicoes","embeddable":true,"href":"https:\/\/www.agrobase.com.br\/concursos\/wp-json\/wp\/v2\/instituicoes?post=279037"}],"curies":[{"name":"wp","href":"https:\/\/api.w.org\/{rel}","templated":true}]}}