{"id":279003,"date":"2026-03-16T07:00:49","date_gmt":"2026-03-16T10:00:49","guid":{"rendered":"https:\/\/www.agrobase.com.br\/concursos\/?p=279003"},"modified":"2026-03-13T10:56:23","modified_gmt":"2026-03-13T13:56:23","slug":"prefeitura-sertao-rs-selecao-simplificada-02-2026","status":"publish","type":"post","link":"https:\/\/www.agrobase.com.br\/concursos\/2026\/prefeitura-sertao-rs-selecao-simplificada-02-2026\/","title":{"rendered":"Prefeitura Sert\u00e3o (RS) &#8211; Sele\u00e7\u00e3o Simplificada 02\/2026"},"content":{"rendered":"<h2>Informa\u00e7\u00f5es Gerais<\/h2>\n<p>A Prefeitura Municipal de <strong>Sert\u00e3o, no Rio Grande do Sul<\/strong>, publicou o edital do <strong>Processo Seletivo Simplificado 2026<\/strong>, destinado \u00e0 contrata\u00e7\u00e3o tempor\u00e1ria e forma\u00e7\u00e3o de cadastro reserva para diversas \u00e1reas. O certame \u00e9 promovido pelo Prefeito Municipal, Homero Fochesatto, com fundamento no art. 37, inciso IX, da Constitui\u00e7\u00e3o Federal, na Lei Municipal n\u00ba 696\/1991 e na Lei Municipal n\u00ba 2.949\/2026, visando atender a excepcional interesse p\u00fablico.<\/p>\n<p>Ao todo, s\u00e3o ofertadas <strong>22 vagas imediatas, al\u00e9m de cadastro reserva<\/strong>, distribu\u00eddas em cargos de <strong>n\u00edvel superior, m\u00e9dio\/t\u00e9cnico e fundamental incompleto<\/strong>. O regime de contrata\u00e7\u00e3o \u00e9 <strong>tempor\u00e1rio<\/strong>.<\/p>\n<p>Entre os cargos de n\u00edvel superior, h\u00e1 oportunidades para <strong>Dentista PSF<\/strong>, <strong>Fisioterapeuta<\/strong>, <strong>Fonoaudi\u00f3logo<\/strong>, <strong>Monitor do PIM<\/strong>, <strong>Farmac\u00eautico<\/strong>, <strong>Psic\u00f3loga<\/strong> e <strong>Professor de Pedagogia<\/strong> (somente cadastro reserva). Destaque especial para a \u00e1rea de <strong>Nutricionista<\/strong>, com <strong>2 vagas imediatas + cadastro reserva<\/strong>, exigindo n\u00edvel superior em Nutri\u00e7\u00e3o e registro no Conselho Regional de Nutri\u00e7\u00e3o \u2014 uma excelente oportunidade para profissionais dessa \u00e1rea.<\/p>\n<p>Para o n\u00edvel m\u00e9dio\/t\u00e9cnico, as vagas contemplam <strong>T\u00e9cnico Auxiliar de Sa\u00fade Bucal<\/strong>, <strong>Visitador do PIM<\/strong>, <strong>Motorista da Ambul\u00e2ncia<\/strong>, <strong>Agente Comunit\u00e1rio de Sa\u00fade<\/strong> e <strong>Tesoureiro<\/strong>. J\u00e1 para o n\u00edvel fundamental incompleto, h\u00e1 <strong>3 vagas + cadastro reserva<\/strong> para o cargo de <strong>Motoristas<\/strong>.<\/p>\n<p>As cargas hor\u00e1rias variam entre <strong>20 e 40 horas semanais<\/strong>, conforme o cargo. Os valores de remunera\u00e7\u00e3o n\u00e3o foram especificados no edital, devendo o candidato consultar a legisla\u00e7\u00e3o municipal vigente para mais detalhes.<\/p>\n<p>Continue a leitura para conferir todas as informa\u00e7\u00f5es sobre inscri\u00e7\u00f5es, etapas de sele\u00e7\u00e3o e acompanhamento dos resultados deste Processo Seletivo Simplificado de Sert\u00e3o\/RS.<\/p>\n<h2>Inscri\u00e7\u00f5es<\/h2>\n<p>As inscri\u00e7\u00f5es para o Processo Seletivo Simplificado da Prefeitura de Sert\u00e3o\/RS estar\u00e3o abertas no per\u00edodo de <strong>11 de mar\u00e7o de 2026 at\u00e9 17 de mar\u00e7o de 2026<\/strong>, durante o hor\u00e1rio de expediente da Prefeitura Municipal, ou seja, <strong>das 07h30min \u00e0s 11h30min e das 13h \u00e0s 17h<\/strong>.<\/p>\n<p>Diferentemente de muitos certames, as inscri\u00e7\u00f5es deste processo seletivo s\u00e3o realizadas de forma <strong>presencial<\/strong>. Os candidatos devem entregar a documenta\u00e7\u00e3o em <strong>envelope lacrado<\/strong>, protocolando-o na <strong>Recep\u00e7\u00e3o da Prefeitura Municipal de Sert\u00e3o<\/strong>, localizada na <strong>Avenida Get\u00falio Vargas, n\u00ba 563, Centro, Sert\u00e3o\/RS<\/strong>.<\/p>\n<p>Um ponto muito positivo para os candidatos: <strong>as inscri\u00e7\u00f5es s\u00e3o gratuitas<\/strong>, ou seja, n\u00e3o h\u00e1 cobran\u00e7a de taxa de inscri\u00e7\u00e3o para nenhum dos cargos ofertados.<\/p>\n<p>Aten\u00e7\u00e3o aos seguintes pontos importantes:<\/p>\n<ul>\n<li><strong>N\u00e3o ser\u00e3o aceitas inscri\u00e7\u00f5es fora do prazo<\/strong> estabelecido no edital.<\/li>\n<li>A inscri\u00e7\u00e3o do candidato implica o <strong>conhecimento pr\u00e9vio e a aceita\u00e7\u00e3o t\u00e1cita<\/strong> de todas as disposi\u00e7\u00f5es e instru\u00e7\u00f5es do edital.<\/li>\n<li>O candidato deve verificar com anteced\u00eancia toda a documenta\u00e7\u00e3o exigida para o cargo pretendido, organizando-a adequadamente no envelope lacrado.<\/li>\n<\/ul>\n<p>Para mais informa\u00e7\u00f5es e acesso aos documentos do certame, os candidatos podem consultar a p\u00e1gina oficial do Processo Seletivo Simplificado 2026 no site da Prefeitura de Sert\u00e3o: <strong>https:\/\/www.sertao.rs.gov.br\/pagina\/1011\/processo-seletivo-simplificado-2026<\/strong>.<\/p>\n<p>Recomendamos a leitura integral do edital antes de realizar a inscri\u00e7\u00e3o, a fim de garantir o correto cumprimento de todos os requisitos e procedimentos exigidos.<\/p>\n<h2>Etapas e Provas<\/h2>\n<p>O Processo Seletivo Simplificado da Prefeitura de Sert\u00e3o\/RS ser\u00e1 composto por at\u00e9 duas etapas, dependendo do cargo pretendido. Confira abaixo os detalhes de cada uma:<\/p>\n<ul>\n<li>\n<p><strong>1\u00aa Etapa \u2014 An\u00e1lise de Curr\u00edculo (todos os cargos)<\/strong><\/p>\n<p>A primeira etapa consiste na <strong>an\u00e1lise curricular<\/strong> dos candidatos, realizada pela Banca Examinadora com base nos crit\u00e9rios definidos no edital. Essa etapa avalia a forma\u00e7\u00e3o acad\u00eamica e a experi\u00eancia profissional dos candidatos, conforme a documenta\u00e7\u00e3o entregue no ato da inscri\u00e7\u00e3o. A an\u00e1lise de curr\u00edculo ser\u00e1 aplicada a <strong>todos os cargos<\/strong> ofertados no certame.<\/p>\n<\/li>\n<li>\n<p><strong>2\u00aa Etapa \u2014 Prova Pr\u00e1tica (somente para Motorista e Motorista da Ambul\u00e2ncia)<\/strong><\/p>\n<p>Para os cargos de <strong>Motorista<\/strong> e <strong>Motorista da Ambul\u00e2ncia<\/strong>, haver\u00e1 ainda uma <strong>Prova Pr\u00e1tica<\/strong>, de <strong>car\u00e1ter eliminat\u00f3rio e classificat\u00f3rio<\/strong>, destinada a avaliar a aptid\u00e3o t\u00e9cnica dos candidatos para o desempenho das atribui\u00e7\u00f5es do cargo.<\/p>\n<ul>\n<li><strong>Data:<\/strong> 26 de mar\u00e7o de 2026<\/li>\n<li><strong>Hor\u00e1rio de in\u00edcio:<\/strong> 8h<\/li>\n<li><strong>Local:<\/strong> Secretaria Municipal de Obras e Via\u00e7\u00e3o, Avenida Jorge Alfredo Streit, n\u00ba 441, Parque de Obras, Centro, Sert\u00e3o\/RS<\/li>\n<\/ul>\n<p>Para esses cargos, a <strong>classifica\u00e7\u00e3o final<\/strong> ser\u00e1 composta pela <strong>m\u00e9dia aritm\u00e9tica simples<\/strong> entre a pontua\u00e7\u00e3o obtida na an\u00e1lise curricular e a pontua\u00e7\u00e3o da prova pr\u00e1tica.<\/p>\n<\/li>\n<\/ul>\n<p>Para os demais cargos, a classifica\u00e7\u00e3o ser\u00e1 definida exclusivamente pela pontua\u00e7\u00e3o obtida na an\u00e1lise de curr\u00edculo.<\/p>\n<p>Recomendamos a consulta ao edital completo para verificar os crit\u00e9rios detalhados de pontua\u00e7\u00e3o da an\u00e1lise curricular, os requisitos espec\u00edficos da prova pr\u00e1tica e o cronograma completo do certame (Anexo VII do edital).<\/p>\n<h2>Resultados e Gabarito<\/h2>\n<p>Ap\u00f3s a conclus\u00e3o das etapas de avalia\u00e7\u00e3o, a Prefeitura Municipal de Sert\u00e3o\/RS divulgar\u00e1 o <strong>resultado preliminar<\/strong> do Processo Seletivo Simplificado 2026 no endere\u00e7o eletr\u00f4nico oficial: <strong>https:\/\/www.sertao.rs.gov.br\/pagina\/1011\/processo-seletivo-simplificado-2026<\/strong>.<\/p>\n<p>A partir da publica\u00e7\u00e3o do resultado preliminar, ser\u00e1 aberto <strong>prazo para interposi\u00e7\u00e3o de recursos<\/strong>, conforme as condi\u00e7\u00f5es e prazos estabelecidos no edital. Os candidatos que desejarem contestar algum aspecto da avalia\u00e7\u00e3o devem ficar atentos a esse per\u00edodo.<\/p>\n<p>Transcorrido o prazo recursal sem interposi\u00e7\u00e3o de recursos \u2014 ou ap\u00f3s o julgamento de todos os recursos apresentados \u2014 a Comiss\u00e3o organizadora encaminhar\u00e1 o processo ao <strong>Prefeito Municipal para homologa\u00e7\u00e3o final<\/strong>.<\/p>\n<p>Ap\u00f3s a homologa\u00e7\u00e3o, ser\u00e1 publicado um <strong>edital com a classifica\u00e7\u00e3o geral e final<\/strong> dos candidatos aprovados, na data prevista no cronograma oficial (Anexo VII do edital).<\/p>\n<p>Os crit\u00e9rios de classifica\u00e7\u00e3o final variam conforme o cargo:<\/p>\n<ul>\n<li>Para <strong>Motorista e Motorista da Ambul\u00e2ncia<\/strong>: m\u00e9dia aritm\u00e9tica simples entre a an\u00e1lise curricular e a prova pr\u00e1tica.<\/li>\n<li>Para os <strong>demais cargos<\/strong>: pontua\u00e7\u00e3o obtida na an\u00e1lise de curr\u00edculo.<\/li>\n<\/ul>\n<p>Os candidatos devem acompanhar todas as publica\u00e7\u00f5es e atualiza\u00e7\u00f5es pelos seguintes canais oficiais:<\/p>\n<ul>\n<li><strong>Site da Prefeitura de Sert\u00e3o:<\/strong> https:\/\/www.sertao.rs.gov.br\/<\/li>\n<li><strong>P\u00e1gina do Processo Seletivo:<\/strong> https:\/\/www.sertao.rs.gov.br\/pagina\/1011\/processo-seletivo-simplificado-2026<\/li>\n<\/ul>\n<p><strong>\u00c9 de inteira responsabilidade do candidato o acompanhamento de todas as publica\u00e7\u00f5es oficiais referentes a este Processo Seletivo Simplificado.<\/strong> Fique atento aos prazos de recursos, convoca\u00e7\u00f5es e demais comunicados para n\u00e3o perder nenhuma etapa importante do certame.<\/p>\n","protected":false},"excerpt":{"rendered":"<p>Inscri\u00e7\u00f5es abrem 11\/03! Sel. Simplificada Pref. Sert\u00e3o (RS) p\/ Dentista e Professor (Fund. a Sup.). 22+CR vagas. Prepare-se e veja o edital!<\/p>\n","protected":false},"author":7,"featured_media":279002,"comment_status":"open","ping_status":"open","sticky":false,"template":"","format":"standard","meta":{"_acf_changed":false,"_breakdance_hide_in_design_set":false,"_breakdance_tags":"","footnotes":""},"categories":[12,17,18,19,23,24,25,26,101,143],"tags":[58],"_amplo":[],"destaque":[],"instituicoes":[],"class_list":["post-279003","post","type-post","status-publish","format-standard","has-post-thumbnail","hentry","category-enfermagem","category-farmacia","category-fisioterapia","category-fonoaudiologia","category-nutricao","category-odontologia","category-pedagogia","category-psicologia","category-servico-social","category-tecnico-odontologia","tag-rio-grande-sul"],"acf":{"_tipo_vagas":"vagas","_numero_vagas":"","_quadro_vagas":"","_cargos":"diversos","_cargos_especificos":"","_salario_max":"R$ 0","_abertura":"20260311","_encerramento":"20260317","_inscricoes":"https:\/\/www.sertao.rs.gov.br\/pagina\/1011\/processo-seletivo-simplificado-2026","_executora_concurso":"","_instituicao_concurso":[],"_link_adicional":null,"_anexos":null,"_produtos":null,"_vagas":"22 vagas + CR","_salario_min":"R$ 0","_instituicao":"Prefeitura de Sert\u00e3o","_edital":"https:\/\/www.agrobase.com.br\/concursos\/wp-content\/uploads\/sites\/4\/2026\/03\/edital-02-2026-da-prefeitura-de-sertao-rs.pdf","_anexos_edital":"https:\/\/www.agrobase.com.br\/concursos\/wp-content\/uploads\/sites\/4\/2026\/03\/anexos-edital-02-2026-da-prefeitura-de-sertao-rs.pdf","_fund_incompleto":"<div>\r\n<table class=\"quadro\">\r\n<thead>\r\n<tr>\r\n<th class=\"hcargo\">Cargo<\/th>\r\n<th class=\"hvagas\">Vagas<\/th>\r\n<th class=\"hremuneracao\">Remunera\u00e7\u00e3o<\/th>\r\n<\/tr>\r\n<\/thead>\r\n    <tbody>\r\n      <td class=\"ccargos\">\r\n<span data-balloon-length=\"medium\" aria-label=\"1\u00ba Grau incompleto (m\u00ednimo 5\u00aa s\u00e9rie), CNH profissional e 1 ano de experi\u00eancia\" data-balloon-pos=\"up\">Motoristas<\/span><\/td>\r\n<td class=\"cvagas\">03 + CR<\/td>\r\n<td class=\"cremuneracao\">R$ 0,00 \/40 h<\/td>\r\n<\/tr>\r\n    <\/tbody>\r\n  <\/table>\r\n<\/div>","_fund_completo":"","_medio":"<div>\r\n<table class=\"quadro\">\r\n<thead>\r\n<tr>\r\n<th class=\"hcargo\">Cargo<\/th>\r\n<th class=\"hvagas\">Vagas<\/th>\r\n<th class=\"hremuneracao\">Remunera\u00e7\u00e3o<\/th>\r\n<\/tr>\r\n<\/thead>\r\n    <tbody>\r\n      <td class=\"ccargos\">\r\n<span data-balloon-length=\"medium\" aria-label=\"Curso de Auxiliar de Sa\u00fade Bucal e registro no \u00f3rg\u00e3o fiscalizador da profiss\u00e3o\" data-balloon-pos=\"up\">T\u00e9cnico Auxiliar de Sa\u00fade Bucal<\/span><\/td>\r\n<td class=\"cvagas\">02 + CR<\/td>\r\n<td class=\"cremuneracao\">R$ 0,00 \/40 h<\/td>\r\n<\/tr><td class=\"ccargos\">\r\n<span data-balloon-length=\"medium\" aria-label=\"Conclus\u00e3o do Ensino M\u00e9dio\" data-balloon-pos=\"up\">Visitador do PIM<\/span><\/td>\r\n<td class=\"cvagas\">02 + CR<\/td>\r\n<td class=\"cremuneracao\">R$ 0,00 \/30 h<\/td>\r\n<\/tr><td class=\"ccargos\">\r\n<span data-balloon-length=\"medium\" aria-label=\"Ensino M\u00e9dio, CNH Categoria D e Curso de especializa\u00e7\u00e3o de Transporte de Ve\u00edculos de Emerg\u00eancia (CETVE)\" data-balloon-pos=\"up\">Motorista da Ambul\u00e2ncia<\/span><\/td>\r\n<td class=\"cvagas\">02 + CR<\/td>\r\n<td class=\"cremuneracao\">R$ 0,00 \/40 h<\/td>\r\n<\/tr><td class=\"ccargos\">\r\n<span data-balloon-length=\"medium\" aria-label=\"Ensino m\u00e9dio completo e residir na \u00e1rea da comunidade em que atuar\" data-balloon-pos=\"up\">Agente Comunit\u00e1rio de Sa\u00fade<\/span><\/td>\r\n<td class=\"cvagas\">02 + CR<\/td>\r\n<td class=\"cremuneracao\">R$ 0,00 \/40 h<\/td>\r\n<\/tr><td class=\"ccargos\">\r\n<span data-balloon-length=\"medium\" aria-label=\"Ensino M\u00e9dio (2\u00ba Grau completo) e experi\u00eancia em atividades correlatas\" data-balloon-pos=\"up\">Tesoureiro<\/span><\/td>\r\n<td class=\"cvagas\">01 + CR<\/td>\r\n<td class=\"cremuneracao\">R$ 0,00 \/40 h<\/td>\r\n<\/tr>\r\n    <\/tbody>\r\n  <\/table>\r\n<\/div>","_superior":"<div>\r\n<table class=\"quadro\">\r\n<thead>\r\n<tr>\r\n<th class=\"hcargo\">Cargo<\/th>\r\n<th class=\"hvagas\">Vagas<\/th>\r\n<th class=\"hremuneracao\">Remunera\u00e7\u00e3o<\/th>\r\n<\/tr>\r\n<\/thead>\r\n    <tbody>\r\n      <tr>\r\n<td class=\"ccargos\">\r\n<span data-balloon-length=\"medium\" aria-label=\"N\u00edvel superior e habilita\u00e7\u00e3o legal para o exerc\u00edcio da profiss\u00e3o de cirurgi\u00e3o dentista\" data-balloon-pos=\"up\">Dentista PSF<\/span><\/td>\r\n<td class=\"cvagas\">02 + CR<\/td>\r\n<td class=\"cremuneracao\">R$ 0,00 \/40 h<\/td>\r\n<\/tr><tr>\r\n<td class=\"ccargos\">\r\n<span data-balloon-length=\"medium\" aria-label=\"Curso superior em fisioterapia e habilita\u00e7\u00e3o legal para o exerc\u00edcio da profiss\u00e3o\" data-balloon-pos=\"up\">Fisioterapeuta<\/span><\/td>\r\n<td class=\"cvagas\">01 + CR<\/td>\r\n<td class=\"cremuneracao\">R$ 0,00 \/40 h<\/td>\r\n<\/tr><tr>\r\n<td class=\"ccargos\">\r\n<span data-balloon-length=\"medium\" aria-label=\"Curso superior completo em Fonoaudiologia e habilita\u00e7\u00e3o legal para o exerc\u00edcio da profiss\u00e3o\" data-balloon-pos=\"up\">Fonoaudi\u00f3logo<\/span><\/td>\r\n<td class=\"cvagas\">01 + CR<\/td>\r\n<td class=\"cremuneracao\">R$ 0,00 \/20 h<\/td>\r\n<\/tr><tr>\r\n<td class=\"ccargos\">\r\n<span data-balloon-length=\"medium\" aria-label=\"Curso Superior em Enfermagem, Assist\u00eancia Social ou Pedagogia\" data-balloon-pos=\"up\">Monitor do PIM<\/span><\/td>\r\n<td class=\"cvagas\">01 + CR<\/td>\r\n<td class=\"cremuneracao\">R$ 0,00 \/30 h<\/td>\r\n<\/tr><tr>\r\n<td class=\"ccargos\">\r\n<span data-balloon-length=\"medium\" aria-label=\"N\u00edvel superior em Nutri\u00e7\u00e3o e registro no Conselho Regional de Nutri\u00e7\u00e3o\" data-balloon-pos=\"up\">Nutricionista<\/span><\/td>\r\n<td class=\"cvagas\">02 + CR<\/td>\r\n<td class=\"cremuneracao\">R$ 0,00 \/20 h<\/td>\r\n<\/tr><tr>\r\n<td class=\"ccargos\">\r\n<span data-balloon-length=\"medium\" aria-label=\"Curso superior completo de Farm\u00e1cia e habilita\u00e7\u00e3o legal para o exerc\u00edcio da profiss\u00e3o\" data-balloon-pos=\"up\">Farmac\u00eautico<\/span><\/td>\r\n<td class=\"cvagas\">01 + CR<\/td>\r\n<td class=\"cremuneracao\">R$ 0,00 \/40 h<\/td>\r\n<\/tr><tr>\r\n<td class=\"ccargos\">\r\n<span data-balloon-length=\"medium\" aria-label=\"Curso Superior em Psicologia\" data-balloon-pos=\"up\">Psic\u00f3loga<\/span><\/td>\r\n<td class=\"cvagas\">02 + CR<\/td>\r\n<td class=\"cremuneracao\">R$ 0,00 \/20 h<\/td>\r\n<\/tr><tr>\r\n<td class=\"ccargos\">\r\n<span data-balloon-length=\"medium\" aria-label=\"Habilita\u00e7\u00e3o legal para o exerc\u00edcio do cargo\" data-balloon-pos=\"up\">Professor - Pedagogia<\/span><\/td>\r\n<td class=\"cvagas\">CR<\/td>\r\n<td class=\"cremuneracao\">R$ 0,00 \/40 h<\/td>\r\n<\/tr>\r\n    <\/tbody>\r\n  <\/table>\r\n<\/div>"},"_links":{"self":[{"href":"https:\/\/www.agrobase.com.br\/concursos\/wp-json\/wp\/v2\/posts\/279003","targetHints":{"allow":["GET"]}}],"collection":[{"href":"https:\/\/www.agrobase.com.br\/concursos\/wp-json\/wp\/v2\/posts"}],"about":[{"href":"https:\/\/www.agrobase.com.br\/concursos\/wp-json\/wp\/v2\/types\/post"}],"author":[{"embeddable":true,"href":"https:\/\/www.agrobase.com.br\/concursos\/wp-json\/wp\/v2\/users\/7"}],"replies":[{"embeddable":true,"href":"https:\/\/www.agrobase.com.br\/concursos\/wp-json\/wp\/v2\/comments?post=279003"}],"version-history":[{"count":1,"href":"https:\/\/www.agrobase.com.br\/concursos\/wp-json\/wp\/v2\/posts\/279003\/revisions"}],"predecessor-version":[{"id":279005,"href":"https:\/\/www.agrobase.com.br\/concursos\/wp-json\/wp\/v2\/posts\/279003\/revisions\/279005"}],"wp:featuredmedia":[{"embeddable":true,"href":"https:\/\/www.agrobase.com.br\/concursos\/wp-json\/wp\/v2\/media\/279002"}],"wp:attachment":[{"href":"https:\/\/www.agrobase.com.br\/concursos\/wp-json\/wp\/v2\/media?parent=279003"}],"wp:term":[{"taxonomy":"category","embeddable":true,"href":"https:\/\/www.agrobase.com.br\/concursos\/wp-json\/wp\/v2\/categories?post=279003"},{"taxonomy":"post_tag","embeddable":true,"href":"https:\/\/www.agrobase.com.br\/concursos\/wp-json\/wp\/v2\/tags?post=279003"},{"taxonomy":"_amplo","embeddable":true,"href":"https:\/\/www.agrobase.com.br\/concursos\/wp-json\/wp\/v2\/_amplo?post=279003"},{"taxonomy":"destaque","embeddable":true,"href":"https:\/\/www.agrobase.com.br\/concursos\/wp-json\/wp\/v2\/destaque?post=279003"},{"taxonomy":"instituicoes","embeddable":true,"href":"https:\/\/www.agrobase.com.br\/concursos\/wp-json\/wp\/v2\/instituicoes?post=279003"}],"curies":[{"name":"wp","href":"https:\/\/api.w.org\/{rel}","templated":true}]}}