{"id":278985,"date":"2026-03-13T08:00:58","date_gmt":"2026-03-13T11:00:58","guid":{"rendered":"https:\/\/www.agrobase.com.br\/concursos\/?p=278985"},"modified":"2026-03-12T14:02:40","modified_gmt":"2026-03-12T17:02:40","slug":"prefeitura-sao-jeronimo-da-serra-pr-concurso-01-2026","status":"publish","type":"post","link":"https:\/\/www.agrobase.com.br\/concursos\/2026\/prefeitura-sao-jeronimo-da-serra-pr-concurso-01-2026\/","title":{"rendered":"Prefeitura S\u00e3o Jer\u00f4nimo da Serra (PR) &#8211; Concurso 01\/2026"},"content":{"rendered":"<h2>Informa\u00e7\u00f5es Gerais<\/h2>\n<p>A <strong>Prefeitura Municipal de S\u00e3o Jer\u00f4nimo da Serra, no Estado do Paran\u00e1<\/strong>, tornou p\u00fablico o edital de <strong>Concurso P\u00fablico<\/strong> destinado ao provimento de vagas efetivas e forma\u00e7\u00e3o de cadastro de reserva para cargos do Quadro de Pessoal do munic\u00edpio. O certame \u00e9 organizado pelo <strong>Instituto Unicampo<\/strong> e oferece oportunidades para candidatos de diferentes n\u00edveis de escolaridade.<\/p>\n<p>S\u00e3o ofertadas <strong>22 vagas imediatas, al\u00e9m de cadastro de reserva (CR)<\/strong>, distribu\u00eddas entre os n\u00edveis <strong>Fundamental Incompleto\/Completo, M\u00e9dio\/T\u00e9cnico e Superior<\/strong>. O regime de contrata\u00e7\u00e3o \u00e9 <strong>estatut\u00e1rio<\/strong>, conforme o Estatuto e o Regime Jur\u00eddico dos Servidores P\u00fablicos do Munic\u00edpio (Lei n\u00ba 73\/1995).<\/p>\n<p>As remunera\u00e7\u00f5es variam de <strong>R$ 1.815,17 a R$ 4.833,54<\/strong>, com carga hor\u00e1ria entre 20h e 40h semanais, a depender do cargo. As oportunidades abrangem diversas \u00e1reas de atua\u00e7\u00e3o, incluindo:<\/p>\n<ul>\n<li><strong>N\u00edvel Fundamental:<\/strong> Agente de M\u00e1quinas e Ve\u00edculos \u2013 Motorista, Gari (diversas regi\u00f5es), Oper\u00e1rio e Operador de M\u00e1quinas;<\/li>\n<li><strong>N\u00edvel M\u00e9dio\/T\u00e9cnico:<\/strong> Agente Auxiliar Administrativo, Agente Comunit\u00e1rio de Sa\u00fade, Auxiliar de Consult\u00f3rio Dent\u00e1rio, Eletricista Automotivo, Mec\u00e2nico de M\u00e1quinas e Ve\u00edculos, T\u00e9cnico de Enfermagem (diversas regi\u00f5es) e T\u00e9cnico em Higiene Dental;<\/li>\n<li><strong>N\u00edvel Superior:<\/strong> Educador F\u00edsico, Engenheiro Civil, Fonoaudi\u00f3logo e Professor de Educa\u00e7\u00e3o Infantil e Fundamental I (regi\u00f5es de Terra Nova e S\u00e3o Jo\u00e3o do Pinhal).<\/li>\n<\/ul>\n<p>Trata-se de uma excelente oportunidade para quem busca estabilidade no servi\u00e7o p\u00fablico em S\u00e3o Jer\u00f4nimo da Serra \u2013 PR. Continue a leitura para conferir todos os detalhes sobre inscri\u00e7\u00f5es, etapas do concurso e como acompanhar os resultados.<\/p>\n<h2>Inscri\u00e7\u00f5es<\/h2>\n<p>As inscri\u00e7\u00f5es para o Concurso P\u00fablico da Prefeitura de S\u00e3o Jer\u00f4nimo da Serra \u2013 PR estar\u00e3o abertas no per\u00edodo de <strong>13 de mar\u00e7o de 2026 a 30 de mar\u00e7o de 2026<\/strong>. As inscri\u00e7\u00f5es ser\u00e3o realizadas <strong>exclusivamente pela internet<\/strong>, por meio do site oficial do Instituto Unicampo.<\/p>\n<p>Os valores das taxas de inscri\u00e7\u00e3o s\u00e3o:<\/p>\n<ul>\n<li><strong>N\u00edvel Fundamental e M\u00e9dio:<\/strong> R$ 80,00<\/li>\n<li><strong>N\u00edvel Superior:<\/strong> R$ 120,00<\/li>\n<\/ul>\n<p>Para se inscrever, o candidato dever\u00e1 seguir os seguintes passos:<\/p>\n<ul>\n<li>Acessar o site <strong><a href=\"http:\/\/www.institutounicampo.com.br\" target=\"_blank\" rel=\"noopener\">www.institutounicampo.com.br<\/a><\/strong>;<\/li>\n<li>Localizar o link espec\u00edfico do Concurso P\u00fablico de S\u00e3o Jer\u00f4nimo da Serra \u2013 PR;<\/li>\n<li>Preencher o formul\u00e1rio de inscri\u00e7\u00e3o de acordo com o cargo pretendido;<\/li>\n<li>Clicar em <strong>&#8220;enviar dados para inscri\u00e7\u00e3o&#8221;<\/strong> para formalizar o pedido;<\/li>\n<li>Efetuar o pagamento do boleto banc\u00e1rio at\u00e9 a data-limite indicada no cronograma do edital.<\/li>\n<\/ul>\n<p>O munic\u00edpio prev\u00ea a possibilidade de <strong>isen\u00e7\u00e3o da taxa de inscri\u00e7\u00e3o<\/strong>, conforme a Lei Municipal n\u00ba 1984\/2018. Os candidatos que se enquadram nos crit\u00e9rios estabelecidos devem consultar o edital completo para verificar os procedimentos e prazos para solicita\u00e7\u00e3o da isen\u00e7\u00e3o.<\/p>\n<p>Ap\u00f3s a inscri\u00e7\u00e3o, recomenda-se que o candidato acompanhe regularmente o site do Instituto Unicampo para verificar a confirma\u00e7\u00e3o da inscri\u00e7\u00e3o e eventuais comunicados. Para garantir que todas as exig\u00eancias sejam cumpridas corretamente, \u00e9 fundamental a <strong>leitura integral do edital<\/strong> antes de realizar a inscri\u00e7\u00e3o.<\/p>\n<h2>Etapas e Provas<\/h2>\n<p>O Concurso P\u00fablico da Prefeitura de S\u00e3o Jer\u00f4nimo da Serra \u2013 PR ser\u00e1 composto por at\u00e9 tr\u00eas etapas, conforme o cargo pretendido:<\/p>\n<ul>\n<li>\n<p><strong>1. Prova Objetiva (para todos os cargos)<\/strong><\/p>\n<ul>\n<li><strong>Car\u00e1ter:<\/strong> eliminat\u00f3rio e classificat\u00f3rio<\/li>\n<li><strong>Formato:<\/strong> quest\u00f5es de m\u00faltipla escolha<\/li>\n<li><strong>Data prevista:<\/strong> <strong>12 de abril de 2026<\/strong><\/li>\n<li><strong>Local:<\/strong> cidade de S\u00e3o Jer\u00f4nimo da Serra \u2013 PR<\/li>\n<li><strong>Dura\u00e7\u00e3o:<\/strong> 3 horas, incluindo o tempo para preenchimento do cart\u00e3o-gabarito<\/li>\n<\/ul>\n<\/li>\n<li>\n<p><strong>2. Prova de T\u00edtulos (cargos espec\u00edficos)<\/strong><\/p>\n<ul>\n<li><strong>Car\u00e1ter:<\/strong> classificat\u00f3rio<\/li>\n<li><strong>Cargos contemplados:<\/strong> Educador F\u00edsico, Professor de Educa\u00e7\u00e3o Infantil e Fundamental I, Engenheiro Civil e Fonoaudi\u00f3logo<\/li>\n<li>A pontua\u00e7\u00e3o obtida na prova de t\u00edtulos ser\u00e1 somada \u00e0 nota da prova objetiva para fins de classifica\u00e7\u00e3o<\/li>\n<\/ul>\n<\/li>\n<li>\n<p><strong>3. Prova Pr\u00e1tica (cargos espec\u00edficos)<\/strong><\/p>\n<ul>\n<li><strong>Car\u00e1ter:<\/strong> eliminat\u00f3rio<\/li>\n<li><strong>Cargos contemplados:<\/strong> Agente de M\u00e1quinas e Ve\u00edculos \u2013 Motorista, Mec\u00e2nico de M\u00e1quinas e Ve\u00edculos Leves e Pesados, Eletricista Automotivo e Operador de M\u00e1quinas<\/li>\n<li><strong>Data prevista:<\/strong> <strong>10 de maio de 2026<\/strong><\/li>\n<\/ul>\n<\/li>\n<\/ul>\n<p>Para informa\u00e7\u00f5es detalhadas sobre o conte\u00fado program\u00e1tico de cada cargo, crit\u00e9rios de pontua\u00e7\u00e3o, notas m\u00ednimas para aprova\u00e7\u00e3o e demais regras de cada etapa, consulte o <strong>edital completo<\/strong> dispon\u00edvel no site do Instituto Unicampo e nos canais oficiais da Prefeitura de S\u00e3o Jer\u00f4nimo da Serra \u2013 PR.<\/p>\n<h2>Resultados e Gabarito<\/h2>\n<p>A divulga\u00e7\u00e3o dos resultados do Concurso P\u00fablico da Prefeitura de S\u00e3o Jer\u00f4nimo da Serra \u2013 PR seguir\u00e1 o cronograma previsto no edital. Confira as principais datas e orienta\u00e7\u00f5es:<\/p>\n<ul>\n<li><strong>Resultado Final e prepara\u00e7\u00e3o para Homologa\u00e7\u00e3o:<\/strong> 09 de junho de 2026<\/li>\n<li><strong>Data sugerida para Homologa\u00e7\u00e3o:<\/strong> 11 de junho de 2026<\/li>\n<\/ul>\n<p>O resultado final ser\u00e1 divulgado ap\u00f3s o julgamento de <strong>todos os recursos<\/strong> interpostos pelos candidatos em cada etapa do certame. A classifica\u00e7\u00e3o final levar\u00e1 em considera\u00e7\u00e3o o desempenho nas etapas aplic\u00e1veis a cada cargo (prova objetiva, prova de t\u00edtulos e\/ou prova pr\u00e1tica).<\/p>\n<p>A <strong>homologa\u00e7\u00e3o do concurso<\/strong> ser\u00e1 realizada pela Prefeitura Municipal de S\u00e3o Jer\u00f4nimo da Serra \u2013 PR e representa o ato oficial que valida todo o processo seletivo, autorizando a convoca\u00e7\u00e3o dos aprovados para posse. Ap\u00f3s homologado, o resultado ser\u00e1 publicado nos canais oficiais do munic\u00edpio.<\/p>\n<p>Os candidatos devem acompanhar todas as publica\u00e7\u00f5es e comunicados por meio dos seguintes canais:<\/p>\n<ul>\n<li>Site do Instituto Unicampo: <strong><a href=\"http:\/\/www.institutounicampo.com.br\" target=\"_blank\" rel=\"noopener\">www.institutounicampo.com.br<\/a><\/strong><\/li>\n<li>Canais oficiais da Prefeitura Municipal de S\u00e3o Jer\u00f4nimo da Serra \u2013 PR<\/li>\n<\/ul>\n<p>Quanto \u00e0 <strong>validade do concurso<\/strong>, os prazos e a possibilidade de prorroga\u00e7\u00e3o devem ser consultados diretamente no edital completo.<\/p>\n<p><strong>Importante:<\/strong> o acompanhamento de todas as etapas, publica\u00e7\u00f5es de resultados, convoca\u00e7\u00f5es e demais comunicados \u00e9 de <strong>responsabilidade exclusiva do candidato<\/strong>. Mantenha seus dados atualizados e consulte regularmente os canais oficiais para n\u00e3o perder nenhum prazo.<\/p>\n","protected":false},"excerpt":{"rendered":"<p>Concurso Pref. S\u00e3o Jer\u00f4nimo da Serra (PR) com edital publicado! Vagas p\/ Professor e Eng. Civil (Fund. a Sup.). Inscri\u00e7\u00f5es a partir de 13\/03. Confira!<\/p>\n","protected":false},"author":7,"featured_media":278984,"comment_status":"open","ping_status":"open","sticky":false,"template":"","format":"standard","meta":{"_acf_changed":false,"_breakdance_hide_in_design_set":false,"_breakdance_tags":"","footnotes":""},"categories":[11,14,19,25,108],"tags":[52],"_amplo":[],"destaque":[],"instituicoes":[],"class_list":["post-278985","post","type-post","status-publish","format-standard","has-post-thumbnail","hentry","category-educacao-fisica","category-engenharia","category-fonoaudiologia","category-pedagogia","category-tecnico-enfermagem","tag-parana"],"acf":{"_tipo_vagas":"vagas","_numero_vagas":"","_quadro_vagas":"","_cargos":"diversos","_cargos_especificos":"","_salario_max":"R$ 4833.54","_abertura":"20260313","_encerramento":"20260330","_inscricoes":"http:\/\/www.institutounicampo.com.br","_executora_concurso":"","_instituicao_concurso":[],"_link_adicional":null,"_anexos":null,"_produtos":null,"_vagas":"22 vagas + CR","_salario_min":"R$ 1815.17","_instituicao":"Prefeitura de S\u00e3o Jer\u00f4nimo da Serra","_edital":"https:\/\/www.agrobase.com.br\/concursos\/wp-content\/uploads\/sites\/4\/2026\/03\/edital-01-2026-da-prefeitura-de-sao-jeronimo-da-serra-pr.pdf","_anexos_edital":"https:\/\/www.agrobase.com.br\/concursos\/wp-content\/uploads\/sites\/4\/2026\/03\/anexos-edital-01-2026-da-prefei.e-sao-jeronimo-da-serra-pr.pdf","_fund_incompleto":"<div>\r\n<table class=\"quadro\">\r\n<thead>\r\n<tr>\r\n<th class=\"hcargo\">Cargo<\/th>\r\n<th class=\"hvagas\">Vagas<\/th>\r\n<th class=\"hremuneracao\">Remunera\u00e7\u00e3o<\/th>\r\n<\/tr>\r\n<\/thead>\r\n    <tbody>\r\n      <td class=\"ccargos\">\r\n<span data-balloon-length=\"medium\" data-balloon-pos=\"up\">Agente de Maquinas e Ve\u00edculos - Motorista<\/span><\/td>\r\n<td class=\"cvagas\">01 + CR<\/td>\r\n<td class=\"cremuneracao\">R$ 2.472,85 \/40h<\/td>\r\n<\/tr><td class=\"ccargos\">\r\n<span data-balloon-length=\"medium\" aria-label=\"Ensino Fundamental Incompleto\" data-balloon-pos=\"up\">Gari - Regi\u00e3o da Vila Nova<\/span><\/td>\r\n<td class=\"cvagas\">01 + CR<\/td>\r\n<td class=\"cremuneracao\">R$ 1.978,55 \/40h<\/td>\r\n<\/tr><td class=\"ccargos\">\r\n<span data-balloon-length=\"medium\" aria-label=\"Ensino Fundamental Incompleto\" data-balloon-pos=\"up\">Gari - Regi\u00e3o da Terra Nova<\/span><\/td>\r\n<td class=\"cvagas\">01 + CR<\/td>\r\n<td class=\"cremuneracao\">R$ 1.978,55 \/40h<\/td>\r\n<\/tr><td class=\"ccargos\">\r\n<span data-balloon-length=\"medium\" aria-label=\"Ensino Fundamental Incompleto\" data-balloon-pos=\"up\">Gari - Regi\u00e3o de S\u00e3o Jo\u00e3o do Pinhal<\/span><\/td>\r\n<td class=\"cvagas\">01 + CR<\/td>\r\n<td class=\"cremuneracao\">R$ 1.978,55 \/40h<\/td>\r\n<\/tr><td class=\"ccargos\">\r\n<span data-balloon-length=\"medium\" aria-label=\"Ensino Fundamental Completo\" data-balloon-pos=\"up\">Oper\u00e1rio<\/span><\/td>\r\n<td class=\"cvagas\">01 + CR<\/td>\r\n<td class=\"cremuneracao\">R$ 1.815,17 \/40h<\/td>\r\n<\/tr><td class=\"ccargos\">\r\n<span data-balloon-length=\"medium\" data-balloon-pos=\"up\">Operador de Maquinas<\/span><\/td>\r\n<td class=\"cvagas\">01 + CR<\/td>\r\n<td class=\"cremuneracao\">R$ 2.967,12 \/40h<\/td>\r\n<\/tr>\r\n    <\/tbody>\r\n  <\/table>\r\n<\/div>","_fund_completo":"","_medio":"<div>\r\n<table class=\"quadro\">\r\n<thead>\r\n<tr>\r\n<th class=\"hcargo\">Cargo<\/th>\r\n<th class=\"hvagas\">Vagas<\/th>\r\n<th class=\"hremuneracao\">Remunera\u00e7\u00e3o<\/th>\r\n<\/tr>\r\n<\/thead>\r\n    <tbody>\r\n      <td class=\"ccargos\">\r\n<span data-balloon-length=\"medium\" aria-label=\"Ensino M\u00e9dio Completo\" data-balloon-pos=\"up\">Agente Auxiliar Administrativo<\/span><\/td>\r\n<td class=\"cvagas\">01 + CR<\/td>\r\n<td class=\"cremuneracao\">R$ 2.720,67 \/40h<\/td>\r\n<\/tr><td class=\"ccargos\">\r\n<span data-balloon-length=\"medium\" aria-label=\"Ensino M\u00e9dio Completo\" data-balloon-pos=\"up\">Agente Comunit\u00e1rio de Sa\u00fade<\/span><\/td>\r\n<td class=\"cvagas\">01 + CR<\/td>\r\n<td class=\"cremuneracao\">R$ 3.242,00 \/40h<\/td>\r\n<\/tr><td class=\"ccargos\">\r\n<span data-balloon-length=\"medium\" aria-label=\"Ensino M\u00e9dio Completo\" data-balloon-pos=\"up\">Auxiliar de Consult\u00f3rio Dent\u00e1rio<\/span><\/td>\r\n<td class=\"cvagas\">01 + CR<\/td>\r\n<td class=\"cremuneracao\">R$ 1.815,17 \/40h<\/td>\r\n<\/tr><td class=\"ccargos\">\r\n<span data-balloon-length=\"medium\" aria-label=\"Ensino M\u00e9dio Completo + Curso T\u00e9cnico Profissionalizante da El\u00e9trica Automotiva.\" data-balloon-pos=\"up\">Eletricista Automotivo<\/span><\/td>\r\n<td class=\"cvagas\">01 + CR<\/td>\r\n<td class=\"cremuneracao\">R$ 2.919,28 \/40h<\/td>\r\n<\/tr><td class=\"ccargos\">\r\n<span data-balloon-length=\"medium\" aria-label=\"Ensino M\u00e9dio Completo + Curso T\u00e9cnico Profissionalizante em Manuten\u00e7\u00e3o\/Mec\u00e2nica Veicular.\" data-balloon-pos=\"up\">Mec\u00e2nico de Maquinas e Ve\u00edculos Leves e Pesados<\/span><\/td>\r\n<td class=\"cvagas\">01 + CR<\/td>\r\n<td class=\"cremuneracao\">R$ 2.919,28 \/40h<\/td>\r\n<\/tr><td class=\"ccargos\">\r\n<span data-balloon-length=\"medium\" aria-label=\"Curso T\u00e9cnico em Enfermagem + Registro no \u00d3rg\u00e3o de Classe\" data-balloon-pos=\"up\">T\u00e9cnico de Enfermagem - Sede<\/span><\/td>\r\n<td class=\"cvagas\">01 + CR<\/td>\r\n<td class=\"cremuneracao\">R$ 2.308,08 \/40h<\/td>\r\n<\/tr><td class=\"ccargos\">\r\n<span data-balloon-length=\"medium\" aria-label=\"Curso T\u00e9cnico em Enfermagem + Registro no \u00d3rg\u00e3o de Classe\" data-balloon-pos=\"up\">T\u00e9cnico de Enfermagem - Regi\u00e3o da Taquara<\/span><\/td>\r\n<td class=\"cvagas\">01 + CR<\/td>\r\n<td class=\"cremuneracao\">R$ 2.308,08 \/40h<\/td>\r\n<\/tr><td class=\"ccargos\">\r\n<span data-balloon-length=\"medium\" aria-label=\"Curso T\u00e9cnico em Enfermagem + Registro no \u00d3rg\u00e3o de Classe\" data-balloon-pos=\"up\">T\u00e9cnico de Enfermagem - Regi\u00e3o do Caratuva<\/span><\/td>\r\n<td class=\"cvagas\">01 + CR<\/td>\r\n<td class=\"cremuneracao\">R$ 2.308,08 \/40h<\/td>\r\n<\/tr><td class=\"ccargos\">\r\n<span data-balloon-length=\"medium\" aria-label=\"Curso T\u00e9cnico em Enfermagem + Registro no \u00d3rg\u00e3o de Classe\" data-balloon-pos=\"up\">T\u00e9cnico de Enfermagem - Regi\u00e3o de Vila Nova<\/span><\/td>\r\n<td class=\"cvagas\">01 + CR<\/td>\r\n<td class=\"cremuneracao\">R$ 2.308,08 \/40h<\/td>\r\n<\/tr><td class=\"ccargos\">\r\n<span data-balloon-length=\"medium\" aria-label=\"Curso T\u00e9cnico em Enfermagem + Registro no \u00d3rg\u00e3o de Classe\" data-balloon-pos=\"up\">T\u00e9cnico de Enfermagem - Regi\u00e3o de Terra Nova<\/span><\/td>\r\n<td class=\"cvagas\">01 + CR<\/td>\r\n<td class=\"cremuneracao\">R$ 2.308,08 \/40h<\/td>\r\n<\/tr><td class=\"ccargos\">\r\n<span data-balloon-length=\"medium\" aria-label=\"Ensino M\u00e9dio Completo + Curso T\u00e9cnico Profissionalizante\" data-balloon-pos=\"up\">T\u00e9cnico em Higiene Dental<\/span><\/td>\r\n<td class=\"cvagas\">01 + CR<\/td>\r\n<td class=\"cremuneracao\">R$ 2.293,72 \/40h<\/td>\r\n<\/tr>\r\n    <\/tbody>\r\n  <\/table>\r\n<\/div>","_superior":"<div>\r\n<table class=\"quadro\">\r\n<thead>\r\n<tr>\r\n<th class=\"hcargo\">Cargo<\/th>\r\n<th class=\"hvagas\">Vagas<\/th>\r\n<th class=\"hremuneracao\">Remunera\u00e7\u00e3o<\/th>\r\n<\/tr>\r\n<\/thead>\r\n    <tbody>\r\n      <tr>\r\n<td class=\"ccargos\">\r\n<span data-balloon-length=\"medium\" aria-label=\"Ensino Superior em Educa\u00e7\u00e3o F\u00edsica Bacharelado + Registro no \u00d3rg\u00e3o de Classe\" data-balloon-pos=\"up\">Educador F\u00edsico<\/span><\/td>\r\n<td class=\"cvagas\">01 + CR<\/td>\r\n<td class=\"cremuneracao\">R$ 2.919,28 \/30h<\/td>\r\n<\/tr><tr>\r\n<td class=\"ccargos\">\r\n<span data-balloon-length=\"medium\" aria-label=\"Ensino Superior em Engenharia Civil + Registro no \u00d3rg\u00e3o de Classe\" data-balloon-pos=\"up\">Engenheiro Civil<\/span><\/td>\r\n<td class=\"cvagas\">01 + CR<\/td>\r\n<td class=\"cremuneracao\">R$ 4.833,54 \/40h<\/td>\r\n<\/tr><tr>\r\n<td class=\"ccargos\">\r\n<span data-balloon-length=\"medium\" aria-label=\"Ensino Superior em Fonoaudiologia + Registro no \u00d3rg\u00e3o de Classe\" data-balloon-pos=\"up\">Fonoaudi\u00f3logo<\/span><\/td>\r\n<td class=\"cvagas\">01 + CR<\/td>\r\n<td class=\"cremuneracao\">R$ 4.170,40 \/40h<\/td>\r\n<\/tr><tr>\r\n<td class=\"ccargos\">\r\n<span data-balloon-length=\"medium\" aria-label=\"Magist\u00e9rio, Normal Superior ou Licenciatura Plena em Pedagogia\" data-balloon-pos=\"up\">Professor - Educa\u00e7\u00e3o Infantil e Fundamental I - Regi\u00e3o de Terra Nova<\/span><\/td>\r\n<td class=\"cvagas\">02 + CR<\/td>\r\n<td class=\"cremuneracao\">R$ 1.905,15 \/20h<\/td>\r\n<\/tr><tr>\r\n<td class=\"ccargos\">\r\n<span data-balloon-length=\"medium\" aria-label=\"Magist\u00e9rio, Normal Superior ou Licenciatura Plena em Pedagogia\" data-balloon-pos=\"up\">Professor - Educa\u00e7\u00e3o Infantil e Fundamental I - Regi\u00e3o de S\u00e3o Jo\u00e3o do Pinhal<\/span><\/td>\r\n<td class=\"cvagas\">01 + CR<\/td>\r\n<td class=\"cremuneracao\">R$ 1.905,15 \/20h<\/td>\r\n<\/tr>\r\n    <\/tbody>\r\n  <\/table>\r\n<\/div>"},"_links":{"self":[{"href":"https:\/\/www.agrobase.com.br\/concursos\/wp-json\/wp\/v2\/posts\/278985","targetHints":{"allow":["GET"]}}],"collection":[{"href":"https:\/\/www.agrobase.com.br\/concursos\/wp-json\/wp\/v2\/posts"}],"about":[{"href":"https:\/\/www.agrobase.com.br\/concursos\/wp-json\/wp\/v2\/types\/post"}],"author":[{"embeddable":true,"href":"https:\/\/www.agrobase.com.br\/concursos\/wp-json\/wp\/v2\/users\/7"}],"replies":[{"embeddable":true,"href":"https:\/\/www.agrobase.com.br\/concursos\/wp-json\/wp\/v2\/comments?post=278985"}],"version-history":[{"count":1,"href":"https:\/\/www.agrobase.com.br\/concursos\/wp-json\/wp\/v2\/posts\/278985\/revisions"}],"predecessor-version":[{"id":278987,"href":"https:\/\/www.agrobase.com.br\/concursos\/wp-json\/wp\/v2\/posts\/278985\/revisions\/278987"}],"wp:featuredmedia":[{"embeddable":true,"href":"https:\/\/www.agrobase.com.br\/concursos\/wp-json\/wp\/v2\/media\/278984"}],"wp:attachment":[{"href":"https:\/\/www.agrobase.com.br\/concursos\/wp-json\/wp\/v2\/media?parent=278985"}],"wp:term":[{"taxonomy":"category","embeddable":true,"href":"https:\/\/www.agrobase.com.br\/concursos\/wp-json\/wp\/v2\/categories?post=278985"},{"taxonomy":"post_tag","embeddable":true,"href":"https:\/\/www.agrobase.com.br\/concursos\/wp-json\/wp\/v2\/tags?post=278985"},{"taxonomy":"_amplo","embeddable":true,"href":"https:\/\/www.agrobase.com.br\/concursos\/wp-json\/wp\/v2\/_amplo?post=278985"},{"taxonomy":"destaque","embeddable":true,"href":"https:\/\/www.agrobase.com.br\/concursos\/wp-json\/wp\/v2\/destaque?post=278985"},{"taxonomy":"instituicoes","embeddable":true,"href":"https:\/\/www.agrobase.com.br\/concursos\/wp-json\/wp\/v2\/instituicoes?post=278985"}],"curies":[{"name":"wp","href":"https:\/\/api.w.org\/{rel}","templated":true}]}}