{"id":278980,"date":"2026-03-13T07:50:46","date_gmt":"2026-03-13T10:50:46","guid":{"rendered":"https:\/\/www.agrobase.com.br\/concursos\/?p=278980"},"modified":"2026-03-12T13:15:50","modified_gmt":"2026-03-12T16:15:50","slug":"prefeitura-cumaru-pe-concurso-01-2026","status":"publish","type":"post","link":"https:\/\/www.agrobase.com.br\/concursos\/2026\/prefeitura-cumaru-pe-concurso-01-2026\/","title":{"rendered":"Prefeitura Cumaru (PE) &#8211; Concurso 01\/2026"},"content":{"rendered":"<h2>Informa\u00e7\u00f5es Gerais<\/h2>\n<p>A <strong>Prefeitura Municipal de Cumaru<\/strong>, no Estado de Pernambuco, publicou o <strong>Edital de Concurso P\u00fablico n\u00ba 001\/2026<\/strong>, destinado ao preenchimento de <strong>53 vagas<\/strong> em cargos efetivos do quadro de pessoal do Poder P\u00fablico Municipal. O certame ser\u00e1 realizado por meio de Provas e\/ou Provas e T\u00edtulos, em conformidade com o art. 37, inciso II, da Constitui\u00e7\u00e3o Federal.<\/p>\n<p>As oportunidades contemplam candidatos com n\u00edveis de escolaridade <strong>Fundamental Completo<\/strong>, <strong>M\u00e9dio\/T\u00e9cnico<\/strong> e <strong>Superior<\/strong>, com remunera\u00e7\u00f5es que variam de <strong>R$ 1.621,00<\/strong> a <strong>R$ 5.130,63<\/strong>. As cargas hor\u00e1rias v\u00e3o de 30 a 40 horas semanais, a depender do cargo, al\u00e9m de regimes espec\u00edficos de hora-aula para os cargos de Professor.<\/p>\n<p>Entre as vagas de n\u00edvel superior, destacam-se diversas especialidades de <strong>Professor II<\/strong> \u2014 incluindo L\u00edngua Portuguesa (6 vagas), Matem\u00e1tica (5 vagas), Ci\u00eancias, Hist\u00f3ria e L\u00edngua Inglesa (3 vagas cada), Geografia e Educa\u00e7\u00e3o F\u00edsica (2 vagas cada) e LIBRAS (1 vaga) \u2014, al\u00e9m de Advogado e Psicopedagogo. Merece aten\u00e7\u00e3o especial o cargo de <strong>Professor II \u2013 Ci\u00eancias<\/strong>, que exige <strong>Licenciatura Plena em Ci\u00eancias Biol\u00f3gicas<\/strong>, \u00e1rea de grande interesse para profissionais da Biologia. No n\u00edvel m\u00e9dio, h\u00e1 vagas para Professor I \u2013 Anos Iniciais (14 vagas), Guarda Civil Municipal (5 vagas) e Assistente de Controle Interno (1 vaga). J\u00e1 para o n\u00edvel fundamental completo, s\u00e3o oferecidas vagas de Motorista Categoria &#8220;D&#8221; nas \u00e1reas de Sa\u00fade (2 vagas) e Educa\u00e7\u00e3o (4 vagas).<\/p>\n<p>Se voc\u00ea busca estabilidade no servi\u00e7o p\u00fablico em Pernambuco, continue a leitura para conhecer todos os detalhes sobre inscri\u00e7\u00f5es, etapas do concurso e como acompanhar os resultados.<\/p>\n<h2>Inscri\u00e7\u00f5es<\/h2>\n<p>As inscri\u00e7\u00f5es para o <strong>Concurso P\u00fablico da Prefeitura de Cumaru \u2013 PE (Edital n\u00ba 001\/2026)<\/strong> ser\u00e3o realizadas <strong>exclusivamente na modalidade online<\/strong>, por meio do site da organizadora <strong>IDHTEC<\/strong>, no endere\u00e7o <a href=\"https:\/\/www.idhtec.org.br\" target=\"_blank\" rel=\"noopener\">www.idhtec.org.br<\/a>.<\/p>\n<p>O per\u00edodo de inscri\u00e7\u00f5es est\u00e1 previsto para ocorrer <strong>das 08h00 do dia 16 de mar\u00e7o de 2026 at\u00e9 as 23h59 do dia 16 de abril de 2026<\/strong>. No site da organizadora, o candidato encontrar\u00e1 o Edital completo, seus Anexos e todos os instrumentos necess\u00e1rios para efetuar o cadastro.<\/p>\n<p><strong>Como se inscrever \u2014 passo a passo:<\/strong><\/p>\n<ul>\n<li>Acesse o site <a href=\"https:\/\/www.idhtec.org.br\" target=\"_blank\" rel=\"noopener\">www.idhtec.org.br<\/a> e leia atentamente o Edital e seus Anexos;<\/li>\n<li>Realize a inscri\u00e7\u00e3o online utilizando a ferramenta &#8220;Inscri\u00e7\u00e3o Online&#8221; dispon\u00edvel no site, escolhendo o cargo ao qual deseja concorrer;<\/li>\n<li>Imprima o Boleto Banc\u00e1rio gerado (verifique se constam seu nome e endere\u00e7o corretamente impressos no documento);<\/li>\n<li>Efetue o pagamento do boleto em qualquer ag\u00eancia banc\u00e1ria, correspondente banc\u00e1rio ou de forma online, por meio do aplicativo banc\u00e1rio (APP) de sua prefer\u00eancia.<\/li>\n<\/ul>\n<p><strong>Aten\u00e7\u00e3o ao prazo de pagamento:<\/strong> o boleto banc\u00e1rio poder\u00e1 ser pago at\u00e9 o dia <strong>17 de abril de 2026<\/strong>, dentro do hor\u00e1rio banc\u00e1rio oficial. Pagamentos realizados ap\u00f3s essa data n\u00e3o ser\u00e3o processados.<\/p>\n<p>Recomendamos que o candidato acompanhe regularmente sua \u00e1rea restrita no site da organizadora para verificar a confirma\u00e7\u00e3o da inscri\u00e7\u00e3o e eventuais atualiza\u00e7\u00f5es. Para informa\u00e7\u00f5es completas sobre valores das taxas de inscri\u00e7\u00e3o, crit\u00e9rios e procedimentos para solicita\u00e7\u00e3o de isen\u00e7\u00e3o, consulte o edital na \u00edntegra no site da IDHTEC.<\/p>\n<h2>Etapas e Provas<\/h2>\n<p>O Concurso P\u00fablico da Prefeitura de Cumaru \u2013 PE ser\u00e1 composto por diferentes etapas, variando conforme o cargo pretendido. As modalidades de avalia\u00e7\u00e3o previstas no edital s\u00e3o: <strong>Prova Objetiva<\/strong>, <strong>Prova de T\u00edtulos<\/strong>, <strong>Exames M\u00e9dicos<\/strong>, <strong>Teste de Aptid\u00e3o F\u00edsica (TAF)<\/strong>, <strong>Avalia\u00e7\u00e3o Psicol\u00f3gica (Psicot\u00e9cnico)<\/strong>, <strong>Investiga\u00e7\u00e3o Social<\/strong> e <strong>Curso de Forma\u00e7\u00e3o Inicial<\/strong>. Confira os detalhes de cada etapa:<\/p>\n<ul>\n<li><strong>Prova Objetiva<\/strong> \u2014 obrigat\u00f3ria para todos os cargos, de <strong>car\u00e1ter classificat\u00f3rio e eliminat\u00f3rio<\/strong>. Ser\u00e1 aplicada no dia <strong>17 de maio de 2026<\/strong>, em dois turnos: das 09h00 \u00e0s 12h00 (manh\u00e3) ou das 14h00 \u00e0s 17h00 (tarde), com dura\u00e7\u00e3o de <strong>3 horas<\/strong> em cada turno. A prova ser\u00e1 composta por quest\u00f5es de m\u00faltipla escolha, abrangendo disciplinas e conte\u00fados espec\u00edficos conforme o cargo. O candidato deve consultar o conte\u00fado program\u00e1tico detalhado nos Anexos do Edital.<\/li>\n<li><strong>Prova de T\u00edtulos<\/strong> \u2014 destinada aos cargos que preveem essa etapa, conforme especificado no edital. Os candidatos dever\u00e3o apresentar a documenta\u00e7\u00e3o comprobat\u00f3ria dentro do prazo estabelecido no cronograma oficial (Anexo IV do Edital). Trata-se de etapa de <strong>car\u00e1ter classificat\u00f3rio<\/strong>, na qual s\u00e3o pontuados t\u00edtulos acad\u00eamicos e de qualifica\u00e7\u00e3o profissional.<\/li>\n<li><strong>Etapas espec\u00edficas para o cargo de Guarda Civil Municipal:<\/strong> al\u00e9m da Prova Objetiva, os candidatos ao cargo de Guarda Civil Municipal ser\u00e3o submetidos a etapas adicionais, todas de <strong>car\u00e1ter eliminat\u00f3rio<\/strong>:\n<ul>\n<li><em>Exame M\u00e9dico<\/em> \u2014 avalia\u00e7\u00e3o das condi\u00e7\u00f5es de sa\u00fade f\u00edsica do candidato;<\/li>\n<li><em>Teste de Aptid\u00e3o F\u00edsica (TAF)<\/em> \u2014 avalia\u00e7\u00e3o do condicionamento f\u00edsico;<\/li>\n<li><em>Avalia\u00e7\u00e3o Psicol\u00f3gica (Psicot\u00e9cnico)<\/em> \u2014 an\u00e1lise do perfil psicol\u00f3gico para o exerc\u00edcio da fun\u00e7\u00e3o;<\/li>\n<li><em>Investiga\u00e7\u00e3o Social<\/em> \u2014 verifica\u00e7\u00e3o de antecedentes e conduta do candidato;<\/li>\n<li><em>Curso de Forma\u00e7\u00e3o Inicial<\/em> \u2014 etapa final de capacita\u00e7\u00e3o obrigat\u00f3ria para o exerc\u00edcio do cargo.<\/li>\n<\/ul>\n<\/li>\n<\/ul>\n<p>Para informa\u00e7\u00f5es completas sobre pontua\u00e7\u00e3o total, crit\u00e9rios de aprova\u00e7\u00e3o, notas m\u00ednimas exigidas em cada etapa e o conte\u00fado program\u00e1tico detalhado das provas, consulte o Edital n\u00ba 001\/2026 e seus Anexos no site <a href=\"https:\/\/www.idhtec.org.br\" target=\"_blank\" rel=\"noopener\">www.idhtec.org.br<\/a>.<\/p>\n<h2>Resultados e Gabarito<\/h2>\n<p>A divulga\u00e7\u00e3o dos resultados do Concurso P\u00fablico da Prefeitura de Cumaru \u2013 PE seguir\u00e1 o cronograma oficial estabelecido no Edital n\u00ba 001\/2026. Todas as publica\u00e7\u00f5es \u2014 incluindo <strong>gabaritos preliminares e definitivos<\/strong>, <strong>resultados preliminares e definitivos<\/strong> de cada etapa, bem como a <strong>classifica\u00e7\u00e3o final<\/strong> \u2014 ser\u00e3o disponibilizadas no site da organizadora <a href=\"https:\/\/www.idhtec.org.br\" target=\"_blank\" rel=\"noopener\">www.idhtec.org.br<\/a> e nos quadros de avisos da Prefeitura Municipal de Cumaru.<\/p>\n<p><strong>Classifica\u00e7\u00e3o final:<\/strong> a nota final dos candidatos ser\u00e1 calculada pela soma das notas obtidas em todas as provas aplic\u00e1veis ao respectivo cargo, respeitando-se os limites m\u00e1ximos de pontua\u00e7\u00e3o estipulados no edital. A lista final de classifica\u00e7\u00e3o apresentar\u00e1 todos os candidatos organizados por cargo, com suas respectivas notas.<\/p>\n<p><strong>Crit\u00e9rios de desempate:<\/strong> em caso de empate na nota final, ser\u00e3o aplicados os crit\u00e9rios de desempate previstos no edital. Recomendamos a leitura integral do documento para conhecer a ordem de preced\u00eancia dos crit\u00e9rios adotados.<\/p>\n<p><strong>Homologa\u00e7\u00e3o:<\/strong> ap\u00f3s a conclus\u00e3o de todas as etapas e o julgamento de eventuais recursos, o resultado final do concurso ser\u00e1 homologado pela autoridade competente da Prefeitura de Cumaru. A homologa\u00e7\u00e3o representa o ato oficial que valida todo o certame e autoriza a convoca\u00e7\u00e3o dos aprovados para posse, sendo publicada nos canais oficiais do munic\u00edpio.<\/p>\n<p><strong>Onde acompanhar:<\/strong><\/p>\n<ul>\n<li>Site da organizadora: <a href=\"https:\/\/www.idhtec.org.br\" target=\"_blank\" rel=\"noopener\">www.idhtec.org.br<\/a> \u2014 editais, gabaritos, resultados e respostas a recursos;<\/li>\n<li>Quadros de avisos da Prefeitura Municipal de Cumaru;<\/li>\n<li>Di\u00e1rio Oficial do Munic\u00edpio (para atos de homologa\u00e7\u00e3o e convoca\u00e7\u00e3o).<\/li>\n<\/ul>\n<p><strong>Importante:<\/strong> o acompanhamento de todas as publica\u00e7\u00f5es, prazos, convoca\u00e7\u00f5es e demais comunicados relativos ao concurso \u00e9 de <strong>responsabilidade exclusiva do candidato<\/strong>. Mantenha seus dados cadastrais atualizados e consulte regularmente os canais oficiais para n\u00e3o perder nenhuma etapa ou prazo do certame.<\/p>\n","protected":false},"excerpt":{"rendered":"<p>Concurso Pref. Cumaru (PE) com edital publicado! Vagas p\/ Professor e Guarda (Fund. a Sup.). Inscri\u00e7\u00f5es a partir de 16\/03. Sal\u00e1rios at\u00e9 R$5.1k. Confira!<\/p>\n","protected":false},"author":7,"featured_media":278979,"comment_status":"open","ping_status":"open","sticky":false,"template":"","format":"standard","meta":{"_acf_changed":false,"_breakdance_hide_in_design_set":false,"_breakdance_tags":"","footnotes":""},"categories":[6433,121,10,6434,111,100,20,6871,116,25],"tags":[54],"_amplo":[],"destaque":[],"instituicoes":[],"class_list":["post-278980","post","type-post","status-publish","format-standard","has-post-thumbnail","hentry","category-biologia-licenciatura","category-ciencias-sociais","category-direito","category-educacao-fisica-licenciatura","category-geografia","category-historia","category-letras","category-letras-ingles","category-matematica","category-pedagogia","tag-pernambuco"],"acf":{"_tipo_vagas":"vagas","_numero_vagas":"","_quadro_vagas":"","_cargos":"diversos","_cargos_especificos":"","_salario_max":"R$ 5130.63","_abertura":"20260316","_encerramento":"20260416","_inscricoes":"https:\/\/www.idhtec.org.br","_executora_concurso":"","_instituicao_concurso":[],"_link_adicional":null,"_anexos":null,"_produtos":null,"_vagas":"53 vagas","_salario_min":"R$ 1621","_instituicao":"Prefeitura Municipal de Cumaru","_edital":"https:\/\/www.agrobase.com.br\/concursos\/wp-content\/uploads\/sites\/4\/2026\/03\/edital-01-2026-da-prefeitura-de-cumaru-pe.pdf","_anexos_edital":"https:\/\/www.agrobase.com.br\/concursos\/wp-content\/uploads\/sites\/4\/2026\/03\/anexos-edital-01-2026-da-prefeitura-de-cumaru-pe.pdf","_fund_incompleto":"","_fund_completo":"<div>\r\n<table class=\"quadro\">\r\n<thead>\r\n<tr>\r\n<th class=\"hcargo\">Cargo<\/th>\r\n<th class=\"hvagas\">Vagas<\/th>\r\n<th class=\"hremuneracao\">Remunera\u00e7\u00e3o<\/th>\r\n<\/tr>\r\n<\/thead>\r\n    <tbody>\r\n      <td class=\"ccargos\">\r\n<span data-balloon-length=\"medium\" aria-label=\"Ens. Fundamental II (conclu\u00eddo) + Habilita\u00e7\u00e3o Cat. D + Curso Especializado para condutores de ve\u00edculos de emerg\u00eancia\" data-balloon-pos=\"up\">Motorista Cat. \u201cD\u201d \u2013 Sa\u00fade<\/span><\/td>\r\n<td class=\"cvagas\">02<\/td>\r\n<td class=\"cremuneracao\">R$ 1.621,00 \/40h<\/td>\r\n<\/tr><td class=\"ccargos\">\r\n<span data-balloon-length=\"medium\" aria-label=\"Ens. Fundamental II (conclu\u00eddo) + Habilita\u00e7\u00e3o Cat. D + Curso Especializado para condutores de ve\u00edculos de transporte escolar\" data-balloon-pos=\"up\">Motorista Cat. \u201cD\u201d \u2013 Educa\u00e7\u00e3o<\/span><\/td>\r\n<td class=\"cvagas\">04<\/td>\r\n<td class=\"cremuneracao\">R$ 1.621,00 \/40h<\/td>\r\n<\/tr>\r\n    <\/tbody>\r\n  <\/table>\r\n<\/div>","_medio":"<div>\r\n<table class=\"quadro\">\r\n<thead>\r\n<tr>\r\n<th class=\"hcargo\">Cargo<\/th>\r\n<th class=\"hvagas\">Vagas<\/th>\r\n<th class=\"hremuneracao\">Remunera\u00e7\u00e3o<\/th>\r\n<\/tr>\r\n<\/thead>\r\n    <tbody>\r\n      <td class=\"ccargos\">\r\n<span data-balloon-length=\"medium\" aria-label=\"Normal M\u00e9dio ou Magist\u00e9rio ou Normal Superior ou Licenciatura Plena em Pedagogia\" data-balloon-pos=\"up\">Professor I \u2013 Anos Iniciais<\/span><\/td>\r\n<td class=\"cvagas\">14<\/td>\r\n<td class=\"cremuneracao\">R$ 3.847,97 \/150 h\/a<\/td>\r\n<\/tr><td class=\"ccargos\">\r\n<span data-balloon-length=\"medium\" aria-label=\"Ensino M\u00e9dio conclu\u00eddo\" data-balloon-pos=\"up\">Assistente de Controle Interno<\/span><\/td>\r\n<td class=\"cvagas\">01<\/td>\r\n<td class=\"cremuneracao\">R$ 1.621,00 \/30h<\/td>\r\n<\/tr><td class=\"ccargos\">\r\n<span data-balloon-length=\"medium\" aria-label=\"Ensino M\u00e9dio + Habilita\u00e7\u00e3o Cat. AB\" data-balloon-pos=\"up\">Guarda Civil Municipal<\/span><\/td>\r\n<td class=\"cvagas\">05<\/td>\r\n<td class=\"cremuneracao\">R$ 1.722,15 \/40h<\/td>\r\n<\/tr>\r\n    <\/tbody>\r\n  <\/table>\r\n<\/div>","_superior":"<div>\r\n<table class=\"quadro\">\r\n<thead>\r\n<tr>\r\n<th class=\"hcargo\">Cargo<\/th>\r\n<th class=\"hvagas\">Vagas<\/th>\r\n<th class=\"hremuneracao\">Remunera\u00e7\u00e3o<\/th>\r\n<\/tr>\r\n<\/thead>\r\n    <tbody>\r\n      <tr>\r\n<td class=\"ccargos\">\r\n<span data-balloon-length=\"medium\" aria-label=\"Gradua\u00e7\u00e3o em Direito + Registro na OAB\" data-balloon-pos=\"up\">Advogado<\/span><\/td>\r\n<td class=\"cvagas\">01<\/td>\r\n<td class=\"cremuneracao\">R$ 2.200,00 \/30h<\/td>\r\n<\/tr><tr>\r\n<td class=\"ccargos\">\r\n<span data-balloon-length=\"medium\" aria-label=\"Licenciatura Plena em Ci\u00eancias Biol\u00f3gicas\" data-balloon-pos=\"up\">Professor II \u2013 Ci\u00eancias<\/span><\/td>\r\n<td class=\"cvagas\">03<\/td>\r\n<td class=\"cremuneracao\">R$ 5.130,63 \/200 h\/a<\/td>\r\n<\/tr><tr>\r\n<td class=\"ccargos\">\r\n<span data-balloon-length=\"medium\" aria-label=\"Licenciatura Plena em Ed. F\u00edsica + CREF\" data-balloon-pos=\"up\">Professor II \u2013 Educa\u00e7\u00e3o F\u00edsica<\/span><\/td>\r\n<td class=\"cvagas\">02<\/td>\r\n<td class=\"cremuneracao\">R$ 5.130,63 \/200 h\/a<\/td>\r\n<\/tr><tr>\r\n<td class=\"ccargos\">\r\n<span data-balloon-length=\"medium\" aria-label=\"Licenciatura Plena em Geografia ou Ci\u00eancias Sociais\" data-balloon-pos=\"up\">Professor II \u2013 Geografia<\/span><\/td>\r\n<td class=\"cvagas\">02<\/td>\r\n<td class=\"cremuneracao\">R$ 5.130,63 \/200 h\/a<\/td>\r\n<\/tr><tr>\r\n<td class=\"ccargos\">\r\n<span data-balloon-length=\"medium\" aria-label=\"Licenciatura Plena em Hist\u00f3ria ou Ci\u00eancias Sociais\" data-balloon-pos=\"up\">Professor II \u2013 Hist\u00f3ria<\/span><\/td>\r\n<td class=\"cvagas\">03<\/td>\r\n<td class=\"cremuneracao\">R$ 5.130,63 \/200 h\/a<\/td>\r\n<\/tr><tr>\r\n<td class=\"ccargos\">\r\n<span data-balloon-length=\"medium\" aria-label=\"Licenciatura Plena em LIBRAS\" data-balloon-pos=\"up\">Professor II \u2013 LIBRAS<\/span><\/td>\r\n<td class=\"cvagas\">01<\/td>\r\n<td class=\"cremuneracao\">R$ 5.130,63 \/200 h\/a<\/td>\r\n<\/tr><tr>\r\n<td class=\"ccargos\">\r\n<span data-balloon-length=\"medium\" aria-label=\"Gradua\u00e7\u00e3o em Letras com Habilita\u00e7\u00e3o em Ingl\u00eas\" data-balloon-pos=\"up\">Professor II \u2013 L\u00edngua Inglesa<\/span><\/td>\r\n<td class=\"cvagas\">03<\/td>\r\n<td class=\"cremuneracao\">R$ 5.130,63 \/200 h\/a<\/td>\r\n<\/tr><tr>\r\n<td class=\"ccargos\">\r\n<span data-balloon-length=\"medium\" aria-label=\"Licenciatura Plena em Letras com habilita\u00e7\u00e3o em Portugu\u00eas\" data-balloon-pos=\"up\">Professor II \u2013 L\u00edngua Portuguesa<\/span><\/td>\r\n<td class=\"cvagas\">06<\/td>\r\n<td class=\"cremuneracao\">R$ 5.130,63 \/200 h\/a<\/td>\r\n<\/tr><tr>\r\n<td class=\"ccargos\">\r\n<span data-balloon-length=\"medium\" aria-label=\"Licenciatura Plena em Matem\u00e1tica\" data-balloon-pos=\"up\">Professor II \u2013 Matem\u00e1tica<\/span><\/td>\r\n<td class=\"cvagas\">05<\/td>\r\n<td class=\"cremuneracao\">R$ 5.130,63 \/200 h\/a<\/td>\r\n<\/tr><tr>\r\n<td class=\"ccargos\">\r\n<span data-balloon-length=\"medium\" aria-label=\"Superior em Pedagogia + P\u00f3s gradua\u00e7\u00e3o Latu Sensu em Psicopedagogia\" data-balloon-pos=\"up\">Psicopedagogo<\/span><\/td>\r\n<td class=\"cvagas\">01<\/td>\r\n<td class=\"cremuneracao\">R$ 1.812,96 \/30h<\/td>\r\n<\/tr>\r\n    <\/tbody>\r\n  <\/table>\r\n<\/div>"},"_links":{"self":[{"href":"https:\/\/www.agrobase.com.br\/concursos\/wp-json\/wp\/v2\/posts\/278980","targetHints":{"allow":["GET"]}}],"collection":[{"href":"https:\/\/www.agrobase.com.br\/concursos\/wp-json\/wp\/v2\/posts"}],"about":[{"href":"https:\/\/www.agrobase.com.br\/concursos\/wp-json\/wp\/v2\/types\/post"}],"author":[{"embeddable":true,"href":"https:\/\/www.agrobase.com.br\/concursos\/wp-json\/wp\/v2\/users\/7"}],"replies":[{"embeddable":true,"href":"https:\/\/www.agrobase.com.br\/concursos\/wp-json\/wp\/v2\/comments?post=278980"}],"version-history":[{"count":1,"href":"https:\/\/www.agrobase.com.br\/concursos\/wp-json\/wp\/v2\/posts\/278980\/revisions"}],"predecessor-version":[{"id":278982,"href":"https:\/\/www.agrobase.com.br\/concursos\/wp-json\/wp\/v2\/posts\/278980\/revisions\/278982"}],"wp:featuredmedia":[{"embeddable":true,"href":"https:\/\/www.agrobase.com.br\/concursos\/wp-json\/wp\/v2\/media\/278979"}],"wp:attachment":[{"href":"https:\/\/www.agrobase.com.br\/concursos\/wp-json\/wp\/v2\/media?parent=278980"}],"wp:term":[{"taxonomy":"category","embeddable":true,"href":"https:\/\/www.agrobase.com.br\/concursos\/wp-json\/wp\/v2\/categories?post=278980"},{"taxonomy":"post_tag","embeddable":true,"href":"https:\/\/www.agrobase.com.br\/concursos\/wp-json\/wp\/v2\/tags?post=278980"},{"taxonomy":"_amplo","embeddable":true,"href":"https:\/\/www.agrobase.com.br\/concursos\/wp-json\/wp\/v2\/_amplo?post=278980"},{"taxonomy":"destaque","embeddable":true,"href":"https:\/\/www.agrobase.com.br\/concursos\/wp-json\/wp\/v2\/destaque?post=278980"},{"taxonomy":"instituicoes","embeddable":true,"href":"https:\/\/www.agrobase.com.br\/concursos\/wp-json\/wp\/v2\/instituicoes?post=278980"}],"curies":[{"name":"wp","href":"https:\/\/api.w.org\/{rel}","templated":true}]}}