{"id":278970,"date":"2026-03-13T07:30:16","date_gmt":"2026-03-13T10:30:16","guid":{"rendered":"https:\/\/www.agrobase.com.br\/concursos\/?p=278970"},"modified":"2026-03-12T12:17:59","modified_gmt":"2026-03-12T15:17:59","slug":"crt-rs-rs-selecao-publica-01-2026","status":"publish","type":"post","link":"https:\/\/www.agrobase.com.br\/concursos\/2026\/crt-rs-rs-selecao-publica-01-2026\/","title":{"rendered":"CRT RS (RS) &#8211; Sele\u00e7\u00e3o P\u00fablica 01\/2026"},"content":{"rendered":"<h2>Informa\u00e7\u00f5es Gerais<\/h2>\n<p>O <strong>Conselho Regional dos T\u00e9cnicos Industriais do Rio Grande do Sul (CRT-RS)<\/strong> publicou o <strong>Edital do Processo Seletivo n\u00ba 01\/2025<\/strong>, destinado ao provimento de <strong>13 vagas imediatas<\/strong>, al\u00e9m de forma\u00e7\u00e3o de <strong>cadastro de reserva (CR)<\/strong>, para os empregos p\u00fablicos de <strong>T\u00e9cnico Fiscal<\/strong> (10 vagas, distribu\u00eddas por modalidade) e <strong>Agente Administrativo<\/strong> (3 vagas). O ingresso se dar\u00e1 pelo <strong>regime celetista (CLT)<\/strong>, com carga hor\u00e1ria de <strong>40 horas semanais<\/strong>.<\/p>\n<p>As oportunidades s\u00e3o destinadas a candidatos com <strong>n\u00edvel m\u00e9dio\/t\u00e9cnico<\/strong>. As remunera\u00e7\u00f5es variam de <strong>R$ 2.500,00<\/strong> (Agente Administrativo) a <strong>R$ 3.500,00<\/strong> (T\u00e9cnico Fiscal, em todas as modalidades).<\/p>\n<p>O cargo de T\u00e9cnico Fiscal contempla diversas especialidades da \u00e1rea industrial, incluindo Eletrot\u00e9cnica, Mec\u00e2nica, Eletr\u00f4nica, Edifica\u00e7\u00f5es, Eletromec\u00e2nica, Telecomunica\u00e7\u00f5es, Mecatr\u00f4nica, Automa\u00e7\u00e3o Industrial e Agrimensura. Destaque para a modalidade de <strong>T\u00e9cnico Fiscal \u2013 T\u00e9cnico em Meio Ambiente<\/strong>, voltada a profissionais com forma\u00e7\u00e3o t\u00e9cnica na \u00e1rea ambiental. J\u00e1 o cargo de Agente Administrativo exige apenas ensino m\u00e9dio completo e CNH categoria B.<\/p>\n<p>A execu\u00e7\u00e3o do certame est\u00e1 a cargo da <strong>FUNDATEC (Funda\u00e7\u00e3o Universidade Empresa de Tecnologia e Ci\u00eancias)<\/strong>, e as provas est\u00e3o previstas para serem aplicadas em <strong>Porto Alegre\/RS<\/strong>. Continue a leitura para conferir todos os detalhes sobre inscri\u00e7\u00f5es, etapas e resultados deste processo seletivo.<\/p>\n<h2>Inscri\u00e7\u00f5es<\/h2>\n<p>As inscri\u00e7\u00f5es para o Processo Seletivo n\u00ba 01\/2025 do CRT-RS ser\u00e3o realizadas <strong>exclusivamente pela internet<\/strong>, por meio do site da FUNDATEC (<a href=\"http:\/\/www.fundatec.org.br\" target=\"_blank\" rel=\"noopener\">www.fundatec.org.br<\/a>), no per\u00edodo definido no Cronograma de Execu\u00e7\u00e3o do edital, com <strong>in\u00edcio em 09 de mar\u00e7o de 2026<\/strong> e <strong>encerramento \u00e0s 17h do dia 01 de abril de 2026<\/strong>.<\/p>\n<p>Para efetuar a inscri\u00e7\u00e3o, o candidato dever\u00e1 acessar o site da banca organizadora, preencher o formul\u00e1rio eletr\u00f4nico e realizar o pagamento do valor da taxa de inscri\u00e7\u00e3o correspondente ao emprego desejado. Ao se inscrever, o candidato dever\u00e1 assinalar concord\u00e2ncia com todos os termos do edital, incluindo a autoriza\u00e7\u00e3o para coleta e uso de dados pessoais e imagem, conforme a Lei Geral de Prote\u00e7\u00e3o de Dados (Lei n\u00ba 13.709\/2018).<\/p>\n<p><strong>Aten\u00e7\u00e3o:<\/strong> as inscri\u00e7\u00f5es ser\u00e3o submetidas ao sistema somente at\u00e9 \u00e0s <strong>17h do \u00faltimo dia do prazo<\/strong>. Ap\u00f3s esse hor\u00e1rio, n\u00e3o ser\u00e1 poss\u00edvel concluir a inscri\u00e7\u00e3o.<\/p>\n<p>Recomenda-se que o candidato acompanhe o status de sua inscri\u00e7\u00e3o diretamente no site da FUNDATEC, verificando a confirma\u00e7\u00e3o do pagamento e a homologa\u00e7\u00e3o. Para informa\u00e7\u00f5es completas sobre valores das taxas de inscri\u00e7\u00e3o, procedimentos para solicita\u00e7\u00e3o de isen\u00e7\u00e3o, prazo de pagamento do boleto e demais orienta\u00e7\u00f5es, consulte o <strong>edital completo<\/strong> dispon\u00edvel no site da banca organizadora.<\/p>\n<h2>Etapas e Provas<\/h2>\n<p>O Processo Seletivo P\u00fablico do CRT-RS ser\u00e1 composto por uma \u00fanica etapa de avalia\u00e7\u00e3o: a <strong>Prova Te\u00f3rico-Objetiva<\/strong>, de car\u00e1ter <strong>eliminat\u00f3rio e classificat\u00f3rio<\/strong>, aplic\u00e1vel a todos os empregos e modalidades.<\/p>\n<p>Confira os principais detalhes da prova:<\/p>\n<ul>\n<li><strong>Data prov\u00e1vel de aplica\u00e7\u00e3o:<\/strong> 26 de abril de 2026.<\/li>\n<li><strong>Local previsto:<\/strong> Porto Alegre\/RS.<\/li>\n<li><strong>Formato:<\/strong> quest\u00f5es objetivas (m\u00faltipla escolha), elaboradas com base nos programas de conte\u00fado constantes nos Anexos V e VI do edital, com grau de dificuldade compat\u00edvel com o n\u00edvel de escolaridade exigido para cada emprego.<\/li>\n<li><strong>Dura\u00e7\u00e3o para T\u00e9cnico Fiscal (todas as modalidades):<\/strong> 3 horas e 30 minutos para resolu\u00e7\u00e3o da prova e preenchimento da Folha Definitiva de Respostas.<\/li>\n<li><strong>Dura\u00e7\u00e3o para Agente Administrativo:<\/strong> 3 horas para resolu\u00e7\u00e3o da prova e preenchimento da Folha Definitiva de Respostas.<\/li>\n<\/ul>\n<p>As disciplinas cobradas e a distribui\u00e7\u00e3o de quest\u00f5es por \u00e1rea de conhecimento est\u00e3o detalhadas no <strong>Quadro Demonstrativo de Provas (Anexo II)<\/strong> do edital. Os conte\u00fados program\u00e1ticos completos encontram-se nos <strong>Anexos V e VI<\/strong>.<\/p>\n<p>Para conhecer os crit\u00e9rios de aprova\u00e7\u00e3o, a pontua\u00e7\u00e3o m\u00ednima exigida e demais regras da prova, consulte o edital na \u00edntegra no site da <strong>FUNDATEC<\/strong> (<a href=\"http:\/\/www.fundatec.org.br\" target=\"_blank\" rel=\"noopener\">www.fundatec.org.br<\/a>). Fique atento tamb\u00e9m ao cronograma oficial para eventuais atualiza\u00e7\u00f5es de data e local de aplica\u00e7\u00e3o.<\/p>\n<h2>Resultados e Gabarito<\/h2>\n<p>Ap\u00f3s a realiza\u00e7\u00e3o da Prova Te\u00f3rico-Objetiva, o CRT-RS e a FUNDATEC divulgar\u00e3o os resultados de forma progressiva, por meio de editais espec\u00edficos. Acompanhe as principais etapas de divulga\u00e7\u00e3o:<\/p>\n<ul>\n<li><strong>Homologa\u00e7\u00e3o das inscri\u00e7\u00f5es:<\/strong> ser\u00e1 publicada por meio de edital pr\u00f3prio, contendo tamb\u00e9m o parecer administrativo sobre os documentos dos candidatos que optaram por concorrer \u00e0s vagas destinadas a Pessoas com Defici\u00eancia (PcD), os pedidos deferidos e indeferidos de atendimento especial para o dia da prova, e os pedidos para concorrer \u00e0s vagas reservadas a Pessoas Negras, Ind\u00edgenas e Quilombolas (que ser\u00e3o avaliados posteriormente por Comiss\u00e3o Especial).<\/li>\n<li><strong>Resultado final e homologa\u00e7\u00e3o:<\/strong> ap\u00f3s a conclus\u00e3o de todas as etapas previstas no edital, ser\u00e1 publicado o <strong>Edital de Homologa\u00e7\u00e3o do Resultado Final<\/strong>, contendo <strong>5 (cinco) listas<\/strong> de classifica\u00e7\u00e3o, com a rela\u00e7\u00e3o dos candidatos aprovados por ordem de classifica\u00e7\u00e3o.<\/li>\n<\/ul>\n<p>A homologa\u00e7\u00e3o do resultado final ser\u00e1 realizada pelo <strong>Conselho Regional dos T\u00e9cnicos Industriais do Rio Grande do Sul (CRT-RS)<\/strong> e publicada no <strong>Di\u00e1rio Oficial da Uni\u00e3o<\/strong>, al\u00e9m de divulgada no site da FUNDATEC (<a href=\"http:\/\/www.fundatec.org.br\" target=\"_blank\" rel=\"noopener\">www.fundatec.org.br<\/a>).<\/p>\n<p>Para informa\u00e7\u00f5es sobre crit\u00e9rios de classifica\u00e7\u00e3o, crit\u00e9rios de desempate, validade do certame e possibilidade de prorroga\u00e7\u00e3o, consulte o edital completo.<\/p>\n<p><strong>Importante:<\/strong> o acompanhamento de todas as publica\u00e7\u00f5es oficiais \u2014 editais, convoca\u00e7\u00f5es, retifica\u00e7\u00f5es e demais comunicados \u2014 \u00e9 de <strong>responsabilidade exclusiva do candidato<\/strong>. Acesse regularmente o site da FUNDATEC e o Di\u00e1rio Oficial da Uni\u00e3o para n\u00e3o perder nenhum prazo.<\/p>\n","protected":false},"excerpt":{"rendered":"<p>Processo Seletivo CRT RS com edital publicado! Vagas p\/ T\u00e9cnico Fiscal e Agente Adm. (M\u00e9dio\/T\u00e9c.). Inscri\u00e7\u00f5es a partir de 09\/03. Sal\u00e1rios at\u00e9 R$3.5k. Confira!<\/p>\n","protected":false},"author":7,"featured_media":278969,"comment_status":"open","ping_status":"open","sticky":false,"template":"","format":"standard","meta":{"_acf_changed":false,"_breakdance_hide_in_design_set":false,"_breakdance_tags":"","footnotes":""},"categories":[31,150],"tags":[58],"_amplo":[],"destaque":[],"instituicoes":[],"class_list":["post-278970","post","type-post","status-publish","format-standard","has-post-thumbnail","hentry","category-tecnico-ambiental","category-tecnico-eletronica","tag-rio-grande-sul"],"acf":{"_tipo_vagas":"vagas","_numero_vagas":"","_quadro_vagas":"","_cargos":"diversos","_cargos_especificos":"","_salario_max":"R$ 3500","_abertura":"20260309","_encerramento":"20260401","_inscricoes":"http:\/\/www.fundatec.org.br","_executora_concurso":"","_instituicao_concurso":[],"_link_adicional":null,"_anexos":null,"_produtos":null,"_vagas":"13 vagas + CR","_salario_min":"R$ 2500","_instituicao":"CRT RS","_edital":"https:\/\/www.agrobase.com.br\/concursos\/wp-content\/uploads\/sites\/4\/2026\/03\/edital-01-2026-da-crt-rs.pdf","_anexos_edital":"https:\/\/www.agrobase.com.br\/concursos\/wp-content\/uploads\/sites\/4\/2026\/03\/anexos-edital-01-2026-da-crt-rs.pdf","_fund_incompleto":"","_fund_completo":"","_medio":"<div>\r\n<table class=\"quadro\">\r\n<thead>\r\n<tr>\r\n<th class=\"hcargo\">Cargo<\/th>\r\n<th class=\"hvagas\">Vagas<\/th>\r\n<th class=\"hremuneracao\">Remunera\u00e7\u00e3o<\/th>\r\n<\/tr>\r\n<\/thead>\r\n    <tbody>\r\n      <td class=\"ccargos\">\r\n<span data-balloon-length=\"medium\" aria-label=\"Ensino m\u00e9dio completo, curso t\u00e9cnico em Eletrot\u00e9cnica, registro no conselho e CNH B\" data-balloon-pos=\"up\">T\u00e9cnico Fiscal - T\u00e9cnico em Eletrot\u00e9cnica<\/span><\/td>\r\n<td class=\"cvagas\">01 + CR<\/td>\r\n<td class=\"cremuneracao\">R$ 3.500,00 \/40h<\/td>\r\n<\/tr><td class=\"ccargos\">\r\n<span data-balloon-length=\"medium\" aria-label=\"Ensino m\u00e9dio completo, curso t\u00e9cnico em Mec\u00e2nica, registro no conselho e CNH B\" data-balloon-pos=\"up\">T\u00e9cnico Fiscal - T\u00e9cnico em Mec\u00e2nica<\/span><\/td>\r\n<td class=\"cvagas\">01 + CR<\/td>\r\n<td class=\"cremuneracao\">R$ 3.500,00 \/40h<\/td>\r\n<\/tr><td class=\"ccargos\">\r\n<span data-balloon-length=\"medium\" aria-label=\"Ensino m\u00e9dio completo, curso t\u00e9cnico em Eletr\u00f4nica, registro no conselho e CNH B\" data-balloon-pos=\"up\">T\u00e9cnico Fiscal - T\u00e9cnico em Eletr\u00f4nica<\/span><\/td>\r\n<td class=\"cvagas\">01 + CR<\/td>\r\n<td class=\"cremuneracao\">R$ 3.500,00 \/40h<\/td>\r\n<\/tr><td class=\"ccargos\">\r\n<span data-balloon-length=\"medium\" aria-label=\"Ensino m\u00e9dio completo, curso t\u00e9cnico em Edifica\u00e7\u00f5es, registro no conselho e CNH B\" data-balloon-pos=\"up\">T\u00e9cnico Fiscal - T\u00e9cnico em Edifica\u00e7\u00f5es<\/span><\/td>\r\n<td class=\"cvagas\">01 + CR<\/td>\r\n<td class=\"cremuneracao\">R$ 3.500,00 \/40h<\/td>\r\n<\/tr><td class=\"ccargos\">\r\n<span data-balloon-length=\"medium\" aria-label=\"Ensino m\u00e9dio completo, curso t\u00e9cnico em Eletromec\u00e2nica, registro no conselho e CNH B\" data-balloon-pos=\"up\">T\u00e9cnico Fiscal - T\u00e9cnico em Eletromec\u00e2nica<\/span><\/td>\r\n<td class=\"cvagas\">01 + CR<\/td>\r\n<td class=\"cremuneracao\">R$ 3.500,00 \/40h<\/td>\r\n<\/tr><td class=\"ccargos\">\r\n<span data-balloon-length=\"medium\" aria-label=\"Ensino m\u00e9dio completo, curso t\u00e9cnico em Telecomunica\u00e7\u00f5es, registro no conselho e CNH B\" data-balloon-pos=\"up\">T\u00e9cnico Fiscal - T\u00e9cnico em Telecomunica\u00e7\u00f5es<\/span><\/td>\r\n<td class=\"cvagas\">01 + CR<\/td>\r\n<td class=\"cremuneracao\">R$ 3.500,00 \/40h<\/td>\r\n<\/tr><td class=\"ccargos\">\r\n<span data-balloon-length=\"medium\" aria-label=\"Ensino m\u00e9dio completo, curso t\u00e9cnico em Meio Ambiente, registro no conselho e CNH B\" data-balloon-pos=\"up\">T\u00e9cnico Fiscal - T\u00e9cnico em Meio Ambiente<\/span><\/td>\r\n<td class=\"cvagas\">01 + CR<\/td>\r\n<td class=\"cremuneracao\">R$ 3.500,00 \/40h<\/td>\r\n<\/tr><td class=\"ccargos\">\r\n<span data-balloon-length=\"medium\" aria-label=\"Ensino m\u00e9dio completo, curso t\u00e9cnico em Mecatr\u00f4nica, registro no conselho e CNH B\" data-balloon-pos=\"up\">T\u00e9cnico Fiscal - T\u00e9cnico em Mecatr\u00f4nica<\/span><\/td>\r\n<td class=\"cvagas\">01 + CR<\/td>\r\n<td class=\"cremuneracao\">R$ 3.500,00 \/40h<\/td>\r\n<\/tr><td class=\"ccargos\">\r\n<span data-balloon-length=\"medium\" aria-label=\"Ensino m\u00e9dio completo, curso t\u00e9cnico em Automa\u00e7\u00e3o Industrial, registro no conselho e CNH B\" data-balloon-pos=\"up\">T\u00e9cnico Fiscal - T\u00e9cnico em Automa\u00e7\u00e3o Industrial<\/span><\/td>\r\n<td class=\"cvagas\">01 + CR<\/td>\r\n<td class=\"cremuneracao\">R$ 3.500,00 \/40h<\/td>\r\n<\/tr><td class=\"ccargos\">\r\n<span data-balloon-length=\"medium\" aria-label=\"Ensino m\u00e9dio completo, curso t\u00e9cnico em Agrimensura, registro no conselho e CNH B\" data-balloon-pos=\"up\">T\u00e9cnico Fiscal - T\u00e9cnico em Agrimensura<\/span><\/td>\r\n<td class=\"cvagas\">01 + CR<\/td>\r\n<td class=\"cremuneracao\">R$ 3.500,00 \/40h<\/td>\r\n<\/tr><td class=\"ccargos\">\r\n<span data-balloon-length=\"medium\" aria-label=\"Ensino m\u00e9dio completo e CNH B\" data-balloon-pos=\"up\">Agente Administrativo<\/span><\/td>\r\n<td class=\"cvagas\">03 + CR<\/td>\r\n<td class=\"cremuneracao\">R$ 2.500,00 \/40h<\/td>\r\n<\/tr>\r\n    <\/tbody>\r\n  <\/table>\r\n<\/div>","_superior":""},"_links":{"self":[{"href":"https:\/\/www.agrobase.com.br\/concursos\/wp-json\/wp\/v2\/posts\/278970","targetHints":{"allow":["GET"]}}],"collection":[{"href":"https:\/\/www.agrobase.com.br\/concursos\/wp-json\/wp\/v2\/posts"}],"about":[{"href":"https:\/\/www.agrobase.com.br\/concursos\/wp-json\/wp\/v2\/types\/post"}],"author":[{"embeddable":true,"href":"https:\/\/www.agrobase.com.br\/concursos\/wp-json\/wp\/v2\/users\/7"}],"replies":[{"embeddable":true,"href":"https:\/\/www.agrobase.com.br\/concursos\/wp-json\/wp\/v2\/comments?post=278970"}],"version-history":[{"count":1,"href":"https:\/\/www.agrobase.com.br\/concursos\/wp-json\/wp\/v2\/posts\/278970\/revisions"}],"predecessor-version":[{"id":278972,"href":"https:\/\/www.agrobase.com.br\/concursos\/wp-json\/wp\/v2\/posts\/278970\/revisions\/278972"}],"wp:featuredmedia":[{"embeddable":true,"href":"https:\/\/www.agrobase.com.br\/concursos\/wp-json\/wp\/v2\/media\/278969"}],"wp:attachment":[{"href":"https:\/\/www.agrobase.com.br\/concursos\/wp-json\/wp\/v2\/media?parent=278970"}],"wp:term":[{"taxonomy":"category","embeddable":true,"href":"https:\/\/www.agrobase.com.br\/concursos\/wp-json\/wp\/v2\/categories?post=278970"},{"taxonomy":"post_tag","embeddable":true,"href":"https:\/\/www.agrobase.com.br\/concursos\/wp-json\/wp\/v2\/tags?post=278970"},{"taxonomy":"_amplo","embeddable":true,"href":"https:\/\/www.agrobase.com.br\/concursos\/wp-json\/wp\/v2\/_amplo?post=278970"},{"taxonomy":"destaque","embeddable":true,"href":"https:\/\/www.agrobase.com.br\/concursos\/wp-json\/wp\/v2\/destaque?post=278970"},{"taxonomy":"instituicoes","embeddable":true,"href":"https:\/\/www.agrobase.com.br\/concursos\/wp-json\/wp\/v2\/instituicoes?post=278970"}],"curies":[{"name":"wp","href":"https:\/\/api.w.org\/{rel}","templated":true}]}}