{"id":278940,"date":"2026-03-12T08:00:20","date_gmt":"2026-03-12T11:00:20","guid":{"rendered":"https:\/\/www.agrobase.com.br\/concursos\/?p=278940"},"modified":"2026-03-11T14:07:42","modified_gmt":"2026-03-11T17:07:42","slug":"ufnt-to-concurso-13-2026","status":"publish","type":"post","link":"https:\/\/www.agrobase.com.br\/concursos\/2026\/ufnt-to-concurso-13-2026\/","title":{"rendered":"UFNT (TO) &#8211; Concurso 13\/2026"},"content":{"rendered":"<h2>Informa\u00e7\u00f5es Gerais<\/h2>\n<p>A <strong>Universidade Federal do Norte do Tocantins (UFNT)<\/strong> publicou edital de Concurso P\u00fablico de Provas e T\u00edtulos para provimento de <strong>24 vagas<\/strong> no cargo efetivo de <strong>Professor do Magist\u00e9rio Superior<\/strong>. O certame ser\u00e1 realizado na cidade de <strong>Aragua\u00edna-TO<\/strong>, sob execu\u00e7\u00e3o da Diretoria de Processos Seletivos (DIRSELET) da pr\u00f3pria universidade.<\/p>\n<p>As vagas s\u00e3o destinadas exclusivamente a candidatos com <strong>n\u00edvel superior<\/strong>, exigindo-se titula\u00e7\u00e3o m\u00ednima de mestrado ou doutorado conforme a \u00e1rea de atua\u00e7\u00e3o. A remunera\u00e7\u00e3o varia de <strong>R$ 4.105,95<\/strong> (regime de 20 horas) a <strong>R$ 14.928,96<\/strong>, com a maioria das vagas oferecendo regime de dedica\u00e7\u00e3o exclusiva de <strong>40 horas semanais<\/strong> e remunera\u00e7\u00e3o de <strong>R$ 10.770,78<\/strong>. O regime de contrata\u00e7\u00e3o \u00e9 estatut\u00e1rio, com v\u00ednculo efetivo junto \u00e0 administra\u00e7\u00e3o p\u00fablica federal.<\/p>\n<p>As oportunidades abrangem diversas \u00e1reas do conhecimento. Merecem destaque especial as vagas para <strong>Agronomia \/ Engenharia Agron\u00f4mica<\/strong> (duas vagas, nas sub\u00e1reas de Entomologia Agr\u00edcola e Fitopatologia) e <strong>Ci\u00eancias Biol\u00f3gicas<\/strong> (duas vagas, nas sub\u00e1reas de Zoologia de Invertebrados e Bot\u00e2nica) \u2014 \u00e1reas de grande interesse para profissionais das ci\u00eancias agr\u00e1rias e biol\u00f3gicas. Al\u00e9m dessas, h\u00e1 vagas para Engenharia Biom\u00e9dica, Engenharia de Software, Log\u00edstica, Marketing e Gest\u00e3o de M\u00eddias Digitais, Ci\u00eancias Sociais, Direito (oito vagas), Educa\u00e7\u00e3o do Campo (Artes) e Medicina (tr\u00eas vagas).<\/p>\n<p>Continue a leitura para conferir todos os detalhes sobre inscri\u00e7\u00f5es, etapas do concurso e como acompanhar os resultados.<\/p>\n<h2>Inscri\u00e7\u00f5es<\/h2>\n<p>As inscri\u00e7\u00f5es para o Concurso P\u00fablico da UFNT para Professor do Magist\u00e9rio Superior estar\u00e3o abertas <strong>das 09h do dia 09 de mar\u00e7o de 2026 at\u00e9 as 23h59 do dia 01 de abril de 2026<\/strong>, observado o hor\u00e1rio de Aragua\u00edna-TO.<\/p>\n<p>A inscri\u00e7\u00e3o ser\u00e1 realizada <strong>exclusivamente pela internet<\/strong>, por meio do Portal de Sistemas da UFNT, no endere\u00e7o eletr\u00f4nico <strong><a href=\"https:\/\/sistemas.ufnt.edu.br\/seletivos\" target=\"_blank\" rel=\"noopener\">https:\/\/sistemas.ufnt.edu.br\/seletivos<\/a><\/strong>. Para se inscrever, o candidato dever\u00e1 acessar o portal, preencher o formul\u00e1rio de solicita\u00e7\u00e3o de inscri\u00e7\u00e3o e seguir as orienta\u00e7\u00f5es dispon\u00edveis no sistema.<\/p>\n<p>A <strong>taxa \u00fanica de inscri\u00e7\u00e3o<\/strong> \u00e9 de <strong>R$ 260,00<\/strong>, v\u00e1lida para todas as vagas oferecidas no certame.<\/p>\n<p>\u00c9 importante ressaltar que a inscri\u00e7\u00e3o possui <strong>car\u00e1ter eliminat\u00f3rio<\/strong> e est\u00e1 sujeita \u00e0 confirma\u00e7\u00e3o pela banca organizadora. O candidato deve verificar se atende a todos os requisitos de titula\u00e7\u00e3o exigidos para a vaga pretendida antes de efetuar a inscri\u00e7\u00e3o.<\/p>\n<p>Recomenda-se que o candidato acompanhe o status de sua inscri\u00e7\u00e3o diretamente pelo portal de sistemas da UFNT e consulte o cronograma geral constante no Anexo II do edital para verificar prazos complementares, como data-limite para pagamento da taxa e eventuais procedimentos de isen\u00e7\u00e3o.<\/p>\n<p>Para informa\u00e7\u00f5es completas sobre documenta\u00e7\u00e3o exigida, crit\u00e9rios de isen\u00e7\u00e3o e demais procedimentos, leia atentamente o edital na \u00edntegra antes de realizar sua inscri\u00e7\u00e3o.<\/p>\n<h2>Etapas e Provas<\/h2>\n<p>O concurso p\u00fablico da UFNT para Professor do Magist\u00e9rio Superior ser\u00e1 realizado em <strong>duas etapas<\/strong>, divididas em fases, conforme descrito a seguir:<\/p>\n<p><strong>1\u00aa Etapa:<\/strong><\/p>\n<ul>\n<li><strong>Inscri\u00e7\u00e3o<\/strong> \u2014 Car\u00e1ter <strong>eliminat\u00f3rio<\/strong>, sujeita \u00e0 confirma\u00e7\u00e3o pela banca organizadora. O candidato que n\u00e3o tiver sua inscri\u00e7\u00e3o confirmada ser\u00e1 eliminado do certame.<\/li>\n<li><strong>Prova Escrita<\/strong> \u2014 Car\u00e1ter <strong>eliminat\u00f3rio e classificat\u00f3rio<\/strong>, aplicada a <strong>todas as vagas<\/strong>. Trata-se de exame de habilidades e conhecimentos espec\u00edficos da \u00e1rea de atua\u00e7\u00e3o correspondente \u00e0 vaga pretendida.<\/li>\n<li><strong>Procedimento de confirma\u00e7\u00e3o complementar \u00e0 autodeclara\u00e7\u00e3o e\/ou caracteriza\u00e7\u00e3o da condi\u00e7\u00e3o de pessoa com defici\u00eancia<\/strong> \u2014 Etapa destinada aos candidatos que concorrem por cotas raciais ou vagas reservadas a pessoas com defici\u00eancia, conforme legisla\u00e7\u00e3o vigente.<\/li>\n<\/ul>\n<p><strong>2\u00aa Etapa:<\/strong><\/p>\n<ul>\n<li><strong>Prova Did\u00e1tica<\/strong> \u2014 Car\u00e1ter <strong>eliminat\u00f3rio e classificat\u00f3rio<\/strong>, aplicada a <strong>todas as vagas<\/strong>. Consiste na apresenta\u00e7\u00e3o de aula sobre tema relacionado \u00e0 \u00e1rea de conhecimento da vaga, avaliando a capacidade did\u00e1tico-pedag\u00f3gica do candidato.<\/li>\n<li><strong>Prova de Defesa de Projeto de Pesquisa<\/strong> \u2014 Car\u00e1ter <strong>somente classificat\u00f3rio<\/strong>, aplicada <strong>apenas \u00e0s vagas cuja exig\u00eancia de titula\u00e7\u00e3o m\u00ednima for Mestrado ou Doutorado<\/strong>. O candidato dever\u00e1 apresentar e defender um projeto de pesquisa perante a banca examinadora.<\/li>\n<li><strong>Avalia\u00e7\u00e3o de T\u00edtulos<\/strong> \u2014 Car\u00e1ter <strong>somente classificat\u00f3rio<\/strong>, aplicada a <strong>todas as vagas<\/strong>. Ser\u00e3o avaliados t\u00edtulos acad\u00eamicos, produ\u00e7\u00e3o cient\u00edfica e experi\u00eancia profissional do candidato, conforme crit\u00e9rios definidos no edital.<\/li>\n<\/ul>\n<p>As datas previstas para aplica\u00e7\u00e3o de cada fase devem ser consultadas no cronograma geral dispon\u00edvel no Anexo II do edital. Recomenda-se a leitura integral do edital para conhecer o conte\u00fado program\u00e1tico completo, os crit\u00e9rios de pontua\u00e7\u00e3o, as notas m\u00ednimas para aprova\u00e7\u00e3o em cada fase e todas as regras espec\u00edficas do certame.<\/p>\n<h2>Resultados e Gabarito<\/h2>\n<p>Os resultados do Concurso P\u00fablico da UFNT para Professor do Magist\u00e9rio Superior ser\u00e3o divulgados de forma progressiva, conforme a conclus\u00e3o de cada fase do certame. O candidato dever\u00e1 acompanhar todas as publica\u00e7\u00f5es por meio do site oficial da universidade, no endere\u00e7o <strong><a href=\"https:\/\/ufnt.edu.br\/concursos-2\/\" target=\"_blank\" rel=\"noopener\">https:\/\/ufnt.edu.br\/concursos-2\/<\/a><\/strong>.<\/p>\n<p>A <strong>homologa\u00e7\u00e3o do resultado final<\/strong> ser\u00e1 realizada nos termos do art. 39 do Decreto Presidencial n\u00ba 9.739, de 28 de mar\u00e7o de 2019, e de seu Anexo III. A rela\u00e7\u00e3o dos candidatos aprovados ser\u00e1 publicada no <strong>Di\u00e1rio Oficial da Uni\u00e3o (DOU)<\/strong> e tamb\u00e9m divulgada no site da UFNT.<\/p>\n<p>Al\u00e9m do resultado final, o edital de abertura do concurso e suas eventuais retifica\u00e7\u00f5es tamb\u00e9m ser\u00e3o publicados no Di\u00e1rio Oficial da Uni\u00e3o e disponibilizados no portal da universidade. Dessa forma, os canais oficiais para acompanhamento s\u00e3o:<\/p>\n<ul>\n<li><strong>Di\u00e1rio Oficial da Uni\u00e3o (DOU)<\/strong> \u2014 para publica\u00e7\u00f5es com validade legal, incluindo a homologa\u00e7\u00e3o do resultado final.<\/li>\n<li><strong>Site da UFNT<\/strong> \u2014 <a href=\"https:\/\/ufnt.edu.br\/concursos-2\/\" target=\"_blank\" rel=\"noopener\">https:\/\/ufnt.edu.br\/concursos-2\/<\/a> \u2014 para divulga\u00e7\u00e3o de resultados parciais, cronogramas atualizados e demais comunicados.<\/li>\n<\/ul>\n<p>Quanto \u00e0 classifica\u00e7\u00e3o final, os crit\u00e9rios de pontua\u00e7\u00e3o e desempate seguem as regras estabelecidas no edital, considerando o desempenho nas fases eliminat\u00f3rias e classificat\u00f3rias (Prova Escrita, Prova Did\u00e1tica, Defesa de Projeto de Pesquisa e Avalia\u00e7\u00e3o de T\u00edtulos). Consulte o edital para conhecer os pesos atribu\u00eddos a cada etapa e os crit\u00e9rios de desempate aplic\u00e1veis.<\/p>\n<p><strong>\u00c9 responsabilidade exclusiva do candidato acompanhar todas as publica\u00e7\u00f5es oficiais, prazos para interposi\u00e7\u00e3o de recursos e convoca\u00e7\u00f5es relacionadas ao concurso.<\/strong> N\u00e3o deixe de verificar periodicamente os canais indicados para garantir que nenhuma informa\u00e7\u00e3o importante seja perdida.<\/p>\n","protected":false},"excerpt":{"rendered":"<p>Concurso UFNT (TO) com edital publicado! Vagas p\/ Professores (Superior). Inscri\u00e7\u00f5es a partir de 09\/03. Sal\u00e1rios at\u00e9 R$14.9k. Confira detalhes!<\/p>\n","protected":false},"author":7,"featured_media":278939,"comment_status":"open","ping_status":"open","sticky":false,"template":"","format":"standard","meta":{"_acf_changed":false,"_breakdance_hide_in_design_set":false,"_breakdance_tags":"","footnotes":""},"categories":[4,140,94,6433,8,126,121,10,151,125,103,142,18,21],"tags":[64],"_amplo":[],"destaque":[],"instituicoes":[],"class_list":["post-278940","post","type-post","status-publish","format-standard","has-post-thumbnail","hentry","category-agronomia","category-artes-plasticas","category-biblioteconomia","category-biologia-licenciatura","category-biotecnologia","category-ciencia-computacao","category-ciencias-sociais","category-direito","category-engenharia-computacao","category-engenharia-producao","category-engenharia-eletrica","category-engenharia-eletronica","category-fisioterapia","category-medicina","tag-tocantins"],"acf":{"_tipo_vagas":"vagas","_numero_vagas":"","_quadro_vagas":"","_cargos":"diversos","_cargos_especificos":"","_salario_max":"R$ 14928.96","_abertura":"20260309","_encerramento":"20260401","_inscricoes":"https:\/\/sistemas.ufnt.edu.br\/seletivos","_executora_concurso":"","_instituicao_concurso":[],"_link_adicional":null,"_anexos":null,"_produtos":null,"_vagas":"24 vagas","_salario_min":"R$ 4105.95","_instituicao":"UFNT","_edital":"https:\/\/www.agrobase.com.br\/concursos\/wp-content\/uploads\/sites\/4\/2026\/03\/edital-13-2026-da-ufnt-to.pdf","_anexos_edital":"","_fund_incompleto":"","_fund_completo":"","_medio":"","_superior":"<div>\r\n<table class=\"quadro\">\r\n<thead>\r\n<tr>\r\n<th class=\"hcargo\">Cargo<\/th>\r\n<th class=\"hvagas\">Vagas<\/th>\r\n<th class=\"hremuneracao\">Remunera\u00e7\u00e3o<\/th>\r\n<\/tr>\r\n<\/thead>\r\n    <tbody>\r\n      <tr>\r\n<td class=\"ccargos\">\r\n<span data-balloon-length=\"medium\" aria-label=\"Gradua\u00e7\u00e3o em Agronomia ou Engenharia Agron\u00f4mica e Doutorado em Entomologia com \u00e1rea de concentra\u00e7\u00e3o em Entomologia Agr\u00edcola\" data-balloon-pos=\"up\">Professor do Magist\u00e9rio Superior - Agronomia<\/span><\/td>\r\n<td class=\"cvagas\">01<\/td>\r\n<td class=\"cremuneracao\">R$ 10.770,78 \/40h<\/td>\r\n<\/tr><tr>\r\n<td class=\"ccargos\">\r\n<span data-balloon-length=\"medium\" aria-label=\"Gradua\u00e7\u00e3o em Agronomia ou Engenharia Agron\u00f4mica e Doutorado em Fitopatologia com \u00e1rea de concentra\u00e7\u00e3o em Fitopatologia, Fitossanidade ou Prote\u00e7\u00e3o de Plantas\" data-balloon-pos=\"up\">Professor do Magist\u00e9rio Superior - Agronomia<\/span><\/td>\r\n<td class=\"cvagas\">01<\/td>\r\n<td class=\"cremuneracao\">R$ 10.770,78 \/40h<\/td>\r\n<\/tr><tr>\r\n<td class=\"ccargos\">\r\n<span data-balloon-length=\"medium\" aria-label=\"Gradua\u00e7\u00e3o em Biologia ou Ci\u00eancias Biol\u00f3gicas ou Licenciatura e Doutorado em Ci\u00eancias ou Biol\u00f3gicas, na sub\u00e1rea de zoologia de invertebrados\" data-balloon-pos=\"up\">Professor do Magist\u00e9rio Superior - Ci\u00eancias Biol\u00f3gicas<\/span><\/td>\r\n<td class=\"cvagas\">01<\/td>\r\n<td class=\"cremuneracao\">R$ 10.770,78 \/40h<\/td>\r\n<\/tr><tr>\r\n<td class=\"ccargos\">\r\n<span data-balloon-length=\"medium\" aria-label=\"Gradua\u00e7\u00e3o em Biologia ou Ci\u00eancias Biol\u00f3gicas ou Licenciatura e Doutorado em Ci\u00eancias ou Biol\u00f3gicas, na sub\u00e1rea de bot\u00e2nica\" data-balloon-pos=\"up\">Professor do Magist\u00e9rio Superior - Ci\u00eancias Biol\u00f3gicas<\/span><\/td>\r\n<td class=\"cvagas\">01<\/td>\r\n<td class=\"cremuneracao\">R$ 10.770,78 \/40h<\/td>\r\n<\/tr><tr>\r\n<td class=\"ccargos\">\r\n<span data-balloon-length=\"medium\" aria-label=\"Gradua\u00e7\u00e3o em Fisioterapia e Doutorado em Ci\u00eancias da Sa\u00fade ou Ci\u00eancias Biol\u00f3gicas ou Ci\u00eancias Morfol\u00f3gicas ou Anatomia Humana ou Biotecnologia ou Engenharia Biom\u00e9dica ou Sa\u00fade P\u00fablica ou Ci\u00eancias\" data-balloon-pos=\"up\">Professor do Magist\u00e9rio Superior - Engenharia Biom\u00e9dica<\/span><\/td>\r\n<td class=\"cvagas\">01<\/td>\r\n<td class=\"cremuneracao\">R$ 4.105,95 \/20h<\/td>\r\n<\/tr><tr>\r\n<td class=\"ccargos\">\r\n<span data-balloon-length=\"medium\" aria-label=\"Gradua\u00e7\u00e3o em Engenharia Biom\u00e9dica e Doutorado em Engenharia Biom\u00e9dica ou Engenharia El\u00e9trica ou Engenharia da Computa\u00e7\u00e3o ou Engenharia Eletr\u00f4nica ou Engenharia de Automa\u00e7\u00e3o ou Engenharia Mecatr\u00f4nica\" data-balloon-pos=\"up\">Professor do Magist\u00e9rio Superior - Engenharia Biom\u00e9dica<\/span><\/td>\r\n<td class=\"cvagas\">01<\/td>\r\n<td class=\"cremuneracao\">R$ 10.770,78 \/40h<\/td>\r\n<\/tr><tr>\r\n<td class=\"ccargos\">\r\n<span data-balloon-length=\"medium\" aria-label=\"Gradua\u00e7\u00e3o em Ci\u00eancia da Computa\u00e7\u00e3o ou Engenharia de Software ou Engenharia da Computa\u00e7\u00e3o ou Sistemas de Informa\u00e7\u00e3o ou Licenciatura em Computa\u00e7\u00e3o ou Matem\u00e1tica e Doutorado em Ci\u00eancia da Computa\u00e7\u00e3o ou Engenharia de Software ou Engenharia da Computa\u00e7\u00e3o ou Sistemas de Informa\u00e7\u00e3o ou Matem\u00e1tica ou Educa\u00e7\u00e3o Matem\u00e1tica\" data-balloon-pos=\"up\">Professor do Magist\u00e9rio Superior - Engenharia de Software<\/span><\/td>\r\n<td class=\"cvagas\">01<\/td>\r\n<td class=\"cremuneracao\">R$ 10.770,78 \/40h<\/td>\r\n<\/tr><tr>\r\n<td class=\"ccargos\">\r\n<span data-balloon-length=\"medium\" aria-label=\"Gradua\u00e7\u00e3o em Ci\u00eancia da Computa\u00e7\u00e3o ou Engenharia de Software ou Engenharia da Computa\u00e7\u00e3o ou Sistemas de Informa\u00e7\u00e3o ou Licenciatura em Computa\u00e7\u00e3o e Doutorado em Ci\u00eancia da Computa\u00e7\u00e3o ou Engenharia de Software ou Engenharia da Computa\u00e7\u00e3o ou Sistemas de Informa\u00e7\u00e3o\" data-balloon-pos=\"up\">Professor do Magist\u00e9rio Superior - Engenharia de Software<\/span><\/td>\r\n<td class=\"cvagas\">02<\/td>\r\n<td class=\"cremuneracao\">R$ 10.770,78 \/40h<\/td>\r\n<\/tr><tr>\r\n<td class=\"ccargos\">\r\n<span data-balloon-length=\"medium\" aria-label=\"Gradua\u00e7\u00e3o em Ci\u00eancia da Computa\u00e7\u00e3o ou Engenharia de Software ou Engenharia da Computa\u00e7\u00e3o ou Sistemas de Informa\u00e7\u00e3o ou Licenciatura em Computa\u00e7\u00e3o e Doutorado em Ci\u00eancia da Computa\u00e7\u00e3o ou Engenharia de Software ou Engenharia da Computa\u00e7\u00e3o ou Sistemas de Informa\u00e7\u00e3o\" data-balloon-pos=\"up\">Professor do Magist\u00e9rio Superior - Engenharia de Software<\/span><\/td>\r\n<td class=\"cvagas\">01<\/td>\r\n<td class=\"cremuneracao\">R$ 10.770,78 \/40h<\/td>\r\n<\/tr><tr>\r\n<td class=\"ccargos\">\r\n<span data-balloon-length=\"medium\" aria-label=\"Gradua\u00e7\u00e3o em Engenharia de Produ\u00e7\u00e3o ou Engenharia de Transportes ou Tecnologia em Log\u00edstica ou Administra\u00e7\u00e3o ou Ci\u00eancias Cont\u00e1beis ou Gest\u00e3o da Produ\u00e7\u00e3o Industrial e Mestrado em Engenharia de Produ\u00e7\u00e3o ou Mestrado em Engenharia de Transportes ou Mestrado em Administra\u00e7\u00e3o ou Mestrado em Log\u00edstica ou Mestrado Profissional em Propriedade Intelectual e Transfer\u00eancia de Tecnologia para Inova\u00e7\u00e3o\" data-balloon-pos=\"up\">Professor do Magist\u00e9rio Superior - Log\u00edstica<\/span><\/td>\r\n<td class=\"cvagas\">01<\/td>\r\n<td class=\"cremuneracao\">R$ 10.770,78 \/40h<\/td>\r\n<\/tr><tr>\r\n<td class=\"ccargos\">\r\n<span data-balloon-length=\"medium\" aria-label=\"Gradua\u00e7\u00e3o em Comunica\u00e7\u00e3o organizacional ou Social ou Jornalismo ou Administra\u00e7\u00e3o ou Publicidade e Propaganda ou Marketing ou Marketing Digital ou Gest\u00e3o de M\u00eddias Digitais ou Audiovisual e Mestrado em Comunica\u00e7\u00e3o ou Social ou Publicidade e Propaganda ou Administra\u00e7\u00e3o ou Estudos de Cultura e Territ\u00f3rio ou Desenvolvimento Regional ou Audiovisual\" data-balloon-pos=\"up\">Professor do Magist\u00e9rio Superior - Marketing e Gest\u00e3o de M\u00eddias Digitais<\/span><\/td>\r\n<td class=\"cvagas\">01<\/td>\r\n<td class=\"cremuneracao\">R$ 10.770,78 \/40h<\/td>\r\n<\/tr><tr>\r\n<td class=\"ccargos\">\r\n<span data-balloon-length=\"medium\" aria-label=\"Gradua\u00e7\u00e3o em Ci\u00eancia da computa\u00e7\u00e3o ou Engenharia de Software ou Sistemas de Informa\u00e7\u00e3o ou Design Gr\u00e1fico ou An\u00e1lise e Desenvolvimento de Sistemas ou Banco de Dados ou Marketing Digital ou Biblioteconomia ou Ci\u00eancia de Dados ou Gest\u00e3o da Tecnologia da Informa\u00e7\u00e3o e Mestrado em Ci\u00eancia da Informa\u00e7\u00e3o ou Design ou Computa\u00e7\u00e3o Gr\u00e1fica ou Modelagem Computacional de Sistemas ou Mestrado Profissional em Propriedade Intelectual e Transfer\u00eancia de Tecnologia para Inova\u00e7\u00e3o ou Engenharia de Produ\u00e7\u00e3o\" data-balloon-pos=\"up\">Professor do Magist\u00e9rio Superior - Marketing e Gest\u00e3o de M\u00eddias Digitais<\/span><\/td>\r\n<td class=\"cvagas\">01<\/td>\r\n<td class=\"cremuneracao\">R$ 10.770,78 \/40h<\/td>\r\n<\/tr><tr>\r\n<td class=\"ccargos\">\r\n<span data-balloon-length=\"medium\" aria-label=\"Gradua\u00e7\u00e3o em Ci\u00eancias Sociais e Doutorado em Antropologia\" data-balloon-pos=\"up\">Professor do Magist\u00e9rio Superior - CI\u00caNCIAS SOCIAIS<\/span><\/td>\r\n<td class=\"cvagas\">01<\/td>\r\n<td class=\"cremuneracao\">R$ 10.770,78 \/40h<\/td>\r\n<\/tr><tr>\r\n<td class=\"ccargos\">\r\n<span data-balloon-length=\"medium\" aria-label=\"Bacharel em Direito e Mestrado em Direito ou Ci\u00eancias Sociais ou Ci\u00eancias Humanas e Inscri\u00e7\u00e3o Ativa na OAB\" data-balloon-pos=\"up\">Professor do Magist\u00e9rio Superior - Direito<\/span><\/td>\r\n<td class=\"cvagas\">01<\/td>\r\n<td class=\"cremuneracao\">R$ 10.770,78 \/40h<\/td>\r\n<\/tr><tr>\r\n<td class=\"ccargos\">\r\n<span data-balloon-length=\"medium\" aria-label=\"Bacharel em Direito e Mestrado em Direito ou Ci\u00eancias Sociais ou Ci\u00eancias Humanas\" data-balloon-pos=\"up\">Professor do Magist\u00e9rio Superior - Direito<\/span><\/td>\r\n<td class=\"cvagas\">01<\/td>\r\n<td class=\"cremuneracao\">R$ 10.770,78 \/40h<\/td>\r\n<\/tr><tr>\r\n<td class=\"ccargos\">\r\n<span data-balloon-length=\"medium\" aria-label=\"Bacharel em Direito e Mestrado em Direito ou Ci\u00eancias Sociais ou Ci\u00eancias Humanas\" data-balloon-pos=\"up\">Professor do Magist\u00e9rio Superior - Direito<\/span><\/td>\r\n<td class=\"cvagas\">01<\/td>\r\n<td class=\"cremuneracao\">R$ 10.770,78 \/40h<\/td>\r\n<\/tr><tr>\r\n<td class=\"ccargos\">\r\n<span data-balloon-length=\"medium\" aria-label=\"Bacharel em Direito e Mestrado em Direito ou Ci\u00eancias Sociais ou Ci\u00eancias Humanas e Inscri\u00e7\u00e3o Ativa na OAB\" data-balloon-pos=\"up\">Professor do Magist\u00e9rio Superior - Direito<\/span><\/td>\r\n<td class=\"cvagas\">01<\/td>\r\n<td class=\"cremuneracao\">R$ 10.770,78 \/40h<\/td>\r\n<\/tr><tr>\r\n<td class=\"ccargos\">\r\n<span data-balloon-length=\"medium\" aria-label=\"Bacharel em Direito e Mestrado em Direito ou Ci\u00eancias Sociais ou Ci\u00eancias Humanas\" data-balloon-pos=\"up\">Professor do Magist\u00e9rio Superior - Direito<\/span><\/td>\r\n<td class=\"cvagas\">01<\/td>\r\n<td class=\"cremuneracao\">R$ 10.770,78 \/40h<\/td>\r\n<\/tr><tr>\r\n<td class=\"ccargos\">\r\n<span data-balloon-length=\"medium\" aria-label=\"Bacharel em Direito e Mestrado em Direito ou Ci\u00eancias Sociais ou Ci\u00eancias Humanas\" data-balloon-pos=\"up\">Professor do Magist\u00e9rio Superior - Direito<\/span><\/td>\r\n<td class=\"cvagas\">01<\/td>\r\n<td class=\"cremuneracao\">R$ 10.770,78 \/40h<\/td>\r\n<\/tr><tr>\r\n<td class=\"ccargos\">\r\n<span data-balloon-length=\"medium\" aria-label=\"Bacharel em Direito e Mestrado em Direito ou Ci\u00eancias Sociais ou Ci\u00eancias Humanas\" data-balloon-pos=\"up\">Professor do Magist\u00e9rio Superior - Direito<\/span><\/td>\r\n<td class=\"cvagas\">01<\/td>\r\n<td class=\"cremuneracao\">R$ 10.770,78 \/40h<\/td>\r\n<\/tr><tr>\r\n<td class=\"ccargos\">\r\n<span data-balloon-length=\"medium\" aria-label=\"Gradua\u00e7\u00e3o em Licenciatura em Artes Pl\u00e1sticas ou Licenciatura em Artes Visuais ou Licenciatura em Educa\u00e7\u00e3o Art\u00edstica: com habilita\u00e7\u00e3o em Artes Pl\u00e1sticas e Doutorado em Artes ou Artes Visuais ou Educa\u00e7\u00e3o ou Interdisciplinar\" data-balloon-pos=\"up\">Professor do Magist\u00e9rio Superior - Educa\u00e7\u00e3o do Campo: Artes (Artes Visuais, Artes C\u00eanicas e M\u00fasica)<\/span><\/td>\r\n<td class=\"cvagas\">01<\/td>\r\n<td class=\"cremuneracao\">R$ 10.770,78 \/40h<\/td>\r\n<\/tr><tr>\r\n<td class=\"ccargos\">\r\n<span data-balloon-length=\"medium\" aria-label=\"Gradua\u00e7\u00e3o em Medicina e Resid\u00eancia M\u00e9dica em Medicina Intensiva ou T\u00edtulo de Especialista pela Associa\u00e7\u00e3o de Medicina Intensiva Brasileira ou Resid\u00eancia m\u00e9dica em cl\u00ednica m\u00e9dica\" data-balloon-pos=\"up\">Professor do Magist\u00e9rio Superior - Medicina<\/span><\/td>\r\n<td class=\"cvagas\">01<\/td>\r\n<td class=\"cremuneracao\">R$ 4.105,95 \/20h<\/td>\r\n<\/tr><tr>\r\n<td class=\"ccargos\">\r\n<span data-balloon-length=\"medium\" aria-label=\"Gradua\u00e7\u00e3o em Medicina e Resid\u00eancia M\u00e9dica em Radiologia e Diagn\u00f3stico por Imagem ou T\u00edtulo de Especialista pelo Col\u00e9gio Brasileiro de Radiologia e Diagn\u00f3stico por Imagem\" data-balloon-pos=\"up\">Professor do Magist\u00e9rio Superior - Medicina<\/span><\/td>\r\n<td class=\"cvagas\">01<\/td>\r\n<td class=\"cremuneracao\">R$ 4.105,95 \/20h<\/td>\r\n<\/tr><tr>\r\n<td class=\"ccargos\">\r\n<span data-balloon-length=\"medium\" aria-label=\"Gradua\u00e7\u00e3o em Medicina e Resid\u00eancia M\u00e9dica em Psiquiatria ou T\u00edtulo de Especialista pela Associa\u00e7\u00e3o Brasileira de Psiquiatria\" data-balloon-pos=\"up\">Professor do Magist\u00e9rio Superior - Medicina<\/span><\/td>\r\n<td class=\"cvagas\">01<\/td>\r\n<td class=\"cremuneracao\">R$ 4.105,95 \/20h<\/td>\r\n<\/tr><tr>\r\n<td class=\"ccargos\">\r\n<span data-balloon-length=\"medium\" aria-label=\"Bacharel em Direito e Mestrado em Direito ou Ci\u00eancias Sociais ou Ci\u00eancias Humanas\" data-balloon-pos=\"up\">Professor do Magist\u00e9rio Superior - Direito<\/span><\/td>\r\n<td class=\"cvagas\">01<\/td>\r\n<td class=\"cremuneracao\">R$ 10.770,78 \/40h<\/td>\r\n<\/tr>\r\n    <\/tbody>\r\n  <\/table>\r\n<\/div>"},"_links":{"self":[{"href":"https:\/\/www.agrobase.com.br\/concursos\/wp-json\/wp\/v2\/posts\/278940","targetHints":{"allow":["GET"]}}],"collection":[{"href":"https:\/\/www.agrobase.com.br\/concursos\/wp-json\/wp\/v2\/posts"}],"about":[{"href":"https:\/\/www.agrobase.com.br\/concursos\/wp-json\/wp\/v2\/types\/post"}],"author":[{"embeddable":true,"href":"https:\/\/www.agrobase.com.br\/concursos\/wp-json\/wp\/v2\/users\/7"}],"replies":[{"embeddable":true,"href":"https:\/\/www.agrobase.com.br\/concursos\/wp-json\/wp\/v2\/comments?post=278940"}],"version-history":[{"count":1,"href":"https:\/\/www.agrobase.com.br\/concursos\/wp-json\/wp\/v2\/posts\/278940\/revisions"}],"predecessor-version":[{"id":278942,"href":"https:\/\/www.agrobase.com.br\/concursos\/wp-json\/wp\/v2\/posts\/278940\/revisions\/278942"}],"wp:featuredmedia":[{"embeddable":true,"href":"https:\/\/www.agrobase.com.br\/concursos\/wp-json\/wp\/v2\/media\/278939"}],"wp:attachment":[{"href":"https:\/\/www.agrobase.com.br\/concursos\/wp-json\/wp\/v2\/media?parent=278940"}],"wp:term":[{"taxonomy":"category","embeddable":true,"href":"https:\/\/www.agrobase.com.br\/concursos\/wp-json\/wp\/v2\/categories?post=278940"},{"taxonomy":"post_tag","embeddable":true,"href":"https:\/\/www.agrobase.com.br\/concursos\/wp-json\/wp\/v2\/tags?post=278940"},{"taxonomy":"_amplo","embeddable":true,"href":"https:\/\/www.agrobase.com.br\/concursos\/wp-json\/wp\/v2\/_amplo?post=278940"},{"taxonomy":"destaque","embeddable":true,"href":"https:\/\/www.agrobase.com.br\/concursos\/wp-json\/wp\/v2\/destaque?post=278940"},{"taxonomy":"instituicoes","embeddable":true,"href":"https:\/\/www.agrobase.com.br\/concursos\/wp-json\/wp\/v2\/instituicoes?post=278940"}],"curies":[{"name":"wp","href":"https:\/\/api.w.org\/{rel}","templated":true}]}}