{"id":278935,"date":"2026-03-12T08:10:27","date_gmt":"2026-03-12T11:10:27","guid":{"rendered":"https:\/\/www.agrobase.com.br\/concursos\/?p=278935"},"modified":"2026-03-11T14:11:07","modified_gmt":"2026-03-11T17:11:07","slug":"prefeitura-porto-feliz-sp-concurso-01-2026","status":"publish","type":"post","link":"https:\/\/www.agrobase.com.br\/concursos\/2026\/prefeitura-porto-feliz-sp-concurso-01-2026\/","title":{"rendered":"Prefeitura Porto Feliz (SP) &#8211; Concurso 01\/2026"},"content":{"rendered":"<h2>Informa\u00e7\u00f5es Gerais<\/h2>\n<p>A <strong>Prefeitura Municipal de Porto Feliz<\/strong>, no interior do Estado de S\u00e3o Paulo, tornou p\u00fablica a realiza\u00e7\u00e3o de <strong>Concurso P\u00fablico<\/strong> destinado ao provimento de cargos p\u00fablicos sob <strong>Regime Jur\u00eddico Estatut\u00e1rio<\/strong> e \u00e0 forma\u00e7\u00e3o de <strong>cadastro reserva<\/strong> em diversas \u00e1reas da Educa\u00e7\u00e3o municipal.<\/p>\n<p>O certame oferece oportunidades para profissionais de <strong>tr\u00eas n\u00edveis de escolaridade<\/strong>: Fundamental Completo, M\u00e9dio\/T\u00e9cnico e Superior. As remunera\u00e7\u00f5es variam de <strong>R$ 2.012,93<\/strong> a <strong>R$ 8.467,39<\/strong>, com cargas hor\u00e1rias que v\u00e3o de 20h a 40h semanais. Todas as vagas s\u00e3o destinadas \u00e0 forma\u00e7\u00e3o de <strong>cadastro reserva (CR)<\/strong>.<\/p>\n<p>Entre os cargos dispon\u00edveis, destacam-se oportunidades na \u00e1rea da <strong>Educa\u00e7\u00e3o B\u00e1sica<\/strong>, com vagas para professores de diversas disciplinas \u2014 como L\u00edngua Portuguesa, Matem\u00e1tica, Ci\u00eancias, Hist\u00f3ria, Geografia, Ingl\u00eas, Arte e Educa\u00e7\u00e3o F\u00edsica \u2014, al\u00e9m de cargos de <strong>Diretor de Escola<\/strong>, <strong>Professor Coordenador Pedag\u00f3gico<\/strong>, <strong>Psic\u00f3logo Educacional<\/strong>, <strong>Psicopedagogo Institucional<\/strong>, <strong>Professor Especialista em Defici\u00eancia Intelectual<\/strong> e <strong>Professor Interlocutor de Libras<\/strong>. Para o n\u00edvel fundamental, h\u00e1 vagas para Inspetor de Alunos e Instrutor de Projetos Educacionais na modalidade Musicaliza\u00e7\u00e3o, enquanto o n\u00edvel m\u00e9dio contempla o cargo de Auxiliar de Educa\u00e7\u00e3o Infantil.<\/p>\n<p>A organiza\u00e7\u00e3o do concurso est\u00e1 a cargo do <strong>Instituto Avalia<\/strong>, e as provas est\u00e3o previstas para serem aplicadas na cidade de Porto Feliz\/SP. Continue a leitura para conferir todos os detalhes sobre inscri\u00e7\u00f5es, etapas de sele\u00e7\u00e3o e como acompanhar os resultados.<\/p>\n<h2>Inscri\u00e7\u00f5es<\/h2>\n<p>As inscri\u00e7\u00f5es para o Concurso P\u00fablico da Prefeitura de Porto Feliz\/SP ser\u00e3o realizadas <strong>exclusivamente pela internet<\/strong>, por meio do site <strong><a href=\"https:\/\/www.avalia.org.br\" target=\"_blank\" rel=\"noopener\">www.avalia.org.br<\/a><\/strong>. N\u00e3o ser\u00e3o aceitas inscri\u00e7\u00f5es efetuadas de forma diversa da estabelecida no edital.<\/p>\n<p>O per\u00edodo de inscri\u00e7\u00f5es ter\u00e1 in\u00edcio \u00e0s <strong>15h00 do dia 04 de mar\u00e7o de 2026<\/strong> e se encerrar\u00e1 \u00e0s <strong>19h00 do dia 07 de abril de 2026<\/strong>, observado o hor\u00e1rio oficial de Bras\u00edlia\/DF.<\/p>\n<p>Para se inscrever, o candidato dever\u00e1 seguir os seguintes passos:<\/p>\n<ul>\n<li>Acessar o endere\u00e7o eletr\u00f4nico <strong>www.avalia.org.br<\/strong> durante o per\u00edodo de inscri\u00e7\u00f5es;<\/li>\n<li>Ler e aceitar as disposi\u00e7\u00f5es contidas no edital;<\/li>\n<li>Preencher o <strong>Formul\u00e1rio de Solicita\u00e7\u00e3o de Inscri\u00e7\u00e3o<\/strong>, informando o cargo desejado e os dados pessoais solicitados;<\/li>\n<li>Gerar e imprimir o <strong>boleto banc\u00e1rio<\/strong> referente \u00e0 taxa de inscri\u00e7\u00e3o;<\/li>\n<li>Efetuar o pagamento do boleto at\u00e9 a data-limite estabelecida no edital.<\/li>\n<\/ul>\n<p>Os valores das taxas de inscri\u00e7\u00e3o est\u00e3o definidos conforme o n\u00edvel de escolaridade do cargo pretendido, de acordo com a Tabela 2.1 do edital. Recomenda-se que o candidato consulte o documento oficial para verificar o valor exato correspondente ao seu cargo de interesse.<\/p>\n<p>Candidatos que se enquadrem nos crit\u00e9rios de isen\u00e7\u00e3o da taxa de inscri\u00e7\u00e3o devem observar as condi\u00e7\u00f5es e os prazos espec\u00edficos descritos no edital para formalizar a solicita\u00e7\u00e3o.<\/p>\n<p>Ap\u00f3s a inscri\u00e7\u00e3o, \u00e9 fundamental que o candidato acompanhe o status de sua inscri\u00e7\u00e3o e eventuais comunicados por meio da \u00e1rea restrita no site do Instituto Avalia. Para garantir total seguran\u00e7a no processo, <strong>recomenda-se a leitura integral do edital<\/strong> antes de efetuar a inscri\u00e7\u00e3o.<\/p>\n<h2>Etapas e Provas<\/h2>\n<p>O Concurso P\u00fablico da Prefeitura de Porto Feliz\/SP ser\u00e1 composto por etapas distintas conforme o n\u00edvel de escolaridade do cargo, organizadas da seguinte forma:<\/p>\n<ul>\n<li><strong>Cargos de N\u00edvel Fundamental e M\u00e9dio:<\/strong> fase \u00fanica, composta por <strong>Prova Objetiva<\/strong>, de car\u00e1ter <strong>eliminat\u00f3rio e classificat\u00f3rio<\/strong>.<\/li>\n<li><strong>Cargos de N\u00edvel Superior:<\/strong> duas fases \u2014 <strong>1\u00aa fase:<\/strong> Prova Objetiva, de car\u00e1ter <strong>eliminat\u00f3rio e classificat\u00f3rio<\/strong>; <strong>2\u00aa fase:<\/strong> Prova de T\u00edtulos, de car\u00e1ter exclusivamente <strong>classificat\u00f3rio<\/strong>.<\/li>\n<\/ul>\n<p><strong>Prova Objetiva<\/strong><\/p>\n<p>A Prova Objetiva ser\u00e1 aplicada para todos os cargos e est\u00e1 prevista para a <strong>data prov\u00e1vel de 26 de abril de 2026<\/strong>, na cidade de <strong>Porto Feliz\/SP<\/strong>, podendo ser aplicada tamb\u00e9m em cidades vizinhas caso o n\u00famero de inscritos exceda a capacidade de aloca\u00e7\u00e3o do munic\u00edpio. O hor\u00e1rio e o local exatos ser\u00e3o divulgados por meio de edital espec\u00edfico no site <strong>www.avalia.org.br<\/strong> e no Cart\u00e3o de Informa\u00e7\u00e3o do Candidato.<\/p>\n<p>A prova ter\u00e1 <strong>dura\u00e7\u00e3o de 3 (tr\u00eas) horas<\/strong>, inclu\u00eddo o tempo para marca\u00e7\u00e3o na Folha de Respostas. As quest\u00f5es ser\u00e3o no formato de <strong>m\u00faltipla escolha<\/strong>, abrangendo disciplinas e conte\u00fados definidos no edital conforme o cargo pretendido.<\/p>\n<p><strong>Prova de T\u00edtulos<\/strong><\/p>\n<p>A Prova de T\u00edtulos ser\u00e1 aplicada <strong>exclusivamente aos candidatos de N\u00edvel Superior<\/strong> aprovados na Prova Objetiva. Trata-se de etapa de car\u00e1ter <strong>classificat\u00f3rio<\/strong>, ou seja, n\u00e3o elimina o candidato, mas pode acrescentar pontos \u00e0 classifica\u00e7\u00e3o final. Os crit\u00e9rios de pontua\u00e7\u00e3o e os documentos aceitos est\u00e3o detalhados no edital.<\/p>\n<p>Para informa\u00e7\u00f5es completas sobre conte\u00fado program\u00e1tico, crit\u00e9rios de aprova\u00e7\u00e3o, notas m\u00ednimas e pontua\u00e7\u00e3o de cada etapa, <strong>consulte o edital na \u00edntegra<\/strong> no site do Instituto Avalia e acompanhe o cronograma oficial do certame.<\/p>\n<h2>Resultados e Gabarito<\/h2>\n<p>Os resultados do Concurso P\u00fablico da Prefeitura de Porto Feliz\/SP ser\u00e3o divulgados de forma progressiva, acompanhando cada etapa do certame. Os candidatos devem acompanhar as publica\u00e7\u00f5es nos seguintes canais oficiais:<\/p>\n<ul>\n<li><strong>Site do Instituto Avalia:<\/strong> <a href=\"https:\/\/www.avalia.org.br\" target=\"_blank\" rel=\"noopener\">www.avalia.org.br<\/a><\/li>\n<li><strong>Di\u00e1rio Oficial<\/strong> do Munic\u00edpio de Porto Feliz<\/li>\n<\/ul>\n<p>Ap\u00f3s a aplica\u00e7\u00e3o da Prova Objetiva, ser\u00e1 divulgado o <strong>gabarito preliminar<\/strong>, abrindo-se prazo para interposi\u00e7\u00e3o de recursos. Em seguida, ser\u00e1 publicado o <strong>gabarito definitivo<\/strong>, j\u00e1 considerando eventuais altera\u00e7\u00f5es decorrentes dos recursos analisados.<\/p>\n<p>Os resultados preliminares e definitivos de cada etapa \u2014 Prova Objetiva e Prova de T\u00edtulos (para cargos de n\u00edvel superior) \u2014 ser\u00e3o publicados nos canais mencionados, sempre com abertura de prazo recursal entre as fases preliminar e definitiva.<\/p>\n<p>O <strong>resultado final<\/strong> do Concurso P\u00fablico ser\u00e1 divulgado por meio de tr\u00eas listagens:<\/p>\n<ul>\n<li><strong>Lista Geral:<\/strong> classifica\u00e7\u00e3o de todos os candidatos habilitados, incluindo aqueles inscritos como afrodescendentes, ind\u00edgenas ou pessoas com defici\u00eancia, em ordem de classifica\u00e7\u00e3o por cargo;<\/li>\n<li><strong>Lista de Pessoas com Defici\u00eancia;<\/strong><\/li>\n<li><strong>Lista de candidatos afrodescendentes ou ind\u00edgenas.<\/strong><\/li>\n<\/ul>\n<p>Ap\u00f3s a an\u00e1lise de todos os recursos interpostos, o resultado final ser\u00e1 <strong>homologado pela Prefeitura Municipal de Porto Feliz<\/strong> e publicado no Di\u00e1rio Oficial e no site do Instituto Avalia. A homologa\u00e7\u00e3o \u00e9 o ato administrativo que oficializa o encerramento do certame e valida a classifica\u00e7\u00e3o final dos aprovados.<\/p>\n<p>Os crit\u00e9rios de desempate e a ordem de classifica\u00e7\u00e3o final est\u00e3o detalhados no edital e devem ser consultados pelo candidato para pleno conhecimento das regras aplic\u00e1veis.<\/p>\n<p><strong>Aten\u00e7\u00e3o:<\/strong> o acompanhamento de todas as publica\u00e7\u00f5es, editais complementares, convoca\u00e7\u00f5es e demais comunicados oficiais \u00e9 de <strong>responsabilidade exclusiva do candidato<\/strong>. Recomenda-se verificar periodicamente os canais oficiais durante toda a validade do concurso para n\u00e3o perder prazos ou convoca\u00e7\u00f5es importantes.<\/p>\n","protected":false},"excerpt":{"rendered":"<p>Concurso Pref. Porto Feliz (SP) com edital publicado! Vagas p\/ Professor e Diretor (Fund. a Sup.). Inscri\u00e7\u00f5es a partir de 04\/03. Sal\u00e1rios at\u00e9 R$ 8.4k. Confira!<\/p>\n","protected":false},"author":7,"featured_media":278934,"comment_status":"open","ping_status":"open","sticky":false,"template":"","format":"standard","meta":{"_acf_changed":false,"_breakdance_hide_in_design_set":false,"_breakdance_tags":"","footnotes":""},"categories":[6433,6434,111,100,20,6871,116,25,26],"tags":[62],"_amplo":[],"destaque":[],"instituicoes":[],"class_list":["post-278935","post","type-post","status-publish","format-standard","has-post-thumbnail","hentry","category-biologia-licenciatura","category-educacao-fisica-licenciatura","category-geografia","category-historia","category-letras","category-letras-ingles","category-matematica","category-pedagogia","category-psicologia","tag-sao-paulo"],"acf":{"_tipo_vagas":"vagas","_numero_vagas":"","_quadro_vagas":"","_cargos":"diversos","_cargos_especificos":"","_salario_max":"R$ 8467.39","_abertura":"20260304","_encerramento":"20260407","_inscricoes":"https:\/\/www.avalia.org.br","_executora_concurso":"","_instituicao_concurso":[],"_link_adicional":null,"_anexos":null,"_produtos":null,"_vagas":"Cadastro Reserva","_salario_min":"R$ 2012.93","_instituicao":"Prefeitura Municipal de Porto Feliz","_edital":"https:\/\/www.agrobase.com.br\/concursos\/wp-content\/uploads\/sites\/4\/2026\/03\/edital-01-2026-da-prefeitura-de-porto-feliz-sp.pdf","_anexos_edital":"https:\/\/www.agrobase.com.br\/concursos\/wp-content\/uploads\/sites\/4\/2026\/03\/anexos-edital-01-2026-da-prefeitura-de-porto-feliz-sp.pdf","_fund_incompleto":"","_fund_completo":"<div>\r\n<table class=\"quadro\">\r\n<thead>\r\n<tr>\r\n<th class=\"hcargo\">Cargo<\/th>\r\n<th class=\"hvagas\">Vagas<\/th>\r\n<th class=\"hremuneracao\">Remunera\u00e7\u00e3o<\/th>\r\n<\/tr>\r\n<\/thead>\r\n    <tbody>\r\n      <td class=\"ccargos\">\r\n<span data-balloon-length=\"medium\" aria-label=\"Ensino Fundamental completo\" data-balloon-pos=\"up\">Inspetor de Alunos<\/span><\/td>\r\n<td class=\"cvagas\">CR<\/td>\r\n<td class=\"cremuneracao\">R$ 2.012,93 \/40h<\/td>\r\n<\/tr><td class=\"ccargos\">\r\n<span data-balloon-length=\"medium\" aria-label=\"Ensino Fundamental Completo e experi\u00eancia comprovada ou certificado em m\u00fasica\/conservat\u00f3rio\" data-balloon-pos=\"up\">Instrutor de Projetos Educacionais - Modalidade Musicaliza\u00e7\u00e3o<\/span><\/td>\r\n<td class=\"cvagas\">CR<\/td>\r\n<td class=\"cremuneracao\">R$ 2.335,54 \/20h<\/td>\r\n<\/tr>\r\n    <\/tbody>\r\n  <\/table>\r\n<\/div>","_medio":"<div>\r\n<table class=\"quadro\">\r\n<thead>\r\n<tr>\r\n<th class=\"hcargo\">Cargo<\/th>\r\n<th class=\"hvagas\">Vagas<\/th>\r\n<th class=\"hremuneracao\">Remunera\u00e7\u00e3o<\/th>\r\n<\/tr>\r\n<\/thead>\r\n    <tbody>\r\n      <td class=\"ccargos\">\r\n<span data-balloon-length=\"medium\" aria-label=\"Ensino M\u00e9dio completo\" data-balloon-pos=\"up\">Auxiliar de Educa\u00e7\u00e3o Infantil<\/span><\/td>\r\n<td class=\"cvagas\">CR<\/td>\r\n<td class=\"cremuneracao\">R$ 2.012,93 \/30h<\/td>\r\n<\/tr>\r\n    <\/tbody>\r\n  <\/table>\r\n<\/div>","_superior":"<div>\r\n<table class=\"quadro\">\r\n<thead>\r\n<tr>\r\n<th class=\"hcargo\">Cargo<\/th>\r\n<th class=\"hvagas\">Vagas<\/th>\r\n<th class=\"hremuneracao\">Remunera\u00e7\u00e3o<\/th>\r\n<\/tr>\r\n<\/thead>\r\n    <tbody>\r\n      <tr>\r\n<td class=\"ccargos\">\r\n<span data-balloon-length=\"medium\" aria-label=\"Licenciatura Plena em Pedagogia ou P\u00f3s-Gradua\u00e7\u00e3o em Gest\u00e3o Escolar e 6 anos de efetivo exerc\u00edcio no magist\u00e9rio\" data-balloon-pos=\"up\">Diretor de Escola<\/span><\/td>\r\n<td class=\"cvagas\">CR<\/td>\r\n<td class=\"cremuneracao\">R$ 8.467,39 \/40h<\/td>\r\n<\/tr><tr>\r\n<td class=\"ccargos\">\r\n<span data-balloon-length=\"medium\" aria-label=\"Licenciatura Plena com habilita\u00e7\u00e3o espec\u00edfica e registro no CREF\" data-balloon-pos=\"up\">Professor Adjunto de Educa\u00e7\u00e3o B\u00e1sica II - Educa\u00e7\u00e3o F\u00edsica<\/span><\/td>\r\n<td class=\"cvagas\">CR<\/td>\r\n<td class=\"cremuneracao\">R$ 3.503,76 \/24h<\/td>\r\n<\/tr><tr>\r\n<td class=\"ccargos\">\r\n<span data-balloon-length=\"medium\" aria-label=\"Licenciatura Plena com habilita\u00e7\u00e3o espec\u00edfica na disciplina\" data-balloon-pos=\"up\">Professor Adjunto de Educa\u00e7\u00e3o B\u00e1sica II - L\u00edngua Portuguesa<\/span><\/td>\r\n<td class=\"cvagas\">CR<\/td>\r\n<td class=\"cremuneracao\">R$ 3.503,76 \/24h<\/td>\r\n<\/tr><tr>\r\n<td class=\"ccargos\">\r\n<span data-balloon-length=\"medium\" aria-label=\"Licenciatura Plena com habilita\u00e7\u00e3o espec\u00edfica na disciplina\" data-balloon-pos=\"up\">Professor Adjunto de Educa\u00e7\u00e3o B\u00e1sica II - Matem\u00e1tica<\/span><\/td>\r\n<td class=\"cvagas\">CR<\/td>\r\n<td class=\"cremuneracao\">R$ 3.503,76 \/24h<\/td>\r\n<\/tr><tr>\r\n<td class=\"ccargos\">\r\n<span data-balloon-length=\"medium\" aria-label=\"Curso Normal Superior ou Pedagogia com habilita\u00e7\u00e3o em Educa\u00e7\u00e3o Infantil\" data-balloon-pos=\"up\">Professor Adjunto de Educa\u00e7\u00e3o B\u00e1sica - Infantil<\/span><\/td>\r\n<td class=\"cvagas\">CR<\/td>\r\n<td class=\"cremuneracao\">R$ 4.379,72 \/30h<\/td>\r\n<\/tr><tr>\r\n<td class=\"ccargos\">\r\n<span data-balloon-length=\"medium\" aria-label=\"Curso Normal Superior ou Pedagogia com habilita\u00e7\u00e3o nos anos iniciais do Ensino Fundamental\" data-balloon-pos=\"up\">Professor Adjunto de Educa\u00e7\u00e3o B\u00e1sica I<\/span><\/td>\r\n<td class=\"cvagas\">CR<\/td>\r\n<td class=\"cremuneracao\">R$ 4.379,72 \/30h<\/td>\r\n<\/tr><tr>\r\n<td class=\"ccargos\">\r\n<span data-balloon-length=\"medium\" aria-label=\"Licenciatura Plena em Pedagogia e no m\u00ednimo 3 anos de efetivo exerc\u00edcio no magist\u00e9rio\" data-balloon-pos=\"up\">Professor Coordenador Pedag\u00f3gico de Educa\u00e7\u00e3o B\u00e1sica<\/span><\/td>\r\n<td class=\"cvagas\">CR<\/td>\r\n<td class=\"cremuneracao\">R$ 7.007,48 \/40h<\/td>\r\n<\/tr><tr>\r\n<td class=\"ccargos\">\r\n<span data-balloon-length=\"medium\" aria-label=\"Curso Normal Superior ou Pedagogia com habilita\u00e7\u00e3o nos anos iniciais do Ensino Fundamental\" data-balloon-pos=\"up\">Professor de Educa\u00e7\u00e3o B\u00e1sica I<\/span><\/td>\r\n<td class=\"cvagas\">CR<\/td>\r\n<td class=\"cremuneracao\">R$ 4.379,72 \/30h<\/td>\r\n<\/tr><tr>\r\n<td class=\"ccargos\">\r\n<span data-balloon-length=\"medium\" aria-label=\"Licenciatura Plena com habilita\u00e7\u00e3o espec\u00edfica na disciplina\" data-balloon-pos=\"up\">Professor de Educa\u00e7\u00e3o B\u00e1sica II - Arte<\/span><\/td>\r\n<td class=\"cvagas\">CR<\/td>\r\n<td class=\"cremuneracao\">R$ 3.503,76 \/24h<\/td>\r\n<\/tr><tr>\r\n<td class=\"ccargos\">\r\n<span data-balloon-length=\"medium\" aria-label=\"Licenciatura Plena com habilita\u00e7\u00e3o espec\u00edfica na disciplina\" data-balloon-pos=\"up\">Professor de Educa\u00e7\u00e3o B\u00e1sica II - Ci\u00eancias<\/span><\/td>\r\n<td class=\"cvagas\">CR<\/td>\r\n<td class=\"cremuneracao\">R$ 3.503,76 \/24h<\/td>\r\n<\/tr><tr>\r\n<td class=\"ccargos\">\r\n<span data-balloon-length=\"medium\" aria-label=\"Licenciatura Plena com habilita\u00e7\u00e3o espec\u00edfica e registro no CREF\" data-balloon-pos=\"up\">Professor de Educa\u00e7\u00e3o B\u00e1sica II - Educa\u00e7\u00e3o F\u00edsica<\/span><\/td>\r\n<td class=\"cvagas\">CR<\/td>\r\n<td class=\"cremuneracao\">R$ 3.503,76 \/24h<\/td>\r\n<\/tr><tr>\r\n<td class=\"ccargos\">\r\n<span data-balloon-length=\"medium\" aria-label=\"Licenciatura Plena com habilita\u00e7\u00e3o espec\u00edfica na disciplina\" data-balloon-pos=\"up\">Professor de Educa\u00e7\u00e3o B\u00e1sica II - Geografia<\/span><\/td>\r\n<td class=\"cvagas\">CR<\/td>\r\n<td class=\"cremuneracao\">R$ 3.503,76 \/24h<\/td>\r\n<\/tr><tr>\r\n<td class=\"ccargos\">\r\n<span data-balloon-length=\"medium\" aria-label=\"Licenciatura Plena com habilita\u00e7\u00e3o espec\u00edfica na disciplina\" data-balloon-pos=\"up\">Professor de Educa\u00e7\u00e3o B\u00e1sica II - Hist\u00f3ria<\/span><\/td>\r\n<td class=\"cvagas\">CR<\/td>\r\n<td class=\"cremuneracao\">R$ 3.503,76 \/24h<\/td>\r\n<\/tr><tr>\r\n<td class=\"ccargos\">\r\n<span data-balloon-length=\"medium\" aria-label=\"Licenciatura Plena com habilita\u00e7\u00e3o espec\u00edfica na disciplina\" data-balloon-pos=\"up\">Professor de Educa\u00e7\u00e3o B\u00e1sica II - Ingl\u00eas<\/span><\/td>\r\n<td class=\"cvagas\">CR<\/td>\r\n<td class=\"cremuneracao\">R$ 3.503,76 \/24h<\/td>\r\n<\/tr><tr>\r\n<td class=\"ccargos\">\r\n<span data-balloon-length=\"medium\" aria-label=\"Licenciatura Plena com habilita\u00e7\u00e3o espec\u00edfica na disciplina\" data-balloon-pos=\"up\">Professor de Educa\u00e7\u00e3o B\u00e1sica II - L\u00edngua Portuguesa<\/span><\/td>\r\n<td class=\"cvagas\">CR<\/td>\r\n<td class=\"cremuneracao\">R$ 3.503,76 \/24h<\/td>\r\n<\/tr><tr>\r\n<td class=\"ccargos\">\r\n<span data-balloon-length=\"medium\" aria-label=\"Licenciatura Plena com habilita\u00e7\u00e3o espec\u00edfica na disciplina\" data-balloon-pos=\"up\">Professor de Educa\u00e7\u00e3o B\u00e1sica II - Matem\u00e1tica<\/span><\/td>\r\n<td class=\"cvagas\">CR<\/td>\r\n<td class=\"cremuneracao\">R$ 3.503,76 \/24h<\/td>\r\n<\/tr><tr>\r\n<td class=\"ccargos\">\r\n<span data-balloon-length=\"medium\" aria-label=\"Curso Normal Superior ou Pedagogia com habilita\u00e7\u00e3o em Educa\u00e7\u00e3o Infantil\" data-balloon-pos=\"up\">Professor de Educa\u00e7\u00e3o B\u00e1sica Infantil<\/span><\/td>\r\n<td class=\"cvagas\">CR<\/td>\r\n<td class=\"cremuneracao\">R$ 4.379,72 \/30h<\/td>\r\n<\/tr><tr>\r\n<td class=\"ccargos\">\r\n<span data-balloon-length=\"medium\" aria-label=\"Licenciatura em Pedagogia com habilita\u00e7\u00e3o em Ed. Especial ou P\u00f3s-gradua\u00e7\u00e3o na \u00e1rea (m\u00edn. 360h)\" data-balloon-pos=\"up\">Professor Especialista em Defici\u00eancia Intelectual<\/span><\/td>\r\n<td class=\"cvagas\">CR<\/td>\r\n<td class=\"cremuneracao\">R$ 4.817,65 \/30h<\/td>\r\n<\/tr><tr>\r\n<td class=\"ccargos\">\r\n<span data-balloon-length=\"medium\" aria-label=\"Licenciatura em Pedagogia com habilita\u00e7\u00e3o em Ed. Especial ou P\u00f3s-gradua\u00e7\u00e3o na \u00e1rea (m\u00edn. 360h)\" data-balloon-pos=\"up\">Professor Interlocutor da L\u00edngua Brasileira de Sinais - Libras<\/span><\/td>\r\n<td class=\"cvagas\">CR<\/td>\r\n<td class=\"cremuneracao\">R$ 4.817,65 \/30h<\/td>\r\n<\/tr><tr>\r\n<td class=\"ccargos\">\r\n<span data-balloon-length=\"medium\" aria-label=\"Curso Superior em Psicologia e registro no CRP\" data-balloon-pos=\"up\">Psic\u00f3logo Educacional<\/span><\/td>\r\n<td class=\"cvagas\">CR<\/td>\r\n<td class=\"cremuneracao\">R$ 3.400,89 \/20h<\/td>\r\n<\/tr><tr>\r\n<td class=\"ccargos\">\r\n<span data-balloon-length=\"medium\" aria-label=\"Licenciatura Plena com P\u00f3s-gradua\u00e7\u00e3o em Psicopedagogia Institucional (m\u00edn. 360h)\" data-balloon-pos=\"up\">Psicopedagogo Institucional<\/span><\/td>\r\n<td class=\"cvagas\">CR<\/td>\r\n<td class=\"cremuneracao\">R$ 6.189,53 \/30h<\/td>\r\n<\/tr>\r\n    <\/tbody>\r\n  <\/table>\r\n<\/div>"},"_links":{"self":[{"href":"https:\/\/www.agrobase.com.br\/concursos\/wp-json\/wp\/v2\/posts\/278935","targetHints":{"allow":["GET"]}}],"collection":[{"href":"https:\/\/www.agrobase.com.br\/concursos\/wp-json\/wp\/v2\/posts"}],"about":[{"href":"https:\/\/www.agrobase.com.br\/concursos\/wp-json\/wp\/v2\/types\/post"}],"author":[{"embeddable":true,"href":"https:\/\/www.agrobase.com.br\/concursos\/wp-json\/wp\/v2\/users\/7"}],"replies":[{"embeddable":true,"href":"https:\/\/www.agrobase.com.br\/concursos\/wp-json\/wp\/v2\/comments?post=278935"}],"version-history":[{"count":1,"href":"https:\/\/www.agrobase.com.br\/concursos\/wp-json\/wp\/v2\/posts\/278935\/revisions"}],"predecessor-version":[{"id":278937,"href":"https:\/\/www.agrobase.com.br\/concursos\/wp-json\/wp\/v2\/posts\/278935\/revisions\/278937"}],"wp:featuredmedia":[{"embeddable":true,"href":"https:\/\/www.agrobase.com.br\/concursos\/wp-json\/wp\/v2\/media\/278934"}],"wp:attachment":[{"href":"https:\/\/www.agrobase.com.br\/concursos\/wp-json\/wp\/v2\/media?parent=278935"}],"wp:term":[{"taxonomy":"category","embeddable":true,"href":"https:\/\/www.agrobase.com.br\/concursos\/wp-json\/wp\/v2\/categories?post=278935"},{"taxonomy":"post_tag","embeddable":true,"href":"https:\/\/www.agrobase.com.br\/concursos\/wp-json\/wp\/v2\/tags?post=278935"},{"taxonomy":"_amplo","embeddable":true,"href":"https:\/\/www.agrobase.com.br\/concursos\/wp-json\/wp\/v2\/_amplo?post=278935"},{"taxonomy":"destaque","embeddable":true,"href":"https:\/\/www.agrobase.com.br\/concursos\/wp-json\/wp\/v2\/destaque?post=278935"},{"taxonomy":"instituicoes","embeddable":true,"href":"https:\/\/www.agrobase.com.br\/concursos\/wp-json\/wp\/v2\/instituicoes?post=278935"}],"curies":[{"name":"wp","href":"https:\/\/api.w.org\/{rel}","templated":true}]}}