{"id":278899,"date":"2026-03-11T10:39:59","date_gmt":"2026-03-11T13:39:59","guid":{"rendered":"https:\/\/www.agrobase.com.br\/concursos\/?p=278899"},"modified":"2026-03-11T10:39:59","modified_gmt":"2026-03-11T13:39:59","slug":"prefeitura-sao-valerio-do-sul-rs-selecao-simplificada-02-2026","status":"publish","type":"post","link":"https:\/\/www.agrobase.com.br\/concursos\/2026\/prefeitura-sao-valerio-do-sul-rs-selecao-simplificada-02-2026\/","title":{"rendered":"Prefeitura S\u00e3o Val\u00e9rio do Sul (RS) &#8211; Sele\u00e7\u00e3o Simplificada 02\/2026"},"content":{"rendered":"<h2>Informa\u00e7\u00f5es Gerais<\/h2>\n<p>A Prefeitura Municipal de <strong>S\u00e3o Val\u00e9rio do Sul<\/strong>, no Estado do Rio Grande do Sul, torna p\u00fablica a realiza\u00e7\u00e3o de <strong>Processo Seletivo Simplificado<\/strong> destinado \u00e0 forma\u00e7\u00e3o de <strong>cadastro reserva (CR)<\/strong> para contrata\u00e7\u00e3o tempor\u00e1ria de profissionais da \u00e1rea da educa\u00e7\u00e3o. O certame \u00e9 conduzido pela Comiss\u00e3o designada pelo munic\u00edpio, com amparo no art. 37, IX, da Constitui\u00e7\u00e3o Federal e na legisla\u00e7\u00e3o municipal vigente.<\/p>\n<p>O processo seletivo contempla <strong>9 cargos de n\u00edvel superior<\/strong>, todos na \u00e1rea de doc\u00eancia, com carga hor\u00e1ria de <strong>20 horas semanais<\/strong> e remunera\u00e7\u00e3o de <strong>R$ 2.461,38<\/strong>. A contrata\u00e7\u00e3o ser\u00e1 por prazo determinado, em regime tempor\u00e1rio, para atender ao excepcional interesse p\u00fablico do munic\u00edpio.<\/p>\n<p>As vagas abrangem os seguintes cargos: <strong>Professor de Educa\u00e7\u00e3o Infantil<\/strong>, <strong>Professor de Anos Iniciais do Ensino Fundamental<\/strong>, <strong>Professor de L\u00edngua Portuguesa<\/strong>, <strong>Professor de L\u00edngua Inglesa<\/strong>, <strong>Professor de Geografia<\/strong>, <strong>Professor de Ci\u00eancias<\/strong>, <strong>Professor de Inform\u00e1tica<\/strong>, <strong>Professor de Atendimento Educacional Especializado<\/strong> e <strong>Professor de Hist\u00f3ria<\/strong>. Todos os cargos exigem forma\u00e7\u00e3o em licenciatura plena na \u00e1rea espec\u00edfica ou forma\u00e7\u00e3o superior correspondente com complementa\u00e7\u00e3o pedag\u00f3gica.<\/p>\n<p>Se voc\u00ea \u00e9 profissional da educa\u00e7\u00e3o e busca uma oportunidade no munic\u00edpio de S\u00e3o Val\u00e9rio do Sul \u2013 RS, continue a leitura para conferir todos os detalhes sobre inscri\u00e7\u00f5es, etapas de sele\u00e7\u00e3o e resultados.<\/p>\n<h2>Inscri\u00e7\u00f5es<\/h2>\n<p>As inscri\u00e7\u00f5es para o Processo Seletivo Simplificado da Prefeitura de S\u00e3o Val\u00e9rio do Sul \u2013 RS ser\u00e3o realizadas <strong>exclusivamente de forma presencial<\/strong>, junto ao Centro Administrativo do munic\u00edpio, localizado na <strong>Rua \u00c2ngelo Fucilini Sobrinho, 496<\/strong>, em S\u00e3o Val\u00e9rio do Sul\/RS.<\/p>\n<p>O per\u00edodo de inscri\u00e7\u00f5es compreende os dias <strong>10, 11 e 12 de mar\u00e7o de 2026<\/strong>, nos seguintes hor\u00e1rios: <strong>das 07h30 \u00e0s 11h00<\/strong> e <strong>das 13h00 \u00e0s 16h30<\/strong>. N\u00e3o ser\u00e3o aceitas inscri\u00e7\u00f5es fora do prazo estabelecido.<\/p>\n<p>As <strong>inscri\u00e7\u00f5es s\u00e3o gratuitas<\/strong>, ou seja, n\u00e3o h\u00e1 cobran\u00e7a de taxa de inscri\u00e7\u00e3o para nenhum dos cargos ofertados.<\/p>\n<p>Ao efetuar a inscri\u00e7\u00e3o, o candidato dever\u00e1 comparecer pessoalmente ao local indicado, portando a documenta\u00e7\u00e3o necess\u00e1ria e o curr\u00edculo com os t\u00edtulos que deseja apresentar para pontua\u00e7\u00e3o. A inscri\u00e7\u00e3o implica o conhecimento pr\u00e9vio e a aceita\u00e7\u00e3o integral das normas estabelecidas no edital.<\/p>\n<p>Recomendamos a leitura completa do edital para verificar todos os documentos exigidos no ato da inscri\u00e7\u00e3o e demais orienta\u00e7\u00f5es espec\u00edficas para cada cargo.<\/p>\n<h2>Etapas e Provas<\/h2>\n<p>O Processo Seletivo Simplificado da Prefeitura de S\u00e3o Val\u00e9rio do Sul \u2013 RS ser\u00e1 composto por <strong>etapa \u00fanica<\/strong>, consistindo na <strong>an\u00e1lise de curr\u00edculos (prova de t\u00edtulos)<\/strong>, de car\u00e1ter <strong>classificat\u00f3rio<\/strong>. N\u00e3o haver\u00e1 aplica\u00e7\u00e3o de prova objetiva, prova pr\u00e1tica ou entrevista.<\/p>\n<p>A avalia\u00e7\u00e3o ser\u00e1 realizada pela Comiss\u00e3o designada, com base nos t\u00edtulos e certificados apresentados pelos candidatos no ato da inscri\u00e7\u00e3o. A pontua\u00e7\u00e3o m\u00e1xima \u00e9 de <strong>100 pontos<\/strong>, e o candidato que obtiver <strong>pontua\u00e7\u00e3o zero ser\u00e1 desclassificado<\/strong>.<\/p>\n<p>Os crit\u00e9rios de pontua\u00e7\u00e3o consideram os seguintes t\u00edtulos na \u00e1rea da educa\u00e7\u00e3o:<\/p>\n<ul>\n<li><strong>P\u00f3s-Gradua\u00e7\u00e3o na \u00e1rea da educa\u00e7\u00e3o<\/strong> (completa);<\/li>\n<li><strong>Cursos especializados na \u00e1rea da educa\u00e7\u00e3o<\/strong> com dura\u00e7\u00e3o m\u00ednima de 20 horas;<\/li>\n<li><strong>Cursos especializados na \u00e1rea da educa\u00e7\u00e3o<\/strong> com dura\u00e7\u00e3o m\u00ednima de 30 horas;<\/li>\n<li><strong>Cursos especializados na \u00e1rea da educa\u00e7\u00e3o<\/strong> com dura\u00e7\u00e3o acima de 40 horas.<\/li>\n<\/ul>\n<p>A classifica\u00e7\u00e3o final dos candidatos ser\u00e1 determinada pela soma dos pontos obtidos na an\u00e1lise dos t\u00edtulos apresentados, em escala de zero a cem pontos.<\/p>\n<p>Consulte o edital completo para verificar a pontua\u00e7\u00e3o atribu\u00edda a cada tipo de t\u00edtulo, os limites de certificados aceitos por categoria e demais crit\u00e9rios de avalia\u00e7\u00e3o.<\/p>\n<h2>Resultados e Gabarito<\/h2>\n<p>Ap\u00f3s a an\u00e1lise dos curr\u00edculos e a totaliza\u00e7\u00e3o das notas de todos os candidatos, a Comiss\u00e3o publicar\u00e1 o <strong>resultado preliminar<\/strong> no <strong>painel de publica\u00e7\u00f5es oficiais da Prefeitura Municipal de S\u00e3o Val\u00e9rio do Sul<\/strong> e, havendo disponibilidade, tamb\u00e9m em meio eletr\u00f4nico.<\/p>\n<p>A partir da divulga\u00e7\u00e3o do resultado preliminar, ser\u00e1 aberto prazo para que os candidatos apresentem <strong>recursos<\/strong>, conforme os termos e prazos estabelecidos no edital. Os candidatos devem ficar atentos \u00e0s datas e aos procedimentos para interposi\u00e7\u00e3o de recurso.<\/p>\n<p>Transcorrido o prazo recursal sem interposi\u00e7\u00e3o de recursos \u2014 ou ap\u00f3s o julgamento dos recursos apresentados \u2014, a Comiss\u00e3o encaminhar\u00e1 o processo ao <strong>Prefeito Municipal para homologa\u00e7\u00e3o<\/strong>, no prazo de <strong>um dia<\/strong>.<\/p>\n<p>Com a homologa\u00e7\u00e3o do resultado final, ser\u00e1 publicado edital contendo a <strong>classifica\u00e7\u00e3o geral dos candidatos aprovados<\/strong>. A partir dessa publica\u00e7\u00e3o, passar\u00e1 a fluir o <strong>prazo de validade do Processo Seletivo Simplificado<\/strong>.<\/p>\n<p>Os resultados e demais publica\u00e7\u00f5es oficiais poder\u00e3o ser acompanhados pelo painel de publica\u00e7\u00f5es da Prefeitura Municipal de S\u00e3o Val\u00e9rio do Sul e pelo site oficial do munic\u00edpio (<strong>saovaleriodosul.rs.gov.br<\/strong>).<\/p>\n<p><strong>Aten\u00e7\u00e3o:<\/strong> o acompanhamento de todas as publica\u00e7\u00f5es, convoca\u00e7\u00f5es e demais atos referentes ao processo seletivo \u00e9 de <strong>responsabilidade exclusiva do candidato<\/strong>. Recomenda-se consultar regularmente os canais oficiais para n\u00e3o perder nenhum prazo importante.<\/p>\n","protected":false},"excerpt":{"rendered":"<p>Inscri\u00e7\u00f5es abrem 10\/03! Sel. Simplificada Pref. S\u00e3o Val\u00e9rio do Sul (RS) p\/ Professores (Superior). Sal\u00e1rio R$ 2.4k. Prepare-se e veja o edital!<\/p>\n","protected":false},"author":7,"featured_media":278898,"comment_status":"open","ping_status":"open","sticky":false,"template":"","format":"standard","meta":{"_acf_changed":false,"_breakdance_hide_in_design_set":false,"_breakdance_tags":"","footnotes":""},"categories":[6433,111,100,6872,6871,116,25],"tags":[58],"_amplo":[],"destaque":[],"instituicoes":[],"class_list":["post-278899","post","type-post","status-publish","format-standard","has-post-thumbnail","hentry","category-biologia-licenciatura","category-geografia","category-historia","category-letras-espanhol","category-letras-ingles","category-matematica","category-pedagogia","tag-rio-grande-sul"],"acf":{"_tipo_vagas":"vagas","_numero_vagas":"","_quadro_vagas":"","_cargos":"diversos","_cargos_especificos":"","_salario_max":"R$ 2461.38","_abertura":"20260310","_encerramento":"20260312","_inscricoes":"https:\/\/saovaleriodosul.rs.gov.br","_executora_concurso":"","_instituicao_concurso":[],"_link_adicional":null,"_anexos":null,"_produtos":null,"_vagas":"Cadastro Reserva","_salario_min":"R$ 2461.38","_instituicao":"Prefeitura de S\u00e3o Val\u00e9rio do Sul","_edital":"https:\/\/www.agrobase.com.br\/concursos\/wp-content\/uploads\/sites\/4\/2026\/03\/edital-02-2026-da-prefeitura-de-sao-valerio-do-sul-rs.pdf","_anexos_edital":"","_fund_incompleto":"","_fund_completo":"","_medio":"","_superior":"<div>\r\n<table class=\"quadro\">\r\n<thead>\r\n<tr>\r\n<th class=\"hcargo\">Cargo<\/th>\r\n<th class=\"hvagas\">Vagas<\/th>\r\n<th class=\"hremuneracao\">Remunera\u00e7\u00e3o<\/th>\r\n<\/tr>\r\n<\/thead>\r\n    <tbody>\r\n      <tr>\r\n<td class=\"ccargos\">\r\n<span data-balloon-length=\"medium\" aria-label=\"Curso superior de licenciatura plena, espec\u00edfico para Educa\u00e7\u00e3o Infantil\" data-balloon-pos=\"up\">Professor de Educa\u00e7\u00e3o Infantil<\/span><\/td>\r\n<td class=\"cvagas\">CR<\/td>\r\n<td class=\"cremuneracao\">R$ 2.461,38 \/20h<\/td>\r\n<\/tr><tr>\r\n<td class=\"ccargos\">\r\n<span data-balloon-length=\"medium\" aria-label=\"Curso superior de licenciatura plena, espec\u00edfico para as S\u00e9ries ou Anos Iniciais do Ensino Fundamental\" data-balloon-pos=\"up\">Professor de Anos Iniciais do Ensino Fundamental<\/span><\/td>\r\n<td class=\"cvagas\">CR<\/td>\r\n<td class=\"cremuneracao\">R$ 2.461,38 \/20h<\/td>\r\n<\/tr><tr>\r\n<td class=\"ccargos\">\r\n<span data-balloon-length=\"medium\" aria-label=\"Curso superior em licenciatura plena, espec\u00edfico para a disciplina ou forma\u00e7\u00e3o superior em \u00e1rea correspondente e forma\u00e7\u00e3o pedag\u00f3gica\" data-balloon-pos=\"up\">Professor de L\u00edngua Portuguesa<\/span><\/td>\r\n<td class=\"cvagas\">CR<\/td>\r\n<td class=\"cremuneracao\">R$ 2.461,38 \/20h<\/td>\r\n<\/tr><tr>\r\n<td class=\"ccargos\">\r\n<span data-balloon-length=\"medium\" aria-label=\"Curso superior em licenciatura plena, espec\u00edfico para a disciplina ou forma\u00e7\u00e3o superior em \u00e1rea correspondente e forma\u00e7\u00e3o pedag\u00f3gica\" data-balloon-pos=\"up\">Professor de L\u00edngua Inglesa<\/span><\/td>\r\n<td class=\"cvagas\">CR<\/td>\r\n<td class=\"cremuneracao\">R$ 2.461,38 \/20h<\/td>\r\n<\/tr><tr>\r\n<td class=\"ccargos\">\r\n<span data-balloon-length=\"medium\" aria-label=\"Curso superior em licenciatura plena, espec\u00edfico para a disciplina ou forma\u00e7\u00e3o superior em \u00e1rea correspondente e forma\u00e7\u00e3o pedag\u00f3gica\" data-balloon-pos=\"up\">Professor de Geografia<\/span><\/td>\r\n<td class=\"cvagas\">CR<\/td>\r\n<td class=\"cremuneracao\">R$ 2.461,38 \/20h<\/td>\r\n<\/tr><tr>\r\n<td class=\"ccargos\">\r\n<span data-balloon-length=\"medium\" aria-label=\"Curso superior em licenciatura plena, espec\u00edfico para a disciplina ou forma\u00e7\u00e3o superior em \u00e1rea correspondente e forma\u00e7\u00e3o pedag\u00f3gica\" data-balloon-pos=\"up\">Professor de Ci\u00eancias<\/span><\/td>\r\n<td class=\"cvagas\">CR<\/td>\r\n<td class=\"cremuneracao\">R$ 2.461,38 \/20h<\/td>\r\n<\/tr><tr>\r\n<td class=\"ccargos\">\r\n<span data-balloon-length=\"medium\" aria-label=\"Curso superior em licenciatura plena, espec\u00edfico para a disciplina ou forma\u00e7\u00e3o superior em \u00e1rea correspondente e forma\u00e7\u00e3o pedag\u00f3gica\" data-balloon-pos=\"up\">Professor de Inform\u00e1tica<\/span><\/td>\r\n<td class=\"cvagas\">CR<\/td>\r\n<td class=\"cremuneracao\">R$ 2.461,38 \/20h<\/td>\r\n<\/tr><tr>\r\n<td class=\"ccargos\">\r\n<span data-balloon-length=\"medium\" aria-label=\"Especializa\u00e7\u00e3o adequada em n\u00edvel superior para atendimento especializado\" data-balloon-pos=\"up\">Professor de Atendimento Educacional Especializado<\/span><\/td>\r\n<td class=\"cvagas\">CR<\/td>\r\n<td class=\"cremuneracao\">R$ 2.461,38 \/20h<\/td>\r\n<\/tr><tr>\r\n<td class=\"ccargos\">\r\n<span data-balloon-length=\"medium\" aria-label=\"Curso superior em licenciatura plena, espec\u00edfico para a disciplina ou forma\u00e7\u00e3o superior em \u00e1rea correspondente e forma\u00e7\u00e3o pedag\u00f3gica\" data-balloon-pos=\"up\">Professor de Hist\u00f3ria<\/span><\/td>\r\n<td class=\"cvagas\">CR<\/td>\r\n<td class=\"cremuneracao\">R$ 2.461,38 \/20h<\/td>\r\n<\/tr>\r\n    <\/tbody>\r\n  <\/table>\r\n<\/div>"},"_links":{"self":[{"href":"https:\/\/www.agrobase.com.br\/concursos\/wp-json\/wp\/v2\/posts\/278899","targetHints":{"allow":["GET"]}}],"collection":[{"href":"https:\/\/www.agrobase.com.br\/concursos\/wp-json\/wp\/v2\/posts"}],"about":[{"href":"https:\/\/www.agrobase.com.br\/concursos\/wp-json\/wp\/v2\/types\/post"}],"author":[{"embeddable":true,"href":"https:\/\/www.agrobase.com.br\/concursos\/wp-json\/wp\/v2\/users\/7"}],"replies":[{"embeddable":true,"href":"https:\/\/www.agrobase.com.br\/concursos\/wp-json\/wp\/v2\/comments?post=278899"}],"version-history":[{"count":1,"href":"https:\/\/www.agrobase.com.br\/concursos\/wp-json\/wp\/v2\/posts\/278899\/revisions"}],"predecessor-version":[{"id":278901,"href":"https:\/\/www.agrobase.com.br\/concursos\/wp-json\/wp\/v2\/posts\/278899\/revisions\/278901"}],"wp:featuredmedia":[{"embeddable":true,"href":"https:\/\/www.agrobase.com.br\/concursos\/wp-json\/wp\/v2\/media\/278898"}],"wp:attachment":[{"href":"https:\/\/www.agrobase.com.br\/concursos\/wp-json\/wp\/v2\/media?parent=278899"}],"wp:term":[{"taxonomy":"category","embeddable":true,"href":"https:\/\/www.agrobase.com.br\/concursos\/wp-json\/wp\/v2\/categories?post=278899"},{"taxonomy":"post_tag","embeddable":true,"href":"https:\/\/www.agrobase.com.br\/concursos\/wp-json\/wp\/v2\/tags?post=278899"},{"taxonomy":"_amplo","embeddable":true,"href":"https:\/\/www.agrobase.com.br\/concursos\/wp-json\/wp\/v2\/_amplo?post=278899"},{"taxonomy":"destaque","embeddable":true,"href":"https:\/\/www.agrobase.com.br\/concursos\/wp-json\/wp\/v2\/destaque?post=278899"},{"taxonomy":"instituicoes","embeddable":true,"href":"https:\/\/www.agrobase.com.br\/concursos\/wp-json\/wp\/v2\/instituicoes?post=278899"}],"curies":[{"name":"wp","href":"https:\/\/api.w.org\/{rel}","templated":true}]}}