{"id":278865,"date":"2026-03-11T07:55:02","date_gmt":"2026-03-11T10:55:02","guid":{"rendered":"https:\/\/www.agrobase.com.br\/concursos\/?p=278865"},"modified":"2026-03-11T10:39:40","modified_gmt":"2026-03-11T13:39:40","slug":"prefeitura-santana-de-parnaiba-sp-concurso-01-2026","status":"publish","type":"post","link":"https:\/\/www.agrobase.com.br\/concursos\/2026\/prefeitura-santana-de-parnaiba-sp-concurso-01-2026\/","title":{"rendered":"Prefeitura Santana de Parna\u00edba (SP) &#8211; Concurso 01\/2026"},"content":{"rendered":"<h2>Informa\u00e7\u00f5es Gerais<\/h2>\n<p>A <strong>Prefeitura de Santana de Parna\u00edba<\/strong>, no Estado de S\u00e3o Paulo, publicou edital de <strong>Concurso P\u00fablico<\/strong> destinado ao provimento de <strong>19 vagas imediatas<\/strong>, al\u00e9m de forma\u00e7\u00e3o de <strong>cadastro reserva (CR)<\/strong>, para diversos cargos do quadro de servidores municipais. Os aprovados ser\u00e3o nomeados sob o <strong>Regime Estatut\u00e1rio<\/strong>, conforme legisla\u00e7\u00e3o municipal vigente.<\/p>\n<p>O certame contempla oportunidades para os n\u00edveis de escolaridade <strong>Fundamental Incompleto<\/strong>, <strong>Fundamental Completo<\/strong>, <strong>M\u00e9dio\/T\u00e9cnico<\/strong> e <strong>Superior<\/strong>, com remunera\u00e7\u00f5es que variam de <strong>R$ 1.658,67<\/strong> a <strong>R$ 5.413,51<\/strong> e carga hor\u00e1ria entre 16h e 40h semanais.<\/p>\n<p>Entre os cargos de n\u00edvel fundamental, h\u00e1 vagas para Agente de Servi\u00e7os de Alimenta\u00e7\u00e3o, Agente de Servi\u00e7os P\u00fablicos, Oficial de Manuten\u00e7\u00e3o (Encanador, Pedreiro e Pintor), Operador de M\u00e1quinas (Tratorista), Agente de Organiza\u00e7\u00e3o Escolar e Motorista. No n\u00edvel m\u00e9dio\/t\u00e9cnico, destacam-se os cargos de Agente de Defesa Civil, Agente de Tr\u00e2nsito, <strong>Fiscal Municipal \u2013 Ambiental<\/strong>, Monitor Assistencial, Oficial Administrativo e <strong>T\u00e9cnico em Meio Ambiente<\/strong> (com exig\u00eancia de Curso T\u00e9cnico em <strong>Gest\u00e3o Ambiental<\/strong> e registro profissional). J\u00e1 no n\u00edvel superior, o concurso oferece vagas para diversas especialidades de Cirurgi\u00e3o Dentista (cadastro reserva), Educadores Esportivos em m\u00faltiplas modalidades, Fonoaudi\u00f3logo, Professor de Dan\u00e7a, Professor de M\u00fasica, Professor de Teatro e Terapeuta Ocupacional.<\/p>\n<p>A organiza\u00e7\u00e3o do concurso est\u00e1 a cargo da empresa <strong>MS Concursos<\/strong>. Continue a leitura para conferir todos os detalhes sobre inscri\u00e7\u00f5es, etapas de sele\u00e7\u00e3o e como acompanhar os resultados.<\/p>\n<h2>Inscri\u00e7\u00f5es<\/h2>\n<p>As inscri\u00e7\u00f5es para o Concurso P\u00fablico da Prefeitura de Santana de Parna\u00edba\/SP ser\u00e3o realizadas <strong>exclusivamente pela internet<\/strong>, por meio do site <strong>www.msconcursos.com.br<\/strong>, com in\u00edcio em <strong>06 de mar\u00e7o de 2026<\/strong> e encerramento \u00e0s <strong>23h59 (hor\u00e1rio de Bras\u00edlia) do dia 05 de abril de 2026<\/strong>.<\/p>\n<p>Para efetuar a inscri\u00e7\u00e3o, o candidato dever\u00e1 seguir os seguintes passos:<\/p>\n<ul>\n<li>Acessar o site <strong>www.msconcursos.com.br<\/strong>;<\/li>\n<li>Ler atentamente o Edital de Abertura e seus Anexos;<\/li>\n<li>Preencher corretamente a ficha de inscri\u00e7\u00e3o;<\/li>\n<li>Selecionar o cargo de interesse;<\/li>\n<li>Conferir se o cargo pretendido e os dados pessoais est\u00e3o corretos antes de concluir a inscri\u00e7\u00e3o;<\/li>\n<li>Imprimir o boleto banc\u00e1rio e efetuar o pagamento dentro do prazo estabelecido no cronograma.<\/li>\n<\/ul>\n<p>Os valores das taxas de inscri\u00e7\u00e3o e a data-limite para pagamento do boleto banc\u00e1rio devem ser consultados diretamente no edital e no cronograma oficial dispon\u00edvel no site da banca organizadora.<\/p>\n<p>Recomenda-se que o candidato acompanhe o status de sua inscri\u00e7\u00e3o por meio do site da MS Concursos, verificando a confirma\u00e7\u00e3o do pagamento e eventuais atualiza\u00e7\u00f5es. Para informa\u00e7\u00f5es sobre <strong>isen\u00e7\u00e3o da taxa de inscri\u00e7\u00e3o<\/strong>, crit\u00e9rios e procedimentos, consulte o edital completo.<\/p>\n<p>Leia o edital na \u00edntegra para garantir que todos os requisitos e prazos sejam cumpridos corretamente.<\/p>\n<h2>Etapas e Provas<\/h2>\n<p>O Concurso P\u00fablico da Prefeitura de Santana de Parna\u00edba\/SP ser\u00e1 composto por at\u00e9 <strong>cinco etapas<\/strong>, variando conforme o cargo pretendido. Confira abaixo o detalhamento de cada uma:<\/p>\n<ul>\n<li><strong>Prova Objetiva (todos os cargos)<\/strong> \u2014 Car\u00e1ter <strong>eliminat\u00f3rio e classificat\u00f3rio<\/strong>. Ser\u00e1 aplicada a todos os candidatos inscritos, no formato de quest\u00f5es de m\u00faltipla escolha. As disciplinas, a quantidade de quest\u00f5es, a pontua\u00e7\u00e3o total e os crit\u00e9rios de aprova\u00e7\u00e3o (nota m\u00ednima) est\u00e3o detalhados no edital. A data prevista de aplica\u00e7\u00e3o e a dura\u00e7\u00e3o da prova devem ser consultadas no cronograma oficial.<\/li>\n<li><strong>Prova Pr\u00e1tica (cargos espec\u00edficos)<\/strong> \u2014 Car\u00e1ter <strong>eliminat\u00f3rio<\/strong>. Destinada aos cargos de Agente de Servi\u00e7os de Alimenta\u00e7\u00e3o, Agente de Servi\u00e7os P\u00fablicos, Educador Esportivo (todas as modalidades), Monitor Assistencial, Oficial de Manuten\u00e7\u00e3o (Encanador, Pedreiro e Pintor), Operador de M\u00e1quinas (Tratorista), Professor de Dan\u00e7a \u2013 Ritmos, Professor de M\u00fasica \u2013 Piano\/Teclado e Professor de Teatro. Avaliar\u00e1 habilidades pr\u00e1ticas relacionadas \u00e0s atribui\u00e7\u00f5es de cada cargo.<\/li>\n<li><strong>Prova Pr\u00e1tica de Dire\u00e7\u00e3o Veicular (cargos espec\u00edficos)<\/strong> \u2014 Car\u00e1ter <strong>eliminat\u00f3rio<\/strong>. Aplic\u00e1vel aos cargos de Agente de Defesa Civil, Agente de Tr\u00e2nsito e Motorista. Avaliar\u00e1 a capacidade de condu\u00e7\u00e3o de ve\u00edculos conforme a categoria de CNH exigida para cada cargo.<\/li>\n<li><strong>Prova Pr\u00e1tica de Inform\u00e1tica (cargo espec\u00edfico)<\/strong> \u2014 Car\u00e1ter <strong>eliminat\u00f3rio<\/strong>. Exclusiva para o cargo de Oficial Administrativo. Avaliar\u00e1 conhecimentos pr\u00e1ticos em inform\u00e1tica b\u00e1sica.<\/li>\n<li><strong>Teste de Aptid\u00e3o F\u00edsica \u2013 TAF (cargos espec\u00edficos)<\/strong> \u2014 Car\u00e1ter <strong>eliminat\u00f3rio<\/strong>. Destinado aos cargos de Agente de Defesa Civil e Agente de Tr\u00e2nsito. Avaliar\u00e1 a condi\u00e7\u00e3o f\u00edsica dos candidatos por meio de exerc\u00edcios e provas definidos no edital.<\/li>\n<li><strong>Prova de T\u00edtulos (cargos de n\u00edvel superior)<\/strong> \u2014 Car\u00e1ter <strong>classificat\u00f3rio<\/strong>. Aplic\u00e1vel a todos os cargos que exigem forma\u00e7\u00e3o de n\u00edvel superior. Ser\u00e3o pontuados t\u00edtulos acad\u00eamicos conforme crit\u00e9rios e limites estabelecidos no edital.<\/li>\n<\/ul>\n<p>A previs\u00e3o de divulga\u00e7\u00e3o do resultado definitivo da prova objetiva, da prova de t\u00edtulos, da classifica\u00e7\u00e3o final e da homologa\u00e7\u00e3o \u00e9 <strong>19 de junho de 2026<\/strong>.<\/p>\n<p>Consulte o edital completo para verificar o conte\u00fado program\u00e1tico de cada prova, o cronograma detalhado de aplica\u00e7\u00e3o, a dura\u00e7\u00e3o das provas e os crit\u00e9rios espec\u00edficos de aprova\u00e7\u00e3o em cada etapa.<\/p>\n<h2>Resultados e Gabarito<\/h2>\n<p>Todas as convoca\u00e7\u00f5es, avisos e resultados referentes \u00e0s etapas do Concurso P\u00fablico da Prefeitura de Santana de Parna\u00edba\/SP ser\u00e3o divulgados nos seguintes canais oficiais:<\/p>\n<ul>\n<li><strong>Imprensa Oficial do Munic\u00edpio<\/strong> (Di\u00e1rio Oficial);<\/li>\n<li>Site da Prefeitura de Santana de Parna\u00edba: <strong>www.santanadeparnaiba.sp.gov.br<\/strong>;<\/li>\n<li>Site da banca organizadora MS Concursos: <strong>www.msconcursos.com.br<\/strong>.<\/li>\n<\/ul>\n<p>A previs\u00e3o para divulga\u00e7\u00e3o do <strong>resultado definitivo da prova objetiva<\/strong>, do <strong>resultado da prova de t\u00edtulos<\/strong>, da <strong>classifica\u00e7\u00e3o final<\/strong> e da <strong>homologa\u00e7\u00e3o do concurso<\/strong> \u00e9 o dia <strong>19 de junho de 2026<\/strong>. Gabaritos preliminares, gabaritos definitivos e resultados parciais de cada etapa tamb\u00e9m ser\u00e3o publicados nos canais mencionados, conforme cronograma estabelecido no edital.<\/p>\n<p>A <strong>classifica\u00e7\u00e3o final<\/strong> dos candidatos ser\u00e1 elaborada com base no desempenho obtido nas etapas do certame, respeitando os crit\u00e9rios de pontua\u00e7\u00e3o e os pesos definidos para cada prova. Em caso de <strong>empate<\/strong>, ser\u00e3o aplicados os crit\u00e9rios de desempate previstos no edital.<\/p>\n<p>A <strong>homologa\u00e7\u00e3o<\/strong> do concurso \u00e9 o ato oficial que encerra o processo seletivo e valida os resultados finais, autorizando a convoca\u00e7\u00e3o dos aprovados para nomea\u00e7\u00e3o. Ap\u00f3s a homologa\u00e7\u00e3o, os candidatos classificados poder\u00e3o ser convocados dentro do prazo de <strong>validade do concurso<\/strong>, conforme necessidade da administra\u00e7\u00e3o municipal. A validade do certame e a possibilidade de prorroga\u00e7\u00e3o devem ser consultadas diretamente no edital.<\/p>\n<p><strong>Importante:<\/strong> o acompanhamento de todas as publica\u00e7\u00f5es oficiais \u2014 incluindo convoca\u00e7\u00f5es, retifica\u00e7\u00f5es e resultados \u2014 \u00e9 de <strong>responsabilidade exclusiva do candidato<\/strong>. Recomenda-se consultar regularmente os sites indicados para n\u00e3o perder nenhum prazo ou informa\u00e7\u00e3o relevante.<\/p>\n","protected":false},"excerpt":{"rendered":"<p>Concurso Pref. Santana de Parna\u00edba (SP) com edital publicado! Vagas p\/ Agente e Dentista (Fund. a Sup.). Inscri\u00e7\u00f5es a partir de 06\/03. Confira detalhes!<\/p>\n","protected":false},"author":7,"featured_media":278864,"comment_status":"open","ping_status":"open","sticky":false,"template":"","format":"standard","meta":{"_acf_changed":false,"_breakdance_hide_in_design_set":false,"_breakdance_tags":"","footnotes":""},"categories":[145,11,6434,19,24,31,134],"tags":[62],"_amplo":[],"destaque":[],"instituicoes":[],"class_list":["post-278865","post","type-post","status-publish","format-standard","has-post-thumbnail","hentry","category-artes-cenicas","category-educacao-fisica","category-educacao-fisica-licenciatura","category-fonoaudiologia","category-odontologia","category-tecnico-ambiental","category-terapia-ocupacional","tag-sao-paulo"],"acf":{"_tipo_vagas":"vagas","_numero_vagas":"","_quadro_vagas":"","_cargos":"diversos","_cargos_especificos":"","_salario_max":"R$ 5413.51","_abertura":"20260306","_encerramento":"20260405","_inscricoes":"https:\/\/www.msconcursos.com.br","_executora_concurso":"","_instituicao_concurso":[],"_link_adicional":null,"_anexos":null,"_produtos":null,"_vagas":"19 vagas + CR","_salario_min":"R$ 1658.67","_instituicao":"Prefeitura de Santana de Parna\u00edba","_edital":"https:\/\/www.agrobase.com.br\/concursos\/wp-content\/uploads\/sites\/4\/2026\/03\/edital-01-2026-da-prefeitura-de-santana-de-parnaiba-sp.pdf","_anexos_edital":"https:\/\/www.agrobase.com.br\/concursos\/wp-content\/uploads\/sites\/4\/2026\/03\/anexos-edital-01-2026-da-prefei.-de-santana-de-parnaiba-sp.pdf","_fund_incompleto":"<div>\r\n<table class=\"quadro\">\r\n<thead>\r\n<tr>\r\n<th class=\"hcargo\">Cargo<\/th>\r\n<th class=\"hvagas\">Vagas<\/th>\r\n<th class=\"hremuneracao\">Remunera\u00e7\u00e3o<\/th>\r\n<\/tr>\r\n<\/thead>\r\n    <tbody>\r\n      <td class=\"ccargos\">\r\n<span data-balloon-length=\"medium\" aria-label=\"Alfabetizado\" data-balloon-pos=\"up\">Agente de Servi\u00e7os de Alimenta\u00e7\u00e3o<\/span><\/td>\r\n<td class=\"cvagas\">10<\/td>\r\n<td class=\"cremuneracao\">R$ 1.658,67 \/40h<\/td>\r\n<\/tr><td class=\"ccargos\">\r\n<span data-balloon-length=\"medium\" aria-label=\"Alfabetizado\" data-balloon-pos=\"up\">Agente de Servi\u00e7os P\u00fablicos<\/span><\/td>\r\n<td class=\"cvagas\">05<\/td>\r\n<td class=\"cremuneracao\">R$ 1.931,08 \/40h<\/td>\r\n<\/tr><td class=\"ccargos\">\r\n<span data-balloon-length=\"medium\" aria-label=\"Alfabetizado\" data-balloon-pos=\"up\">Oficial de Manuten\u00e7\u00e3o - Encanador<\/span><\/td>\r\n<td class=\"cvagas\">CR<\/td>\r\n<td class=\"cremuneracao\">R$ 2.561,22 \/40h<\/td>\r\n<\/tr><td class=\"ccargos\">\r\n<span data-balloon-length=\"medium\" aria-label=\"Alfabetizado\" data-balloon-pos=\"up\">Oficial de Manuten\u00e7\u00e3o - Pedreiro<\/span><\/td>\r\n<td class=\"cvagas\">01<\/td>\r\n<td class=\"cremuneracao\">R$ 2.561,22 \/40h<\/td>\r\n<\/tr><td class=\"ccargos\">\r\n<span data-balloon-length=\"medium\" aria-label=\"Alfabetizado\" data-balloon-pos=\"up\">Oficial de Manuten\u00e7\u00e3o - Pintor<\/span><\/td>\r\n<td class=\"cvagas\">CR<\/td>\r\n<td class=\"cremuneracao\">R$ 2.561,22 \/40h<\/td>\r\n<\/tr><td class=\"ccargos\">\r\n<span data-balloon-length=\"medium\" data-balloon-pos=\"up\">Operador de M\u00e1quinas - Tratorista<\/span><\/td>\r\n<td class=\"cvagas\">01<\/td>\r\n<td class=\"cremuneracao\">R$ 2.317,29 \/40h<\/td>\r\n<\/tr><td class=\"ccargos\">\r\n<span data-balloon-length=\"medium\" aria-label=\"Ensino Fundamental Completo\" data-balloon-pos=\"up\">Agente de Organiza\u00e7\u00e3o Escolar<\/span><\/td>\r\n<td class=\"cvagas\">CR<\/td>\r\n<td class=\"cremuneracao\">R$ 1.658,67 \/40h<\/td>\r\n<\/tr><td class=\"ccargos\">\r\n<span data-balloon-length=\"medium\" aria-label=\"Ensino Fundamental Completo e CNH \u201cD\u201d\" data-balloon-pos=\"up\">Motorista<\/span><\/td>\r\n<td class=\"cvagas\">05<\/td>\r\n<td class=\"cremuneracao\">R$ 2.317,29 \/40h<\/td>\r\n<\/tr>\r\n    <\/tbody>\r\n  <\/table>\r\n<\/div>","_fund_completo":"","_medio":"<div>\r\n<table class=\"quadro\">\r\n<thead>\r\n<tr>\r\n<th class=\"hcargo\">Cargo<\/th>\r\n<th class=\"hvagas\">Vagas<\/th>\r\n<th class=\"hremuneracao\">Remunera\u00e7\u00e3o<\/th>\r\n<\/tr>\r\n<\/thead>\r\n    <tbody>\r\n      <td class=\"ccargos\">\r\n<span data-balloon-length=\"medium\" data-balloon-pos=\"up\">Agente de Defesa Civil<\/span><\/td>\r\n<td class=\"cvagas\">01<\/td>\r\n<td class=\"cremuneracao\">R$ 1.931,08 \/40h<\/td>\r\n<\/tr><td class=\"ccargos\">\r\n<span data-balloon-length=\"medium\" data-balloon-pos=\"up\">Agente de Tr\u00e2nsito<\/span><\/td>\r\n<td class=\"cvagas\">02<\/td>\r\n<td class=\"cremuneracao\">R$ 3.049,07 \/40h<\/td>\r\n<\/tr><td class=\"ccargos\">\r\n<span data-balloon-length=\"medium\" aria-label=\"Ensino M\u00e9dio\" data-balloon-pos=\"up\">Fiscal Municipal - Ambiental<\/span><\/td>\r\n<td class=\"cvagas\">01<\/td>\r\n<td class=\"cremuneracao\">R$ 2.561,22 \/40h<\/td>\r\n<\/tr><td class=\"ccargos\">\r\n<span data-balloon-length=\"medium\" aria-label=\"Ensino M\u00e9dio\" data-balloon-pos=\"up\">Monitor Assistencial<\/span><\/td>\r\n<td class=\"cvagas\">01<\/td>\r\n<td class=\"cremuneracao\">R$ 2.561,22 \/40h<\/td>\r\n<\/tr><td class=\"ccargos\">\r\n<span data-balloon-length=\"medium\" aria-label=\"Ensino M\u00e9dio e Inform\u00e1tica B\u00e1sica\" data-balloon-pos=\"up\">Oficial Administrativo<\/span><\/td>\r\n<td class=\"cvagas\">05<\/td>\r\n<td class=\"cremuneracao\">R$ 1.931,08 \/40h<\/td>\r\n<\/tr><td class=\"ccargos\">\r\n<span data-balloon-length=\"medium\" aria-label=\"Ensino M\u00e9dio, Curso T\u00e9cnico em Gest\u00e3o Ambiental e Registro Profissional\" data-balloon-pos=\"up\">T\u00e9cnico em Meio Ambiente<\/span><\/td>\r\n<td class=\"cvagas\">01<\/td>\r\n<td class=\"cremuneracao\">R$ 2.561,22 \/40h<\/td>\r\n<\/tr>\r\n    <\/tbody>\r\n  <\/table>\r\n<\/div>","_superior":"<div>\r\n<table class=\"quadro\">\r\n<thead>\r\n<tr>\r\n<th class=\"hcargo\">Cargo<\/th>\r\n<th class=\"hvagas\">Vagas<\/th>\r\n<th class=\"hremuneracao\">Remunera\u00e7\u00e3o<\/th>\r\n<\/tr>\r\n<\/thead>\r\n    <tbody>\r\n      <tr>\r\n<td class=\"ccargos\">\r\n<span data-balloon-length=\"medium\" aria-label=\"Gradua\u00e7\u00e3o Superior em Odontologia e Registro Profissional\" data-balloon-pos=\"up\">Cirurgi\u00e3o Dentista - Cirurgi\u00e3o Dentista<\/span><\/td>\r\n<td class=\"cvagas\">CR<\/td>\r\n<td class=\"cremuneracao\">R$ 5.413,51 \/16h<\/td>\r\n<\/tr><tr>\r\n<td class=\"ccargos\">\r\n<span data-balloon-length=\"medium\" aria-label=\"Gradua\u00e7\u00e3o Superior em Odontologia, Especializa\u00e7\u00e3o em Endodontia e Registro Profissional\" data-balloon-pos=\"up\">Cirurgi\u00e3o Dentista - Endodontista<\/span><\/td>\r\n<td class=\"cvagas\">CR<\/td>\r\n<td class=\"cremuneracao\">R$ 5.413,51 \/16h<\/td>\r\n<\/tr><tr>\r\n<td class=\"ccargos\">\r\n<span data-balloon-length=\"medium\" aria-label=\"Gradua\u00e7\u00e3o Superior em Odontologia, Especializa\u00e7\u00e3o em Odontopediatria e Registro Profissional\" data-balloon-pos=\"up\">Cirurgi\u00e3o Dentista - Odontopediatra<\/span><\/td>\r\n<td class=\"cvagas\">CR<\/td>\r\n<td class=\"cremuneracao\">R$ 5.413,51 \/16h<\/td>\r\n<\/tr><tr>\r\n<td class=\"ccargos\">\r\n<span data-balloon-length=\"medium\" aria-label=\"Gradua\u00e7\u00e3o Superior em Odontologia, Especializa\u00e7\u00e3o em Periodontia e Registro Profissional\" data-balloon-pos=\"up\">Cirurgi\u00e3o Dentista - Periodontista<\/span><\/td>\r\n<td class=\"cvagas\">CR<\/td>\r\n<td class=\"cremuneracao\">R$ 5.413,51 \/16h<\/td>\r\n<\/tr><tr>\r\n<td class=\"ccargos\">\r\n<span data-balloon-length=\"medium\" aria-label=\"Gradua\u00e7\u00e3o Superior em Odontologia, Especializa\u00e7\u00e3o em Pr\u00f3tese Dent\u00e1ria e Registro Profissional\" data-balloon-pos=\"up\">Cirurgi\u00e3o Dentista - Protesista<\/span><\/td>\r\n<td class=\"cvagas\">CR<\/td>\r\n<td class=\"cremuneracao\">R$ 5.412,80 \/16h<\/td>\r\n<\/tr><tr>\r\n<td class=\"ccargos\">\r\n<span data-balloon-length=\"medium\" aria-label=\"Bacharelado em Educa\u00e7\u00e3o F\u00edsica e Registro Profissional\" data-balloon-pos=\"up\">Educador Esportivo - Capoeira<\/span><\/td>\r\n<td class=\"cvagas\">01<\/td>\r\n<td class=\"cremuneracao\">R$ 2.540,89 \/20h<\/td>\r\n<\/tr><tr>\r\n<td class=\"ccargos\">\r\n<span data-balloon-length=\"medium\" aria-label=\"Bacharelado em Educa\u00e7\u00e3o F\u00edsica e Registro Profissional\" data-balloon-pos=\"up\">Educador Esportivo - Futsal<\/span><\/td>\r\n<td class=\"cvagas\">01<\/td>\r\n<td class=\"cremuneracao\">R$ 2.540,89 \/20h<\/td>\r\n<\/tr><tr>\r\n<td class=\"ccargos\">\r\n<span data-balloon-length=\"medium\" aria-label=\"Bacharelado em Educa\u00e7\u00e3o F\u00edsica e Registro Profissional\" data-balloon-pos=\"up\">Educador Esportivo - Gin\u00e1stica Art\u00edstica<\/span><\/td>\r\n<td class=\"cvagas\">01<\/td>\r\n<td class=\"cremuneracao\">R$ 2.540,89 \/20h<\/td>\r\n<\/tr><tr>\r\n<td class=\"ccargos\">\r\n<span data-balloon-length=\"medium\" aria-label=\"Bacharelado em Educa\u00e7\u00e3o F\u00edsica e Registro Profissional\" data-balloon-pos=\"up\">Educador Esportivo - Gin\u00e1stica de Academia<\/span><\/td>\r\n<td class=\"cvagas\">01<\/td>\r\n<td class=\"cremuneracao\">R$ 2.540,89 \/20h<\/td>\r\n<\/tr><tr>\r\n<td class=\"ccargos\">\r\n<span data-balloon-length=\"medium\" aria-label=\"Bacharelado em Educa\u00e7\u00e3o F\u00edsica e Registro Profissional\" data-balloon-pos=\"up\">Educador Esportivo - Gin\u00e1stica R\u00edtmica<\/span><\/td>\r\n<td class=\"cvagas\">01<\/td>\r\n<td class=\"cremuneracao\">R$ 2.540,89 \/20h<\/td>\r\n<\/tr><tr>\r\n<td class=\"ccargos\">\r\n<span data-balloon-length=\"medium\" aria-label=\"Bacharelado em Educa\u00e7\u00e3o F\u00edsica e Registro Profissional\" data-balloon-pos=\"up\">Educador Esportivo - Handebol<\/span><\/td>\r\n<td class=\"cvagas\">01<\/td>\r\n<td class=\"cremuneracao\">R$ 2.540,89 \/20h<\/td>\r\n<\/tr><tr>\r\n<td class=\"ccargos\">\r\n<span data-balloon-length=\"medium\" aria-label=\"Bacharelado em Educa\u00e7\u00e3o F\u00edsica e Registro Profissional\" data-balloon-pos=\"up\">Educador Esportivo - Jud\u00f4<\/span><\/td>\r\n<td class=\"cvagas\">01<\/td>\r\n<td class=\"cremuneracao\">R$ 2.540,89 \/20h<\/td>\r\n<\/tr><tr>\r\n<td class=\"ccargos\">\r\n<span data-balloon-length=\"medium\" aria-label=\"Bacharelado em Educa\u00e7\u00e3o F\u00edsica e Registro Profissional\" data-balloon-pos=\"up\">Educador Esportivo - Muay Thai<\/span><\/td>\r\n<td class=\"cvagas\">01<\/td>\r\n<td class=\"cremuneracao\">R$ 2.540,89 \/20h<\/td>\r\n<\/tr><tr>\r\n<td class=\"ccargos\">\r\n<span data-balloon-length=\"medium\" aria-label=\"Bacharelado em Educa\u00e7\u00e3o F\u00edsica e Registro Profissional\" data-balloon-pos=\"up\">Educador Esportivo - T\u00eanis<\/span><\/td>\r\n<td class=\"cvagas\">01<\/td>\r\n<td class=\"cremuneracao\">R$ 2.540,89 \/20h<\/td>\r\n<\/tr><tr>\r\n<td class=\"ccargos\">\r\n<span data-balloon-length=\"medium\" aria-label=\"Bacharelado em Educa\u00e7\u00e3o F\u00edsica e Registro Profissional\" data-balloon-pos=\"up\">Educador Esportivo - V\u00f4lei<\/span><\/td>\r\n<td class=\"cvagas\">01<\/td>\r\n<td class=\"cremuneracao\">R$ 2.540,89 \/20h<\/td>\r\n<\/tr><tr>\r\n<td class=\"ccargos\">\r\n<span data-balloon-length=\"medium\" aria-label=\"Gradua\u00e7\u00e3o Superior em Fonoaudiologia e Registro Profissional\" data-balloon-pos=\"up\">Fonoaudi\u00f3logo<\/span><\/td>\r\n<td class=\"cvagas\">01<\/td>\r\n<td class=\"cremuneracao\">R$ 5.413,51 \/30h<\/td>\r\n<\/tr><tr>\r\n<td class=\"ccargos\">\r\n<span data-balloon-length=\"medium\" aria-label=\"Gradua\u00e7\u00e3o com Habilita\u00e7\u00e3o em Dan\u00e7a ou Artes C\u00eanicas, ou Licenciatura Plena em Artes com Habilita\u00e7\u00e3o em Dan\u00e7a ou Artes C\u00eanicas\" data-balloon-pos=\"up\">Professor de Dan\u00e7a - Ritmos<\/span><\/td>\r\n<td class=\"cvagas\">01<\/td>\r\n<td class=\"cremuneracao\">R$ 5.081,78 \/30h<\/td>\r\n<\/tr><tr>\r\n<td class=\"ccargos\">\r\n<span data-balloon-length=\"medium\" aria-label=\"Gradua\u00e7\u00e3o com Habilita\u00e7\u00e3o em M\u00fasica ou Licenciatura Plena em Arte, acompanhada de Bacharelado no instrumento ou canto, ou Licenciatura Plena em M\u00fasica com Habilita\u00e7\u00e3o no instrumento ou canto, ou Licenciatura Plena em Educa\u00e7\u00e3o Musical com Habilita\u00e7\u00e3o no instrumento ou canto.\" data-balloon-pos=\"up\">Professor de M\u00fasica - Piano\/Teclado.<\/span><\/td>\r\n<td class=\"cvagas\">01<\/td>\r\n<td class=\"cremuneracao\">R$ 5.081,78 \/30h<\/td>\r\n<\/tr><tr>\r\n<td class=\"ccargos\">\r\n<span data-balloon-length=\"medium\" aria-label=\"Gradua\u00e7\u00e3o com Habilita\u00e7\u00e3o em Artes C\u00eanicas ou Teatro, ou Licenciatura Plena em Artes C\u00eanicas ou Teatro, ou Licenciatura Plena em Artes acompanhada de Bacharelado em Artes C\u00eanicas.\" data-balloon-pos=\"up\">Professor de Teatro<\/span><\/td>\r\n<td class=\"cvagas\">01<\/td>\r\n<td class=\"cremuneracao\">R$ 5.081,78 \/30h<\/td>\r\n<\/tr><tr>\r\n<td class=\"ccargos\">\r\n<span data-balloon-length=\"medium\" aria-label=\"Gradua\u00e7\u00e3o Superior Completa em Terapia Ocupacional e Registro Profissional.\" data-balloon-pos=\"up\">Terapeuta Ocupacional<\/span><\/td>\r\n<td class=\"cvagas\">01<\/td>\r\n<td class=\"cremuneracao\">R$ 5.413,51 \/30h<\/td>\r\n<\/tr>\r\n    <\/tbody>\r\n  <\/table>\r\n<\/div>"},"_links":{"self":[{"href":"https:\/\/www.agrobase.com.br\/concursos\/wp-json\/wp\/v2\/posts\/278865","targetHints":{"allow":["GET"]}}],"collection":[{"href":"https:\/\/www.agrobase.com.br\/concursos\/wp-json\/wp\/v2\/posts"}],"about":[{"href":"https:\/\/www.agrobase.com.br\/concursos\/wp-json\/wp\/v2\/types\/post"}],"author":[{"embeddable":true,"href":"https:\/\/www.agrobase.com.br\/concursos\/wp-json\/wp\/v2\/users\/7"}],"replies":[{"embeddable":true,"href":"https:\/\/www.agrobase.com.br\/concursos\/wp-json\/wp\/v2\/comments?post=278865"}],"version-history":[{"count":1,"href":"https:\/\/www.agrobase.com.br\/concursos\/wp-json\/wp\/v2\/posts\/278865\/revisions"}],"predecessor-version":[{"id":278867,"href":"https:\/\/www.agrobase.com.br\/concursos\/wp-json\/wp\/v2\/posts\/278865\/revisions\/278867"}],"wp:featuredmedia":[{"embeddable":true,"href":"https:\/\/www.agrobase.com.br\/concursos\/wp-json\/wp\/v2\/media\/278864"}],"wp:attachment":[{"href":"https:\/\/www.agrobase.com.br\/concursos\/wp-json\/wp\/v2\/media?parent=278865"}],"wp:term":[{"taxonomy":"category","embeddable":true,"href":"https:\/\/www.agrobase.com.br\/concursos\/wp-json\/wp\/v2\/categories?post=278865"},{"taxonomy":"post_tag","embeddable":true,"href":"https:\/\/www.agrobase.com.br\/concursos\/wp-json\/wp\/v2\/tags?post=278865"},{"taxonomy":"_amplo","embeddable":true,"href":"https:\/\/www.agrobase.com.br\/concursos\/wp-json\/wp\/v2\/_amplo?post=278865"},{"taxonomy":"destaque","embeddable":true,"href":"https:\/\/www.agrobase.com.br\/concursos\/wp-json\/wp\/v2\/destaque?post=278865"},{"taxonomy":"instituicoes","embeddable":true,"href":"https:\/\/www.agrobase.com.br\/concursos\/wp-json\/wp\/v2\/instituicoes?post=278865"}],"curies":[{"name":"wp","href":"https:\/\/api.w.org\/{rel}","templated":true}]}}