{"id":278861,"date":"2026-03-11T07:45:12","date_gmt":"2026-03-11T10:45:12","guid":{"rendered":"https:\/\/www.agrobase.com.br\/concursos\/?p=278861"},"modified":"2026-03-10T12:56:09","modified_gmt":"2026-03-10T15:56:09","slug":"prefeitura-analandia-sp-concurso-01-2026","status":"publish","type":"post","link":"https:\/\/www.agrobase.com.br\/concursos\/2026\/prefeitura-analandia-sp-concurso-01-2026\/","title":{"rendered":"Prefeitura Anal\u00e2ndia (SP) &#8211; Concurso 01\/2026"},"content":{"rendered":"<h2>Informa\u00e7\u00f5es Gerais<\/h2>\n<p>O <strong>Concurso P\u00fablico do Munic\u00edpio de Anal\u00e2ndia\/SP<\/strong> est\u00e1 com edital publicado, oferecendo <strong>09 vagas imediatas + cadastro reserva<\/strong> para diversos cargos da administra\u00e7\u00e3o municipal. O certame \u00e9 organizado pelo <strong>INDEPAC \u2013 Instituto de Cultura, Desenvolvimento Educacional, Promo\u00e7\u00e3o Humana e A\u00e7\u00e3o Comunit\u00e1ria<\/strong>, sob supervis\u00e3o de Comiss\u00e3o Fiscalizadora, e tem como base legal a Constitui\u00e7\u00e3o Federal, a Lei Org\u00e2nica Municipal, a Lei Complementar n\u00ba 10\/2015 e a Lei Complementar n\u00ba 42\/2024.<\/p>\n<p>As oportunidades contemplam os tr\u00eas n\u00edveis de escolaridade: <strong>Ensino Fundamental Completo<\/strong>, <strong>Ensino M\u00e9dio\/T\u00e9cnico<\/strong> e <strong>Ensino Superior<\/strong>. As remunera\u00e7\u00f5es variam de <strong>R$ 1.838,61 a R$ 5.252,31<\/strong>, com carga hor\u00e1ria entre 20h e 40h semanais.<\/p>\n<p>Entre os cargos de n\u00edvel fundamental est\u00e3o Leiturista, Motorista e Servi\u00e7os Gerais. No n\u00edvel m\u00e9dio\/t\u00e9cnico, h\u00e1 vagas e cadastro reserva para Agente de Saneamento, Assistente Administrativo, Comprador, Encarregado de Obras e Servi\u00e7os, Inspetor de Alunos, Recepcionista e T\u00e9cnico em Raio X. J\u00e1 no n\u00edvel superior, as oportunidades s\u00e3o para Farmac\u00eautico Bioqu\u00edmico e Professor de L\u00edngua Portuguesa \u2013 PEB II.<\/p>\n<p>Confira a seguir todos os detalhes sobre inscri\u00e7\u00f5es, etapas do processo seletivo e como acompanhar os resultados do Concurso P\u00fablico de Anal\u00e2ndia\/SP.<\/p>\n<h2>Inscri\u00e7\u00f5es<\/h2>\n<p>As inscri\u00e7\u00f5es para o <strong>Concurso P\u00fablico de Anal\u00e2ndia\/SP<\/strong> ser\u00e3o realizadas exclusivamente pela internet, no per\u00edodo de <strong>6 de mar\u00e7o de 2026 a 2 de abril de 2026<\/strong>, observado o hor\u00e1rio oficial de Bras\u00edlia\/DF.<\/p>\n<p>Para se inscrever, o candidato deve acessar o site <strong><a href=\"https:\/\/indepac.selecao.net.br\/\" target=\"_blank\" rel=\"noopener\">https:\/\/indepac.selecao.net.br\/<\/a><\/strong>, preencher a ficha de solicita\u00e7\u00e3o de inscri\u00e7\u00e3o on-line e gerar o boleto banc\u00e1rio referente \u00e0 taxa de inscri\u00e7\u00e3o. O valor da taxa varia conforme o cargo pretendido, de acordo com a Tabela I do edital.<\/p>\n<p>O pagamento do boleto banc\u00e1rio poder\u00e1 ser efetuado em toda a rede banc\u00e1ria, com <strong>vencimento at\u00e9 o dia 6 de abril de 2026<\/strong> \u2014 primeiro dia \u00fatil subsequente ao encerramento do per\u00edodo de inscri\u00e7\u00e3o. A inscri\u00e7\u00e3o somente ser\u00e1 confirmada ap\u00f3s a compensa\u00e7\u00e3o do pagamento.<\/p>\n<p>Recomenda-se que o candidato acompanhe o status de sua inscri\u00e7\u00e3o diretamente no site do INDEPAC, verificando se o pagamento foi processado corretamente. Em caso de d\u00favidas sobre procedimentos de isen\u00e7\u00e3o da taxa ou condi\u00e7\u00f5es especiais, consulte o edital completo para verificar os crit\u00e9rios e prazos aplic\u00e1veis.<\/p>\n<p>Leia atentamente o edital na \u00edntegra antes de efetuar sua inscri\u00e7\u00e3o, garantindo que voc\u00ea atende a todos os requisitos exigidos para o cargo desejado.<\/p>\n<h2>Etapas e Provas<\/h2>\n<p>O <strong>Concurso P\u00fablico de Anal\u00e2ndia\/SP<\/strong> ser\u00e1 composto por at\u00e9 tr\u00eas etapas, conforme o cargo pretendido:<\/p>\n<ul>\n<li><strong>Prova Objetiva<\/strong> \u2014 aplic\u00e1vel a <strong>todos os cargos<\/strong>. Trata-se de etapa de <strong>car\u00e1ter eliminat\u00f3rio e classificat\u00f3rio<\/strong>, composta por quest\u00f5es de m\u00faltipla escolha. A prova est\u00e1 prevista para o dia <strong>26 de abril de 2026<\/strong>, na cidade de Anal\u00e2ndia\/SP, com <strong>dura\u00e7\u00e3o total de 3 (tr\u00eas) horas<\/strong>. Os locais e hor\u00e1rios espec\u00edficos ser\u00e3o divulgados por meio de Edital de Convoca\u00e7\u00e3o no Di\u00e1rio Oficial do Munic\u00edpio de Anal\u00e2ndia e nos sites <a href=\"https:\/\/indepac.selecao.net.br\/\" target=\"_blank\" rel=\"noopener\">https:\/\/indepac.selecao.net.br\/<\/a> e <a href=\"https:\/\/www.analandia.sp.gov.br\" target=\"_blank\" rel=\"noopener\">www.analandia.sp.gov.br<\/a>.<\/li>\n<li><strong>Prova Pr\u00e1tica<\/strong> \u2014 exclusiva para o cargo de <strong>Motorista<\/strong>. Etapa destinada a avaliar as habilidades pr\u00e1ticas do candidato na condu\u00e7\u00e3o de ve\u00edculos compat\u00edveis com a categoria D exigida.<\/li>\n<li><strong>Prova de T\u00edtulos<\/strong> \u2014 exclusiva para o cargo de <strong>Professor de L\u00edngua Portuguesa \u2013 PEB II<\/strong>. Etapa de <strong>car\u00e1ter classificat\u00f3rio<\/strong>, na qual ser\u00e3o avaliados os t\u00edtulos acad\u00eamicos apresentados pelo candidato conforme crit\u00e9rios definidos no edital.<\/li>\n<\/ul>\n<p>As disciplinas e conte\u00fados cobrados na Prova Objetiva variam conforme o n\u00edvel de escolaridade e o cargo. Consulte o edital completo para acessar o <strong>conte\u00fado program\u00e1tico detalhado<\/strong> e o cronograma atualizado de cada etapa.<\/p>\n<h2>Resultados e Gabarito<\/h2>\n<p>Os resultados do <strong>Concurso P\u00fablico de Anal\u00e2ndia\/SP<\/strong> ser\u00e3o divulgados de forma progressiva, conforme o andamento de cada etapa do certame.<\/p>\n<p>Ap\u00f3s a aplica\u00e7\u00e3o das provas objetivas, os <strong>gabaritos<\/strong> ser\u00e3o publicados no Di\u00e1rio Oficial do Munic\u00edpio de Anal\u00e2ndia e nos endere\u00e7os eletr\u00f4nicos <a href=\"https:\/\/indepac.selecao.net.br\/\" target=\"_blank\" rel=\"noopener\">https:\/\/indepac.selecao.net.br\/<\/a> e <a href=\"https:\/\/www.analandia.sp.gov.br\" target=\"_blank\" rel=\"noopener\">www.analandia.sp.gov.br<\/a>. A data exata da divulga\u00e7\u00e3o dos gabaritos ser\u00e1 comunicada no pr\u00f3prio dia de realiza\u00e7\u00e3o das provas.<\/p>\n<p>O <strong>resultado provis\u00f3rio<\/strong> do Concurso P\u00fablico tamb\u00e9m ser\u00e1 divulgado nos mesmos canais oficiais, sendo assegurado aos candidatos o direito de interpor recurso dentro dos prazos e condi\u00e7\u00f5es previstos no edital.<\/p>\n<p>Ap\u00f3s a an\u00e1lise dos recursos e a conclus\u00e3o de todas as etapas, ser\u00e1 publicada a <strong>lista de Classifica\u00e7\u00e3o Final<\/strong>, igualmente no Di\u00e1rio Oficial do Munic\u00edpio de Anal\u00e2ndia e nos sites do INDEPAC e da Prefeitura. A homologa\u00e7\u00e3o do resultado final \u00e9 o ato administrativo que oficializa o encerramento do certame e autoriza a convoca\u00e7\u00e3o dos aprovados para posse, conforme a necessidade da administra\u00e7\u00e3o municipal.<\/p>\n<p>Os crit\u00e9rios de desempate e a ordem de classifica\u00e7\u00e3o seguem as regras estabelecidas no edital. Recomenda-se a leitura integral do documento para conhecer todos os detalhes.<\/p>\n<p><strong>O acompanhamento de todas as publica\u00e7\u00f5es oficiais \u2014 editais de convoca\u00e7\u00e3o, gabaritos, resultados e homologa\u00e7\u00e3o \u2014 \u00e9 de responsabilidade exclusiva do candidato.<\/strong> Consulte regularmente o Di\u00e1rio Oficial do Munic\u00edpio de Anal\u00e2ndia e os sites indicados para n\u00e3o perder nenhum prazo.<\/p>\n","protected":false},"excerpt":{"rendered":"<p>Concurso Pref. Anal\u00e2ndia (SP) com edital publicado! Vagas p\/ Professor e Farmac\u00eautico (Fund. a Sup.). Inscri\u00e7\u00f5es a partir de 06\/03. Confira detalhes!<\/p>\n","protected":false},"author":7,"featured_media":278860,"comment_status":"open","ping_status":"open","sticky":false,"template":"","format":"standard","meta":{"_acf_changed":false,"_breakdance_hide_in_design_set":false,"_breakdance_tags":"","footnotes":""},"categories":[17,20],"tags":[62],"_amplo":[],"destaque":[],"instituicoes":[],"class_list":["post-278861","post","type-post","status-publish","format-standard","has-post-thumbnail","hentry","category-farmacia","category-letras","tag-sao-paulo"],"acf":{"_tipo_vagas":"vagas","_numero_vagas":"","_quadro_vagas":"","_cargos":"diversos","_cargos_especificos":"","_salario_max":"R$ 5252.31","_abertura":"20260306","_encerramento":"20260402","_inscricoes":"https:\/\/indepac.selecao.net.br\/","_executora_concurso":"","_instituicao_concurso":[],"_link_adicional":null,"_anexos":null,"_produtos":null,"_vagas":"09 vagas + CR","_salario_min":"R$ 1838.61","_instituicao":"Prefeitura de Anal\u00e2ndia","_edital":"https:\/\/www.agrobase.com.br\/concursos\/wp-content\/uploads\/sites\/4\/2026\/03\/edital-01-2026-da-prefeitura-de-analandia-sp.pdf","_anexos_edital":"","_fund_incompleto":"","_fund_completo":"<div>\r\n<table class=\"quadro\">\r\n<thead>\r\n<tr>\r\n<th class=\"hcargo\">Cargo<\/th>\r\n<th class=\"hvagas\">Vagas<\/th>\r\n<th class=\"hremuneracao\">Remunera\u00e7\u00e3o<\/th>\r\n<\/tr>\r\n<\/thead>\r\n    <tbody>\r\n      <td class=\"ccargos\">\r\n<span data-balloon-length=\"medium\" aria-label=\"Ensino fundamental completo\" data-balloon-pos=\"up\">Leiturista<\/span><\/td>\r\n<td class=\"cvagas\">01 + CR<\/td>\r\n<td class=\"cremuneracao\">R$ 1.838,61 \/40h<\/td>\r\n<\/tr><td class=\"ccargos\">\r\n<span data-balloon-length=\"medium\" aria-label=\"Ensino fundamental completo e CNH categoria D\" data-balloon-pos=\"up\">Motorista<\/span><\/td>\r\n<td class=\"cvagas\">01 + CR<\/td>\r\n<td class=\"cremuneracao\">R$ 2.428,81 \/40h<\/td>\r\n<\/tr><td class=\"ccargos\">\r\n<span data-balloon-length=\"medium\" aria-label=\"Ensino fundamental completo\" data-balloon-pos=\"up\">Servi\u00e7os Gerais<\/span><\/td>\r\n<td class=\"cvagas\">01 + CR<\/td>\r\n<td class=\"cremuneracao\">R$ 1.838,61 \/40h<\/td>\r\n<\/tr>\r\n    <\/tbody>\r\n  <\/table>\r\n<\/div>","_medio":"<div>\r\n<table class=\"quadro\">\r\n<thead>\r\n<tr>\r\n<th class=\"hcargo\">Cargo<\/th>\r\n<th class=\"hvagas\">Vagas<\/th>\r\n<th class=\"hremuneracao\">Remunera\u00e7\u00e3o<\/th>\r\n<\/tr>\r\n<\/thead>\r\n    <tbody>\r\n      <td class=\"ccargos\">\r\n<span data-balloon-length=\"medium\" aria-label=\"Ensino m\u00e9dio completo\" data-balloon-pos=\"up\">Agente de Saneamento<\/span><\/td>\r\n<td class=\"cvagas\">01 + CR<\/td>\r\n<td class=\"cremuneracao\">R$ 1.838,61 \/40h<\/td>\r\n<\/tr><td class=\"ccargos\">\r\n<span data-balloon-length=\"medium\" aria-label=\"Ensino m\u00e9dio completo\" data-balloon-pos=\"up\">Assistente Administrativo<\/span><\/td>\r\n<td class=\"cvagas\">01 + CR<\/td>\r\n<td class=\"cremuneracao\">R$ 1.838,61 \/40h<\/td>\r\n<\/tr><td class=\"ccargos\">\r\n<span data-balloon-length=\"medium\" aria-label=\"Ensino m\u00e9dio completo\" data-balloon-pos=\"up\">Comprador<\/span><\/td>\r\n<td class=\"cvagas\">CR<\/td>\r\n<td class=\"cremuneracao\">R$ 4.145,07 \/40h<\/td>\r\n<\/tr><td class=\"ccargos\">\r\n<span data-balloon-length=\"medium\" aria-label=\"Ensino m\u00e9dio completo\" data-balloon-pos=\"up\">Encarregado de Obras e Servi\u00e7os<\/span><\/td>\r\n<td class=\"cvagas\">01 + CR<\/td>\r\n<td class=\"cremuneracao\">R$ 4.145,07 \/40h<\/td>\r\n<\/tr><td class=\"ccargos\">\r\n<span data-balloon-length=\"medium\" aria-label=\"Ensino m\u00e9dio completo\" data-balloon-pos=\"up\">Inspetor de Alunos<\/span><\/td>\r\n<td class=\"cvagas\">01 + CR<\/td>\r\n<td class=\"cremuneracao\">R$ 1.838,61 \/40h<\/td>\r\n<\/tr><td class=\"ccargos\">\r\n<span data-balloon-length=\"medium\" aria-label=\"Ensino m\u00e9dio completo\" data-balloon-pos=\"up\">Recepcionista<\/span><\/td>\r\n<td class=\"cvagas\">01 + CR<\/td>\r\n<td class=\"cremuneracao\">R$ 1.838,61 \/40h<\/td>\r\n<\/tr><td class=\"ccargos\">\r\n<span data-balloon-length=\"medium\" aria-label=\"Ensino m\u00e9dio completo, curso t\u00e9cnico em Radiologia e registro no CRTR\" data-balloon-pos=\"up\">T\u00e9cnico em Raio X<\/span><\/td>\r\n<td class=\"cvagas\">CR<\/td>\r\n<td class=\"cremuneracao\">R$ 2.926,34 \/20h<\/td>\r\n<\/tr>\r\n    <\/tbody>\r\n  <\/table>\r\n<\/div>","_superior":"<div>\r\n<table class=\"quadro\">\r\n<thead>\r\n<tr>\r\n<th class=\"hcargo\">Cargo<\/th>\r\n<th class=\"hvagas\">Vagas<\/th>\r\n<th class=\"hremuneracao\">Remunera\u00e7\u00e3o<\/th>\r\n<\/tr>\r\n<\/thead>\r\n    <tbody>\r\n      <tr>\r\n<td class=\"ccargos\">\r\n<span data-balloon-length=\"medium\" aria-label=\"Ensino superior completo em Farm\u00e1cia e registro no CRF\" data-balloon-pos=\"up\">Farmac\u00eautico Bioqu\u00edmico<\/span><\/td>\r\n<td class=\"cvagas\">CR<\/td>\r\n<td class=\"cremuneracao\">R$ 5.252,31 \/30h<\/td>\r\n<\/tr><tr>\r\n<td class=\"ccargos\">\r\n<span data-balloon-length=\"medium\" aria-label=\"Licenciatura Plena com habilita\u00e7\u00e3o na \u00e1rea espec\u00edfica\" data-balloon-pos=\"up\">Professor de L\u00edngua Portuguesa \u2013 PEB II<\/span><\/td>\r\n<td class=\"cvagas\">01 + CR<\/td>\r\n<td class=\"cremuneracao\">R$ 4.842,00 \/36h<\/td>\r\n<\/tr>\r\n    <\/tbody>\r\n  <\/table>\r\n<\/div>"},"_links":{"self":[{"href":"https:\/\/www.agrobase.com.br\/concursos\/wp-json\/wp\/v2\/posts\/278861","targetHints":{"allow":["GET"]}}],"collection":[{"href":"https:\/\/www.agrobase.com.br\/concursos\/wp-json\/wp\/v2\/posts"}],"about":[{"href":"https:\/\/www.agrobase.com.br\/concursos\/wp-json\/wp\/v2\/types\/post"}],"author":[{"embeddable":true,"href":"https:\/\/www.agrobase.com.br\/concursos\/wp-json\/wp\/v2\/users\/7"}],"replies":[{"embeddable":true,"href":"https:\/\/www.agrobase.com.br\/concursos\/wp-json\/wp\/v2\/comments?post=278861"}],"version-history":[{"count":1,"href":"https:\/\/www.agrobase.com.br\/concursos\/wp-json\/wp\/v2\/posts\/278861\/revisions"}],"predecessor-version":[{"id":278863,"href":"https:\/\/www.agrobase.com.br\/concursos\/wp-json\/wp\/v2\/posts\/278861\/revisions\/278863"}],"wp:featuredmedia":[{"embeddable":true,"href":"https:\/\/www.agrobase.com.br\/concursos\/wp-json\/wp\/v2\/media\/278860"}],"wp:attachment":[{"href":"https:\/\/www.agrobase.com.br\/concursos\/wp-json\/wp\/v2\/media?parent=278861"}],"wp:term":[{"taxonomy":"category","embeddable":true,"href":"https:\/\/www.agrobase.com.br\/concursos\/wp-json\/wp\/v2\/categories?post=278861"},{"taxonomy":"post_tag","embeddable":true,"href":"https:\/\/www.agrobase.com.br\/concursos\/wp-json\/wp\/v2\/tags?post=278861"},{"taxonomy":"_amplo","embeddable":true,"href":"https:\/\/www.agrobase.com.br\/concursos\/wp-json\/wp\/v2\/_amplo?post=278861"},{"taxonomy":"destaque","embeddable":true,"href":"https:\/\/www.agrobase.com.br\/concursos\/wp-json\/wp\/v2\/destaque?post=278861"},{"taxonomy":"instituicoes","embeddable":true,"href":"https:\/\/www.agrobase.com.br\/concursos\/wp-json\/wp\/v2\/instituicoes?post=278861"}],"curies":[{"name":"wp","href":"https:\/\/api.w.org\/{rel}","templated":true}]}}