{"id":278823,"date":"2026-03-10T08:12:46","date_gmt":"2026-03-10T11:12:46","guid":{"rendered":"https:\/\/www.agrobase.com.br\/concursos\/?p=278823"},"modified":"2026-03-09T14:34:56","modified_gmt":"2026-03-09T17:34:56","slug":"prefeitura-marechal-candido-rondon-pr-concurso-01-2026","status":"publish","type":"post","link":"https:\/\/www.agrobase.com.br\/concursos\/2026\/prefeitura-marechal-candido-rondon-pr-concurso-01-2026\/","title":{"rendered":"Prefeitura Marechal C\u00e2ndido Rondon (PR) &#8211; Concurso 01\/2026"},"content":{"rendered":"<h2>Informa\u00e7\u00f5es Gerais<\/h2>\n<p>O Munic\u00edpio de <strong>Marechal C\u00e2ndido Rondon<\/strong>, no oeste do <strong>Paran\u00e1<\/strong>, publicou o <strong>Edital n\u00ba 001\/2026<\/strong> referente ao <strong>Concurso P\u00fablico<\/strong> destinado ao provimento de cargos efetivos do Quadro Geral e do Magist\u00e9rio P\u00fablico Municipal. O certame \u00e9 organizado e executado pela <strong>Universidade Estadual do Oeste do Paran\u00e1 (UNIOESTE)<\/strong>, por meio da Coordenadoria Geral de Concursos e Processos Seletivos (COGEPS).<\/p>\n<p>O concurso oferece <strong>10 vagas imediatas<\/strong>, al\u00e9m de forma\u00e7\u00e3o de <strong>cadastro reserva (CR)<\/strong> para dezenas de cargos, contemplando os tr\u00eas n\u00edveis de escolaridade: <strong>Fundamental Completo<\/strong>, <strong>M\u00e9dio\/T\u00e9cnico<\/strong> e <strong>Superior<\/strong>. O regime de contrata\u00e7\u00e3o \u00e9 <strong>estatut\u00e1rio<\/strong>, com remunera\u00e7\u00f5es que variam de <strong>R$ 1.723,06<\/strong> a <strong>R$ 31.958,62<\/strong>, a depender do cargo.<\/p>\n<p>As oportunidades abrangem \u00e1reas diversas. No n\u00edvel fundamental, h\u00e1 vagas para Oper\u00e1rio e cadastro reserva para Motorista. No n\u00edvel m\u00e9dio\/t\u00e9cnico, destacam-se os cargos de Agente Comunit\u00e1rio de Sa\u00fade (diversas unidades), Agente de Apoio (Auxiliar em sala de aula \u2014 com 20 vagas imediatas), Assistente Administrativo, Fiscal de Obras, Fiscal Sanit\u00e1rio, T\u00e9cnico de Enfermagem e T\u00e9cnico em Seguran\u00e7a no Trabalho.<\/p>\n<p>No n\u00edvel superior, o leque \u00e9 amplo e inclui carreiras na \u00e1rea da sa\u00fade (Medicina em diversas especialidades, Enfermagem, Farm\u00e1cia, Fisioterapia, Fonoaudiologia e Odontologia), engenharias (Civil e El\u00e9trica), arquitetura, direito, administra\u00e7\u00e3o, contabilidade, tecnologia da informa\u00e7\u00e3o e educa\u00e7\u00e3o (Professores de S\u00e9ries Iniciais, Educa\u00e7\u00e3o Infantil, Educa\u00e7\u00e3o Especial e Educa\u00e7\u00e3o F\u00edsica). Merece destaque a presen\u00e7a de vaga para <strong>Nutricionista<\/strong> (cadastro reserva), \u00e1rea de grande interesse para profissionais das ci\u00eancias agr\u00e1rias e da alimenta\u00e7\u00e3o.<\/p>\n<p>Trata-se de uma excelente oportunidade para quem busca estabilidade no servi\u00e7o p\u00fablico em um dos munic\u00edpios mais desenvolvidos do oeste paranaense. Continue a leitura para conferir todos os detalhes sobre inscri\u00e7\u00f5es, etapas de sele\u00e7\u00e3o e acompanhamento dos resultados.<\/p>\n<h2>Inscri\u00e7\u00f5es<\/h2>\n<p>As inscri\u00e7\u00f5es para o <strong>Concurso P\u00fablico n\u00ba 001\/2026 de Marechal C\u00e2ndido Rondon &#8211; PR<\/strong> devem ser realizadas <strong>exclusivamente pela internet<\/strong>, por meio do site oficial da UNIOESTE\/COGEPS (<strong>https:\/\/concursos.unioeste.br\/<\/strong>). O per\u00edodo de inscri\u00e7\u00f5es tem in\u00edcio em <strong>11 de mar\u00e7o de 2026<\/strong> e se encerra em <strong>13 de abril de 2026<\/strong>, conforme datas previstas no cronograma do edital.<\/p>\n<p>Para se inscrever, o candidato deve acessar o site indicado, preencher o formul\u00e1rio eletr\u00f4nico de inscri\u00e7\u00e3o com seus dados pessoais e escolher o cargo pretendido. Ap\u00f3s o preenchimento, ser\u00e1 gerado um boleto banc\u00e1rio referente \u00e0 taxa de inscri\u00e7\u00e3o, que dever\u00e1 ser pago no <strong>Banco do Brasil<\/strong> ou em agentes credenciados para recebimento, <strong>dentro do hor\u00e1rio de compensa\u00e7\u00e3o banc\u00e1ria<\/strong>, at\u00e9 a data-limite especificada no cronograma do edital.<\/p>\n<p>Os valores das taxas de inscri\u00e7\u00e3o variam conforme o n\u00edvel de escolaridade do cargo. Recomenda-se consultar o edital completo para verificar o valor exato correspondente ao cargo desejado, bem como os procedimentos e crit\u00e9rios para <strong>solicita\u00e7\u00e3o de isen\u00e7\u00e3o da taxa de inscri\u00e7\u00e3o<\/strong>, caso previstos.<\/p>\n<p>Ap\u00f3s efetuar a inscri\u00e7\u00e3o e o pagamento, \u00e9 fundamental que o candidato <strong>acompanhe o status de sua inscri\u00e7\u00e3o<\/strong> diretamente no site da UNIOESTE\/COGEPS, certificando-se de que foi confirmada. A inscri\u00e7\u00e3o s\u00f3 ser\u00e1 efetivada ap\u00f3s a confirma\u00e7\u00e3o do pagamento da taxa.<\/p>\n<p>Recomendamos a <strong>leitura integral do edital<\/strong> para conhecer todas as regras, prazos e documentos exigidos no processo de inscri\u00e7\u00e3o.<\/p>\n<h2>Etapas e Provas<\/h2>\n<p>O processo de sele\u00e7\u00e3o do Concurso P\u00fablico n\u00ba 001\/2026 de Marechal C\u00e2ndido Rondon &#8211; PR \u00e9 composto por at\u00e9 <strong>quatro etapas<\/strong>, aplicadas conforme o cargo pretendido. Confira abaixo o detalhamento de cada uma:<\/p>\n<ul>\n<li><strong>Prova Objetiva (PO)<\/strong> \u2014 Car\u00e1ter <strong>eliminat\u00f3rio e classificat\u00f3rio<\/strong>. Ser\u00e1 aplicada a <strong>todos os candidatos<\/strong> inscritos, no Munic\u00edpio de Marechal C\u00e2ndido Rondon &#8211; PR e, a depender do quantitativo de inscritos, em munic\u00edpios vizinhos. A prova ter\u00e1 <strong>dura\u00e7\u00e3o m\u00e1xima de 4 horas<\/strong> e ser\u00e1 composta por quest\u00f5es de m\u00faltipla escolha abrangendo disciplinas de conhecimentos gerais e espec\u00edficos, conforme definido no edital para cada cargo. A data prevista de aplica\u00e7\u00e3o consta no cronograma (Anexo IV do edital).<\/li>\n<li><strong>Prova de Reda\u00e7\u00e3o (PR)<\/strong> \u2014 Car\u00e1ter <strong>eliminat\u00f3rio e classificat\u00f3rio<\/strong>. Avalia a capacidade de express\u00e3o escrita do candidato. Os crit\u00e9rios de corre\u00e7\u00e3o, a nota m\u00ednima para aprova\u00e7\u00e3o e os cargos que participam desta etapa est\u00e3o detalhados no edital.<\/li>\n<li><strong>Avalia\u00e7\u00e3o de T\u00edtulos (AT)<\/strong> \u2014 Car\u00e1ter exclusivamente <strong>classificat\u00f3rio<\/strong>. Destinada aos cargos de n\u00edvel superior e\/ou de magist\u00e9rio, conforme especificado no edital. Os candidatos poder\u00e3o apresentar diplomas, certificados e documentos comprobat\u00f3rios de forma\u00e7\u00e3o acad\u00eamica e experi\u00eancia profissional, de acordo com a tabela de pontua\u00e7\u00e3o prevista no edital.<\/li>\n<li><strong>Prova Pr\u00e1tica (PP)<\/strong> \u2014 Car\u00e1ter <strong>eliminat\u00f3rio e classificat\u00f3rio<\/strong>. Aplicada a cargos espec\u00edficos que exigem demonstra\u00e7\u00e3o de habilidades pr\u00e1ticas (como, por exemplo, o cargo de Motorista). Os crit\u00e9rios de avalia\u00e7\u00e3o, a pontua\u00e7\u00e3o e os cargos convocados para esta etapa est\u00e3o descritos no edital.<\/li>\n<\/ul>\n<p>Cada etapa possui <strong>crit\u00e9rios pr\u00f3prios de aprova\u00e7\u00e3o e nota m\u00ednima<\/strong>, que devem ser consultados diretamente no edital. A pontua\u00e7\u00e3o final do candidato ser\u00e1 composta pelo somat\u00f3rio das notas obtidas nas etapas aplic\u00e1veis ao seu cargo.<\/p>\n<p>Para informa\u00e7\u00f5es completas sobre o <strong>conte\u00fado program\u00e1tico<\/strong>, a distribui\u00e7\u00e3o de quest\u00f5es por disciplina, os crit\u00e9rios de corre\u00e7\u00e3o e o <strong>cronograma detalhado<\/strong> de cada etapa, consulte o edital na \u00edntegra.<\/p>\n<h2>Resultados e Gabarito<\/h2>\n<p>A divulga\u00e7\u00e3o dos resultados do Concurso P\u00fablico n\u00ba 001\/2026 de Marechal C\u00e2ndido Rondon &#8211; PR seguir\u00e1 o cronograma estabelecido no edital e ser\u00e1 realizada nos seguintes canais oficiais:<\/p>\n<ul>\n<li><strong>Site do Munic\u00edpio de Marechal C\u00e2ndido Rondon:<\/strong> <em>https:\/\/marechalcandidorondon.atende.net\/cidadao\/<\/em><\/li>\n<li><strong>Site da UNIOESTE\/COGEPS:<\/strong> <em>www.unioeste.br\/portal\/cogeps\/correntes<\/em><\/li>\n<\/ul>\n<p>Ap\u00f3s a aplica\u00e7\u00e3o da Prova Objetiva, ser\u00e1 publicado o <strong>gabarito preliminar<\/strong>, abrindo-se prazo para interposi\u00e7\u00e3o de recursos. Em seguida, ser\u00e1 divulgado o <strong>gabarito definitivo<\/strong>, j\u00e1 com as eventuais altera\u00e7\u00f5es decorrentes da an\u00e1lise dos recursos. O mesmo fluxo \u2014 resultado preliminar, prazo recursal e resultado definitivo \u2014 ser\u00e1 observado para as demais etapas do concurso (Prova de Reda\u00e7\u00e3o, Avalia\u00e7\u00e3o de T\u00edtulos e Prova Pr\u00e1tica, quando aplic\u00e1veis).<\/p>\n<p>A <strong>classifica\u00e7\u00e3o final<\/strong> dos candidatos ser\u00e1 publicada em edital espec\u00edfico, organizada em <strong>tr\u00eas listas<\/strong>, por ordem decrescente de pontua\u00e7\u00e3o final:<\/p>\n<ul>\n<li><strong>Lista geral:<\/strong> com a pontua\u00e7\u00e3o de todos os candidatos, incluindo PcD e PPP;<\/li>\n<li><strong>Lista PPP:<\/strong> contendo somente os candidatos inscritos como Pessoas Pretas ou Pardas;<\/li>\n<li><strong>Lista PcD:<\/strong> contendo somente os candidatos inscritos como Pessoas com Defici\u00eancia.<\/li>\n<\/ul>\n<p>Em caso de <strong>empate<\/strong> na pontua\u00e7\u00e3o final, ser\u00e3o aplicados os crit\u00e9rios de desempate previstos no edital, que devem ser consultados na \u00edntegra para conhecimento detalhado da ordem de prefer\u00eancia adotada.<\/p>\n<p>A <strong>homologa\u00e7\u00e3o<\/strong> do resultado final e da classifica\u00e7\u00e3o ser\u00e1 formalizada por meio de <strong>Decreto<\/strong> expedido pelo Munic\u00edpio de Marechal C\u00e2ndido Rondon &#8211; PR. A homologa\u00e7\u00e3o representa o ato oficial que valida todo o processo seletivo e autoriza a convoca\u00e7\u00e3o dos aprovados para posse, conforme a necessidade da administra\u00e7\u00e3o municipal.<\/p>\n<p>Quanto \u00e0 <strong>validade do concurso<\/strong>, os candidatos devem consultar o edital para verificar o prazo estabelecido e a possibilidade de prorroga\u00e7\u00e3o. Durante o per\u00edodo de validade, os aprovados em cadastro reserva poder\u00e3o ser convocados \u00e0 medida que surgirem novas vagas ou que vagas existentes forem ampliadas.<\/p>\n<p><strong>Aten\u00e7\u00e3o:<\/strong> o acompanhamento de todas as publica\u00e7\u00f5es, convoca\u00e7\u00f5es, editais complementares e retifica\u00e7\u00f5es \u00e9 de <strong>responsabilidade exclusiva do candidato<\/strong>. Recomenda-se consultar regularmente os sites oficiais indicados acima para n\u00e3o perder nenhum prazo ou informa\u00e7\u00e3o relevante.<\/p>\n","protected":false},"excerpt":{"rendered":"<p>Concurso Pref. Marechal C. Rondon (PR) com edital publicado! Vagas p\/ M\u00e9dico e Professor (Fund. a Sup.). Inscri\u00e7\u00f5es a partir de 11\/03. Confira detalhes!<\/p>\n","protected":false},"author":7,"featured_media":278822,"comment_status":"open","ping_status":"open","sticky":false,"template":"","format":"standard","meta":{"_acf_changed":false,"_breakdance_hide_in_design_set":false,"_breakdance_tags":"","footnotes":""},"categories":[3,5,144,9,10,6434,12,14,103,17,18,19,21,23,24,25,101,108,157],"tags":[52],"_amplo":[],"destaque":[],"instituicoes":[],"class_list":["post-278823","post","type-post","status-publish","format-standard","has-post-thumbnail","hentry","category-administracao","category-arquitetura","category-arquivologia","category-ciencias-contabeis","category-direito","category-educacao-fisica-licenciatura","category-enfermagem","category-engenharia","category-engenharia-eletrica","category-farmacia","category-fisioterapia","category-fonoaudiologia","category-medicina","category-nutricao","category-odontologia","category-pedagogia","category-servico-social","category-tecnico-enfermagem","category-tecnico-seguranca-trabalho","tag-parana"],"acf":{"_tipo_vagas":"vagas","_numero_vagas":"","_quadro_vagas":"","_cargos":"diversos","_cargos_especificos":"","_salario_max":"R$ 31958.62","_abertura":"20260311","_encerramento":"20260413","_inscricoes":"https:\/\/concursos.unioeste.br\/","_executora_concurso":"","_instituicao_concurso":[],"_link_adicional":null,"_anexos":null,"_produtos":null,"_vagas":"10 vagas + CR","_salario_min":"R$ 1723.06","_instituicao":"Prefeitura de Marechal C\u00e2ndido Rondon","_edital":"https:\/\/www.agrobase.com.br\/concursos\/wp-content\/uploads\/sites\/4\/2026\/03\/edital-01-2026-da-prefeitura-de-marechal-candido-randon-pr.pdf","_anexos_edital":"https:\/\/www.agrobase.com.br\/concursos\/wp-content\/uploads\/sites\/4\/2026\/03\/anexos-edital-01-2026-da-prefei.marechal-candido-randon-pr.pdf","_fund_incompleto":"","_fund_completo":"<div>\r\n<table class=\"quadro\">\r\n<thead>\r\n<tr>\r\n<th class=\"hcargo\">Cargo<\/th>\r\n<th class=\"hvagas\">Vagas<\/th>\r\n<th class=\"hremuneracao\">Remunera\u00e7\u00e3o<\/th>\r\n<\/tr>\r\n<\/thead>\r\n    <tbody>\r\n      <td class=\"ccargos\">\r\n<span data-balloon-length=\"medium\" data-balloon-pos=\"up\">Motorista<\/span><\/td>\r\n<td class=\"cvagas\">CR<\/td>\r\n<td class=\"cremuneracao\">R$ 2.700,68 \/40h<\/td>\r\n<\/tr><td class=\"ccargos\">\r\n<span data-balloon-length=\"medium\" aria-label=\"Ensino Fundamental Completo\" data-balloon-pos=\"up\">Oper\u00e1rio<\/span><\/td>\r\n<td class=\"cvagas\">04<\/td>\r\n<td class=\"cremuneracao\">R$ 1.723,06 \/40h<\/td>\r\n<\/tr>\r\n    <\/tbody>\r\n  <\/table>\r\n<\/div>","_medio":"<div>\r\n<table class=\"quadro\">\r\n<thead>\r\n<tr>\r\n<th class=\"hcargo\">Cargo<\/th>\r\n<th class=\"hvagas\">Vagas<\/th>\r\n<th class=\"hremuneracao\">Remunera\u00e7\u00e3o<\/th>\r\n<\/tr>\r\n<\/thead>\r\n    <tbody>\r\n      <td class=\"ccargos\">\r\n<span data-balloon-length=\"medium\" aria-label=\"Ensino M\u00e9dio Completo (Lei Federal n\u00ba 13.595\/2018)\" data-balloon-pos=\"up\">Agente Comunit\u00e1rio de Sa\u00fade - ESF - Alvorada<\/span><\/td>\r\n<td class=\"cvagas\">CR<\/td>\r\n<td class=\"cremuneracao\">R$ 3.242,00 \/40h<\/td>\r\n<\/tr><td class=\"ccargos\">\r\n<span data-balloon-length=\"medium\" aria-label=\"Ensino M\u00e9dio Completo (Lei Federal n\u00ba 13.595\/2018)\" data-balloon-pos=\"up\">Agente Comunit\u00e1rio de Sa\u00fade - ESF - Augusto<\/span><\/td>\r\n<td class=\"cvagas\">CR<\/td>\r\n<td class=\"cremuneracao\">R$ 3.242,00 \/40h<\/td>\r\n<\/tr><td class=\"ccargos\">\r\n<span data-balloon-length=\"medium\" aria-label=\"Ensino M\u00e9dio Completo (Lei Federal n\u00ba 13.595\/2018)\" data-balloon-pos=\"up\">Agente Comunit\u00e1rio de Sa\u00fade - ESF - Botafogo<\/span><\/td>\r\n<td class=\"cvagas\">CR<\/td>\r\n<td class=\"cremuneracao\">R$ 3.242,00 \/40h<\/td>\r\n<\/tr><td class=\"ccargos\">\r\n<span data-balloon-length=\"medium\" aria-label=\"Ensino M\u00e9dio Completo (Lei Federal n\u00ba 13.595\/2018)\" data-balloon-pos=\"up\">Agente Comunit\u00e1rio de Sa\u00fade - ESF - Centro Integrado de Sa\u00fade<\/span><\/td>\r\n<td class=\"cvagas\">CR<\/td>\r\n<td class=\"cremuneracao\">R$ 3.242,00 \/40h<\/td>\r\n<\/tr><td class=\"ccargos\">\r\n<span data-balloon-length=\"medium\" aria-label=\"Ensino M\u00e9dio Completo (Lei Federal n\u00ba 13.595\/2018)\" data-balloon-pos=\"up\">Agente Comunit\u00e1rio de Sa\u00fade - ESF - Marechal<\/span><\/td>\r\n<td class=\"cvagas\">CR<\/td>\r\n<td class=\"cremuneracao\">R$ 3.242,00 \/40h<\/td>\r\n<\/tr><td class=\"ccargos\">\r\n<span data-balloon-length=\"medium\" aria-label=\"Ensino M\u00e9dio Completo (Lei Federal n\u00ba 13.595\/2018)\" data-balloon-pos=\"up\">Agente Comunit\u00e1rio de Sa\u00fade - ESF - Primavera<\/span><\/td>\r\n<td class=\"cvagas\">CR<\/td>\r\n<td class=\"cremuneracao\">R$ 3.242,00 \/40h<\/td>\r\n<\/tr><td class=\"ccargos\">\r\n<span data-balloon-length=\"medium\" aria-label=\"Ensino M\u00e9dio Completo (Lei Federal n\u00ba 13.595\/2018)\" data-balloon-pos=\"up\">Agente Comunit\u00e1rio de Sa\u00fade - ESF S\u00e3o Francisco<\/span><\/td>\r\n<td class=\"cvagas\">CR<\/td>\r\n<td class=\"cremuneracao\">R$ 3.242,00 \/40h<\/td>\r\n<\/tr><td class=\"ccargos\">\r\n<span data-balloon-length=\"medium\" aria-label=\"Ensino M\u00e9dio Completo (Lei Federal n\u00ba 13.595\/2018)\" data-balloon-pos=\"up\">Agente Comunit\u00e1rio de Sa\u00fade \u2013 ESF S\u00e3o Lucas<\/span><\/td>\r\n<td class=\"cvagas\">CR<\/td>\r\n<td class=\"cremuneracao\">R$ 3.242,00 \/40h<\/td>\r\n<\/tr><td class=\"ccargos\">\r\n<span data-balloon-length=\"medium\" aria-label=\"Ensino M\u00e9dio Completo (Lei Federal n\u00ba 13.595\/2018)\" data-balloon-pos=\"up\">Agente Comunit\u00e1rio de Sa\u00fade \u2013 ESF Vila Ga\u00facha<\/span><\/td>\r\n<td class=\"cvagas\">CR<\/td>\r\n<td class=\"cremuneracao\">R$ 3.242,00 \/40h<\/td>\r\n<\/tr><td class=\"ccargos\">\r\n<span data-balloon-length=\"medium\" aria-label=\"Ensino M\u00e9dio Completo (Lei Federal n\u00ba 13.595\/2018)\" data-balloon-pos=\"up\">Agente Comunit\u00e1rio de Sa\u00fade \u2013 UBS Margarida<\/span><\/td>\r\n<td class=\"cvagas\">01<\/td>\r\n<td class=\"cremuneracao\">R$ 3.242,00 \/40h<\/td>\r\n<\/tr><td class=\"ccargos\">\r\n<span data-balloon-length=\"medium\" aria-label=\"Ensino M\u00e9dio Completo (Lei Federal n\u00ba 13.595\/2018)\" data-balloon-pos=\"up\">Agente Comunit\u00e1rio de Sa\u00fade \u2013 UBS Porto Mendes<\/span><\/td>\r\n<td class=\"cvagas\">CR<\/td>\r\n<td class=\"cremuneracao\">R$ 3.242,00 \/40h<\/td>\r\n<\/tr><td class=\"ccargos\">\r\n<span data-balloon-length=\"medium\" aria-label=\"Ensino M\u00e9dio Completo\" data-balloon-pos=\"up\">Agente de Apoio (Auxiliar em sala de aula)<\/span><\/td>\r\n<td class=\"cvagas\">20 + CR<\/td>\r\n<td class=\"cremuneracao\">R$ 2.060,96 \/30h<\/td>\r\n<\/tr><td class=\"ccargos\">\r\n<span data-balloon-length=\"medium\" aria-label=\"Ensino M\u00e9dio Completo\" data-balloon-pos=\"up\">Assistente Administrativo<\/span><\/td>\r\n<td class=\"cvagas\">CR<\/td>\r\n<td class=\"cremuneracao\">R$ 2.747,96 \/40h<\/td>\r\n<\/tr><td class=\"ccargos\">\r\n<span data-balloon-length=\"medium\" aria-label=\"Ensino M\u00e9dio Completo\" data-balloon-pos=\"up\">Fiscal de Obras<\/span><\/td>\r\n<td class=\"cvagas\">CR<\/td>\r\n<td class=\"cremuneracao\">R$ 2.957,26 \/40h<\/td>\r\n<\/tr><td class=\"ccargos\">\r\n<span data-balloon-length=\"medium\" aria-label=\"Ensino M\u00e9dio Completo\" data-balloon-pos=\"up\">Fiscal Sanit\u00e1rio<\/span><\/td>\r\n<td class=\"cvagas\">CR<\/td>\r\n<td class=\"cremuneracao\">R$ 2.957,26 \/40h<\/td>\r\n<\/tr><td class=\"ccargos\">\r\n<span data-balloon-length=\"medium\" aria-label=\"Ensino M\u00e9dio Completo na \u00e1rea + Registro no Conselho Regional da Categoria\" data-balloon-pos=\"up\">T\u00e9cnico de Enfermagem<\/span><\/td>\r\n<td class=\"cvagas\">CR<\/td>\r\n<td class=\"cremuneracao\">R$ 2.747,96 \/40h<\/td>\r\n<\/tr><td class=\"ccargos\">\r\n<span data-balloon-length=\"medium\" aria-label=\"Ensino M\u00e9dio Completo na \u00e1rea + Registro no Conselho Regional da Categoria\" data-balloon-pos=\"up\">T\u00e9cnico em Seguran\u00e7a no Trabalho<\/span><\/td>\r\n<td class=\"cvagas\">CR<\/td>\r\n<td class=\"cremuneracao\">R$ 3.227,32 \/40h<\/td>\r\n<\/tr>\r\n    <\/tbody>\r\n  <\/table>\r\n<\/div>","_superior":"<div>\r\n<table class=\"quadro\">\r\n<thead>\r\n<tr>\r\n<th class=\"hcargo\">Cargo<\/th>\r\n<th class=\"hvagas\">Vagas<\/th>\r\n<th class=\"hremuneracao\">Remunera\u00e7\u00e3o<\/th>\r\n<\/tr>\r\n<\/thead>\r\n    <tbody>\r\n      <tr>\r\n<td class=\"ccargos\">\r\n<span data-balloon-length=\"medium\" aria-label=\"Ensino Superior Completo na \u00e1rea de Inform\u00e1tica\" data-balloon-pos=\"up\">Analista de Sistemas<\/span><\/td>\r\n<td class=\"cvagas\">CR<\/td>\r\n<td class=\"cremuneracao\">R$ 4.545,27 \/40h<\/td>\r\n<\/tr><tr>\r\n<td class=\"ccargos\">\r\n<span data-balloon-length=\"medium\" aria-label=\"Ensino Superior Completo em Administra\u00e7\u00e3o de Empresa, Administra\u00e7\u00e3o P\u00fablica ou Tecnologia em Gest\u00e3o P\u00fablica\" data-balloon-pos=\"up\">Analista T\u00e9cnico \u2013 Administra\u00e7\u00e3o \/ Gest\u00e3o P\u00fablica<\/span><\/td>\r\n<td class=\"cvagas\">CR<\/td>\r\n<td class=\"cremuneracao\">R$ 4.545,27 \/40h<\/td>\r\n<\/tr><tr>\r\n<td class=\"ccargos\">\r\n<span data-balloon-length=\"medium\" aria-label=\"Ensino Superior Completo em Ci\u00eancias Cont\u00e1beis ou Ci\u00eancias Econ\u00f4micas\" data-balloon-pos=\"up\">Analista T\u00e9cnico \u2013 Ci\u00eancias Cont\u00e1beis \/ Ci\u00eancias Econ\u00f4micas<\/span><\/td>\r\n<td class=\"cvagas\">CR<\/td>\r\n<td class=\"cremuneracao\">R$ 4.545,27 \/40h<\/td>\r\n<\/tr><tr>\r\n<td class=\"ccargos\">\r\n<span data-balloon-length=\"medium\" aria-label=\"Ensino Superior Completo em Direito\" data-balloon-pos=\"up\">Analista T\u00e9cnico- Direito<\/span><\/td>\r\n<td class=\"cvagas\">CR<\/td>\r\n<td class=\"cremuneracao\">R$ 4.545,27 \/40h<\/td>\r\n<\/tr><tr>\r\n<td class=\"ccargos\">\r\n<span data-balloon-length=\"medium\" aria-label=\"Ensino Superior de Arquitetura + Registro no Conselho Regional da Categoria\" data-balloon-pos=\"up\">Arquiteto<\/span><\/td>\r\n<td class=\"cvagas\">CR<\/td>\r\n<td class=\"cremuneracao\">R$ 6.446,51 \/40h<\/td>\r\n<\/tr><tr>\r\n<td class=\"ccargos\">\r\n<span data-balloon-length=\"medium\" aria-label=\"Ensino Superior de Arquivologia, reconhecido pelo MEC e Registro no Minist\u00e9rio do Trabalho\" data-balloon-pos=\"up\">Arquivista<\/span><\/td>\r\n<td class=\"cvagas\">01<\/td>\r\n<td class=\"cremuneracao\">R$ 4.545,27 \/40h<\/td>\r\n<\/tr><tr>\r\n<td class=\"ccargos\">\r\n<span data-balloon-length=\"medium\" aria-label=\"Ensino Superior de Servi\u00e7o Social + Registro no Conselho Regional da Categoria.\" data-balloon-pos=\"up\">Assistente Social<\/span><\/td>\r\n<td class=\"cvagas\">CR<\/td>\r\n<td class=\"cremuneracao\">R$ 4.545,27 \/30h<\/td>\r\n<\/tr><tr>\r\n<td class=\"ccargos\">\r\n<span data-balloon-length=\"medium\" aria-label=\"Ensino Superior de\" data-balloon-pos=\"up\">Cirurgi\u00e3o<\/span><\/td>\r\n<td class=\"cvagas\">CR<\/td>\r\n<td class=\"cremuneracao\">R$ 12.810,55 \/40h<\/td>\r\n<\/tr><tr>\r\n<td class=\"ccargos\">\r\n<span data-balloon-length=\"medium\" aria-label=\"Odontologia + Registro no Conselho Regional da Categoria.\" data-balloon-pos=\"up\">Dentista T8<\/span><\/td>\r\n<td class=\"cvagas\">CR<\/td>\r\n<td class=\"cremuneracao\">R$ 0,00 \/100,00<\/td>\r\n<\/tr><tr>\r\n<td class=\"ccargos\">\r\n<span data-balloon-length=\"medium\" aria-label=\"Ensino Superior de Enfermagem + Registro no Conselho Regional da Categoria\" data-balloon-pos=\"up\">Enfermeiro<\/span><\/td>\r\n<td class=\"cvagas\">CR<\/td>\r\n<td class=\"cremuneracao\">R$ 4.545,27 \/40h<\/td>\r\n<\/tr><tr>\r\n<td class=\"ccargos\">\r\n<span data-balloon-length=\"medium\" aria-label=\"Ensino Superior de Engenharia Civil + Registro no Conselho Regional da Categoria\" data-balloon-pos=\"up\">Engenheiro Civil<\/span><\/td>\r\n<td class=\"cvagas\">CR<\/td>\r\n<td class=\"cremuneracao\">R$ 6.446,51 \/40h<\/td>\r\n<\/tr><tr>\r\n<td class=\"ccargos\">\r\n<span data-balloon-length=\"medium\" aria-label=\"Ensino Superior de Engenharia El\u00e9trica + Registro no Conselho Regional da Categoria\" data-balloon-pos=\"up\">Engenheiro Eletricista<\/span><\/td>\r\n<td class=\"cvagas\">CR<\/td>\r\n<td class=\"cremuneracao\">R$ 6.446,51 \/40h<\/td>\r\n<\/tr><tr>\r\n<td class=\"ccargos\">\r\n<span data-balloon-length=\"medium\" aria-label=\"Ensino Superior de Farm\u00e1cia + Registro no Conselho Regional da Categoria\" data-balloon-pos=\"up\">Farmac\u00eautico<\/span><\/td>\r\n<td class=\"cvagas\">CR<\/td>\r\n<td class=\"cremuneracao\">R$ 4.545,27 \/40h<\/td>\r\n<\/tr><tr>\r\n<td class=\"ccargos\">\r\n<span data-balloon-length=\"medium\" aria-label=\"Ensino Superior de Fisioterapia + Registro no Conselho Regional da Categoria\" data-balloon-pos=\"up\">Fisioterapeuta<\/span><\/td>\r\n<td class=\"cvagas\">01<\/td>\r\n<td class=\"cremuneracao\">R$ 4.545,27 \/30h<\/td>\r\n<\/tr><tr>\r\n<td class=\"ccargos\">\r\n<span data-balloon-length=\"medium\" aria-label=\"Ensino Superior de Fonoaudiologia + Registro no Conselho Regional da Categoria\" data-balloon-pos=\"up\">Fonoaudi\u00f3logo<\/span><\/td>\r\n<td class=\"cvagas\">03<\/td>\r\n<td class=\"cremuneracao\">R$ 4.545,27 \/40h<\/td>\r\n<\/tr><tr>\r\n<td class=\"ccargos\">\r\n<span data-balloon-length=\"medium\" aria-label=\"Ensino Superior Completo em Medicina + Registro no Conselho Regional da Categoria.\" data-balloon-pos=\"up\">M\u00e9dico T12 - Cl\u00ednico Geral<\/span><\/td>\r\n<td class=\"cvagas\">CR<\/td>\r\n<td class=\"cremuneracao\">R$ 31.958,62 \/12X36 180 h\/m<\/td>\r\n<\/tr><tr>\r\n<td class=\"ccargos\">\r\n<span data-balloon-length=\"medium\" aria-label=\"Ensino Superior Completo em Medicina, com registro da especialidade de Ortopedia no RQE + Registro no Conselho Regional da Categoria.\" data-balloon-pos=\"up\">M\u00e9dico T12 - Ortopedista<\/span><\/td>\r\n<td class=\"cvagas\">01<\/td>\r\n<td class=\"cremuneracao\">R$ 31.958,62 \/12X36 180 h\/m<\/td>\r\n<\/tr><tr>\r\n<td class=\"ccargos\">\r\n<span data-balloon-length=\"medium\" aria-label=\"Ensino Superior Completo em Medicina, com registro da especialidade de Anestesiologia no RQE + Registro no Conselho Regional da Categoria.\" data-balloon-pos=\"up\">M\u00e9dico T24 H\/S - Anestesiologista<\/span><\/td>\r\n<td class=\"cvagas\">01 + CR<\/td>\r\n<td class=\"cremuneracao\">R$ 18.569,01 \/24 h\/s 120 h\/m<\/td>\r\n<\/tr><tr>\r\n<td class=\"ccargos\">\r\n<span data-balloon-length=\"medium\" aria-label=\"Ensino Superior Completo em Medicina, com registro na especialidade de Ginecologia e Obstetr\u00edcia no RQE + Registro no Conselho Regional da Categoria.\" data-balloon-pos=\"up\">M\u00e9dico T24 H\/S - Ginecologista \/ Obstetra<\/span><\/td>\r\n<td class=\"cvagas\">CR<\/td>\r\n<td class=\"cremuneracao\">R$ 18.569,01 \/24 h\/s 120 h\/m<\/td>\r\n<\/tr><tr>\r\n<td class=\"ccargos\">\r\n<span data-balloon-length=\"medium\" aria-label=\"Ensino Superior Completo na especialidade de Ginecologia e Obstetr\u00edcia no RQE + Registro no Conselho Regional da Categoria.\" data-balloon-pos=\"up\">M\u00e9dico T4 - Obstetra<\/span><\/td>\r\n<td class=\"cvagas\">CR<\/td>\r\n<td class=\"cremuneracao\">R$ 15.474,18 \/20h<\/td>\r\n<\/tr><tr>\r\n<td class=\"ccargos\">\r\n<span data-balloon-length=\"medium\" aria-label=\"Ensino Superior Completo em Medicina, com registro na especialidade de Psiquiatria no RQE + Registro no Conselho Regional da Categoria.\" data-balloon-pos=\"up\">M\u00e9dico T4 - Psiquiatra<\/span><\/td>\r\n<td class=\"cvagas\">01<\/td>\r\n<td class=\"cremuneracao\">R$ 15.474,18 \/20h<\/td>\r\n<\/tr><tr>\r\n<td class=\"ccargos\">\r\n<span data-balloon-length=\"medium\" aria-label=\"Ensino Superior Completo em Medicina + Registro no Conselho Regional da Categoria.\" data-balloon-pos=\"up\">M\u00e9dico T8 - Cl\u00ednico Geral<\/span><\/td>\r\n<td class=\"cvagas\">CR<\/td>\r\n<td class=\"cremuneracao\">R$ 31.958,62 \/40h<\/td>\r\n<\/tr><tr>\r\n<td class=\"ccargos\">\r\n<span data-balloon-length=\"medium\" aria-label=\"Ensino Superior Completo em Nutri\u00e7\u00e3o + Registro no Conselho Regional da Categoria.\" data-balloon-pos=\"up\">Nutricionista<\/span><\/td>\r\n<td class=\"cvagas\">CR<\/td>\r\n<td class=\"cremuneracao\">R$ 4.545,27 \/40h<\/td>\r\n<\/tr><tr>\r\n<td class=\"ccargos\">\r\n<span data-balloon-length=\"medium\" aria-label=\"Ensino Superior Completo em Direito + Registro no Conselho Regional da Categoria.\" data-balloon-pos=\"up\">Procurador Jur\u00eddico<\/span><\/td>\r\n<td class=\"cvagas\">CR<\/td>\r\n<td class=\"cremuneracao\">R$ 12.941,10 \/40h<\/td>\r\n<\/tr><tr>\r\n<td class=\"ccargos\">\r\n<span data-balloon-length=\"medium\" aria-label=\"Diploma de Licenciatura Plena em qualquer \u00e1rea da Educa\u00e7\u00e3o B\u00e1sica e P\u00f3s-gradua\u00e7\u00e3o em n\u00edvel Lato sensu em Educa\u00e7\u00e3o Especial ou Inclusiva (com no m\u00ednimo 360 horas) em que conste a disciplina de defici\u00eancia visual ou Diploma de Licenciatura em Educa\u00e7\u00e3o Especial, em que conste no hist\u00f3rico do curso a disciplina de Defici\u00eancia Visual; OU Diploma de Licenciatura Plena em qualquer \u00e1rea da Educa\u00e7\u00e3o B\u00e1sica e P\u00f3s-gradua\u00e7\u00e3o em Educa\u00e7\u00e3o Especial ou Inclusiva (no m\u00ednimo 360 horas), com cursos adicionais em Defici\u00eancia visual com no m\u00ednimo de 60h individual ou agrupados (Braille, Sorob\u0103 e estimula\u00e7\u00e3o visual).\" data-balloon-pos=\"up\">Professor de Educa\u00e7\u00e3o Especial - Defici\u00eancia Visual<\/span><\/td>\r\n<td class=\"cvagas\">01<\/td>\r\n<td class=\"cremuneracao\">R$ 2.929,39 \/20h<\/td>\r\n<\/tr><tr>\r\n<td class=\"ccargos\">\r\n<span data-balloon-length=\"medium\" aria-label=\"Licenciatura em qualquer \u00e1rea da Educa\u00e7\u00e3o B\u00e1sica, com P\u00f3s-gradua\u00e7\u00e3o em n\u00edvel Lato sensu em Educa\u00e7\u00e3o Especial ou Inclusiva (com no m\u00ednimo 360 horas) e Profici\u00eancia no Ensino de L\u00edngua Brasileira de Sinais e\/ou Profici\u00eancia na tradu\u00e7\u00e3o e interpreta\u00e7\u00e3o de L\u00edngua Brasileira de Sinais, certificado pela FENEIS ou CAS ou PROLIBRAS; OU Licenciatura em Letras\/Libras ou Licenciatura em L\u00edngua Portuguesa\/Libras e profici\u00eancia no Ensino de L\u00edngua Brasileira de Sinais e\/ou Profici\u00eancia na tradu\u00e7\u00e3o e interpreta\u00e7\u00e3o de L\u00edngua Brasileira de Sinais, certificado pela FENEIS ou CAS ou PROLIBRAS.\" data-balloon-pos=\"up\">Professor de Educa\u00e7\u00e3o Especial - Surdez<\/span><\/td>\r\n<td class=\"cvagas\">CR<\/td>\r\n<td class=\"cremuneracao\">R$ 2.547,30 \/20h<\/td>\r\n<\/tr><tr>\r\n<td class=\"ccargos\">\r\n<span data-balloon-length=\"medium\" aria-label=\"Licenciatura Plena em Educa\u00e7\u00e3o Especial; OU Licenciatura Plena em qualquer \u00e1rea da Educa\u00e7\u00e3o B\u00e1sica com P\u00f3s-Gradua\u00e7\u00e3o em Educa\u00e7\u00e3o Especial ou Educa\u00e7\u00e3o Inclusiva (com no m\u00ednimo 360 horas); OU Licenciatura Plena em Pedagogia e Curso de P\u00f3s-\" data-balloon-pos=\"up\">Professor de Educa\u00e7\u00e3o Especial<\/span><\/td>\r\n<td class=\"cvagas\">CR<\/td>\r\n<td class=\"cremuneracao\">R$ 2.547,30 \/20h<\/td>\r\n<\/tr><tr>\r\n<td class=\"ccargos\">\r\n<span data-balloon-length=\"medium\" aria-label=\"Gradua\u00e7\u00e3o em Educa\u00e7\u00e3o Especial ou Educa\u00e7\u00e3o Inclusiva (com no m\u00ednimo 360 horas); Ensino Superior de bacharelado em Educa\u00e7\u00e3o F\u00edsica + Registro no Conselho Regional da Categoria.\" data-balloon-pos=\"up\">Professor de Educa\u00e7\u00e3o F\u00edsica<\/span><\/td>\r\n<td class=\"cvagas\">CR<\/td>\r\n<td class=\"cremuneracao\">R$ 2.547,30 \/20h<\/td>\r\n<\/tr><tr>\r\n<td class=\"ccargos\">\r\n<span data-balloon-length=\"medium\" aria-label=\"Gradua\u00e7\u00e3o em Pedagogia com habilita\u00e7\u00e3o ao magist\u00e9rio da educa\u00e7\u00e3o infantil e\/ou anos iniciais do ensino fundamental; ou em curso normal superior (forma\u00e7\u00e3o de professor); e ou em n\u00edvel superior, em curso de licenciatura, de gradua\u00e7\u00e3o plena, precedida de forma\u00e7\u00e3o de magist\u00e9rio em n\u00edvel m\u00e9dio, na modalidade normal.\" data-balloon-pos=\"up\">Professor S\u00e9ries Iniciais<\/span><\/td>\r\n<td class=\"cvagas\">CR<\/td>\r\n<td class=\"cremuneracao\">R$ 2.547,30 \/20h<\/td>\r\n<\/tr><tr>\r\n<td class=\"ccargos\">\r\n<span data-balloon-length=\"medium\" aria-label=\"Ensino Superior de bacharelado em Educa\u00e7\u00e3o F\u00edsica + Registro no Conselho Regional da Categoria.\" data-balloon-pos=\"up\">Profissional de Educa\u00e7\u00e3o F\u00edsica<\/span><\/td>\r\n<td class=\"cvagas\">CR<\/td>\r\n<td class=\"cremuneracao\">R$ 4.545,27 \/40h<\/td>\r\n<\/tr><tr>\r\n<td class=\"ccargos\">\r\n<span data-balloon-length=\"medium\" aria-label=\"Ensino M\u00e9dio, na modalidade normal - Magist\u00e9rio; ou Ensino Superior em curso de gradua\u00e7\u00e3o em pedagogia, com habilita\u00e7\u00e3o para a doc\u00eancia na Educa\u00e7\u00e3o Infantil; ou Curso Normal Superior (forma\u00e7\u00e3o de professor)\" data-balloon-pos=\"up\">Professor de Educa\u00e7\u00e3o Infantil<\/span><\/td>\r\n<td class=\"cvagas\">CR<\/td>\r\n<td class=\"cremuneracao\">R$ 2.122,74 \/20h<\/td>\r\n<\/tr>\r\n    <\/tbody>\r\n  <\/table>\r\n<\/div>"},"_links":{"self":[{"href":"https:\/\/www.agrobase.com.br\/concursos\/wp-json\/wp\/v2\/posts\/278823","targetHints":{"allow":["GET"]}}],"collection":[{"href":"https:\/\/www.agrobase.com.br\/concursos\/wp-json\/wp\/v2\/posts"}],"about":[{"href":"https:\/\/www.agrobase.com.br\/concursos\/wp-json\/wp\/v2\/types\/post"}],"author":[{"embeddable":true,"href":"https:\/\/www.agrobase.com.br\/concursos\/wp-json\/wp\/v2\/users\/7"}],"replies":[{"embeddable":true,"href":"https:\/\/www.agrobase.com.br\/concursos\/wp-json\/wp\/v2\/comments?post=278823"}],"version-history":[{"count":1,"href":"https:\/\/www.agrobase.com.br\/concursos\/wp-json\/wp\/v2\/posts\/278823\/revisions"}],"predecessor-version":[{"id":278825,"href":"https:\/\/www.agrobase.com.br\/concursos\/wp-json\/wp\/v2\/posts\/278823\/revisions\/278825"}],"wp:featuredmedia":[{"embeddable":true,"href":"https:\/\/www.agrobase.com.br\/concursos\/wp-json\/wp\/v2\/media\/278822"}],"wp:attachment":[{"href":"https:\/\/www.agrobase.com.br\/concursos\/wp-json\/wp\/v2\/media?parent=278823"}],"wp:term":[{"taxonomy":"category","embeddable":true,"href":"https:\/\/www.agrobase.com.br\/concursos\/wp-json\/wp\/v2\/categories?post=278823"},{"taxonomy":"post_tag","embeddable":true,"href":"https:\/\/www.agrobase.com.br\/concursos\/wp-json\/wp\/v2\/tags?post=278823"},{"taxonomy":"_amplo","embeddable":true,"href":"https:\/\/www.agrobase.com.br\/concursos\/wp-json\/wp\/v2\/_amplo?post=278823"},{"taxonomy":"destaque","embeddable":true,"href":"https:\/\/www.agrobase.com.br\/concursos\/wp-json\/wp\/v2\/destaque?post=278823"},{"taxonomy":"instituicoes","embeddable":true,"href":"https:\/\/www.agrobase.com.br\/concursos\/wp-json\/wp\/v2\/instituicoes?post=278823"}],"curies":[{"name":"wp","href":"https:\/\/api.w.org\/{rel}","templated":true}]}}